{"id":49853,"date":"2024-08-28T14:45:43","date_gmt":"2024-08-28T17:45:43","guid":{"rendered":"https:\/\/ondauno.com.ar\/?p=49853"},"modified":"2024-08-28T14:45:46","modified_gmt":"2024-08-28T17:45:46","slug":"el-municipio-asiste-a-victimas-de-incendios-domiciliarios-y-expande-programas-en-localidades","status":"publish","type":"post","link":"https:\/\/ondauno.com.ar\/index.php\/2024\/08\/28\/el-municipio-asiste-a-victimas-de-incendios-domiciliarios-y-expande-programas-en-localidades\/","title":{"rendered":"El municipio asiste a v\u00edctimas de incendios domiciliarios y expande programas en localidades"},"content":{"rendered":"<div class=\"ondau-before-content_3\" style=\"margin-top: -30px;\" id=\"ondau-1340737632\"><a href=\"https:\/\/www.lps.com.ar\/\" aria-label=\"la-perse2\"><img loading=\"lazy\" decoding=\"async\" src=\"https:\/\/ondauno.com.ar\/wp-content\/uploads\/2021\/10\/la-perse2.jpg\" alt=\"\"  srcset=\"https:\/\/ondauno.com.ar\/wp-content\/uploads\/2021\/10\/la-perse2.jpg 1353w, https:\/\/ondauno.com.ar\/wp-content\/uploads\/2021\/10\/la-perse2-300x43.jpg 300w, https:\/\/ondauno.com.ar\/wp-content\/uploads\/2021\/10\/la-perse2-1024x148.jpg 1024w, https:\/\/ondauno.com.ar\/wp-content\/uploads\/2021\/10\/la-perse2-768x111.jpg 768w, https:\/\/ondauno.com.ar\/wp-content\/uploads\/2021\/10\/la-perse2-696x100.jpg 696w, https:\/\/ondauno.com.ar\/wp-content\/uploads\/2021\/10\/la-perse2-1068x154.jpg 1068w\" sizes=\"(max-width: 1353px) 100vw, 1353px\" class=\"no-lazyload\" width=\"1353\" height=\"195\"  style=\"display: inline-block;\" \/><\/a><\/div>\n<p>El secretario de Desarrollo Social de Tres Arroyos, Mart\u00edn Garate, detall\u00f3 en Cosas que pasan una entrevista los esfuerzos del municipio para asistir a las familias afectadas por incendios en viviendas, as\u00ed como las iniciativas de apoyo en las localidades del distrito.<\/p>\n\n\n\n<p>Garate explic\u00f3 que, ante los incendios recientes, incluyendo uno ocurrido en la calle French, la intervenci\u00f3n municipal ha sido r\u00e1pida, con personal de la Secretar\u00eda presente desde los primeros momentos.<br>\u201cEstamos trabajando en la reconstrucci\u00f3n de las viviendas afectadas, coordinando con diferentes \u00e1reas municipales para proporcionar materiales de construcci\u00f3n, limpieza, y elementos esenciales como colchones y frazadas\u201d, coment\u00f3 Garate.<\/p>\n\n\n\n<p>Adem\u00e1s el secretario destac\u00f3 el enfoque integral del municipio en brindar asistencia en las localidades, resaltando la inauguraci\u00f3n de una sede en Micaela Cascallares y la implementaci\u00f3n de programas como &#8220;Faros&#8221; en Claromec\u00f3, destinado a la contenci\u00f3n social de j\u00f3venes.<br>Este programa coordinado por profesionales de la psicolog\u00eda, busca ofrecer talleres y actividades adaptadas a las necesidades locales.<\/p>\n\n\n\n<p>Garate subray\u00f3 la importancia de adaptar los programas a las caracter\u00edsticas espec\u00edficas de cada localidad, asegurando que el municipio contin\u00faa trabajando para descentralizar sus servicios y estar m\u00e1s cerca de los vecinos.<\/p>\n\n\n\n<figure class=\"wp-block-embed is-type-rich is-provider-gestor-del-servicio wp-block-embed-gestor-del-servicio wp-embed-aspect-16-9 wp-has-aspect-ratio\"><div class=\"wp-block-embed__wrapper\">\n<div class=\"youtube-embed\" data-video_id=\"NQak9GzsljU\"><iframe loading=\"lazy\" title=\"Onda Uno 103.9 en vivo\" width=\"696\" height=\"392\" data-src=\"https:\/\/www.youtube.com\/embed\/NQak9GzsljU?feature=oembed&#038;enablejsapi=1\" frameborder=\"0\" allow=\"accelerometer; autoplay; clipboard-write; encrypted-media; gyroscope; picture-in-picture; web-share\" referrerpolicy=\"strict-origin-when-cross-origin\" allowfullscreen src=\"data:image\/gif;base64,R0lGODlhAQABAAAAACH5BAEKAAEALAAAAAABAAEAAAICTAEAOw==\" class=\"lazyload\" data-load-mode=\"1\"><\/iframe><\/div>\n<\/div><\/figure>\n","protected":false},"excerpt":{"rendered":"<p>El secretario de Desarrollo Social de Tres Arroyos, Mart\u00edn Garate, detall\u00f3 en Cosas que pasan una entrevista los esfuerzos del municipio para asistir a las familias afectadas por incendios en viviendas, as\u00ed como las iniciativas de apoyo en las localidades del distrito. Garate explic\u00f3 que, ante los incendios recientes, incluyendo uno ocurrido en la calle [&hellip;]<\/p>\n","protected":false},"author":1,"featured_media":41496,"comment_status":"open","ping_status":"open","sticky":false,"template":"","format":"standard","meta":{"tdm_status":"","tdm_grid_status":"","_jetpack_memberships_contains_paid_content":false,"footnotes":"","jetpack_publicize_message":"","jetpack_publicize_feature_enabled":true,"jetpack_social_post_already_shared":false,"jetpack_social_options":{"image_generator_settings":{"template":"highway","default_image_id":0,"font":"","enabled":false},"version":2}},"categories":[2],"tags":[],"class_list":{"0":"post-49853","1":"post","2":"type-post","3":"status-publish","4":"format-standard","5":"has-post-thumbnail","7":"category-locales"},"yoast_head":"<!-- This site is optimized with the Yoast SEO plugin v22.7 - https:\/\/yoast.com\/wordpress\/plugins\/seo\/ -->\n<title>El municipio asiste a v\u00edctimas de incendios domiciliarios y expande programas en localidades - 103.9 fm<\/title>\n<meta name=\"robots\" content=\"index, follow, max-snippet:-1, max-image-preview:large, max-video-preview:-1\" \/>\n<link rel=\"canonical\" href=\"https:\/\/ondauno.com.ar\/index.php\/2024\/08\/28\/el-municipio-asiste-a-victimas-de-incendios-domiciliarios-y-expande-programas-en-localidades\/\" \/>\n<meta property=\"og:locale\" content=\"es_ES\" \/>\n<meta property=\"og:type\" content=\"article\" \/>\n<meta property=\"og:title\" content=\"El municipio asiste a v\u00edctimas de incendios domiciliarios y expande programas en localidades - 103.9 fm\" \/>\n<meta property=\"og:description\" content=\"El secretario de Desarrollo Social de Tres Arroyos, Mart\u00edn Garate, detall\u00f3 en Cosas que pasan una entrevista los esfuerzos del municipio para asistir a las familias afectadas por incendios en viviendas, as\u00ed como las iniciativas de apoyo en las localidades del distrito. Garate explic\u00f3 que, ante los incendios recientes, incluyendo uno ocurrido en la calle [&hellip;]\" \/>\n<meta property=\"og:url\" content=\"https:\/\/ondauno.com.ar\/index.php\/2024\/08\/28\/el-municipio-asiste-a-victimas-de-incendios-domiciliarios-y-expande-programas-en-localidades\/\" \/>\n<meta property=\"og:site_name\" content=\"103.9 fm\" \/>\n<meta property=\"article:publisher\" content=\"https:\/\/www.facebook.com\/ondauno103.9\" \/>\n<meta property=\"article:published_time\" content=\"2024-08-28T17:45:43+00:00\" \/>\n<meta property=\"article:modified_time\" content=\"2024-08-28T17:45:46+00:00\" \/>\n<meta property=\"og:image\" content=\"http:\/\/ondauno.com.ar\/wp-content\/uploads\/2023\/06\/garate.jpeg\" \/>\n\t<meta property=\"og:image:width\" content=\"1600\" \/>\n\t<meta property=\"og:image:height\" content=\"1200\" \/>\n\t<meta property=\"og:image:type\" content=\"image\/jpeg\" \/>\n<meta name=\"author\" content=\"OndaUno\" \/>\n<meta name=\"twitter:card\" content=\"summary_large_image\" \/>\n<meta name=\"twitter:label1\" content=\"Escrito por\" \/>\n\t<meta name=\"twitter:data1\" content=\"OndaUno\" \/>\n\t<meta name=\"twitter:label2\" content=\"Tiempo de lectura\" \/>\n\t<meta name=\"twitter:data2\" content=\"2 minutos\" \/>\n<script type=\"application\/ld+json\" class=\"yoast-schema-graph\">{\"@context\":\"https:\/\/schema.org\",\"@graph\":[{\"@type\":\"WebPage\",\"@id\":\"https:\/\/ondauno.com.ar\/index.php\/2024\/08\/28\/el-municipio-asiste-a-victimas-de-incendios-domiciliarios-y-expande-programas-en-localidades\/\",\"url\":\"https:\/\/ondauno.com.ar\/index.php\/2024\/08\/28\/el-municipio-asiste-a-victimas-de-incendios-domiciliarios-y-expande-programas-en-localidades\/\",\"name\":\"El municipio asiste a v\u00edctimas de incendios domiciliarios y expande programas en localidades - 103.9 fm\",\"isPartOf\":{\"@id\":\"https:\/\/ondauno.com.ar\/#website\"},\"primaryImageOfPage\":{\"@id\":\"https:\/\/ondauno.com.ar\/index.php\/2024\/08\/28\/el-municipio-asiste-a-victimas-de-incendios-domiciliarios-y-expande-programas-en-localidades\/#primaryimage\"},\"image\":{\"@id\":\"https:\/\/ondauno.com.ar\/index.php\/2024\/08\/28\/el-municipio-asiste-a-victimas-de-incendios-domiciliarios-y-expande-programas-en-localidades\/#primaryimage\"},\"thumbnailUrl\":\"https:\/\/ondauno.com.ar\/wp-content\/uploads\/2023\/06\/garate.jpeg\",\"datePublished\":\"2024-08-28T17:45:43+00:00\",\"dateModified\":\"2024-08-28T17:45:46+00:00\",\"author\":{\"@id\":\"https:\/\/ondauno.com.ar\/#\/schema\/person\/7ec851ddeceb4133d7d7132dc645714e\"},\"breadcrumb\":{\"@id\":\"https:\/\/ondauno.com.ar\/index.php\/2024\/08\/28\/el-municipio-asiste-a-victimas-de-incendios-domiciliarios-y-expande-programas-en-localidades\/#breadcrumb\"},\"inLanguage\":\"es-AR\",\"potentialAction\":[{\"@type\":\"ReadAction\",\"target\":[\"https:\/\/ondauno.com.ar\/index.php\/2024\/08\/28\/el-municipio-asiste-a-victimas-de-incendios-domiciliarios-y-expande-programas-en-localidades\/\"]}]},{\"@type\":\"ImageObject\",\"inLanguage\":\"es-AR\",\"@id\":\"https:\/\/ondauno.com.ar\/index.php\/2024\/08\/28\/el-municipio-asiste-a-victimas-de-incendios-domiciliarios-y-expande-programas-en-localidades\/#primaryimage\",\"url\":\"https:\/\/ondauno.com.ar\/wp-content\/uploads\/2023\/06\/garate.jpeg\",\"contentUrl\":\"https:\/\/ondauno.com.ar\/wp-content\/uploads\/2023\/06\/garate.jpeg\",\"width\":1600,\"height\":1200},{\"@type\":\"BreadcrumbList\",\"@id\":\"https:\/\/ondauno.com.ar\/index.php\/2024\/08\/28\/el-municipio-asiste-a-victimas-de-incendios-domiciliarios-y-expande-programas-en-localidades\/#breadcrumb\",\"itemListElement\":[{\"@type\":\"ListItem\",\"position\":1,\"name\":\"Inicio\",\"item\":\"https:\/\/ondauno.com.ar\/\"},{\"@type\":\"ListItem\",\"position\":2,\"name\":\"El municipio asiste a v\u00edctimas de incendios domiciliarios y expande programas en localidades\"}]},{\"@type\":\"WebSite\",\"@id\":\"https:\/\/ondauno.com.ar\/#website\",\"url\":\"https:\/\/ondauno.com.ar\/\",\"name\":\"103.9 fm\",\"description\":\"LA PRIMERA RADIO MULTIMEDIA DE TRES ARROYOS\",\"potentialAction\":[{\"@type\":\"SearchAction\",\"target\":{\"@type\":\"EntryPoint\",\"urlTemplate\":\"https:\/\/ondauno.com.ar\/?s={search_term_string}\"},\"query-input\":\"required name=search_term_string\"}],\"inLanguage\":\"es-AR\"},{\"@type\":\"Person\",\"@id\":\"https:\/\/ondauno.com.ar\/#\/schema\/person\/7ec851ddeceb4133d7d7132dc645714e\",\"name\":\"OndaUno\",\"image\":{\"@type\":\"ImageObject\",\"inLanguage\":\"es-AR\",\"@id\":\"https:\/\/ondauno.com.ar\/#\/schema\/person\/image\/\",\"url\":\"https:\/\/secure.gravatar.com\/avatar\/93b8009f0de7021f1feb2bd5b32fb9e8?s=96&d=mm&r=g\",\"contentUrl\":\"https:\/\/secure.gravatar.com\/avatar\/93b8009f0de7021f1feb2bd5b32fb9e8?s=96&d=mm&r=g\",\"caption\":\"OndaUno\"},\"url\":\"https:\/\/ondauno.com.ar\/index.php\/author\/ondauno\/\"}]}<\/script>\n<!-- \/ Yoast SEO plugin. -->","yoast_head_json":{"title":"El municipio asiste a v\u00edctimas de incendios domiciliarios y expande programas en localidades - 103.9 fm","robots":{"index":"index","follow":"follow","max-snippet":"max-snippet:-1","max-image-preview":"max-image-preview:large","max-video-preview":"max-video-preview:-1"},"canonical":"https:\/\/ondauno.com.ar\/index.php\/2024\/08\/28\/el-municipio-asiste-a-victimas-de-incendios-domiciliarios-y-expande-programas-en-localidades\/","og_locale":"es_ES","og_type":"article","og_title":"El municipio asiste a v\u00edctimas de incendios domiciliarios y expande programas en localidades - 103.9 fm","og_description":"El secretario de Desarrollo Social de Tres Arroyos, Mart\u00edn Garate, detall\u00f3 en Cosas que pasan una entrevista los esfuerzos del municipio para asistir a las familias afectadas por incendios en viviendas, as\u00ed como las iniciativas de apoyo en las localidades del distrito. Garate explic\u00f3 que, ante los incendios recientes, incluyendo uno ocurrido en la calle [&hellip;]","og_url":"https:\/\/ondauno.com.ar\/index.php\/2024\/08\/28\/el-municipio-asiste-a-victimas-de-incendios-domiciliarios-y-expande-programas-en-localidades\/","og_site_name":"103.9 fm","article_publisher":"https:\/\/www.facebook.com\/ondauno103.9","article_published_time":"2024-08-28T17:45:43+00:00","article_modified_time":"2024-08-28T17:45:46+00:00","og_image":[{"width":1600,"height":1200,"url":"http:\/\/ondauno.com.ar\/wp-content\/uploads\/2023\/06\/garate.jpeg","type":"image\/jpeg"}],"author":"OndaUno","twitter_card":"summary_large_image","twitter_misc":{"Escrito por":"OndaUno","Tiempo de lectura":"2 minutos"},"schema":{"@context":"https:\/\/schema.org","@graph":[{"@type":"WebPage","@id":"https:\/\/ondauno.com.ar\/index.php\/2024\/08\/28\/el-municipio-asiste-a-victimas-de-incendios-domiciliarios-y-expande-programas-en-localidades\/","url":"https:\/\/ondauno.com.ar\/index.php\/2024\/08\/28\/el-municipio-asiste-a-victimas-de-incendios-domiciliarios-y-expande-programas-en-localidades\/","name":"El municipio asiste a v\u00edctimas de incendios domiciliarios y expande programas en localidades - 103.9 fm","isPartOf":{"@id":"https:\/\/ondauno.com.ar\/#website"},"primaryImageOfPage":{"@id":"https:\/\/ondauno.com.ar\/index.php\/2024\/08\/28\/el-municipio-asiste-a-victimas-de-incendios-domiciliarios-y-expande-programas-en-localidades\/#primaryimage"},"image":{"@id":"https:\/\/ondauno.com.ar\/index.php\/2024\/08\/28\/el-municipio-asiste-a-victimas-de-incendios-domiciliarios-y-expande-programas-en-localidades\/#primaryimage"},"thumbnailUrl":"https:\/\/ondauno.com.ar\/wp-content\/uploads\/2023\/06\/garate.jpeg","datePublished":"2024-08-28T17:45:43+00:00","dateModified":"2024-08-28T17:45:46+00:00","author":{"@id":"https:\/\/ondauno.com.ar\/#\/schema\/person\/7ec851ddeceb4133d7d7132dc645714e"},"breadcrumb":{"@id":"https:\/\/ondauno.com.ar\/index.php\/2024\/08\/28\/el-municipio-asiste-a-victimas-de-incendios-domiciliarios-y-expande-programas-en-localidades\/#breadcrumb"},"inLanguage":"es-AR","potentialAction":[{"@type":"ReadAction","target":["https:\/\/ondauno.com.ar\/index.php\/2024\/08\/28\/el-municipio-asiste-a-victimas-de-incendios-domiciliarios-y-expande-programas-en-localidades\/"]}]},{"@type":"ImageObject","inLanguage":"es-AR","@id":"https:\/\/ondauno.com.ar\/index.php\/2024\/08\/28\/el-municipio-asiste-a-victimas-de-incendios-domiciliarios-y-expande-programas-en-localidades\/#primaryimage","url":"https:\/\/ondauno.com.ar\/wp-content\/uploads\/2023\/06\/garate.jpeg","contentUrl":"https:\/\/ondauno.com.ar\/wp-content\/uploads\/2023\/06\/garate.jpeg","width":1600,"height":1200},{"@type":"BreadcrumbList","@id":"https:\/\/ondauno.com.ar\/index.php\/2024\/08\/28\/el-municipio-asiste-a-victimas-de-incendios-domiciliarios-y-expande-programas-en-localidades\/#breadcrumb","itemListElement":[{"@type":"ListItem","position":1,"name":"Inicio","item":"https:\/\/ondauno.com.ar\/"},{"@type":"ListItem","position":2,"name":"El municipio asiste a v\u00edctimas de incendios domiciliarios y expande programas en localidades"}]},{"@type":"WebSite","@id":"https:\/\/ondauno.com.ar\/#website","url":"https:\/\/ondauno.com.ar\/","name":"103.9 fm","description":"LA PRIMERA RADIO MULTIMEDIA DE TRES ARROYOS","potentialAction":[{"@type":"SearchAction","target":{"@type":"EntryPoint","urlTemplate":"https:\/\/ondauno.com.ar\/?s={search_term_string}"},"query-input":"required name=search_term_string"}],"inLanguage":"es-AR"},{"@type":"Person","@id":"https:\/\/ondauno.com.ar\/#\/schema\/person\/7ec851ddeceb4133d7d7132dc645714e","name":"OndaUno","image":{"@type":"ImageObject","inLanguage":"es-AR","@id":"https:\/\/ondauno.com.ar\/#\/schema\/person\/image\/","url":"https:\/\/secure.gravatar.com\/avatar\/93b8009f0de7021f1feb2bd5b32fb9e8?s=96&d=mm&r=g","contentUrl":"https:\/\/secure.gravatar.com\/avatar\/93b8009f0de7021f1feb2bd5b32fb9e8?s=96&d=mm&r=g","caption":"OndaUno"},"url":"https:\/\/ondauno.com.ar\/index.php\/author\/ondauno\/"}]}},"jetpack_publicize_connections":[],"jetpack_featured_media_url":"https:\/\/ondauno.com.ar\/wp-content\/uploads\/2023\/06\/garate.jpeg","jetpack_sharing_enabled":true,"_links":{"self":[{"href":"https:\/\/ondauno.com.ar\/index.php\/wp-json\/wp\/v2\/posts\/49853","targetHints":{"allow":["GET"]}}],"collection":[{"href":"https:\/\/ondauno.com.ar\/index.php\/wp-json\/wp\/v2\/posts"}],"about":[{"href":"https:\/\/ondauno.com.ar\/index.php\/wp-json\/wp\/v2\/types\/post"}],"author":[{"embeddable":true,"href":"https:\/\/ondauno.com.ar\/index.php\/wp-json\/wp\/v2\/users\/1"}],"replies":[{"embeddable":true,"href":"https:\/\/ondauno.com.ar\/index.php\/wp-json\/wp\/v2\/comments?post=49853"}],"version-history":[{"count":1,"href":"https:\/\/ondauno.com.ar\/index.php\/wp-json\/wp\/v2\/posts\/49853\/revisions"}],"predecessor-version":[{"id":49855,"href":"https:\/\/ondauno.com.ar\/index.php\/wp-json\/wp\/v2\/posts\/49853\/revisions\/49855"}],"wp:featuredmedia":[{"embeddable":true,"href":"https:\/\/ondauno.com.ar\/index.php\/wp-json\/wp\/v2\/media\/41496"}],"wp:attachment":[{"href":"https:\/\/ondauno.com.ar\/index.php\/wp-json\/wp\/v2\/media?parent=49853"}],"wp:term":[{"taxonomy":"category","embeddable":true,"href":"https:\/\/ondauno.com.ar\/index.php\/wp-json\/wp\/v2\/categories?post=49853"},{"taxonomy":"post_tag","embeddable":true,"href":"https:\/\/ondauno.com.ar\/index.php\/wp-json\/wp\/v2\/tags?post=49853"}],"curies":[{"name":"wp","href":"https:\/\/api.w.org\/{rel}","templated":true}]}}