{"id":49831,"date":"2024-08-27T22:47:23","date_gmt":"2024-08-28T01:47:23","guid":{"rendered":"https:\/\/ondauno.com.ar\/?p=49831"},"modified":"2024-08-27T22:47:26","modified_gmt":"2024-08-28T01:47:26","slug":"habilitan-las-pasantias-para-estudiantes-secundarios-de-tres-arroyos","status":"publish","type":"post","link":"https:\/\/ondauno.com.ar\/index.php\/2024\/08\/27\/habilitan-las-pasantias-para-estudiantes-secundarios-de-tres-arroyos\/","title":{"rendered":"Habilitan las pasant\u00edas para estudiantes secundarios de Tres Arroyos"},"content":{"rendered":"<div class=\"ondau-before-content_3\" style=\"margin-top: -30px;\" id=\"ondau-3492720733\"><a href=\"https:\/\/www.lps.com.ar\/\" aria-label=\"la-perse2\"><img loading=\"lazy\" decoding=\"async\" src=\"https:\/\/ondauno.com.ar\/wp-content\/uploads\/2021\/10\/la-perse2.jpg\" alt=\"\"  srcset=\"https:\/\/ondauno.com.ar\/wp-content\/uploads\/2021\/10\/la-perse2.jpg 1353w, https:\/\/ondauno.com.ar\/wp-content\/uploads\/2021\/10\/la-perse2-300x43.jpg 300w, https:\/\/ondauno.com.ar\/wp-content\/uploads\/2021\/10\/la-perse2-1024x148.jpg 1024w, https:\/\/ondauno.com.ar\/wp-content\/uploads\/2021\/10\/la-perse2-768x111.jpg 768w, https:\/\/ondauno.com.ar\/wp-content\/uploads\/2021\/10\/la-perse2-696x100.jpg 696w, https:\/\/ondauno.com.ar\/wp-content\/uploads\/2021\/10\/la-perse2-1068x154.jpg 1068w\" sizes=\"(max-width: 1353px) 100vw, 1353px\" class=\"no-lazyload\" width=\"1353\" height=\"195\"  style=\"display: inline-block;\" \/><\/a><\/div>\n<p>En el marco de una nueva iniciativa del Consejo Provincial de Educaci\u00f3n T\u00e9cnica (Copret), se llevar\u00e1 a cabo una jornada informativa el pr\u00f3ximo jueves a las 9:30 en la C\u00e1mara Econ\u00f3mica de Tres Arroyos. Alejandro Mohamed, director de la Escuela Agropecuaria y coordinador de la mesa del Copret, explic\u00f3 que el objetivo del encuentro es presentar a empresarios locales las caracter\u00edsticas de las pasant\u00edas que podr\u00e1n realizar los estudiantes de escuelas medias, mayores de 16 a\u00f1os.<\/p>\n\n\n\n<p>Mohamed destac\u00f3 que &#8220;esta nueva modalidad de pasant\u00edas, a diferencia de las anteriores, no implica riesgos laborales para las empresas, ya que est\u00e1n claramente identificadas como actividades educativas&#8221;. Adem\u00e1s subray\u00f3 la importancia de esta experiencia para los j\u00f3venes, mencionando que &#8220;es una excelente oportunidad para que los estudiantes se conecten con el mundo laboral mientras contin\u00faan su formaci\u00f3n acad\u00e9mica&#8221;.<\/p>\n\n\n\n<p>Las pasant\u00edas, que tendr\u00e1n una duraci\u00f3n m\u00ednima de 100 horas reloj, se realizar\u00e1n en contraturno y est\u00e1n dirigidas a alumnos de quinto y sexto a\u00f1o. &#8220;Es fundamental que los estudiantes aprovechen esta oportunidad, ya que les permitir\u00e1 adquirir una experiencia valiosa para su futuro laboral&#8221;, concluy\u00f3 Mohamed.<\/p>\n\n\n\n<figure class=\"wp-block-embed is-type-rich is-provider-gestor-del-servicio wp-block-embed-gestor-del-servicio wp-embed-aspect-16-9 wp-has-aspect-ratio\"><div class=\"wp-block-embed__wrapper\">\n<div class=\"youtube-embed\" data-video_id=\"uRCCqthFtl4\"><iframe loading=\"lazy\" title=\"Onda Uno 103.9 en vivo\" width=\"696\" height=\"392\" data-src=\"https:\/\/www.youtube.com\/embed\/uRCCqthFtl4?feature=oembed&#038;enablejsapi=1\" frameborder=\"0\" allow=\"accelerometer; autoplay; clipboard-write; encrypted-media; gyroscope; picture-in-picture; web-share\" referrerpolicy=\"strict-origin-when-cross-origin\" allowfullscreen src=\"data:image\/gif;base64,R0lGODlhAQABAAAAACH5BAEKAAEALAAAAAABAAEAAAICTAEAOw==\" class=\"lazyload\" data-load-mode=\"1\"><\/iframe><\/div>\n<\/div><\/figure>\n","protected":false},"excerpt":{"rendered":"<p>En el marco de una nueva iniciativa del Consejo Provincial de Educaci\u00f3n T\u00e9cnica (Copret), se llevar\u00e1 a cabo una jornada informativa el pr\u00f3ximo jueves a las 9:30 en la C\u00e1mara Econ\u00f3mica de Tres Arroyos. Alejandro Mohamed, director de la Escuela Agropecuaria y coordinador de la mesa del Copret, explic\u00f3 que el objetivo del encuentro es [&hellip;]<\/p>\n","protected":false},"author":1,"featured_media":48712,"comment_status":"open","ping_status":"open","sticky":false,"template":"","format":"standard","meta":{"tdm_status":"","tdm_grid_status":"","_jetpack_memberships_contains_paid_content":false,"footnotes":"","jetpack_publicize_message":"","jetpack_publicize_feature_enabled":true,"jetpack_social_post_already_shared":false,"jetpack_social_options":{"image_generator_settings":{"template":"highway","default_image_id":0,"font":"","enabled":false},"version":2}},"categories":[2],"tags":[],"class_list":{"0":"post-49831","1":"post","2":"type-post","3":"status-publish","4":"format-standard","5":"has-post-thumbnail","7":"category-locales"},"yoast_head":"<!-- This site is optimized with the Yoast SEO plugin v22.7 - https:\/\/yoast.com\/wordpress\/plugins\/seo\/ -->\n<title>Habilitan las pasant\u00edas para estudiantes secundarios de Tres Arroyos - 103.9 fm<\/title>\n<meta name=\"robots\" content=\"index, follow, max-snippet:-1, max-image-preview:large, max-video-preview:-1\" \/>\n<link rel=\"canonical\" href=\"https:\/\/ondauno.com.ar\/index.php\/2024\/08\/27\/habilitan-las-pasantias-para-estudiantes-secundarios-de-tres-arroyos\/\" \/>\n<meta property=\"og:locale\" content=\"es_ES\" \/>\n<meta property=\"og:type\" content=\"article\" \/>\n<meta property=\"og:title\" content=\"Habilitan las pasant\u00edas para estudiantes secundarios de Tres Arroyos - 103.9 fm\" \/>\n<meta property=\"og:description\" content=\"En el marco de una nueva iniciativa del Consejo Provincial de Educaci\u00f3n T\u00e9cnica (Copret), se llevar\u00e1 a cabo una jornada informativa el pr\u00f3ximo jueves a las 9:30 en la C\u00e1mara Econ\u00f3mica de Tres Arroyos. Alejandro Mohamed, director de la Escuela Agropecuaria y coordinador de la mesa del Copret, explic\u00f3 que el objetivo del encuentro es [&hellip;]\" \/>\n<meta property=\"og:url\" content=\"https:\/\/ondauno.com.ar\/index.php\/2024\/08\/27\/habilitan-las-pasantias-para-estudiantes-secundarios-de-tres-arroyos\/\" \/>\n<meta property=\"og:site_name\" content=\"103.9 fm\" \/>\n<meta property=\"article:publisher\" content=\"https:\/\/www.facebook.com\/ondauno103.9\" \/>\n<meta property=\"article:published_time\" content=\"2024-08-28T01:47:23+00:00\" \/>\n<meta property=\"article:modified_time\" content=\"2024-08-28T01:47:26+00:00\" \/>\n<meta property=\"og:image\" content=\"http:\/\/ondauno.com.ar\/wp-content\/uploads\/2024\/07\/alejandro-mohamed.jpg\" \/>\n\t<meta property=\"og:image:width\" content=\"630\" \/>\n\t<meta property=\"og:image:height\" content=\"650\" \/>\n\t<meta property=\"og:image:type\" content=\"image\/jpeg\" \/>\n<meta name=\"author\" content=\"OndaUno\" \/>\n<meta name=\"twitter:card\" content=\"summary_large_image\" \/>\n<meta name=\"twitter:label1\" content=\"Escrito por\" \/>\n\t<meta name=\"twitter:data1\" content=\"OndaUno\" \/>\n\t<meta name=\"twitter:label2\" content=\"Tiempo de lectura\" \/>\n\t<meta name=\"twitter:data2\" content=\"2 minutos\" \/>\n<script type=\"application\/ld+json\" class=\"yoast-schema-graph\">{\"@context\":\"https:\/\/schema.org\",\"@graph\":[{\"@type\":\"WebPage\",\"@id\":\"https:\/\/ondauno.com.ar\/index.php\/2024\/08\/27\/habilitan-las-pasantias-para-estudiantes-secundarios-de-tres-arroyos\/\",\"url\":\"https:\/\/ondauno.com.ar\/index.php\/2024\/08\/27\/habilitan-las-pasantias-para-estudiantes-secundarios-de-tres-arroyos\/\",\"name\":\"Habilitan las pasant\u00edas para estudiantes secundarios de Tres Arroyos - 103.9 fm\",\"isPartOf\":{\"@id\":\"https:\/\/ondauno.com.ar\/#website\"},\"primaryImageOfPage\":{\"@id\":\"https:\/\/ondauno.com.ar\/index.php\/2024\/08\/27\/habilitan-las-pasantias-para-estudiantes-secundarios-de-tres-arroyos\/#primaryimage\"},\"image\":{\"@id\":\"https:\/\/ondauno.com.ar\/index.php\/2024\/08\/27\/habilitan-las-pasantias-para-estudiantes-secundarios-de-tres-arroyos\/#primaryimage\"},\"thumbnailUrl\":\"https:\/\/ondauno.com.ar\/wp-content\/uploads\/2024\/07\/alejandro-mohamed.jpg\",\"datePublished\":\"2024-08-28T01:47:23+00:00\",\"dateModified\":\"2024-08-28T01:47:26+00:00\",\"author\":{\"@id\":\"https:\/\/ondauno.com.ar\/#\/schema\/person\/7ec851ddeceb4133d7d7132dc645714e\"},\"breadcrumb\":{\"@id\":\"https:\/\/ondauno.com.ar\/index.php\/2024\/08\/27\/habilitan-las-pasantias-para-estudiantes-secundarios-de-tres-arroyos\/#breadcrumb\"},\"inLanguage\":\"es-AR\",\"potentialAction\":[{\"@type\":\"ReadAction\",\"target\":[\"https:\/\/ondauno.com.ar\/index.php\/2024\/08\/27\/habilitan-las-pasantias-para-estudiantes-secundarios-de-tres-arroyos\/\"]}]},{\"@type\":\"ImageObject\",\"inLanguage\":\"es-AR\",\"@id\":\"https:\/\/ondauno.com.ar\/index.php\/2024\/08\/27\/habilitan-las-pasantias-para-estudiantes-secundarios-de-tres-arroyos\/#primaryimage\",\"url\":\"https:\/\/ondauno.com.ar\/wp-content\/uploads\/2024\/07\/alejandro-mohamed.jpg\",\"contentUrl\":\"https:\/\/ondauno.com.ar\/wp-content\/uploads\/2024\/07\/alejandro-mohamed.jpg\",\"width\":630,\"height\":650},{\"@type\":\"BreadcrumbList\",\"@id\":\"https:\/\/ondauno.com.ar\/index.php\/2024\/08\/27\/habilitan-las-pasantias-para-estudiantes-secundarios-de-tres-arroyos\/#breadcrumb\",\"itemListElement\":[{\"@type\":\"ListItem\",\"position\":1,\"name\":\"Inicio\",\"item\":\"https:\/\/ondauno.com.ar\/\"},{\"@type\":\"ListItem\",\"position\":2,\"name\":\"Habilitan las pasant\u00edas para estudiantes secundarios de Tres Arroyos\"}]},{\"@type\":\"WebSite\",\"@id\":\"https:\/\/ondauno.com.ar\/#website\",\"url\":\"https:\/\/ondauno.com.ar\/\",\"name\":\"103.9 fm\",\"description\":\"LA PRIMERA RADIO MULTIMEDIA DE TRES ARROYOS\",\"potentialAction\":[{\"@type\":\"SearchAction\",\"target\":{\"@type\":\"EntryPoint\",\"urlTemplate\":\"https:\/\/ondauno.com.ar\/?s={search_term_string}\"},\"query-input\":\"required name=search_term_string\"}],\"inLanguage\":\"es-AR\"},{\"@type\":\"Person\",\"@id\":\"https:\/\/ondauno.com.ar\/#\/schema\/person\/7ec851ddeceb4133d7d7132dc645714e\",\"name\":\"OndaUno\",\"image\":{\"@type\":\"ImageObject\",\"inLanguage\":\"es-AR\",\"@id\":\"https:\/\/ondauno.com.ar\/#\/schema\/person\/image\/\",\"url\":\"https:\/\/secure.gravatar.com\/avatar\/93b8009f0de7021f1feb2bd5b32fb9e8?s=96&d=mm&r=g\",\"contentUrl\":\"https:\/\/secure.gravatar.com\/avatar\/93b8009f0de7021f1feb2bd5b32fb9e8?s=96&d=mm&r=g\",\"caption\":\"OndaUno\"},\"url\":\"https:\/\/ondauno.com.ar\/index.php\/author\/ondauno\/\"}]}<\/script>\n<!-- \/ Yoast SEO plugin. -->","yoast_head_json":{"title":"Habilitan las pasant\u00edas para estudiantes secundarios de Tres Arroyos - 103.9 fm","robots":{"index":"index","follow":"follow","max-snippet":"max-snippet:-1","max-image-preview":"max-image-preview:large","max-video-preview":"max-video-preview:-1"},"canonical":"https:\/\/ondauno.com.ar\/index.php\/2024\/08\/27\/habilitan-las-pasantias-para-estudiantes-secundarios-de-tres-arroyos\/","og_locale":"es_ES","og_type":"article","og_title":"Habilitan las pasant\u00edas para estudiantes secundarios de Tres Arroyos - 103.9 fm","og_description":"En el marco de una nueva iniciativa del Consejo Provincial de Educaci\u00f3n T\u00e9cnica (Copret), se llevar\u00e1 a cabo una jornada informativa el pr\u00f3ximo jueves a las 9:30 en la C\u00e1mara Econ\u00f3mica de Tres Arroyos. Alejandro Mohamed, director de la Escuela Agropecuaria y coordinador de la mesa del Copret, explic\u00f3 que el objetivo del encuentro es [&hellip;]","og_url":"https:\/\/ondauno.com.ar\/index.php\/2024\/08\/27\/habilitan-las-pasantias-para-estudiantes-secundarios-de-tres-arroyos\/","og_site_name":"103.9 fm","article_publisher":"https:\/\/www.facebook.com\/ondauno103.9","article_published_time":"2024-08-28T01:47:23+00:00","article_modified_time":"2024-08-28T01:47:26+00:00","og_image":[{"width":630,"height":650,"url":"http:\/\/ondauno.com.ar\/wp-content\/uploads\/2024\/07\/alejandro-mohamed.jpg","type":"image\/jpeg"}],"author":"OndaUno","twitter_card":"summary_large_image","twitter_misc":{"Escrito por":"OndaUno","Tiempo de lectura":"2 minutos"},"schema":{"@context":"https:\/\/schema.org","@graph":[{"@type":"WebPage","@id":"https:\/\/ondauno.com.ar\/index.php\/2024\/08\/27\/habilitan-las-pasantias-para-estudiantes-secundarios-de-tres-arroyos\/","url":"https:\/\/ondauno.com.ar\/index.php\/2024\/08\/27\/habilitan-las-pasantias-para-estudiantes-secundarios-de-tres-arroyos\/","name":"Habilitan las pasant\u00edas para estudiantes secundarios de Tres Arroyos - 103.9 fm","isPartOf":{"@id":"https:\/\/ondauno.com.ar\/#website"},"primaryImageOfPage":{"@id":"https:\/\/ondauno.com.ar\/index.php\/2024\/08\/27\/habilitan-las-pasantias-para-estudiantes-secundarios-de-tres-arroyos\/#primaryimage"},"image":{"@id":"https:\/\/ondauno.com.ar\/index.php\/2024\/08\/27\/habilitan-las-pasantias-para-estudiantes-secundarios-de-tres-arroyos\/#primaryimage"},"thumbnailUrl":"https:\/\/ondauno.com.ar\/wp-content\/uploads\/2024\/07\/alejandro-mohamed.jpg","datePublished":"2024-08-28T01:47:23+00:00","dateModified":"2024-08-28T01:47:26+00:00","author":{"@id":"https:\/\/ondauno.com.ar\/#\/schema\/person\/7ec851ddeceb4133d7d7132dc645714e"},"breadcrumb":{"@id":"https:\/\/ondauno.com.ar\/index.php\/2024\/08\/27\/habilitan-las-pasantias-para-estudiantes-secundarios-de-tres-arroyos\/#breadcrumb"},"inLanguage":"es-AR","potentialAction":[{"@type":"ReadAction","target":["https:\/\/ondauno.com.ar\/index.php\/2024\/08\/27\/habilitan-las-pasantias-para-estudiantes-secundarios-de-tres-arroyos\/"]}]},{"@type":"ImageObject","inLanguage":"es-AR","@id":"https:\/\/ondauno.com.ar\/index.php\/2024\/08\/27\/habilitan-las-pasantias-para-estudiantes-secundarios-de-tres-arroyos\/#primaryimage","url":"https:\/\/ondauno.com.ar\/wp-content\/uploads\/2024\/07\/alejandro-mohamed.jpg","contentUrl":"https:\/\/ondauno.com.ar\/wp-content\/uploads\/2024\/07\/alejandro-mohamed.jpg","width":630,"height":650},{"@type":"BreadcrumbList","@id":"https:\/\/ondauno.com.ar\/index.php\/2024\/08\/27\/habilitan-las-pasantias-para-estudiantes-secundarios-de-tres-arroyos\/#breadcrumb","itemListElement":[{"@type":"ListItem","position":1,"name":"Inicio","item":"https:\/\/ondauno.com.ar\/"},{"@type":"ListItem","position":2,"name":"Habilitan las pasant\u00edas para estudiantes secundarios de Tres Arroyos"}]},{"@type":"WebSite","@id":"https:\/\/ondauno.com.ar\/#website","url":"https:\/\/ondauno.com.ar\/","name":"103.9 fm","description":"LA PRIMERA RADIO MULTIMEDIA DE TRES ARROYOS","potentialAction":[{"@type":"SearchAction","target":{"@type":"EntryPoint","urlTemplate":"https:\/\/ondauno.com.ar\/?s={search_term_string}"},"query-input":"required name=search_term_string"}],"inLanguage":"es-AR"},{"@type":"Person","@id":"https:\/\/ondauno.com.ar\/#\/schema\/person\/7ec851ddeceb4133d7d7132dc645714e","name":"OndaUno","image":{"@type":"ImageObject","inLanguage":"es-AR","@id":"https:\/\/ondauno.com.ar\/#\/schema\/person\/image\/","url":"https:\/\/secure.gravatar.com\/avatar\/93b8009f0de7021f1feb2bd5b32fb9e8?s=96&d=mm&r=g","contentUrl":"https:\/\/secure.gravatar.com\/avatar\/93b8009f0de7021f1feb2bd5b32fb9e8?s=96&d=mm&r=g","caption":"OndaUno"},"url":"https:\/\/ondauno.com.ar\/index.php\/author\/ondauno\/"}]}},"jetpack_publicize_connections":[],"jetpack_featured_media_url":"https:\/\/ondauno.com.ar\/wp-content\/uploads\/2024\/07\/alejandro-mohamed.jpg","jetpack_sharing_enabled":true,"_links":{"self":[{"href":"https:\/\/ondauno.com.ar\/index.php\/wp-json\/wp\/v2\/posts\/49831","targetHints":{"allow":["GET"]}}],"collection":[{"href":"https:\/\/ondauno.com.ar\/index.php\/wp-json\/wp\/v2\/posts"}],"about":[{"href":"https:\/\/ondauno.com.ar\/index.php\/wp-json\/wp\/v2\/types\/post"}],"author":[{"embeddable":true,"href":"https:\/\/ondauno.com.ar\/index.php\/wp-json\/wp\/v2\/users\/1"}],"replies":[{"embeddable":true,"href":"https:\/\/ondauno.com.ar\/index.php\/wp-json\/wp\/v2\/comments?post=49831"}],"version-history":[{"count":1,"href":"https:\/\/ondauno.com.ar\/index.php\/wp-json\/wp\/v2\/posts\/49831\/revisions"}],"predecessor-version":[{"id":49833,"href":"https:\/\/ondauno.com.ar\/index.php\/wp-json\/wp\/v2\/posts\/49831\/revisions\/49833"}],"wp:featuredmedia":[{"embeddable":true,"href":"https:\/\/ondauno.com.ar\/index.php\/wp-json\/wp\/v2\/media\/48712"}],"wp:attachment":[{"href":"https:\/\/ondauno.com.ar\/index.php\/wp-json\/wp\/v2\/media?parent=49831"}],"wp:term":[{"taxonomy":"category","embeddable":true,"href":"https:\/\/ondauno.com.ar\/index.php\/wp-json\/wp\/v2\/categories?post=49831"},{"taxonomy":"post_tag","embeddable":true,"href":"https:\/\/ondauno.com.ar\/index.php\/wp-json\/wp\/v2\/tags?post=49831"}],"curies":[{"name":"wp","href":"https:\/\/api.w.org\/{rel}","templated":true}]}}