{"id":49828,"date":"2024-08-27T22:44:02","date_gmt":"2024-08-28T01:44:02","guid":{"rendered":"https:\/\/ondauno.com.ar\/?p=49828"},"modified":"2024-08-27T22:44:05","modified_gmt":"2024-08-28T01:44:05","slug":"peni-mapu-reclama-la-restitucion-de-restos-en-arroyo-seco-y-que-se-siga-investigando","status":"publish","type":"post","link":"https:\/\/ondauno.com.ar\/index.php\/2024\/08\/27\/peni-mapu-reclama-la-restitucion-de-restos-en-arroyo-seco-y-que-se-siga-investigando\/","title":{"rendered":"Pe\u00f1i Mapu reclama la restituci\u00f3n de restos en Arroyo Seco y que se siga investigando"},"content":{"rendered":"<div class=\"ondau-before-content_3\" style=\"margin-top: -30px;\" id=\"ondau-4036287199\"><a href=\"https:\/\/www.lps.com.ar\/\" aria-label=\"la-perse2\"><img loading=\"lazy\" decoding=\"async\" src=\"https:\/\/ondauno.com.ar\/wp-content\/uploads\/2021\/10\/la-perse2.jpg\" alt=\"\"  srcset=\"https:\/\/ondauno.com.ar\/wp-content\/uploads\/2021\/10\/la-perse2.jpg 1353w, https:\/\/ondauno.com.ar\/wp-content\/uploads\/2021\/10\/la-perse2-300x43.jpg 300w, https:\/\/ondauno.com.ar\/wp-content\/uploads\/2021\/10\/la-perse2-1024x148.jpg 1024w, https:\/\/ondauno.com.ar\/wp-content\/uploads\/2021\/10\/la-perse2-768x111.jpg 768w, https:\/\/ondauno.com.ar\/wp-content\/uploads\/2021\/10\/la-perse2-696x100.jpg 696w, https:\/\/ondauno.com.ar\/wp-content\/uploads\/2021\/10\/la-perse2-1068x154.jpg 1068w\" sizes=\"(max-width: 1353px) 100vw, 1353px\" class=\"no-lazyload\" width=\"1353\" height=\"195\"  style=\"display: inline-block;\" \/><\/a><\/div>\n<p>Claudio Mart\u00ednez Curiqueo, lonco de la comunidad Pe\u00f1i mapu de Olavarr\u00eda, se refiri\u00f3 en Cosas que pasan a la importancia de la restituci\u00f3n de los restos hallados en el ex yacimiento Arroyo Seco, que han sido preservados en la Universidad Nacional del Centro.<\/p>\n\n\n\n<p>Desde el a\u00f1o 2003, la comunidad ha insistido en la necesidad de que estos restos ancestrales sean devueltos a su lugar de origen, manteniendo al mismo tiempo la posibilidad de que el sitio siga siendo investigado.<br>Mart\u00ednez Curiqueo destac\u00f3 que Pe\u00f1i mapu fue la primera comunidad en presentar este reclamo y que su prioridad es el respeto y la protecci\u00f3n del patrimonio cultural y ancestral. Sin embargo, tambi\u00e9n expres\u00f3 su preocupaci\u00f3n por la seguridad de los restos en caso de un reentierro, ya que teme que estos puedan ser saqueados si no se toman las precauciones necesarias.<\/p>\n\n\n\n<p>La comunidad Pe\u00f1i Mapu solicit\u00f3 en varias ocasiones reuniones con autoridades municipales para discutir estos temas y establecer medidas de seguridad que garanticen la preservaci\u00f3n de los restos. Hasta el momento, esperan una respuesta a sus pedidos de audiencia.<\/p>\n\n\n\n<p>Adem\u00e1s Mart\u00ednez Curiqueo hizo un llamado al respeto mutuo entre las comunidades ind\u00edgenas y la comunidad cient\u00edfica, subrayando la importancia de trabajar juntos para proteger y valorar el patrimonio cultural.<\/p>\n\n\n\n<figure class=\"wp-block-embed is-type-rich is-provider-gestor-del-servicio wp-block-embed-gestor-del-servicio wp-embed-aspect-16-9 wp-has-aspect-ratio\"><div class=\"wp-block-embed__wrapper\">\n<div class=\"youtube-embed\" data-video_id=\"MMMnzh_k9I8\"><iframe loading=\"lazy\" title=\"Onda Uno 103.9 en vivo\" width=\"696\" height=\"392\" data-src=\"https:\/\/www.youtube.com\/embed\/MMMnzh_k9I8?feature=oembed&#038;enablejsapi=1\" frameborder=\"0\" allow=\"accelerometer; autoplay; clipboard-write; encrypted-media; gyroscope; picture-in-picture; web-share\" referrerpolicy=\"strict-origin-when-cross-origin\" allowfullscreen src=\"data:image\/gif;base64,R0lGODlhAQABAAAAACH5BAEKAAEALAAAAAABAAEAAAICTAEAOw==\" class=\"lazyload\" data-load-mode=\"1\"><\/iframe><\/div>\n<\/div><\/figure>\n","protected":false},"excerpt":{"rendered":"<p>Claudio Mart\u00ednez Curiqueo, lonco de la comunidad Pe\u00f1i mapu de Olavarr\u00eda, se refiri\u00f3 en Cosas que pasan a la importancia de la restituci\u00f3n de los restos hallados en el ex yacimiento Arroyo Seco, que han sido preservados en la Universidad Nacional del Centro. Desde el a\u00f1o 2003, la comunidad ha insistido en la necesidad de [&hellip;]<\/p>\n","protected":false},"author":1,"featured_media":42481,"comment_status":"open","ping_status":"open","sticky":false,"template":"","format":"standard","meta":{"tdm_status":"","tdm_grid_status":"","_jetpack_memberships_contains_paid_content":false,"footnotes":"","jetpack_publicize_message":"","jetpack_publicize_feature_enabled":true,"jetpack_social_post_already_shared":false,"jetpack_social_options":{"image_generator_settings":{"template":"highway","default_image_id":0,"font":"","enabled":false},"version":2}},"categories":[2],"tags":[],"class_list":{"0":"post-49828","1":"post","2":"type-post","3":"status-publish","4":"format-standard","5":"has-post-thumbnail","7":"category-locales"},"yoast_head":"<!-- This site is optimized with the Yoast SEO plugin v22.7 - https:\/\/yoast.com\/wordpress\/plugins\/seo\/ -->\n<title>Pe\u00f1i Mapu reclama la restituci\u00f3n de restos en Arroyo Seco y que se siga investigando - 103.9 fm<\/title>\n<meta name=\"robots\" content=\"index, follow, max-snippet:-1, max-image-preview:large, max-video-preview:-1\" \/>\n<link rel=\"canonical\" href=\"https:\/\/ondauno.com.ar\/index.php\/2024\/08\/27\/peni-mapu-reclama-la-restitucion-de-restos-en-arroyo-seco-y-que-se-siga-investigando\/\" \/>\n<meta property=\"og:locale\" content=\"es_ES\" \/>\n<meta property=\"og:type\" content=\"article\" \/>\n<meta property=\"og:title\" content=\"Pe\u00f1i Mapu reclama la restituci\u00f3n de restos en Arroyo Seco y que se siga investigando - 103.9 fm\" \/>\n<meta property=\"og:description\" content=\"Claudio Mart\u00ednez Curiqueo, lonco de la comunidad Pe\u00f1i mapu de Olavarr\u00eda, se refiri\u00f3 en Cosas que pasan a la importancia de la restituci\u00f3n de los restos hallados en el ex yacimiento Arroyo Seco, que han sido preservados en la Universidad Nacional del Centro. Desde el a\u00f1o 2003, la comunidad ha insistido en la necesidad de [&hellip;]\" \/>\n<meta property=\"og:url\" content=\"https:\/\/ondauno.com.ar\/index.php\/2024\/08\/27\/peni-mapu-reclama-la-restitucion-de-restos-en-arroyo-seco-y-que-se-siga-investigando\/\" \/>\n<meta property=\"og:site_name\" content=\"103.9 fm\" \/>\n<meta property=\"article:publisher\" content=\"https:\/\/www.facebook.com\/ondauno103.9\" \/>\n<meta property=\"article:published_time\" content=\"2024-08-28T01:44:02+00:00\" \/>\n<meta property=\"article:modified_time\" content=\"2024-08-28T01:44:05+00:00\" \/>\n<meta property=\"og:image\" content=\"http:\/\/ondauno.com.ar\/wp-content\/uploads\/2023\/07\/WhatsApp-Image-2023-07-18-at-18.45.05.jpeg\" \/>\n\t<meta property=\"og:image:width\" content=\"1056\" \/>\n\t<meta property=\"og:image:height\" content=\"594\" \/>\n\t<meta property=\"og:image:type\" content=\"image\/jpeg\" \/>\n<meta name=\"author\" content=\"OndaUno\" \/>\n<meta name=\"twitter:card\" content=\"summary_large_image\" \/>\n<meta name=\"twitter:label1\" content=\"Escrito por\" \/>\n\t<meta name=\"twitter:data1\" content=\"OndaUno\" \/>\n\t<meta name=\"twitter:label2\" content=\"Tiempo de lectura\" \/>\n\t<meta name=\"twitter:data2\" content=\"2 minutos\" \/>\n<script type=\"application\/ld+json\" class=\"yoast-schema-graph\">{\"@context\":\"https:\/\/schema.org\",\"@graph\":[{\"@type\":\"WebPage\",\"@id\":\"https:\/\/ondauno.com.ar\/index.php\/2024\/08\/27\/peni-mapu-reclama-la-restitucion-de-restos-en-arroyo-seco-y-que-se-siga-investigando\/\",\"url\":\"https:\/\/ondauno.com.ar\/index.php\/2024\/08\/27\/peni-mapu-reclama-la-restitucion-de-restos-en-arroyo-seco-y-que-se-siga-investigando\/\",\"name\":\"Pe\u00f1i Mapu reclama la restituci\u00f3n de restos en Arroyo Seco y que se siga investigando - 103.9 fm\",\"isPartOf\":{\"@id\":\"https:\/\/ondauno.com.ar\/#website\"},\"primaryImageOfPage\":{\"@id\":\"https:\/\/ondauno.com.ar\/index.php\/2024\/08\/27\/peni-mapu-reclama-la-restitucion-de-restos-en-arroyo-seco-y-que-se-siga-investigando\/#primaryimage\"},\"image\":{\"@id\":\"https:\/\/ondauno.com.ar\/index.php\/2024\/08\/27\/peni-mapu-reclama-la-restitucion-de-restos-en-arroyo-seco-y-que-se-siga-investigando\/#primaryimage\"},\"thumbnailUrl\":\"https:\/\/ondauno.com.ar\/wp-content\/uploads\/2023\/07\/WhatsApp-Image-2023-07-18-at-18.45.05.jpeg\",\"datePublished\":\"2024-08-28T01:44:02+00:00\",\"dateModified\":\"2024-08-28T01:44:05+00:00\",\"author\":{\"@id\":\"https:\/\/ondauno.com.ar\/#\/schema\/person\/7ec851ddeceb4133d7d7132dc645714e\"},\"breadcrumb\":{\"@id\":\"https:\/\/ondauno.com.ar\/index.php\/2024\/08\/27\/peni-mapu-reclama-la-restitucion-de-restos-en-arroyo-seco-y-que-se-siga-investigando\/#breadcrumb\"},\"inLanguage\":\"es-AR\",\"potentialAction\":[{\"@type\":\"ReadAction\",\"target\":[\"https:\/\/ondauno.com.ar\/index.php\/2024\/08\/27\/peni-mapu-reclama-la-restitucion-de-restos-en-arroyo-seco-y-que-se-siga-investigando\/\"]}]},{\"@type\":\"ImageObject\",\"inLanguage\":\"es-AR\",\"@id\":\"https:\/\/ondauno.com.ar\/index.php\/2024\/08\/27\/peni-mapu-reclama-la-restitucion-de-restos-en-arroyo-seco-y-que-se-siga-investigando\/#primaryimage\",\"url\":\"https:\/\/ondauno.com.ar\/wp-content\/uploads\/2023\/07\/WhatsApp-Image-2023-07-18-at-18.45.05.jpeg\",\"contentUrl\":\"https:\/\/ondauno.com.ar\/wp-content\/uploads\/2023\/07\/WhatsApp-Image-2023-07-18-at-18.45.05.jpeg\",\"width\":1056,\"height\":594},{\"@type\":\"BreadcrumbList\",\"@id\":\"https:\/\/ondauno.com.ar\/index.php\/2024\/08\/27\/peni-mapu-reclama-la-restitucion-de-restos-en-arroyo-seco-y-que-se-siga-investigando\/#breadcrumb\",\"itemListElement\":[{\"@type\":\"ListItem\",\"position\":1,\"name\":\"Inicio\",\"item\":\"https:\/\/ondauno.com.ar\/\"},{\"@type\":\"ListItem\",\"position\":2,\"name\":\"Pe\u00f1i Mapu reclama la restituci\u00f3n de restos en Arroyo Seco y que se siga investigando\"}]},{\"@type\":\"WebSite\",\"@id\":\"https:\/\/ondauno.com.ar\/#website\",\"url\":\"https:\/\/ondauno.com.ar\/\",\"name\":\"103.9 fm\",\"description\":\"LA PRIMERA RADIO MULTIMEDIA DE TRES ARROYOS\",\"potentialAction\":[{\"@type\":\"SearchAction\",\"target\":{\"@type\":\"EntryPoint\",\"urlTemplate\":\"https:\/\/ondauno.com.ar\/?s={search_term_string}\"},\"query-input\":\"required name=search_term_string\"}],\"inLanguage\":\"es-AR\"},{\"@type\":\"Person\",\"@id\":\"https:\/\/ondauno.com.ar\/#\/schema\/person\/7ec851ddeceb4133d7d7132dc645714e\",\"name\":\"OndaUno\",\"image\":{\"@type\":\"ImageObject\",\"inLanguage\":\"es-AR\",\"@id\":\"https:\/\/ondauno.com.ar\/#\/schema\/person\/image\/\",\"url\":\"https:\/\/secure.gravatar.com\/avatar\/93b8009f0de7021f1feb2bd5b32fb9e8?s=96&d=mm&r=g\",\"contentUrl\":\"https:\/\/secure.gravatar.com\/avatar\/93b8009f0de7021f1feb2bd5b32fb9e8?s=96&d=mm&r=g\",\"caption\":\"OndaUno\"},\"url\":\"https:\/\/ondauno.com.ar\/index.php\/author\/ondauno\/\"}]}<\/script>\n<!-- \/ Yoast SEO plugin. -->","yoast_head_json":{"title":"Pe\u00f1i Mapu reclama la restituci\u00f3n de restos en Arroyo Seco y que se siga investigando - 103.9 fm","robots":{"index":"index","follow":"follow","max-snippet":"max-snippet:-1","max-image-preview":"max-image-preview:large","max-video-preview":"max-video-preview:-1"},"canonical":"https:\/\/ondauno.com.ar\/index.php\/2024\/08\/27\/peni-mapu-reclama-la-restitucion-de-restos-en-arroyo-seco-y-que-se-siga-investigando\/","og_locale":"es_ES","og_type":"article","og_title":"Pe\u00f1i Mapu reclama la restituci\u00f3n de restos en Arroyo Seco y que se siga investigando - 103.9 fm","og_description":"Claudio Mart\u00ednez Curiqueo, lonco de la comunidad Pe\u00f1i mapu de Olavarr\u00eda, se refiri\u00f3 en Cosas que pasan a la importancia de la restituci\u00f3n de los restos hallados en el ex yacimiento Arroyo Seco, que han sido preservados en la Universidad Nacional del Centro. Desde el a\u00f1o 2003, la comunidad ha insistido en la necesidad de [&hellip;]","og_url":"https:\/\/ondauno.com.ar\/index.php\/2024\/08\/27\/peni-mapu-reclama-la-restitucion-de-restos-en-arroyo-seco-y-que-se-siga-investigando\/","og_site_name":"103.9 fm","article_publisher":"https:\/\/www.facebook.com\/ondauno103.9","article_published_time":"2024-08-28T01:44:02+00:00","article_modified_time":"2024-08-28T01:44:05+00:00","og_image":[{"width":1056,"height":594,"url":"http:\/\/ondauno.com.ar\/wp-content\/uploads\/2023\/07\/WhatsApp-Image-2023-07-18-at-18.45.05.jpeg","type":"image\/jpeg"}],"author":"OndaUno","twitter_card":"summary_large_image","twitter_misc":{"Escrito por":"OndaUno","Tiempo de lectura":"2 minutos"},"schema":{"@context":"https:\/\/schema.org","@graph":[{"@type":"WebPage","@id":"https:\/\/ondauno.com.ar\/index.php\/2024\/08\/27\/peni-mapu-reclama-la-restitucion-de-restos-en-arroyo-seco-y-que-se-siga-investigando\/","url":"https:\/\/ondauno.com.ar\/index.php\/2024\/08\/27\/peni-mapu-reclama-la-restitucion-de-restos-en-arroyo-seco-y-que-se-siga-investigando\/","name":"Pe\u00f1i Mapu reclama la restituci\u00f3n de restos en Arroyo Seco y que se siga investigando - 103.9 fm","isPartOf":{"@id":"https:\/\/ondauno.com.ar\/#website"},"primaryImageOfPage":{"@id":"https:\/\/ondauno.com.ar\/index.php\/2024\/08\/27\/peni-mapu-reclama-la-restitucion-de-restos-en-arroyo-seco-y-que-se-siga-investigando\/#primaryimage"},"image":{"@id":"https:\/\/ondauno.com.ar\/index.php\/2024\/08\/27\/peni-mapu-reclama-la-restitucion-de-restos-en-arroyo-seco-y-que-se-siga-investigando\/#primaryimage"},"thumbnailUrl":"https:\/\/ondauno.com.ar\/wp-content\/uploads\/2023\/07\/WhatsApp-Image-2023-07-18-at-18.45.05.jpeg","datePublished":"2024-08-28T01:44:02+00:00","dateModified":"2024-08-28T01:44:05+00:00","author":{"@id":"https:\/\/ondauno.com.ar\/#\/schema\/person\/7ec851ddeceb4133d7d7132dc645714e"},"breadcrumb":{"@id":"https:\/\/ondauno.com.ar\/index.php\/2024\/08\/27\/peni-mapu-reclama-la-restitucion-de-restos-en-arroyo-seco-y-que-se-siga-investigando\/#breadcrumb"},"inLanguage":"es-AR","potentialAction":[{"@type":"ReadAction","target":["https:\/\/ondauno.com.ar\/index.php\/2024\/08\/27\/peni-mapu-reclama-la-restitucion-de-restos-en-arroyo-seco-y-que-se-siga-investigando\/"]}]},{"@type":"ImageObject","inLanguage":"es-AR","@id":"https:\/\/ondauno.com.ar\/index.php\/2024\/08\/27\/peni-mapu-reclama-la-restitucion-de-restos-en-arroyo-seco-y-que-se-siga-investigando\/#primaryimage","url":"https:\/\/ondauno.com.ar\/wp-content\/uploads\/2023\/07\/WhatsApp-Image-2023-07-18-at-18.45.05.jpeg","contentUrl":"https:\/\/ondauno.com.ar\/wp-content\/uploads\/2023\/07\/WhatsApp-Image-2023-07-18-at-18.45.05.jpeg","width":1056,"height":594},{"@type":"BreadcrumbList","@id":"https:\/\/ondauno.com.ar\/index.php\/2024\/08\/27\/peni-mapu-reclama-la-restitucion-de-restos-en-arroyo-seco-y-que-se-siga-investigando\/#breadcrumb","itemListElement":[{"@type":"ListItem","position":1,"name":"Inicio","item":"https:\/\/ondauno.com.ar\/"},{"@type":"ListItem","position":2,"name":"Pe\u00f1i Mapu reclama la restituci\u00f3n de restos en Arroyo Seco y que se siga investigando"}]},{"@type":"WebSite","@id":"https:\/\/ondauno.com.ar\/#website","url":"https:\/\/ondauno.com.ar\/","name":"103.9 fm","description":"LA PRIMERA RADIO MULTIMEDIA DE TRES ARROYOS","potentialAction":[{"@type":"SearchAction","target":{"@type":"EntryPoint","urlTemplate":"https:\/\/ondauno.com.ar\/?s={search_term_string}"},"query-input":"required name=search_term_string"}],"inLanguage":"es-AR"},{"@type":"Person","@id":"https:\/\/ondauno.com.ar\/#\/schema\/person\/7ec851ddeceb4133d7d7132dc645714e","name":"OndaUno","image":{"@type":"ImageObject","inLanguage":"es-AR","@id":"https:\/\/ondauno.com.ar\/#\/schema\/person\/image\/","url":"https:\/\/secure.gravatar.com\/avatar\/93b8009f0de7021f1feb2bd5b32fb9e8?s=96&d=mm&r=g","contentUrl":"https:\/\/secure.gravatar.com\/avatar\/93b8009f0de7021f1feb2bd5b32fb9e8?s=96&d=mm&r=g","caption":"OndaUno"},"url":"https:\/\/ondauno.com.ar\/index.php\/author\/ondauno\/"}]}},"jetpack_publicize_connections":[],"jetpack_featured_media_url":"https:\/\/ondauno.com.ar\/wp-content\/uploads\/2023\/07\/WhatsApp-Image-2023-07-18-at-18.45.05.jpeg","jetpack_sharing_enabled":true,"_links":{"self":[{"href":"https:\/\/ondauno.com.ar\/index.php\/wp-json\/wp\/v2\/posts\/49828","targetHints":{"allow":["GET"]}}],"collection":[{"href":"https:\/\/ondauno.com.ar\/index.php\/wp-json\/wp\/v2\/posts"}],"about":[{"href":"https:\/\/ondauno.com.ar\/index.php\/wp-json\/wp\/v2\/types\/post"}],"author":[{"embeddable":true,"href":"https:\/\/ondauno.com.ar\/index.php\/wp-json\/wp\/v2\/users\/1"}],"replies":[{"embeddable":true,"href":"https:\/\/ondauno.com.ar\/index.php\/wp-json\/wp\/v2\/comments?post=49828"}],"version-history":[{"count":1,"href":"https:\/\/ondauno.com.ar\/index.php\/wp-json\/wp\/v2\/posts\/49828\/revisions"}],"predecessor-version":[{"id":49830,"href":"https:\/\/ondauno.com.ar\/index.php\/wp-json\/wp\/v2\/posts\/49828\/revisions\/49830"}],"wp:featuredmedia":[{"embeddable":true,"href":"https:\/\/ondauno.com.ar\/index.php\/wp-json\/wp\/v2\/media\/42481"}],"wp:attachment":[{"href":"https:\/\/ondauno.com.ar\/index.php\/wp-json\/wp\/v2\/media?parent=49828"}],"wp:term":[{"taxonomy":"category","embeddable":true,"href":"https:\/\/ondauno.com.ar\/index.php\/wp-json\/wp\/v2\/categories?post=49828"},{"taxonomy":"post_tag","embeddable":true,"href":"https:\/\/ondauno.com.ar\/index.php\/wp-json\/wp\/v2\/tags?post=49828"}],"curies":[{"name":"wp","href":"https:\/\/api.w.org\/{rel}","templated":true}]}}