{"id":49785,"date":"2024-08-26T20:48:39","date_gmt":"2024-08-26T23:48:39","guid":{"rendered":"https:\/\/ondauno.com.ar\/?p=49785"},"modified":"2024-08-26T20:48:42","modified_gmt":"2024-08-26T23:48:42","slug":"impulsan-la-unidad-en-el-radicalismo-local-con-miras-a-las-proximas-elecciones","status":"publish","type":"post","link":"https:\/\/ondauno.com.ar\/index.php\/2024\/08\/26\/impulsan-la-unidad-en-el-radicalismo-local-con-miras-a-las-proximas-elecciones\/","title":{"rendered":"Impulsan la unidad en el radicalismo local con miras a las pr\u00f3ximas elecciones"},"content":{"rendered":"<div class=\"ondau-before-content_3\" style=\"margin-top: -30px;\" id=\"ondau-4272094321\"><a href=\"https:\/\/www.lps.com.ar\/\" aria-label=\"la-perse2\"><img loading=\"lazy\" decoding=\"async\" src=\"https:\/\/ondauno.com.ar\/wp-content\/uploads\/2021\/10\/la-perse2.jpg\" alt=\"\"  srcset=\"https:\/\/ondauno.com.ar\/wp-content\/uploads\/2021\/10\/la-perse2.jpg 1353w, https:\/\/ondauno.com.ar\/wp-content\/uploads\/2021\/10\/la-perse2-300x43.jpg 300w, https:\/\/ondauno.com.ar\/wp-content\/uploads\/2021\/10\/la-perse2-1024x148.jpg 1024w, https:\/\/ondauno.com.ar\/wp-content\/uploads\/2021\/10\/la-perse2-768x111.jpg 768w, https:\/\/ondauno.com.ar\/wp-content\/uploads\/2021\/10\/la-perse2-696x100.jpg 696w, https:\/\/ondauno.com.ar\/wp-content\/uploads\/2021\/10\/la-perse2-1068x154.jpg 1068w\" sizes=\"(max-width: 1353px) 100vw, 1353px\" class=\"no-lazyload\" width=\"1353\" height=\"195\"  style=\"display: inline-block;\" \/><\/a><\/div>\n<p>En Cosas que pasan el reconocido obstetra y exconcejal Ra\u00fal Al\u00ed, militante hist\u00f3rico de la Uni\u00f3n C\u00edvica Radical, se manifest\u00f3 a favor de la creaci\u00f3n de una lista de unidad dentro del partido.<br>Al\u00ed destac\u00f3 la importancia de aprender de los errores del pasado y fortalecer la cohesi\u00f3n interna del radicalismo en Tres Arroyos.<\/p>\n\n\n\n<p>Mencion\u00f3 adem\u00e1s que en la \u00faltima reuni\u00f3n del comit\u00e9 Enrique Betolaza, un grupo de aproximadamente 40 afiliados coincidi\u00f3 en la necesidad de conformar una lista \u00fanica.<br>&#8220;Nuestro objetivo es reforzar la unidad y que esta no sea solo en los papeles, sino que se refleje en un trabajo conjunto y efectivo&#8221;, se\u00f1al\u00f3.<\/p>\n\n\n\n<p>El exconcejal tambi\u00e9n hizo hincapi\u00e9 en la importancia de las pr\u00f3ximas elecciones legislativas de 2025, en las que se renovar\u00e1 un n\u00famero significativo de concejales pertenecientes al radicalismo.<br>&#8220;Debemos consolidar nuestra fuerza y estar preparados para afrontar este desaf\u00edo&#8221;, afirm\u00f3.<\/p>\n\n\n\n<p>Respecto al conflicto interno que involucra a la presidenta del comit\u00e9, Daiana de Grazia, acusada de ejercer violencia f\u00edsica a la secretaria del Concejo Deliberante, Roc\u00edo Liebana, expres\u00f3 su preocupaci\u00f3n por la situaci\u00f3n.<br>&#8220;Son situaciones que no conducen a nada, y es fundamental limar asperezas y evitar que se repitan episodios similares&#8221;, indic\u00f3.<\/p>\n\n\n\n<p>Finalmente Al\u00ed descart\u00f3 por el momento un regreso a la funci\u00f3n p\u00fablica, aunque asegur\u00f3 que continuar\u00e1 aportando su experiencia al espacio pol\u00edtico y apoyando el trabajo del partido.<br>&#8220;El radicalismo tiene un gran desaf\u00edo por delante, y es vital que lo enfrentemos unidos&#8221;, concluy\u00f3.<\/p>\n\n\n\n<figure class=\"wp-block-embed is-type-rich is-provider-gestor-del-servicio wp-block-embed-gestor-del-servicio wp-embed-aspect-16-9 wp-has-aspect-ratio\"><div class=\"wp-block-embed__wrapper\">\n<div class=\"youtube-embed\" data-video_id=\"VgLOnMKPROI\"><iframe loading=\"lazy\" title=\"Onda Uno 103.9 en vivo\" width=\"696\" height=\"392\" data-src=\"https:\/\/www.youtube.com\/embed\/VgLOnMKPROI?feature=oembed&#038;enablejsapi=1\" frameborder=\"0\" allow=\"accelerometer; autoplay; clipboard-write; encrypted-media; gyroscope; picture-in-picture; web-share\" referrerpolicy=\"strict-origin-when-cross-origin\" allowfullscreen src=\"data:image\/gif;base64,R0lGODlhAQABAAAAACH5BAEKAAEALAAAAAABAAEAAAICTAEAOw==\" class=\"lazyload\" data-load-mode=\"1\"><\/iframe><\/div>\n<\/div><\/figure>\n","protected":false},"excerpt":{"rendered":"<p>En Cosas que pasan el reconocido obstetra y exconcejal Ra\u00fal Al\u00ed, militante hist\u00f3rico de la Uni\u00f3n C\u00edvica Radical, se manifest\u00f3 a favor de la creaci\u00f3n de una lista de unidad dentro del partido.Al\u00ed destac\u00f3 la importancia de aprender de los errores del pasado y fortalecer la cohesi\u00f3n interna del radicalismo en Tres Arroyos. Mencion\u00f3 adem\u00e1s [&hellip;]<\/p>\n","protected":false},"author":1,"featured_media":49786,"comment_status":"open","ping_status":"open","sticky":false,"template":"","format":"standard","meta":{"tdm_status":"","tdm_grid_status":"","_jetpack_memberships_contains_paid_content":false,"footnotes":"","jetpack_publicize_message":"","jetpack_publicize_feature_enabled":true,"jetpack_social_post_already_shared":false,"jetpack_social_options":{"image_generator_settings":{"template":"highway","default_image_id":0,"font":"","enabled":false},"version":2}},"categories":[2],"tags":[],"class_list":{"0":"post-49785","1":"post","2":"type-post","3":"status-publish","4":"format-standard","5":"has-post-thumbnail","7":"category-locales"},"yoast_head":"<!-- This site is optimized with the Yoast SEO plugin v22.7 - https:\/\/yoast.com\/wordpress\/plugins\/seo\/ -->\n<title>Impulsan la unidad en el radicalismo local con miras a las pr\u00f3ximas elecciones - 103.9 fm<\/title>\n<meta name=\"robots\" content=\"index, follow, max-snippet:-1, max-image-preview:large, max-video-preview:-1\" \/>\n<link rel=\"canonical\" href=\"https:\/\/ondauno.com.ar\/index.php\/2024\/08\/26\/impulsan-la-unidad-en-el-radicalismo-local-con-miras-a-las-proximas-elecciones\/\" \/>\n<meta property=\"og:locale\" content=\"es_ES\" \/>\n<meta property=\"og:type\" content=\"article\" \/>\n<meta property=\"og:title\" content=\"Impulsan la unidad en el radicalismo local con miras a las pr\u00f3ximas elecciones - 103.9 fm\" \/>\n<meta property=\"og:description\" content=\"En Cosas que pasan el reconocido obstetra y exconcejal Ra\u00fal Al\u00ed, militante hist\u00f3rico de la Uni\u00f3n C\u00edvica Radical, se manifest\u00f3 a favor de la creaci\u00f3n de una lista de unidad dentro del partido.Al\u00ed destac\u00f3 la importancia de aprender de los errores del pasado y fortalecer la cohesi\u00f3n interna del radicalismo en Tres Arroyos. Mencion\u00f3 adem\u00e1s [&hellip;]\" \/>\n<meta property=\"og:url\" content=\"https:\/\/ondauno.com.ar\/index.php\/2024\/08\/26\/impulsan-la-unidad-en-el-radicalismo-local-con-miras-a-las-proximas-elecciones\/\" \/>\n<meta property=\"og:site_name\" content=\"103.9 fm\" \/>\n<meta property=\"article:publisher\" content=\"https:\/\/www.facebook.com\/ondauno103.9\" \/>\n<meta property=\"article:published_time\" content=\"2024-08-26T23:48:39+00:00\" \/>\n<meta property=\"article:modified_time\" content=\"2024-08-26T23:48:42+00:00\" \/>\n<meta property=\"og:image\" content=\"http:\/\/ondauno.com.ar\/wp-content\/uploads\/2024\/08\/raul-ali.jpeg\" \/>\n\t<meta property=\"og:image:width\" content=\"322\" \/>\n\t<meta property=\"og:image:height\" content=\"480\" \/>\n\t<meta property=\"og:image:type\" content=\"image\/jpeg\" \/>\n<meta name=\"author\" content=\"OndaUno\" \/>\n<meta name=\"twitter:card\" content=\"summary_large_image\" \/>\n<meta name=\"twitter:label1\" content=\"Escrito por\" \/>\n\t<meta name=\"twitter:data1\" content=\"OndaUno\" \/>\n\t<meta name=\"twitter:label2\" content=\"Tiempo de lectura\" \/>\n\t<meta name=\"twitter:data2\" content=\"2 minutos\" \/>\n<script type=\"application\/ld+json\" class=\"yoast-schema-graph\">{\"@context\":\"https:\/\/schema.org\",\"@graph\":[{\"@type\":\"WebPage\",\"@id\":\"https:\/\/ondauno.com.ar\/index.php\/2024\/08\/26\/impulsan-la-unidad-en-el-radicalismo-local-con-miras-a-las-proximas-elecciones\/\",\"url\":\"https:\/\/ondauno.com.ar\/index.php\/2024\/08\/26\/impulsan-la-unidad-en-el-radicalismo-local-con-miras-a-las-proximas-elecciones\/\",\"name\":\"Impulsan la unidad en el radicalismo local con miras a las pr\u00f3ximas elecciones - 103.9 fm\",\"isPartOf\":{\"@id\":\"https:\/\/ondauno.com.ar\/#website\"},\"primaryImageOfPage\":{\"@id\":\"https:\/\/ondauno.com.ar\/index.php\/2024\/08\/26\/impulsan-la-unidad-en-el-radicalismo-local-con-miras-a-las-proximas-elecciones\/#primaryimage\"},\"image\":{\"@id\":\"https:\/\/ondauno.com.ar\/index.php\/2024\/08\/26\/impulsan-la-unidad-en-el-radicalismo-local-con-miras-a-las-proximas-elecciones\/#primaryimage\"},\"thumbnailUrl\":\"https:\/\/ondauno.com.ar\/wp-content\/uploads\/2024\/08\/raul-ali.jpeg\",\"datePublished\":\"2024-08-26T23:48:39+00:00\",\"dateModified\":\"2024-08-26T23:48:42+00:00\",\"author\":{\"@id\":\"https:\/\/ondauno.com.ar\/#\/schema\/person\/7ec851ddeceb4133d7d7132dc645714e\"},\"breadcrumb\":{\"@id\":\"https:\/\/ondauno.com.ar\/index.php\/2024\/08\/26\/impulsan-la-unidad-en-el-radicalismo-local-con-miras-a-las-proximas-elecciones\/#breadcrumb\"},\"inLanguage\":\"es-AR\",\"potentialAction\":[{\"@type\":\"ReadAction\",\"target\":[\"https:\/\/ondauno.com.ar\/index.php\/2024\/08\/26\/impulsan-la-unidad-en-el-radicalismo-local-con-miras-a-las-proximas-elecciones\/\"]}]},{\"@type\":\"ImageObject\",\"inLanguage\":\"es-AR\",\"@id\":\"https:\/\/ondauno.com.ar\/index.php\/2024\/08\/26\/impulsan-la-unidad-en-el-radicalismo-local-con-miras-a-las-proximas-elecciones\/#primaryimage\",\"url\":\"https:\/\/ondauno.com.ar\/wp-content\/uploads\/2024\/08\/raul-ali.jpeg\",\"contentUrl\":\"https:\/\/ondauno.com.ar\/wp-content\/uploads\/2024\/08\/raul-ali.jpeg\",\"width\":322,\"height\":480},{\"@type\":\"BreadcrumbList\",\"@id\":\"https:\/\/ondauno.com.ar\/index.php\/2024\/08\/26\/impulsan-la-unidad-en-el-radicalismo-local-con-miras-a-las-proximas-elecciones\/#breadcrumb\",\"itemListElement\":[{\"@type\":\"ListItem\",\"position\":1,\"name\":\"Inicio\",\"item\":\"https:\/\/ondauno.com.ar\/\"},{\"@type\":\"ListItem\",\"position\":2,\"name\":\"Impulsan la unidad en el radicalismo local con miras a las pr\u00f3ximas elecciones\"}]},{\"@type\":\"WebSite\",\"@id\":\"https:\/\/ondauno.com.ar\/#website\",\"url\":\"https:\/\/ondauno.com.ar\/\",\"name\":\"103.9 fm\",\"description\":\"LA PRIMERA RADIO MULTIMEDIA DE TRES ARROYOS\",\"potentialAction\":[{\"@type\":\"SearchAction\",\"target\":{\"@type\":\"EntryPoint\",\"urlTemplate\":\"https:\/\/ondauno.com.ar\/?s={search_term_string}\"},\"query-input\":\"required name=search_term_string\"}],\"inLanguage\":\"es-AR\"},{\"@type\":\"Person\",\"@id\":\"https:\/\/ondauno.com.ar\/#\/schema\/person\/7ec851ddeceb4133d7d7132dc645714e\",\"name\":\"OndaUno\",\"image\":{\"@type\":\"ImageObject\",\"inLanguage\":\"es-AR\",\"@id\":\"https:\/\/ondauno.com.ar\/#\/schema\/person\/image\/\",\"url\":\"https:\/\/secure.gravatar.com\/avatar\/93b8009f0de7021f1feb2bd5b32fb9e8?s=96&d=mm&r=g\",\"contentUrl\":\"https:\/\/secure.gravatar.com\/avatar\/93b8009f0de7021f1feb2bd5b32fb9e8?s=96&d=mm&r=g\",\"caption\":\"OndaUno\"},\"url\":\"https:\/\/ondauno.com.ar\/index.php\/author\/ondauno\/\"}]}<\/script>\n<!-- \/ Yoast SEO plugin. -->","yoast_head_json":{"title":"Impulsan la unidad en el radicalismo local con miras a las pr\u00f3ximas elecciones - 103.9 fm","robots":{"index":"index","follow":"follow","max-snippet":"max-snippet:-1","max-image-preview":"max-image-preview:large","max-video-preview":"max-video-preview:-1"},"canonical":"https:\/\/ondauno.com.ar\/index.php\/2024\/08\/26\/impulsan-la-unidad-en-el-radicalismo-local-con-miras-a-las-proximas-elecciones\/","og_locale":"es_ES","og_type":"article","og_title":"Impulsan la unidad en el radicalismo local con miras a las pr\u00f3ximas elecciones - 103.9 fm","og_description":"En Cosas que pasan el reconocido obstetra y exconcejal Ra\u00fal Al\u00ed, militante hist\u00f3rico de la Uni\u00f3n C\u00edvica Radical, se manifest\u00f3 a favor de la creaci\u00f3n de una lista de unidad dentro del partido.Al\u00ed destac\u00f3 la importancia de aprender de los errores del pasado y fortalecer la cohesi\u00f3n interna del radicalismo en Tres Arroyos. Mencion\u00f3 adem\u00e1s [&hellip;]","og_url":"https:\/\/ondauno.com.ar\/index.php\/2024\/08\/26\/impulsan-la-unidad-en-el-radicalismo-local-con-miras-a-las-proximas-elecciones\/","og_site_name":"103.9 fm","article_publisher":"https:\/\/www.facebook.com\/ondauno103.9","article_published_time":"2024-08-26T23:48:39+00:00","article_modified_time":"2024-08-26T23:48:42+00:00","og_image":[{"width":322,"height":480,"url":"http:\/\/ondauno.com.ar\/wp-content\/uploads\/2024\/08\/raul-ali.jpeg","type":"image\/jpeg"}],"author":"OndaUno","twitter_card":"summary_large_image","twitter_misc":{"Escrito por":"OndaUno","Tiempo de lectura":"2 minutos"},"schema":{"@context":"https:\/\/schema.org","@graph":[{"@type":"WebPage","@id":"https:\/\/ondauno.com.ar\/index.php\/2024\/08\/26\/impulsan-la-unidad-en-el-radicalismo-local-con-miras-a-las-proximas-elecciones\/","url":"https:\/\/ondauno.com.ar\/index.php\/2024\/08\/26\/impulsan-la-unidad-en-el-radicalismo-local-con-miras-a-las-proximas-elecciones\/","name":"Impulsan la unidad en el radicalismo local con miras a las pr\u00f3ximas elecciones - 103.9 fm","isPartOf":{"@id":"https:\/\/ondauno.com.ar\/#website"},"primaryImageOfPage":{"@id":"https:\/\/ondauno.com.ar\/index.php\/2024\/08\/26\/impulsan-la-unidad-en-el-radicalismo-local-con-miras-a-las-proximas-elecciones\/#primaryimage"},"image":{"@id":"https:\/\/ondauno.com.ar\/index.php\/2024\/08\/26\/impulsan-la-unidad-en-el-radicalismo-local-con-miras-a-las-proximas-elecciones\/#primaryimage"},"thumbnailUrl":"https:\/\/ondauno.com.ar\/wp-content\/uploads\/2024\/08\/raul-ali.jpeg","datePublished":"2024-08-26T23:48:39+00:00","dateModified":"2024-08-26T23:48:42+00:00","author":{"@id":"https:\/\/ondauno.com.ar\/#\/schema\/person\/7ec851ddeceb4133d7d7132dc645714e"},"breadcrumb":{"@id":"https:\/\/ondauno.com.ar\/index.php\/2024\/08\/26\/impulsan-la-unidad-en-el-radicalismo-local-con-miras-a-las-proximas-elecciones\/#breadcrumb"},"inLanguage":"es-AR","potentialAction":[{"@type":"ReadAction","target":["https:\/\/ondauno.com.ar\/index.php\/2024\/08\/26\/impulsan-la-unidad-en-el-radicalismo-local-con-miras-a-las-proximas-elecciones\/"]}]},{"@type":"ImageObject","inLanguage":"es-AR","@id":"https:\/\/ondauno.com.ar\/index.php\/2024\/08\/26\/impulsan-la-unidad-en-el-radicalismo-local-con-miras-a-las-proximas-elecciones\/#primaryimage","url":"https:\/\/ondauno.com.ar\/wp-content\/uploads\/2024\/08\/raul-ali.jpeg","contentUrl":"https:\/\/ondauno.com.ar\/wp-content\/uploads\/2024\/08\/raul-ali.jpeg","width":322,"height":480},{"@type":"BreadcrumbList","@id":"https:\/\/ondauno.com.ar\/index.php\/2024\/08\/26\/impulsan-la-unidad-en-el-radicalismo-local-con-miras-a-las-proximas-elecciones\/#breadcrumb","itemListElement":[{"@type":"ListItem","position":1,"name":"Inicio","item":"https:\/\/ondauno.com.ar\/"},{"@type":"ListItem","position":2,"name":"Impulsan la unidad en el radicalismo local con miras a las pr\u00f3ximas elecciones"}]},{"@type":"WebSite","@id":"https:\/\/ondauno.com.ar\/#website","url":"https:\/\/ondauno.com.ar\/","name":"103.9 fm","description":"LA PRIMERA RADIO MULTIMEDIA DE TRES ARROYOS","potentialAction":[{"@type":"SearchAction","target":{"@type":"EntryPoint","urlTemplate":"https:\/\/ondauno.com.ar\/?s={search_term_string}"},"query-input":"required name=search_term_string"}],"inLanguage":"es-AR"},{"@type":"Person","@id":"https:\/\/ondauno.com.ar\/#\/schema\/person\/7ec851ddeceb4133d7d7132dc645714e","name":"OndaUno","image":{"@type":"ImageObject","inLanguage":"es-AR","@id":"https:\/\/ondauno.com.ar\/#\/schema\/person\/image\/","url":"https:\/\/secure.gravatar.com\/avatar\/93b8009f0de7021f1feb2bd5b32fb9e8?s=96&d=mm&r=g","contentUrl":"https:\/\/secure.gravatar.com\/avatar\/93b8009f0de7021f1feb2bd5b32fb9e8?s=96&d=mm&r=g","caption":"OndaUno"},"url":"https:\/\/ondauno.com.ar\/index.php\/author\/ondauno\/"}]}},"jetpack_publicize_connections":[],"jetpack_featured_media_url":"https:\/\/ondauno.com.ar\/wp-content\/uploads\/2024\/08\/raul-ali.jpeg","jetpack_sharing_enabled":true,"_links":{"self":[{"href":"https:\/\/ondauno.com.ar\/index.php\/wp-json\/wp\/v2\/posts\/49785","targetHints":{"allow":["GET"]}}],"collection":[{"href":"https:\/\/ondauno.com.ar\/index.php\/wp-json\/wp\/v2\/posts"}],"about":[{"href":"https:\/\/ondauno.com.ar\/index.php\/wp-json\/wp\/v2\/types\/post"}],"author":[{"embeddable":true,"href":"https:\/\/ondauno.com.ar\/index.php\/wp-json\/wp\/v2\/users\/1"}],"replies":[{"embeddable":true,"href":"https:\/\/ondauno.com.ar\/index.php\/wp-json\/wp\/v2\/comments?post=49785"}],"version-history":[{"count":1,"href":"https:\/\/ondauno.com.ar\/index.php\/wp-json\/wp\/v2\/posts\/49785\/revisions"}],"predecessor-version":[{"id":49788,"href":"https:\/\/ondauno.com.ar\/index.php\/wp-json\/wp\/v2\/posts\/49785\/revisions\/49788"}],"wp:featuredmedia":[{"embeddable":true,"href":"https:\/\/ondauno.com.ar\/index.php\/wp-json\/wp\/v2\/media\/49786"}],"wp:attachment":[{"href":"https:\/\/ondauno.com.ar\/index.php\/wp-json\/wp\/v2\/media?parent=49785"}],"wp:term":[{"taxonomy":"category","embeddable":true,"href":"https:\/\/ondauno.com.ar\/index.php\/wp-json\/wp\/v2\/categories?post=49785"},{"taxonomy":"post_tag","embeddable":true,"href":"https:\/\/ondauno.com.ar\/index.php\/wp-json\/wp\/v2\/tags?post=49785"}],"curies":[{"name":"wp","href":"https:\/\/api.w.org\/{rel}","templated":true}]}}