{"id":49648,"date":"2024-08-22T19:24:13","date_gmt":"2024-08-22T22:24:13","guid":{"rendered":"https:\/\/ondauno.com.ar\/?p=49648"},"modified":"2024-08-22T19:24:16","modified_gmt":"2024-08-22T22:24:16","slug":"con-exito-se-realizo-una-nueva-colecta-de-sangre-en-bellocq-con-casi-20-donantes","status":"publish","type":"post","link":"https:\/\/ondauno.com.ar\/index.php\/2024\/08\/22\/con-exito-se-realizo-una-nueva-colecta-de-sangre-en-bellocq-con-casi-20-donantes\/","title":{"rendered":"Con \u00e9xito se realizo una nueva colecta de sangre en Bellocq con casi 20 donantes"},"content":{"rendered":"<div class=\"ondau-before-content_3\" style=\"margin-top: -30px;\" id=\"ondau-1493236752\"><a href=\"https:\/\/www.lps.com.ar\/\" aria-label=\"la-perse2\"><img loading=\"lazy\" decoding=\"async\" src=\"https:\/\/ondauno.com.ar\/wp-content\/uploads\/2021\/10\/la-perse2.jpg\" alt=\"\"  srcset=\"https:\/\/ondauno.com.ar\/wp-content\/uploads\/2021\/10\/la-perse2.jpg 1353w, https:\/\/ondauno.com.ar\/wp-content\/uploads\/2021\/10\/la-perse2-300x43.jpg 300w, https:\/\/ondauno.com.ar\/wp-content\/uploads\/2021\/10\/la-perse2-1024x148.jpg 1024w, https:\/\/ondauno.com.ar\/wp-content\/uploads\/2021\/10\/la-perse2-768x111.jpg 768w, https:\/\/ondauno.com.ar\/wp-content\/uploads\/2021\/10\/la-perse2-696x100.jpg 696w, https:\/\/ondauno.com.ar\/wp-content\/uploads\/2021\/10\/la-perse2-1068x154.jpg 1068w\" sizes=\"(max-width: 1353px) 100vw, 1353px\" class=\"no-lazyload\" width=\"1353\" height=\"195\"  style=\"display: inline-block;\" \/><\/a><\/div>\n<p>El equipo de salud del CAPS, la Delegaci\u00f3n Municipal y el Servicio Hemoterapia del Centro de Salud, realizaron una nueva colecta de sangre en el marco del calendario anual de la instituci\u00f3n. En esta oportunidad acompa\u00f1o y fue donante de sangre el delegado local Marcos Taboada junto a una importante cantidad de habitantes de la localidad que se sumaron a donar vida en vida.<\/p>\n\n\n\n<p>Desde el servicio de Hemtoterapia se agradece sobremanera a los donantes que concurren a cada una de estas convocatorias, al equipo de salud y al personal municipal que se sumaron a trabajar en conjunto y se recuerda a la comunidad que:<\/p>\n\n\n\n<p>Donar sangre es f\u00e1cil y seguro. Es un acto An\u00f3nimo, gratuito y voluntario.<\/p>\n\n\n\n<p>La donaci\u00f3n de sangre es un procedimiento seguro ya que los profesionales han sido capacitados para extremar las medidas de seguridad e higiene. Se utilizan materiales est\u00e9riles y descartables. La situaci\u00f3n actual requiere de la solidaridad de las personas sanas que puedan donar sangre ya que los bancos del pa\u00eds sufren la falta de este elemento esencial para la preservaci\u00f3n de la vida.<br>Cuando vaya a donar sangre tiene que tener:<\/p>\n\n\n\n<ul class=\"wp-block-list\">\n<li>Entre 18 y 65 a\u00f1os,<\/li>\n\n\n\n<li>Un peso mayor a 50 kilos,<\/li>\n\n\n\n<li>No tener antecedentes de enfermedades card\u00edacas, hep\u00e1ticas o infectocontagiosas \u2022 Traer documento de identidad.<br>Antes puede:<\/li>\n\n\n\n<li>Tomar caf\u00e9, mate o te azucarados (sin leche), comer frutas<\/li>\n\n\n\n<li>Conviene que haya descansado bien<\/li>\n\n\n\n<li>Concurrir con ropa c\u00f3moda y f\u00e1cil de arremangar<\/li>\n<\/ul>\n","protected":false},"excerpt":{"rendered":"<p>El equipo de salud del CAPS, la Delegaci\u00f3n Municipal y el Servicio Hemoterapia del Centro de Salud, realizaron una nueva colecta de sangre en el marco del calendario anual de la instituci\u00f3n. En esta oportunidad acompa\u00f1o y fue donante de sangre el delegado local Marcos Taboada junto a una importante cantidad de habitantes de la [&hellip;]<\/p>\n","protected":false},"author":1,"featured_media":49649,"comment_status":"open","ping_status":"open","sticky":false,"template":"","format":"standard","meta":{"tdm_status":"","tdm_grid_status":"","_jetpack_memberships_contains_paid_content":false,"footnotes":"","jetpack_publicize_message":"","jetpack_publicize_feature_enabled":true,"jetpack_social_post_already_shared":false,"jetpack_social_options":{"image_generator_settings":{"template":"highway","default_image_id":0,"font":"","enabled":false},"version":2}},"categories":[2],"tags":[],"class_list":{"0":"post-49648","1":"post","2":"type-post","3":"status-publish","4":"format-standard","5":"has-post-thumbnail","7":"category-locales"},"yoast_head":"<!-- This site is optimized with the Yoast SEO plugin v22.7 - https:\/\/yoast.com\/wordpress\/plugins\/seo\/ -->\n<title>Con \u00e9xito se realizo una nueva colecta de sangre en Bellocq con casi 20 donantes - 103.9 fm<\/title>\n<meta name=\"robots\" content=\"index, follow, max-snippet:-1, max-image-preview:large, max-video-preview:-1\" \/>\n<link rel=\"canonical\" href=\"https:\/\/ondauno.com.ar\/index.php\/2024\/08\/22\/con-exito-se-realizo-una-nueva-colecta-de-sangre-en-bellocq-con-casi-20-donantes\/\" \/>\n<meta property=\"og:locale\" content=\"es_ES\" \/>\n<meta property=\"og:type\" content=\"article\" \/>\n<meta property=\"og:title\" content=\"Con \u00e9xito se realizo una nueva colecta de sangre en Bellocq con casi 20 donantes - 103.9 fm\" \/>\n<meta property=\"og:description\" content=\"El equipo de salud del CAPS, la Delegaci\u00f3n Municipal y el Servicio Hemoterapia del Centro de Salud, realizaron una nueva colecta de sangre en el marco del calendario anual de la instituci\u00f3n. En esta oportunidad acompa\u00f1o y fue donante de sangre el delegado local Marcos Taboada junto a una importante cantidad de habitantes de la [&hellip;]\" \/>\n<meta property=\"og:url\" content=\"https:\/\/ondauno.com.ar\/index.php\/2024\/08\/22\/con-exito-se-realizo-una-nueva-colecta-de-sangre-en-bellocq-con-casi-20-donantes\/\" \/>\n<meta property=\"og:site_name\" content=\"103.9 fm\" \/>\n<meta property=\"article:publisher\" content=\"https:\/\/www.facebook.com\/ondauno103.9\" \/>\n<meta property=\"article:published_time\" content=\"2024-08-22T22:24:13+00:00\" \/>\n<meta property=\"article:modified_time\" content=\"2024-08-22T22:24:16+00:00\" \/>\n<meta property=\"og:image\" content=\"http:\/\/ondauno.com.ar\/wp-content\/uploads\/2024\/08\/WhatsApp-Image-2024-08-22-at-11.41.26.jpeg\" \/>\n\t<meta property=\"og:image:width\" content=\"960\" \/>\n\t<meta property=\"og:image:height\" content=\"1280\" \/>\n\t<meta property=\"og:image:type\" content=\"image\/jpeg\" \/>\n<meta name=\"author\" content=\"OndaUno\" \/>\n<meta name=\"twitter:card\" content=\"summary_large_image\" \/>\n<meta name=\"twitter:label1\" content=\"Escrito por\" \/>\n\t<meta name=\"twitter:data1\" content=\"OndaUno\" \/>\n\t<meta name=\"twitter:label2\" content=\"Tiempo de lectura\" \/>\n\t<meta name=\"twitter:data2\" content=\"2 minutos\" \/>\n<script type=\"application\/ld+json\" class=\"yoast-schema-graph\">{\"@context\":\"https:\/\/schema.org\",\"@graph\":[{\"@type\":\"WebPage\",\"@id\":\"https:\/\/ondauno.com.ar\/index.php\/2024\/08\/22\/con-exito-se-realizo-una-nueva-colecta-de-sangre-en-bellocq-con-casi-20-donantes\/\",\"url\":\"https:\/\/ondauno.com.ar\/index.php\/2024\/08\/22\/con-exito-se-realizo-una-nueva-colecta-de-sangre-en-bellocq-con-casi-20-donantes\/\",\"name\":\"Con \u00e9xito se realizo una nueva colecta de sangre en Bellocq con casi 20 donantes - 103.9 fm\",\"isPartOf\":{\"@id\":\"https:\/\/ondauno.com.ar\/#website\"},\"primaryImageOfPage\":{\"@id\":\"https:\/\/ondauno.com.ar\/index.php\/2024\/08\/22\/con-exito-se-realizo-una-nueva-colecta-de-sangre-en-bellocq-con-casi-20-donantes\/#primaryimage\"},\"image\":{\"@id\":\"https:\/\/ondauno.com.ar\/index.php\/2024\/08\/22\/con-exito-se-realizo-una-nueva-colecta-de-sangre-en-bellocq-con-casi-20-donantes\/#primaryimage\"},\"thumbnailUrl\":\"https:\/\/ondauno.com.ar\/wp-content\/uploads\/2024\/08\/WhatsApp-Image-2024-08-22-at-11.41.26.jpeg\",\"datePublished\":\"2024-08-22T22:24:13+00:00\",\"dateModified\":\"2024-08-22T22:24:16+00:00\",\"author\":{\"@id\":\"https:\/\/ondauno.com.ar\/#\/schema\/person\/7ec851ddeceb4133d7d7132dc645714e\"},\"breadcrumb\":{\"@id\":\"https:\/\/ondauno.com.ar\/index.php\/2024\/08\/22\/con-exito-se-realizo-una-nueva-colecta-de-sangre-en-bellocq-con-casi-20-donantes\/#breadcrumb\"},\"inLanguage\":\"es-AR\",\"potentialAction\":[{\"@type\":\"ReadAction\",\"target\":[\"https:\/\/ondauno.com.ar\/index.php\/2024\/08\/22\/con-exito-se-realizo-una-nueva-colecta-de-sangre-en-bellocq-con-casi-20-donantes\/\"]}]},{\"@type\":\"ImageObject\",\"inLanguage\":\"es-AR\",\"@id\":\"https:\/\/ondauno.com.ar\/index.php\/2024\/08\/22\/con-exito-se-realizo-una-nueva-colecta-de-sangre-en-bellocq-con-casi-20-donantes\/#primaryimage\",\"url\":\"https:\/\/ondauno.com.ar\/wp-content\/uploads\/2024\/08\/WhatsApp-Image-2024-08-22-at-11.41.26.jpeg\",\"contentUrl\":\"https:\/\/ondauno.com.ar\/wp-content\/uploads\/2024\/08\/WhatsApp-Image-2024-08-22-at-11.41.26.jpeg\",\"width\":960,\"height\":1280},{\"@type\":\"BreadcrumbList\",\"@id\":\"https:\/\/ondauno.com.ar\/index.php\/2024\/08\/22\/con-exito-se-realizo-una-nueva-colecta-de-sangre-en-bellocq-con-casi-20-donantes\/#breadcrumb\",\"itemListElement\":[{\"@type\":\"ListItem\",\"position\":1,\"name\":\"Inicio\",\"item\":\"https:\/\/ondauno.com.ar\/\"},{\"@type\":\"ListItem\",\"position\":2,\"name\":\"Con \u00e9xito se realizo una nueva colecta de sangre en Bellocq con casi 20 donantes\"}]},{\"@type\":\"WebSite\",\"@id\":\"https:\/\/ondauno.com.ar\/#website\",\"url\":\"https:\/\/ondauno.com.ar\/\",\"name\":\"103.9 fm\",\"description\":\"LA PRIMERA RADIO MULTIMEDIA DE TRES ARROYOS\",\"potentialAction\":[{\"@type\":\"SearchAction\",\"target\":{\"@type\":\"EntryPoint\",\"urlTemplate\":\"https:\/\/ondauno.com.ar\/?s={search_term_string}\"},\"query-input\":\"required name=search_term_string\"}],\"inLanguage\":\"es-AR\"},{\"@type\":\"Person\",\"@id\":\"https:\/\/ondauno.com.ar\/#\/schema\/person\/7ec851ddeceb4133d7d7132dc645714e\",\"name\":\"OndaUno\",\"image\":{\"@type\":\"ImageObject\",\"inLanguage\":\"es-AR\",\"@id\":\"https:\/\/ondauno.com.ar\/#\/schema\/person\/image\/\",\"url\":\"https:\/\/secure.gravatar.com\/avatar\/93b8009f0de7021f1feb2bd5b32fb9e8?s=96&d=mm&r=g\",\"contentUrl\":\"https:\/\/secure.gravatar.com\/avatar\/93b8009f0de7021f1feb2bd5b32fb9e8?s=96&d=mm&r=g\",\"caption\":\"OndaUno\"},\"url\":\"https:\/\/ondauno.com.ar\/index.php\/author\/ondauno\/\"}]}<\/script>\n<!-- \/ Yoast SEO plugin. -->","yoast_head_json":{"title":"Con \u00e9xito se realizo una nueva colecta de sangre en Bellocq con casi 20 donantes - 103.9 fm","robots":{"index":"index","follow":"follow","max-snippet":"max-snippet:-1","max-image-preview":"max-image-preview:large","max-video-preview":"max-video-preview:-1"},"canonical":"https:\/\/ondauno.com.ar\/index.php\/2024\/08\/22\/con-exito-se-realizo-una-nueva-colecta-de-sangre-en-bellocq-con-casi-20-donantes\/","og_locale":"es_ES","og_type":"article","og_title":"Con \u00e9xito se realizo una nueva colecta de sangre en Bellocq con casi 20 donantes - 103.9 fm","og_description":"El equipo de salud del CAPS, la Delegaci\u00f3n Municipal y el Servicio Hemoterapia del Centro de Salud, realizaron una nueva colecta de sangre en el marco del calendario anual de la instituci\u00f3n. En esta oportunidad acompa\u00f1o y fue donante de sangre el delegado local Marcos Taboada junto a una importante cantidad de habitantes de la [&hellip;]","og_url":"https:\/\/ondauno.com.ar\/index.php\/2024\/08\/22\/con-exito-se-realizo-una-nueva-colecta-de-sangre-en-bellocq-con-casi-20-donantes\/","og_site_name":"103.9 fm","article_publisher":"https:\/\/www.facebook.com\/ondauno103.9","article_published_time":"2024-08-22T22:24:13+00:00","article_modified_time":"2024-08-22T22:24:16+00:00","og_image":[{"width":960,"height":1280,"url":"http:\/\/ondauno.com.ar\/wp-content\/uploads\/2024\/08\/WhatsApp-Image-2024-08-22-at-11.41.26.jpeg","type":"image\/jpeg"}],"author":"OndaUno","twitter_card":"summary_large_image","twitter_misc":{"Escrito por":"OndaUno","Tiempo de lectura":"2 minutos"},"schema":{"@context":"https:\/\/schema.org","@graph":[{"@type":"WebPage","@id":"https:\/\/ondauno.com.ar\/index.php\/2024\/08\/22\/con-exito-se-realizo-una-nueva-colecta-de-sangre-en-bellocq-con-casi-20-donantes\/","url":"https:\/\/ondauno.com.ar\/index.php\/2024\/08\/22\/con-exito-se-realizo-una-nueva-colecta-de-sangre-en-bellocq-con-casi-20-donantes\/","name":"Con \u00e9xito se realizo una nueva colecta de sangre en Bellocq con casi 20 donantes - 103.9 fm","isPartOf":{"@id":"https:\/\/ondauno.com.ar\/#website"},"primaryImageOfPage":{"@id":"https:\/\/ondauno.com.ar\/index.php\/2024\/08\/22\/con-exito-se-realizo-una-nueva-colecta-de-sangre-en-bellocq-con-casi-20-donantes\/#primaryimage"},"image":{"@id":"https:\/\/ondauno.com.ar\/index.php\/2024\/08\/22\/con-exito-se-realizo-una-nueva-colecta-de-sangre-en-bellocq-con-casi-20-donantes\/#primaryimage"},"thumbnailUrl":"https:\/\/ondauno.com.ar\/wp-content\/uploads\/2024\/08\/WhatsApp-Image-2024-08-22-at-11.41.26.jpeg","datePublished":"2024-08-22T22:24:13+00:00","dateModified":"2024-08-22T22:24:16+00:00","author":{"@id":"https:\/\/ondauno.com.ar\/#\/schema\/person\/7ec851ddeceb4133d7d7132dc645714e"},"breadcrumb":{"@id":"https:\/\/ondauno.com.ar\/index.php\/2024\/08\/22\/con-exito-se-realizo-una-nueva-colecta-de-sangre-en-bellocq-con-casi-20-donantes\/#breadcrumb"},"inLanguage":"es-AR","potentialAction":[{"@type":"ReadAction","target":["https:\/\/ondauno.com.ar\/index.php\/2024\/08\/22\/con-exito-se-realizo-una-nueva-colecta-de-sangre-en-bellocq-con-casi-20-donantes\/"]}]},{"@type":"ImageObject","inLanguage":"es-AR","@id":"https:\/\/ondauno.com.ar\/index.php\/2024\/08\/22\/con-exito-se-realizo-una-nueva-colecta-de-sangre-en-bellocq-con-casi-20-donantes\/#primaryimage","url":"https:\/\/ondauno.com.ar\/wp-content\/uploads\/2024\/08\/WhatsApp-Image-2024-08-22-at-11.41.26.jpeg","contentUrl":"https:\/\/ondauno.com.ar\/wp-content\/uploads\/2024\/08\/WhatsApp-Image-2024-08-22-at-11.41.26.jpeg","width":960,"height":1280},{"@type":"BreadcrumbList","@id":"https:\/\/ondauno.com.ar\/index.php\/2024\/08\/22\/con-exito-se-realizo-una-nueva-colecta-de-sangre-en-bellocq-con-casi-20-donantes\/#breadcrumb","itemListElement":[{"@type":"ListItem","position":1,"name":"Inicio","item":"https:\/\/ondauno.com.ar\/"},{"@type":"ListItem","position":2,"name":"Con \u00e9xito se realizo una nueva colecta de sangre en Bellocq con casi 20 donantes"}]},{"@type":"WebSite","@id":"https:\/\/ondauno.com.ar\/#website","url":"https:\/\/ondauno.com.ar\/","name":"103.9 fm","description":"LA PRIMERA RADIO MULTIMEDIA DE TRES ARROYOS","potentialAction":[{"@type":"SearchAction","target":{"@type":"EntryPoint","urlTemplate":"https:\/\/ondauno.com.ar\/?s={search_term_string}"},"query-input":"required name=search_term_string"}],"inLanguage":"es-AR"},{"@type":"Person","@id":"https:\/\/ondauno.com.ar\/#\/schema\/person\/7ec851ddeceb4133d7d7132dc645714e","name":"OndaUno","image":{"@type":"ImageObject","inLanguage":"es-AR","@id":"https:\/\/ondauno.com.ar\/#\/schema\/person\/image\/","url":"https:\/\/secure.gravatar.com\/avatar\/93b8009f0de7021f1feb2bd5b32fb9e8?s=96&d=mm&r=g","contentUrl":"https:\/\/secure.gravatar.com\/avatar\/93b8009f0de7021f1feb2bd5b32fb9e8?s=96&d=mm&r=g","caption":"OndaUno"},"url":"https:\/\/ondauno.com.ar\/index.php\/author\/ondauno\/"}]}},"jetpack_publicize_connections":[],"jetpack_featured_media_url":"https:\/\/ondauno.com.ar\/wp-content\/uploads\/2024\/08\/WhatsApp-Image-2024-08-22-at-11.41.26.jpeg","jetpack_sharing_enabled":true,"_links":{"self":[{"href":"https:\/\/ondauno.com.ar\/index.php\/wp-json\/wp\/v2\/posts\/49648","targetHints":{"allow":["GET"]}}],"collection":[{"href":"https:\/\/ondauno.com.ar\/index.php\/wp-json\/wp\/v2\/posts"}],"about":[{"href":"https:\/\/ondauno.com.ar\/index.php\/wp-json\/wp\/v2\/types\/post"}],"author":[{"embeddable":true,"href":"https:\/\/ondauno.com.ar\/index.php\/wp-json\/wp\/v2\/users\/1"}],"replies":[{"embeddable":true,"href":"https:\/\/ondauno.com.ar\/index.php\/wp-json\/wp\/v2\/comments?post=49648"}],"version-history":[{"count":1,"href":"https:\/\/ondauno.com.ar\/index.php\/wp-json\/wp\/v2\/posts\/49648\/revisions"}],"predecessor-version":[{"id":49650,"href":"https:\/\/ondauno.com.ar\/index.php\/wp-json\/wp\/v2\/posts\/49648\/revisions\/49650"}],"wp:featuredmedia":[{"embeddable":true,"href":"https:\/\/ondauno.com.ar\/index.php\/wp-json\/wp\/v2\/media\/49649"}],"wp:attachment":[{"href":"https:\/\/ondauno.com.ar\/index.php\/wp-json\/wp\/v2\/media?parent=49648"}],"wp:term":[{"taxonomy":"category","embeddable":true,"href":"https:\/\/ondauno.com.ar\/index.php\/wp-json\/wp\/v2\/categories?post=49648"},{"taxonomy":"post_tag","embeddable":true,"href":"https:\/\/ondauno.com.ar\/index.php\/wp-json\/wp\/v2\/tags?post=49648"}],"curies":[{"name":"wp","href":"https:\/\/api.w.org\/{rel}","templated":true}]}}