{"id":49590,"date":"2024-08-21T20:55:58","date_gmt":"2024-08-21T23:55:58","guid":{"rendered":"https:\/\/ondauno.com.ar\/?p=49590"},"modified":"2024-08-21T20:56:00","modified_gmt":"2024-08-21T23:56:00","slug":"proponen-nombrar-al-parque-industrial-como-juan-b-istilart-y-mejoras-en-el-barrio-obrero","status":"publish","type":"post","link":"https:\/\/ondauno.com.ar\/index.php\/2024\/08\/21\/proponen-nombrar-al-parque-industrial-como-juan-b-istilart-y-mejoras-en-el-barrio-obrero\/","title":{"rendered":"Proponen nombrar al Parque Industrial como &#8220;Juan B. Istilart&#8221; y mejoras en el Barrio Obrero"},"content":{"rendered":"<div class=\"ondau-before-content_3\" style=\"margin-top: -30px;\" id=\"ondau-1079178689\"><a href=\"https:\/\/www.lps.com.ar\/\" aria-label=\"la-perse2\"><img loading=\"lazy\" decoding=\"async\" src=\"https:\/\/ondauno.com.ar\/wp-content\/uploads\/2021\/10\/la-perse2.jpg\" alt=\"\"  srcset=\"https:\/\/ondauno.com.ar\/wp-content\/uploads\/2021\/10\/la-perse2.jpg 1353w, https:\/\/ondauno.com.ar\/wp-content\/uploads\/2021\/10\/la-perse2-300x43.jpg 300w, https:\/\/ondauno.com.ar\/wp-content\/uploads\/2021\/10\/la-perse2-1024x148.jpg 1024w, https:\/\/ondauno.com.ar\/wp-content\/uploads\/2021\/10\/la-perse2-768x111.jpg 768w, https:\/\/ondauno.com.ar\/wp-content\/uploads\/2021\/10\/la-perse2-696x100.jpg 696w, https:\/\/ondauno.com.ar\/wp-content\/uploads\/2021\/10\/la-perse2-1068x154.jpg 1068w\" sizes=\"(max-width: 1353px) 100vw, 1353px\" class=\"no-lazyload\" width=\"1353\" height=\"195\"  style=\"display: inline-block;\" \/><\/a><\/div>\n<p>Esta ma\u00f1ana, la Comisi\u00f3n de Legislaci\u00f3n, Interpretaci\u00f3n y Acuerdos del Honorable Concejo Deliberante recibi\u00f3 a Guillermo Duvancel y Juan Moizzi, miembros de la Sociedad Francesa, quienes presentaron dos proyectos de gran relevancia. El primero propone nombrar al Parque Industrial como &#8220;Parque Industrial Juan B. Istilart&#8221;, en homenaje al destacado industrial. El segundo busca eximir a los descendientes de Istilart de los gastos del lugar de descanso en el Cementerio Municipal, a perpetuidad.<\/p>\n\n\n\n<p>&#8220;Nos parece muy interesante. Tenemos que ver la parte estrictamente legal, c\u00f3mo es el nombramiento de lo que es el Parque Industrial, que sabemos que es municipal, pero tiene sectores privados. Ellos quedaron en tener una reuni\u00f3n con los miembros del Parque Industrial para ver qu\u00e9 postura tienen; y si hay un acuerdo y la legislaci\u00f3n nos permite, lo vamos a impulsar&#8221;, explic\u00f3 Facundo Elgart, presidente de la Comisi\u00f3n.<\/p>\n\n\n\n<p>Adem\u00e1s, se discuti\u00f3 un Proyecto de Ordenanza para denominar dos sendas peatonales en el Barrio Obrero: una como &#8220;Pasaje Peatonal Eva Per\u00f3n&#8221; y la otra como &#8220;Pasaje Peatonal Juan Domingo Per\u00f3n&#8221;. Este proyecto tambi\u00e9n incluye la puesta en valor de estos espacios, con mejoras en la iluminaci\u00f3n y el arreglo del piso. &#8220;Esos caminitos hoy quedaron muy deteriorados, se han perdido las baldosas y tienen poca iluminaci\u00f3n. Queremos darles una mejora. Es una propuesta que se convers\u00f3 con la Junta Vecinal del Barrio Obrero&#8221;, se\u00f1al\u00f3 Elgart.<\/p>\n\n\n\n<p>Tambi\u00e9n ingresaron otros dos proyectos de ordenanza. Uno, presentado por Juntos por el Cambio, propone reducir la velocidad m\u00e1xima en arterias pavimentadas y calles de tierra en todo el Partido de Tres Arroyos. El otro, de La Libertad Avanza, busca que el Partido de Tres Arroyos adhiera al T\u00edtulo VII R\u00e9gimen de Incentivo para las Grandes Inversiones. Ambos proyectos continuar\u00e1n en tratamiento.<\/p>\n","protected":false},"excerpt":{"rendered":"<p>Esta ma\u00f1ana, la Comisi\u00f3n de Legislaci\u00f3n, Interpretaci\u00f3n y Acuerdos del Honorable Concejo Deliberante recibi\u00f3 a Guillermo Duvancel y Juan Moizzi, miembros de la Sociedad Francesa, quienes presentaron dos proyectos de gran relevancia. El primero propone nombrar al Parque Industrial como &#8220;Parque Industrial Juan B. Istilart&#8221;, en homenaje al destacado industrial. El segundo busca eximir a [&hellip;]<\/p>\n","protected":false},"author":1,"featured_media":49591,"comment_status":"open","ping_status":"open","sticky":false,"template":"","format":"standard","meta":{"tdm_status":"","tdm_grid_status":"","_jetpack_memberships_contains_paid_content":false,"footnotes":"","jetpack_publicize_message":"","jetpack_publicize_feature_enabled":true,"jetpack_social_post_already_shared":false,"jetpack_social_options":{"image_generator_settings":{"template":"highway","default_image_id":0,"font":"","enabled":false},"version":2}},"categories":[2],"tags":[],"class_list":{"0":"post-49590","1":"post","2":"type-post","3":"status-publish","4":"format-standard","5":"has-post-thumbnail","7":"category-locales"},"yoast_head":"<!-- This site is optimized with the Yoast SEO plugin v22.7 - https:\/\/yoast.com\/wordpress\/plugins\/seo\/ -->\n<title>Proponen nombrar al Parque Industrial como &quot;Juan B. Istilart&quot; y mejoras en el Barrio Obrero - 103.9 fm<\/title>\n<meta name=\"robots\" content=\"index, follow, max-snippet:-1, max-image-preview:large, max-video-preview:-1\" \/>\n<link rel=\"canonical\" href=\"https:\/\/ondauno.com.ar\/index.php\/2024\/08\/21\/proponen-nombrar-al-parque-industrial-como-juan-b-istilart-y-mejoras-en-el-barrio-obrero\/\" \/>\n<meta property=\"og:locale\" content=\"es_ES\" \/>\n<meta property=\"og:type\" content=\"article\" \/>\n<meta property=\"og:title\" content=\"Proponen nombrar al Parque Industrial como &quot;Juan B. Istilart&quot; y mejoras en el Barrio Obrero - 103.9 fm\" \/>\n<meta property=\"og:description\" content=\"Esta ma\u00f1ana, la Comisi\u00f3n de Legislaci\u00f3n, Interpretaci\u00f3n y Acuerdos del Honorable Concejo Deliberante recibi\u00f3 a Guillermo Duvancel y Juan Moizzi, miembros de la Sociedad Francesa, quienes presentaron dos proyectos de gran relevancia. El primero propone nombrar al Parque Industrial como &#8220;Parque Industrial Juan B. Istilart&#8221;, en homenaje al destacado industrial. El segundo busca eximir a [&hellip;]\" \/>\n<meta property=\"og:url\" content=\"https:\/\/ondauno.com.ar\/index.php\/2024\/08\/21\/proponen-nombrar-al-parque-industrial-como-juan-b-istilart-y-mejoras-en-el-barrio-obrero\/\" \/>\n<meta property=\"og:site_name\" content=\"103.9 fm\" \/>\n<meta property=\"article:publisher\" content=\"https:\/\/www.facebook.com\/ondauno103.9\" \/>\n<meta property=\"article:published_time\" content=\"2024-08-21T23:55:58+00:00\" \/>\n<meta property=\"article:modified_time\" content=\"2024-08-21T23:56:00+00:00\" \/>\n<meta property=\"og:image\" content=\"http:\/\/ondauno.com.ar\/wp-content\/uploads\/2024\/08\/WhatsApp-Image-2024-08-21-at-11.27.08.jpeg\" \/>\n\t<meta property=\"og:image:width\" content=\"1600\" \/>\n\t<meta property=\"og:image:height\" content=\"1200\" \/>\n\t<meta property=\"og:image:type\" content=\"image\/jpeg\" \/>\n<meta name=\"author\" content=\"OndaUno\" \/>\n<meta name=\"twitter:card\" content=\"summary_large_image\" \/>\n<meta name=\"twitter:label1\" content=\"Escrito por\" \/>\n\t<meta name=\"twitter:data1\" content=\"OndaUno\" \/>\n\t<meta name=\"twitter:label2\" content=\"Tiempo de lectura\" \/>\n\t<meta name=\"twitter:data2\" content=\"2 minutos\" \/>\n<script type=\"application\/ld+json\" class=\"yoast-schema-graph\">{\"@context\":\"https:\/\/schema.org\",\"@graph\":[{\"@type\":\"WebPage\",\"@id\":\"https:\/\/ondauno.com.ar\/index.php\/2024\/08\/21\/proponen-nombrar-al-parque-industrial-como-juan-b-istilart-y-mejoras-en-el-barrio-obrero\/\",\"url\":\"https:\/\/ondauno.com.ar\/index.php\/2024\/08\/21\/proponen-nombrar-al-parque-industrial-como-juan-b-istilart-y-mejoras-en-el-barrio-obrero\/\",\"name\":\"Proponen nombrar al Parque Industrial como \\\"Juan B. Istilart\\\" y mejoras en el Barrio Obrero - 103.9 fm\",\"isPartOf\":{\"@id\":\"https:\/\/ondauno.com.ar\/#website\"},\"primaryImageOfPage\":{\"@id\":\"https:\/\/ondauno.com.ar\/index.php\/2024\/08\/21\/proponen-nombrar-al-parque-industrial-como-juan-b-istilart-y-mejoras-en-el-barrio-obrero\/#primaryimage\"},\"image\":{\"@id\":\"https:\/\/ondauno.com.ar\/index.php\/2024\/08\/21\/proponen-nombrar-al-parque-industrial-como-juan-b-istilart-y-mejoras-en-el-barrio-obrero\/#primaryimage\"},\"thumbnailUrl\":\"https:\/\/ondauno.com.ar\/wp-content\/uploads\/2024\/08\/WhatsApp-Image-2024-08-21-at-11.27.08.jpeg\",\"datePublished\":\"2024-08-21T23:55:58+00:00\",\"dateModified\":\"2024-08-21T23:56:00+00:00\",\"author\":{\"@id\":\"https:\/\/ondauno.com.ar\/#\/schema\/person\/7ec851ddeceb4133d7d7132dc645714e\"},\"breadcrumb\":{\"@id\":\"https:\/\/ondauno.com.ar\/index.php\/2024\/08\/21\/proponen-nombrar-al-parque-industrial-como-juan-b-istilart-y-mejoras-en-el-barrio-obrero\/#breadcrumb\"},\"inLanguage\":\"es-AR\",\"potentialAction\":[{\"@type\":\"ReadAction\",\"target\":[\"https:\/\/ondauno.com.ar\/index.php\/2024\/08\/21\/proponen-nombrar-al-parque-industrial-como-juan-b-istilart-y-mejoras-en-el-barrio-obrero\/\"]}]},{\"@type\":\"ImageObject\",\"inLanguage\":\"es-AR\",\"@id\":\"https:\/\/ondauno.com.ar\/index.php\/2024\/08\/21\/proponen-nombrar-al-parque-industrial-como-juan-b-istilart-y-mejoras-en-el-barrio-obrero\/#primaryimage\",\"url\":\"https:\/\/ondauno.com.ar\/wp-content\/uploads\/2024\/08\/WhatsApp-Image-2024-08-21-at-11.27.08.jpeg\",\"contentUrl\":\"https:\/\/ondauno.com.ar\/wp-content\/uploads\/2024\/08\/WhatsApp-Image-2024-08-21-at-11.27.08.jpeg\",\"width\":1600,\"height\":1200},{\"@type\":\"BreadcrumbList\",\"@id\":\"https:\/\/ondauno.com.ar\/index.php\/2024\/08\/21\/proponen-nombrar-al-parque-industrial-como-juan-b-istilart-y-mejoras-en-el-barrio-obrero\/#breadcrumb\",\"itemListElement\":[{\"@type\":\"ListItem\",\"position\":1,\"name\":\"Inicio\",\"item\":\"https:\/\/ondauno.com.ar\/\"},{\"@type\":\"ListItem\",\"position\":2,\"name\":\"Proponen nombrar al Parque Industrial como &#8220;Juan B. Istilart&#8221; y mejoras en el Barrio Obrero\"}]},{\"@type\":\"WebSite\",\"@id\":\"https:\/\/ondauno.com.ar\/#website\",\"url\":\"https:\/\/ondauno.com.ar\/\",\"name\":\"103.9 fm\",\"description\":\"LA PRIMERA RADIO MULTIMEDIA DE TRES ARROYOS\",\"potentialAction\":[{\"@type\":\"SearchAction\",\"target\":{\"@type\":\"EntryPoint\",\"urlTemplate\":\"https:\/\/ondauno.com.ar\/?s={search_term_string}\"},\"query-input\":\"required name=search_term_string\"}],\"inLanguage\":\"es-AR\"},{\"@type\":\"Person\",\"@id\":\"https:\/\/ondauno.com.ar\/#\/schema\/person\/7ec851ddeceb4133d7d7132dc645714e\",\"name\":\"OndaUno\",\"image\":{\"@type\":\"ImageObject\",\"inLanguage\":\"es-AR\",\"@id\":\"https:\/\/ondauno.com.ar\/#\/schema\/person\/image\/\",\"url\":\"https:\/\/secure.gravatar.com\/avatar\/93b8009f0de7021f1feb2bd5b32fb9e8?s=96&d=mm&r=g\",\"contentUrl\":\"https:\/\/secure.gravatar.com\/avatar\/93b8009f0de7021f1feb2bd5b32fb9e8?s=96&d=mm&r=g\",\"caption\":\"OndaUno\"},\"url\":\"https:\/\/ondauno.com.ar\/index.php\/author\/ondauno\/\"}]}<\/script>\n<!-- \/ Yoast SEO plugin. -->","yoast_head_json":{"title":"Proponen nombrar al Parque Industrial como \"Juan B. Istilart\" y mejoras en el Barrio Obrero - 103.9 fm","robots":{"index":"index","follow":"follow","max-snippet":"max-snippet:-1","max-image-preview":"max-image-preview:large","max-video-preview":"max-video-preview:-1"},"canonical":"https:\/\/ondauno.com.ar\/index.php\/2024\/08\/21\/proponen-nombrar-al-parque-industrial-como-juan-b-istilart-y-mejoras-en-el-barrio-obrero\/","og_locale":"es_ES","og_type":"article","og_title":"Proponen nombrar al Parque Industrial como \"Juan B. Istilart\" y mejoras en el Barrio Obrero - 103.9 fm","og_description":"Esta ma\u00f1ana, la Comisi\u00f3n de Legislaci\u00f3n, Interpretaci\u00f3n y Acuerdos del Honorable Concejo Deliberante recibi\u00f3 a Guillermo Duvancel y Juan Moizzi, miembros de la Sociedad Francesa, quienes presentaron dos proyectos de gran relevancia. El primero propone nombrar al Parque Industrial como &#8220;Parque Industrial Juan B. Istilart&#8221;, en homenaje al destacado industrial. El segundo busca eximir a [&hellip;]","og_url":"https:\/\/ondauno.com.ar\/index.php\/2024\/08\/21\/proponen-nombrar-al-parque-industrial-como-juan-b-istilart-y-mejoras-en-el-barrio-obrero\/","og_site_name":"103.9 fm","article_publisher":"https:\/\/www.facebook.com\/ondauno103.9","article_published_time":"2024-08-21T23:55:58+00:00","article_modified_time":"2024-08-21T23:56:00+00:00","og_image":[{"width":1600,"height":1200,"url":"http:\/\/ondauno.com.ar\/wp-content\/uploads\/2024\/08\/WhatsApp-Image-2024-08-21-at-11.27.08.jpeg","type":"image\/jpeg"}],"author":"OndaUno","twitter_card":"summary_large_image","twitter_misc":{"Escrito por":"OndaUno","Tiempo de lectura":"2 minutos"},"schema":{"@context":"https:\/\/schema.org","@graph":[{"@type":"WebPage","@id":"https:\/\/ondauno.com.ar\/index.php\/2024\/08\/21\/proponen-nombrar-al-parque-industrial-como-juan-b-istilart-y-mejoras-en-el-barrio-obrero\/","url":"https:\/\/ondauno.com.ar\/index.php\/2024\/08\/21\/proponen-nombrar-al-parque-industrial-como-juan-b-istilart-y-mejoras-en-el-barrio-obrero\/","name":"Proponen nombrar al Parque Industrial como \"Juan B. Istilart\" y mejoras en el Barrio Obrero - 103.9 fm","isPartOf":{"@id":"https:\/\/ondauno.com.ar\/#website"},"primaryImageOfPage":{"@id":"https:\/\/ondauno.com.ar\/index.php\/2024\/08\/21\/proponen-nombrar-al-parque-industrial-como-juan-b-istilart-y-mejoras-en-el-barrio-obrero\/#primaryimage"},"image":{"@id":"https:\/\/ondauno.com.ar\/index.php\/2024\/08\/21\/proponen-nombrar-al-parque-industrial-como-juan-b-istilart-y-mejoras-en-el-barrio-obrero\/#primaryimage"},"thumbnailUrl":"https:\/\/ondauno.com.ar\/wp-content\/uploads\/2024\/08\/WhatsApp-Image-2024-08-21-at-11.27.08.jpeg","datePublished":"2024-08-21T23:55:58+00:00","dateModified":"2024-08-21T23:56:00+00:00","author":{"@id":"https:\/\/ondauno.com.ar\/#\/schema\/person\/7ec851ddeceb4133d7d7132dc645714e"},"breadcrumb":{"@id":"https:\/\/ondauno.com.ar\/index.php\/2024\/08\/21\/proponen-nombrar-al-parque-industrial-como-juan-b-istilart-y-mejoras-en-el-barrio-obrero\/#breadcrumb"},"inLanguage":"es-AR","potentialAction":[{"@type":"ReadAction","target":["https:\/\/ondauno.com.ar\/index.php\/2024\/08\/21\/proponen-nombrar-al-parque-industrial-como-juan-b-istilart-y-mejoras-en-el-barrio-obrero\/"]}]},{"@type":"ImageObject","inLanguage":"es-AR","@id":"https:\/\/ondauno.com.ar\/index.php\/2024\/08\/21\/proponen-nombrar-al-parque-industrial-como-juan-b-istilart-y-mejoras-en-el-barrio-obrero\/#primaryimage","url":"https:\/\/ondauno.com.ar\/wp-content\/uploads\/2024\/08\/WhatsApp-Image-2024-08-21-at-11.27.08.jpeg","contentUrl":"https:\/\/ondauno.com.ar\/wp-content\/uploads\/2024\/08\/WhatsApp-Image-2024-08-21-at-11.27.08.jpeg","width":1600,"height":1200},{"@type":"BreadcrumbList","@id":"https:\/\/ondauno.com.ar\/index.php\/2024\/08\/21\/proponen-nombrar-al-parque-industrial-como-juan-b-istilart-y-mejoras-en-el-barrio-obrero\/#breadcrumb","itemListElement":[{"@type":"ListItem","position":1,"name":"Inicio","item":"https:\/\/ondauno.com.ar\/"},{"@type":"ListItem","position":2,"name":"Proponen nombrar al Parque Industrial como &#8220;Juan B. Istilart&#8221; y mejoras en el Barrio Obrero"}]},{"@type":"WebSite","@id":"https:\/\/ondauno.com.ar\/#website","url":"https:\/\/ondauno.com.ar\/","name":"103.9 fm","description":"LA PRIMERA RADIO MULTIMEDIA DE TRES ARROYOS","potentialAction":[{"@type":"SearchAction","target":{"@type":"EntryPoint","urlTemplate":"https:\/\/ondauno.com.ar\/?s={search_term_string}"},"query-input":"required name=search_term_string"}],"inLanguage":"es-AR"},{"@type":"Person","@id":"https:\/\/ondauno.com.ar\/#\/schema\/person\/7ec851ddeceb4133d7d7132dc645714e","name":"OndaUno","image":{"@type":"ImageObject","inLanguage":"es-AR","@id":"https:\/\/ondauno.com.ar\/#\/schema\/person\/image\/","url":"https:\/\/secure.gravatar.com\/avatar\/93b8009f0de7021f1feb2bd5b32fb9e8?s=96&d=mm&r=g","contentUrl":"https:\/\/secure.gravatar.com\/avatar\/93b8009f0de7021f1feb2bd5b32fb9e8?s=96&d=mm&r=g","caption":"OndaUno"},"url":"https:\/\/ondauno.com.ar\/index.php\/author\/ondauno\/"}]}},"jetpack_publicize_connections":[],"jetpack_featured_media_url":"https:\/\/ondauno.com.ar\/wp-content\/uploads\/2024\/08\/WhatsApp-Image-2024-08-21-at-11.27.08.jpeg","jetpack_sharing_enabled":true,"_links":{"self":[{"href":"https:\/\/ondauno.com.ar\/index.php\/wp-json\/wp\/v2\/posts\/49590","targetHints":{"allow":["GET"]}}],"collection":[{"href":"https:\/\/ondauno.com.ar\/index.php\/wp-json\/wp\/v2\/posts"}],"about":[{"href":"https:\/\/ondauno.com.ar\/index.php\/wp-json\/wp\/v2\/types\/post"}],"author":[{"embeddable":true,"href":"https:\/\/ondauno.com.ar\/index.php\/wp-json\/wp\/v2\/users\/1"}],"replies":[{"embeddable":true,"href":"https:\/\/ondauno.com.ar\/index.php\/wp-json\/wp\/v2\/comments?post=49590"}],"version-history":[{"count":1,"href":"https:\/\/ondauno.com.ar\/index.php\/wp-json\/wp\/v2\/posts\/49590\/revisions"}],"predecessor-version":[{"id":49592,"href":"https:\/\/ondauno.com.ar\/index.php\/wp-json\/wp\/v2\/posts\/49590\/revisions\/49592"}],"wp:featuredmedia":[{"embeddable":true,"href":"https:\/\/ondauno.com.ar\/index.php\/wp-json\/wp\/v2\/media\/49591"}],"wp:attachment":[{"href":"https:\/\/ondauno.com.ar\/index.php\/wp-json\/wp\/v2\/media?parent=49590"}],"wp:term":[{"taxonomy":"category","embeddable":true,"href":"https:\/\/ondauno.com.ar\/index.php\/wp-json\/wp\/v2\/categories?post=49590"},{"taxonomy":"post_tag","embeddable":true,"href":"https:\/\/ondauno.com.ar\/index.php\/wp-json\/wp\/v2\/tags?post=49590"}],"curies":[{"name":"wp","href":"https:\/\/api.w.org\/{rel}","templated":true}]}}