{"id":49579,"date":"2024-08-20T22:18:56","date_gmt":"2024-08-21T01:18:56","guid":{"rendered":"https:\/\/ondauno.com.ar\/?p=49579"},"modified":"2024-08-20T22:18:59","modified_gmt":"2024-08-21T01:18:59","slug":"accidente-de-transito-en-sebastian-costa-y-olavarria","status":"publish","type":"post","link":"https:\/\/ondauno.com.ar\/index.php\/2024\/08\/20\/accidente-de-transito-en-sebastian-costa-y-olavarria\/","title":{"rendered":"Accidente de tr\u00e1nsito en Sebasti\u00e1n Costa y Olavarr\u00eda"},"content":{"rendered":"<div class=\"ondau-before-content_3\" style=\"margin-top: -30px;\" id=\"ondau-2123644987\"><a href=\"https:\/\/www.lps.com.ar\/\" aria-label=\"la-perse2\"><img loading=\"lazy\" decoding=\"async\" src=\"https:\/\/ondauno.com.ar\/wp-content\/uploads\/2021\/10\/la-perse2.jpg\" alt=\"\"  srcset=\"https:\/\/ondauno.com.ar\/wp-content\/uploads\/2021\/10\/la-perse2.jpg 1353w, https:\/\/ondauno.com.ar\/wp-content\/uploads\/2021\/10\/la-perse2-300x43.jpg 300w, https:\/\/ondauno.com.ar\/wp-content\/uploads\/2021\/10\/la-perse2-1024x148.jpg 1024w, https:\/\/ondauno.com.ar\/wp-content\/uploads\/2021\/10\/la-perse2-768x111.jpg 768w, https:\/\/ondauno.com.ar\/wp-content\/uploads\/2021\/10\/la-perse2-696x100.jpg 696w, https:\/\/ondauno.com.ar\/wp-content\/uploads\/2021\/10\/la-perse2-1068x154.jpg 1068w\" sizes=\"(max-width: 1353px) 100vw, 1353px\" class=\"no-lazyload\" width=\"1353\" height=\"195\"  style=\"display: inline-block;\" \/><\/a><\/div>\n<p>Este martes, aproximadamente a las 15:30 horas, se registr\u00f3 un accidente de tr\u00e1nsito en la intersecci\u00f3n de Sebasti\u00e1n Costa y Olavarr\u00eda. Una camioneta Peugeot Partner colision\u00f3 con un cami\u00f3n municipal recolector de basura.<\/p>\n\n\n\n<p>El conductor de la Peugeot Partner, que fue trasladado al centro de salud, sufri\u00f3 lesiones de car\u00e1cter leve. Al lugar acudieron una ambulancia y personal de tr\u00e1nsito para asistir en la situaci\u00f3n.<\/p>\n","protected":false},"excerpt":{"rendered":"<p>Este martes, aproximadamente a las 15:30 horas, se registr\u00f3 un accidente de tr\u00e1nsito en la intersecci\u00f3n de Sebasti\u00e1n Costa y Olavarr\u00eda. Una camioneta Peugeot Partner colision\u00f3 con un cami\u00f3n municipal recolector de basura. El conductor de la Peugeot Partner, que fue trasladado al centro de salud, sufri\u00f3 lesiones de car\u00e1cter leve. Al lugar acudieron una [&hellip;]<\/p>\n","protected":false},"author":1,"featured_media":49580,"comment_status":"open","ping_status":"open","sticky":false,"template":"","format":"standard","meta":{"tdm_status":"","tdm_grid_status":"","_jetpack_memberships_contains_paid_content":false,"footnotes":"","jetpack_publicize_message":"","jetpack_publicize_feature_enabled":true,"jetpack_social_post_already_shared":false,"jetpack_social_options":{"image_generator_settings":{"template":"highway","default_image_id":0,"font":"","enabled":false},"version":2}},"categories":[29],"tags":[],"class_list":{"0":"post-49579","1":"post","2":"type-post","3":"status-publish","4":"format-standard","5":"has-post-thumbnail","7":"category-policiales"},"yoast_head":"<!-- This site is optimized with the Yoast SEO plugin v22.7 - https:\/\/yoast.com\/wordpress\/plugins\/seo\/ -->\n<title>Accidente de tr\u00e1nsito en Sebasti\u00e1n Costa y Olavarr\u00eda - 103.9 fm<\/title>\n<meta name=\"robots\" content=\"index, follow, max-snippet:-1, max-image-preview:large, max-video-preview:-1\" \/>\n<link rel=\"canonical\" href=\"https:\/\/ondauno.com.ar\/index.php\/2024\/08\/20\/accidente-de-transito-en-sebastian-costa-y-olavarria\/\" \/>\n<meta property=\"og:locale\" content=\"es_ES\" \/>\n<meta property=\"og:type\" content=\"article\" \/>\n<meta property=\"og:title\" content=\"Accidente de tr\u00e1nsito en Sebasti\u00e1n Costa y Olavarr\u00eda - 103.9 fm\" \/>\n<meta property=\"og:description\" content=\"Este martes, aproximadamente a las 15:30 horas, se registr\u00f3 un accidente de tr\u00e1nsito en la intersecci\u00f3n de Sebasti\u00e1n Costa y Olavarr\u00eda. Una camioneta Peugeot Partner colision\u00f3 con un cami\u00f3n municipal recolector de basura. El conductor de la Peugeot Partner, que fue trasladado al centro de salud, sufri\u00f3 lesiones de car\u00e1cter leve. Al lugar acudieron una [&hellip;]\" \/>\n<meta property=\"og:url\" content=\"https:\/\/ondauno.com.ar\/index.php\/2024\/08\/20\/accidente-de-transito-en-sebastian-costa-y-olavarria\/\" \/>\n<meta property=\"og:site_name\" content=\"103.9 fm\" \/>\n<meta property=\"article:publisher\" content=\"https:\/\/www.facebook.com\/ondauno103.9\" \/>\n<meta property=\"article:published_time\" content=\"2024-08-21T01:18:56+00:00\" \/>\n<meta property=\"article:modified_time\" content=\"2024-08-21T01:18:59+00:00\" \/>\n<meta property=\"og:image\" content=\"http:\/\/ondauno.com.ar\/wp-content\/uploads\/2024\/08\/WhatsApp-Image-2024-08-20-at-21.57.27.jpeg\" \/>\n\t<meta property=\"og:image:width\" content=\"1600\" \/>\n\t<meta property=\"og:image:height\" content=\"1200\" \/>\n\t<meta property=\"og:image:type\" content=\"image\/jpeg\" \/>\n<meta name=\"author\" content=\"OndaUno\" \/>\n<meta name=\"twitter:card\" content=\"summary_large_image\" \/>\n<meta name=\"twitter:label1\" content=\"Escrito por\" \/>\n\t<meta name=\"twitter:data1\" content=\"OndaUno\" \/>\n\t<meta name=\"twitter:label2\" content=\"Tiempo de lectura\" \/>\n\t<meta name=\"twitter:data2\" content=\"1 minuto\" \/>\n<script type=\"application\/ld+json\" class=\"yoast-schema-graph\">{\"@context\":\"https:\/\/schema.org\",\"@graph\":[{\"@type\":\"WebPage\",\"@id\":\"https:\/\/ondauno.com.ar\/index.php\/2024\/08\/20\/accidente-de-transito-en-sebastian-costa-y-olavarria\/\",\"url\":\"https:\/\/ondauno.com.ar\/index.php\/2024\/08\/20\/accidente-de-transito-en-sebastian-costa-y-olavarria\/\",\"name\":\"Accidente de tr\u00e1nsito en Sebasti\u00e1n Costa y Olavarr\u00eda - 103.9 fm\",\"isPartOf\":{\"@id\":\"https:\/\/ondauno.com.ar\/#website\"},\"primaryImageOfPage\":{\"@id\":\"https:\/\/ondauno.com.ar\/index.php\/2024\/08\/20\/accidente-de-transito-en-sebastian-costa-y-olavarria\/#primaryimage\"},\"image\":{\"@id\":\"https:\/\/ondauno.com.ar\/index.php\/2024\/08\/20\/accidente-de-transito-en-sebastian-costa-y-olavarria\/#primaryimage\"},\"thumbnailUrl\":\"https:\/\/ondauno.com.ar\/wp-content\/uploads\/2024\/08\/WhatsApp-Image-2024-08-20-at-21.57.27.jpeg\",\"datePublished\":\"2024-08-21T01:18:56+00:00\",\"dateModified\":\"2024-08-21T01:18:59+00:00\",\"author\":{\"@id\":\"https:\/\/ondauno.com.ar\/#\/schema\/person\/7ec851ddeceb4133d7d7132dc645714e\"},\"breadcrumb\":{\"@id\":\"https:\/\/ondauno.com.ar\/index.php\/2024\/08\/20\/accidente-de-transito-en-sebastian-costa-y-olavarria\/#breadcrumb\"},\"inLanguage\":\"es-AR\",\"potentialAction\":[{\"@type\":\"ReadAction\",\"target\":[\"https:\/\/ondauno.com.ar\/index.php\/2024\/08\/20\/accidente-de-transito-en-sebastian-costa-y-olavarria\/\"]}]},{\"@type\":\"ImageObject\",\"inLanguage\":\"es-AR\",\"@id\":\"https:\/\/ondauno.com.ar\/index.php\/2024\/08\/20\/accidente-de-transito-en-sebastian-costa-y-olavarria\/#primaryimage\",\"url\":\"https:\/\/ondauno.com.ar\/wp-content\/uploads\/2024\/08\/WhatsApp-Image-2024-08-20-at-21.57.27.jpeg\",\"contentUrl\":\"https:\/\/ondauno.com.ar\/wp-content\/uploads\/2024\/08\/WhatsApp-Image-2024-08-20-at-21.57.27.jpeg\",\"width\":1600,\"height\":1200},{\"@type\":\"BreadcrumbList\",\"@id\":\"https:\/\/ondauno.com.ar\/index.php\/2024\/08\/20\/accidente-de-transito-en-sebastian-costa-y-olavarria\/#breadcrumb\",\"itemListElement\":[{\"@type\":\"ListItem\",\"position\":1,\"name\":\"Inicio\",\"item\":\"https:\/\/ondauno.com.ar\/\"},{\"@type\":\"ListItem\",\"position\":2,\"name\":\"Accidente de tr\u00e1nsito en Sebasti\u00e1n Costa y Olavarr\u00eda\"}]},{\"@type\":\"WebSite\",\"@id\":\"https:\/\/ondauno.com.ar\/#website\",\"url\":\"https:\/\/ondauno.com.ar\/\",\"name\":\"103.9 fm\",\"description\":\"LA PRIMERA RADIO MULTIMEDIA DE TRES ARROYOS\",\"potentialAction\":[{\"@type\":\"SearchAction\",\"target\":{\"@type\":\"EntryPoint\",\"urlTemplate\":\"https:\/\/ondauno.com.ar\/?s={search_term_string}\"},\"query-input\":\"required name=search_term_string\"}],\"inLanguage\":\"es-AR\"},{\"@type\":\"Person\",\"@id\":\"https:\/\/ondauno.com.ar\/#\/schema\/person\/7ec851ddeceb4133d7d7132dc645714e\",\"name\":\"OndaUno\",\"image\":{\"@type\":\"ImageObject\",\"inLanguage\":\"es-AR\",\"@id\":\"https:\/\/ondauno.com.ar\/#\/schema\/person\/image\/\",\"url\":\"https:\/\/secure.gravatar.com\/avatar\/93b8009f0de7021f1feb2bd5b32fb9e8?s=96&d=mm&r=g\",\"contentUrl\":\"https:\/\/secure.gravatar.com\/avatar\/93b8009f0de7021f1feb2bd5b32fb9e8?s=96&d=mm&r=g\",\"caption\":\"OndaUno\"},\"url\":\"https:\/\/ondauno.com.ar\/index.php\/author\/ondauno\/\"}]}<\/script>\n<!-- \/ Yoast SEO plugin. -->","yoast_head_json":{"title":"Accidente de tr\u00e1nsito en Sebasti\u00e1n Costa y Olavarr\u00eda - 103.9 fm","robots":{"index":"index","follow":"follow","max-snippet":"max-snippet:-1","max-image-preview":"max-image-preview:large","max-video-preview":"max-video-preview:-1"},"canonical":"https:\/\/ondauno.com.ar\/index.php\/2024\/08\/20\/accidente-de-transito-en-sebastian-costa-y-olavarria\/","og_locale":"es_ES","og_type":"article","og_title":"Accidente de tr\u00e1nsito en Sebasti\u00e1n Costa y Olavarr\u00eda - 103.9 fm","og_description":"Este martes, aproximadamente a las 15:30 horas, se registr\u00f3 un accidente de tr\u00e1nsito en la intersecci\u00f3n de Sebasti\u00e1n Costa y Olavarr\u00eda. Una camioneta Peugeot Partner colision\u00f3 con un cami\u00f3n municipal recolector de basura. El conductor de la Peugeot Partner, que fue trasladado al centro de salud, sufri\u00f3 lesiones de car\u00e1cter leve. Al lugar acudieron una [&hellip;]","og_url":"https:\/\/ondauno.com.ar\/index.php\/2024\/08\/20\/accidente-de-transito-en-sebastian-costa-y-olavarria\/","og_site_name":"103.9 fm","article_publisher":"https:\/\/www.facebook.com\/ondauno103.9","article_published_time":"2024-08-21T01:18:56+00:00","article_modified_time":"2024-08-21T01:18:59+00:00","og_image":[{"width":1600,"height":1200,"url":"http:\/\/ondauno.com.ar\/wp-content\/uploads\/2024\/08\/WhatsApp-Image-2024-08-20-at-21.57.27.jpeg","type":"image\/jpeg"}],"author":"OndaUno","twitter_card":"summary_large_image","twitter_misc":{"Escrito por":"OndaUno","Tiempo de lectura":"1 minuto"},"schema":{"@context":"https:\/\/schema.org","@graph":[{"@type":"WebPage","@id":"https:\/\/ondauno.com.ar\/index.php\/2024\/08\/20\/accidente-de-transito-en-sebastian-costa-y-olavarria\/","url":"https:\/\/ondauno.com.ar\/index.php\/2024\/08\/20\/accidente-de-transito-en-sebastian-costa-y-olavarria\/","name":"Accidente de tr\u00e1nsito en Sebasti\u00e1n Costa y Olavarr\u00eda - 103.9 fm","isPartOf":{"@id":"https:\/\/ondauno.com.ar\/#website"},"primaryImageOfPage":{"@id":"https:\/\/ondauno.com.ar\/index.php\/2024\/08\/20\/accidente-de-transito-en-sebastian-costa-y-olavarria\/#primaryimage"},"image":{"@id":"https:\/\/ondauno.com.ar\/index.php\/2024\/08\/20\/accidente-de-transito-en-sebastian-costa-y-olavarria\/#primaryimage"},"thumbnailUrl":"https:\/\/ondauno.com.ar\/wp-content\/uploads\/2024\/08\/WhatsApp-Image-2024-08-20-at-21.57.27.jpeg","datePublished":"2024-08-21T01:18:56+00:00","dateModified":"2024-08-21T01:18:59+00:00","author":{"@id":"https:\/\/ondauno.com.ar\/#\/schema\/person\/7ec851ddeceb4133d7d7132dc645714e"},"breadcrumb":{"@id":"https:\/\/ondauno.com.ar\/index.php\/2024\/08\/20\/accidente-de-transito-en-sebastian-costa-y-olavarria\/#breadcrumb"},"inLanguage":"es-AR","potentialAction":[{"@type":"ReadAction","target":["https:\/\/ondauno.com.ar\/index.php\/2024\/08\/20\/accidente-de-transito-en-sebastian-costa-y-olavarria\/"]}]},{"@type":"ImageObject","inLanguage":"es-AR","@id":"https:\/\/ondauno.com.ar\/index.php\/2024\/08\/20\/accidente-de-transito-en-sebastian-costa-y-olavarria\/#primaryimage","url":"https:\/\/ondauno.com.ar\/wp-content\/uploads\/2024\/08\/WhatsApp-Image-2024-08-20-at-21.57.27.jpeg","contentUrl":"https:\/\/ondauno.com.ar\/wp-content\/uploads\/2024\/08\/WhatsApp-Image-2024-08-20-at-21.57.27.jpeg","width":1600,"height":1200},{"@type":"BreadcrumbList","@id":"https:\/\/ondauno.com.ar\/index.php\/2024\/08\/20\/accidente-de-transito-en-sebastian-costa-y-olavarria\/#breadcrumb","itemListElement":[{"@type":"ListItem","position":1,"name":"Inicio","item":"https:\/\/ondauno.com.ar\/"},{"@type":"ListItem","position":2,"name":"Accidente de tr\u00e1nsito en Sebasti\u00e1n Costa y Olavarr\u00eda"}]},{"@type":"WebSite","@id":"https:\/\/ondauno.com.ar\/#website","url":"https:\/\/ondauno.com.ar\/","name":"103.9 fm","description":"LA PRIMERA RADIO MULTIMEDIA DE TRES ARROYOS","potentialAction":[{"@type":"SearchAction","target":{"@type":"EntryPoint","urlTemplate":"https:\/\/ondauno.com.ar\/?s={search_term_string}"},"query-input":"required name=search_term_string"}],"inLanguage":"es-AR"},{"@type":"Person","@id":"https:\/\/ondauno.com.ar\/#\/schema\/person\/7ec851ddeceb4133d7d7132dc645714e","name":"OndaUno","image":{"@type":"ImageObject","inLanguage":"es-AR","@id":"https:\/\/ondauno.com.ar\/#\/schema\/person\/image\/","url":"https:\/\/secure.gravatar.com\/avatar\/93b8009f0de7021f1feb2bd5b32fb9e8?s=96&d=mm&r=g","contentUrl":"https:\/\/secure.gravatar.com\/avatar\/93b8009f0de7021f1feb2bd5b32fb9e8?s=96&d=mm&r=g","caption":"OndaUno"},"url":"https:\/\/ondauno.com.ar\/index.php\/author\/ondauno\/"}]}},"jetpack_publicize_connections":[],"jetpack_featured_media_url":"https:\/\/ondauno.com.ar\/wp-content\/uploads\/2024\/08\/WhatsApp-Image-2024-08-20-at-21.57.27.jpeg","jetpack_sharing_enabled":true,"_links":{"self":[{"href":"https:\/\/ondauno.com.ar\/index.php\/wp-json\/wp\/v2\/posts\/49579","targetHints":{"allow":["GET"]}}],"collection":[{"href":"https:\/\/ondauno.com.ar\/index.php\/wp-json\/wp\/v2\/posts"}],"about":[{"href":"https:\/\/ondauno.com.ar\/index.php\/wp-json\/wp\/v2\/types\/post"}],"author":[{"embeddable":true,"href":"https:\/\/ondauno.com.ar\/index.php\/wp-json\/wp\/v2\/users\/1"}],"replies":[{"embeddable":true,"href":"https:\/\/ondauno.com.ar\/index.php\/wp-json\/wp\/v2\/comments?post=49579"}],"version-history":[{"count":1,"href":"https:\/\/ondauno.com.ar\/index.php\/wp-json\/wp\/v2\/posts\/49579\/revisions"}],"predecessor-version":[{"id":49581,"href":"https:\/\/ondauno.com.ar\/index.php\/wp-json\/wp\/v2\/posts\/49579\/revisions\/49581"}],"wp:featuredmedia":[{"embeddable":true,"href":"https:\/\/ondauno.com.ar\/index.php\/wp-json\/wp\/v2\/media\/49580"}],"wp:attachment":[{"href":"https:\/\/ondauno.com.ar\/index.php\/wp-json\/wp\/v2\/media?parent=49579"}],"wp:term":[{"taxonomy":"category","embeddable":true,"href":"https:\/\/ondauno.com.ar\/index.php\/wp-json\/wp\/v2\/categories?post=49579"},{"taxonomy":"post_tag","embeddable":true,"href":"https:\/\/ondauno.com.ar\/index.php\/wp-json\/wp\/v2\/tags?post=49579"}],"curies":[{"name":"wp","href":"https:\/\/api.w.org\/{rel}","templated":true}]}}