{"id":49410,"date":"2024-08-15T21:13:57","date_gmt":"2024-08-16T00:13:57","guid":{"rendered":"https:\/\/ondauno.com.ar\/?p=49410"},"modified":"2024-08-15T21:14:00","modified_gmt":"2024-08-16T00:14:00","slug":"kicillof-cumplimos-nuestros-compromisos-porque-asumimos-la-tarea-de-acompanar-y-proteger-al-pueblo-de-la-provincia","status":"publish","type":"post","link":"https:\/\/ondauno.com.ar\/index.php\/2024\/08\/15\/kicillof-cumplimos-nuestros-compromisos-porque-asumimos-la-tarea-de-acompanar-y-proteger-al-pueblo-de-la-provincia\/","title":{"rendered":"Kicillof: \u201cCumplimos nuestros compromisos porque asumimos la tarea de acompa\u00f1ar y proteger al pueblo de la provincia\u201d"},"content":{"rendered":"<div class=\"ondau-before-content_3\" style=\"margin-top: -30px;\" id=\"ondau-3113018141\"><a href=\"https:\/\/www.lps.com.ar\/\" aria-label=\"la-perse2\"><img loading=\"lazy\" decoding=\"async\" src=\"https:\/\/ondauno.com.ar\/wp-content\/uploads\/2021\/10\/la-perse2.jpg\" alt=\"\"  srcset=\"https:\/\/ondauno.com.ar\/wp-content\/uploads\/2021\/10\/la-perse2.jpg 1353w, https:\/\/ondauno.com.ar\/wp-content\/uploads\/2021\/10\/la-perse2-300x43.jpg 300w, https:\/\/ondauno.com.ar\/wp-content\/uploads\/2021\/10\/la-perse2-1024x148.jpg 1024w, https:\/\/ondauno.com.ar\/wp-content\/uploads\/2021\/10\/la-perse2-768x111.jpg 768w, https:\/\/ondauno.com.ar\/wp-content\/uploads\/2021\/10\/la-perse2-696x100.jpg 696w, https:\/\/ondauno.com.ar\/wp-content\/uploads\/2021\/10\/la-perse2-1068x154.jpg 1068w\" sizes=\"(max-width: 1353px) 100vw, 1353px\" class=\"no-lazyload\" width=\"1353\" height=\"195\"  style=\"display: inline-block;\" \/><\/a><\/div>\n<p>El Gobernador encabez\u00f3 la firma de un nuevo desembolso del Fondo de Fortalecimiento Fiscal Municipal.<\/p>\n\n\n\n<p>El gobernador de la provincia de Buenos Aires, Axel Kicillof, encabez\u00f3 este jueves el acto de firma del tercer desembolso del Fondo de Fortalecimiento Fiscal Municipal (FFFM), que alcanza los $38.106 millones que ser\u00e1n transferidos a todos los municipios. Fue en el Sal\u00f3n Dorado de la Casa de Gobierno, junto a la vicegobernadora Ver\u00f3nica Magario; los ministros de Econom\u00eda, Pablo L\u00f3pez, y de Gobierno, Carlos Bianco; y 92 intendentas e intendentes bonaerenses.<\/p>\n\n\n\n<p>En ese marco, Kicillof destac\u00f3 que \u201cadem\u00e1s de la ca\u00edda de la recaudaci\u00f3n que se produjo como consecuencia de las medidas econ\u00f3micas del Gobierno nacional, estamos siendo sometidos a una pol\u00edtica que apunta deliberadamente a fundir y a asfixiar a las provincias\u201d. \u201cEsa p\u00e9rdida injusta e ilegal de los recursos que nos corresponden se da en un contexto en el que se multiplican las necesidades: en cada recorrida observamos que aumenta la demanda de alimentos, medicamentos, salud y educaci\u00f3n p\u00fablica y gratuita\u201d, a\u00f1adi\u00f3.<\/p>\n\n\n\n<p>\u201cAun con todas esas dificultades, y al mismo tiempo que continuamos reclamando por los recursos que les corresponden a los 17 millones de bonaerenses, la Provincia de Buenos Aires est\u00e1 cumpliendo con el compromiso sellado en la Legislatura con los 135 municipios\u201d, asegur\u00f3 el Gobernador y a\u00f1adi\u00f3: \u201cAs\u00ed como las provincias nos debemos hacer cargo de muchos aspectos en los que el Gobierno nacional ha desertado, sabemos que los distritos est\u00e1n cumpliendo un rol fundamental para atender a cada vecino y vecina que sufre la crisis generada por las actuales pol\u00edticas econ\u00f3micas\u201d.<\/p>\n\n\n\n<p>Esta tercera cuota del FFFM representa el 30% de los recursos que los 135 distritos recibir\u00e1n este a\u00f1o mediante este instrumento. Las transferencias se realizan por Coeficiente \u00danico de Distribuci\u00f3n (CUD), en tanto que los fondos son no reintegrables y de libre disponibilidad por parte de cada municipio.<\/p>\n\n\n\n<p>En tanto, L\u00f3pez remarc\u00f3: \u201cFrente a un Gobierno nacional que no cumple con sus obligaciones, desde la Provincia seguimos invirtiendo y trabajando de forma colaborativa con los 135 municipios para mejorar la calidad de vida de los y las bonaerenses\u201d. \u201cPodemos hacerlo gracias a una gesti\u00f3n responsable que, al mismo tiempo que nos permiti\u00f3 cerrar el primer semestre con super\u00e1vit primario, posibilit\u00f3 tambi\u00e9n el objetivo de reforzar los programas de acompa\u00f1amiento y continuar con la obra p\u00fablica en la provincia&#8221;, explic\u00f3.<\/p>\n\n\n\n<p>Los desembolsos anteriores fueron enviados en febrero y mayo de este a\u00f1o, representando el 40% del total del fondo, al tiempo que resta una \u00faltima etapa en los pr\u00f3ximos meses. De esta forma, las obras p\u00fablicas siguen avanzando en todo el territorio a pesar de los recortes del Gobierno nacional: se encuentran en ejecuci\u00f3n m\u00e1s de 540 proyectos que incluyen obras hidr\u00e1ulicas, de vialidad, ingenier\u00eda, energ\u00eda, arquitectura y aguas y cloacas.<\/p>\n\n\n\n<p>Por \u00faltimo, Kicillof remarc\u00f3: \u201cNos honra poder cumplir con nuestros compromisos producto del esfuerzo, la eficacia y la sensibilidad: contra la crueldad, nuestra tarea consiste en acompa\u00f1ar y proteger al pueblo de la provincia de Buenos Aires\u201d. \u201cEs para eso que trabajamos, para construir un Estado presente, transparente y, sobre todo, m\u00e1s humano\u201d, concluy\u00f3.<\/p>\n\n\n\n<p>Estuvieron presentes las y los intendentes de Adolfo Gonzales Chaves, Alberti, Almirante Brown, Arrecifes, Ayacucho, Azul, Baradero, Benito Ju\u00e1rez, Berazategui, Berisso, Bol\u00edvar, Bragado, Brandsen, Ca\u00f1uelas, Capit\u00e1n Sarmiento, Carlos Casares, Carlos Tejedor, Carmen de Areco, Castelli, Chacabuco, Chascom\u00fas, Chivilcoy, Col\u00f3n, Coronel Dorrego, Coronel Pringles, Coronel Rosales, Daireaux, Dolores, Ensenada, Exaltaci\u00f3n de la Cruz, Ezeiza, General Alvear, General Arenales, General Belgrano, General Guido, General Las Heras, General Lavalle, General Madariaga, General Paz, General Pinto, General Rodr\u00edguez, General San Mart\u00edn, General Villegas, Hip\u00f3lito Yrigoyen, Hurlingham, Ituzaing\u00f3, La Plata, Las Flores, Leandro N. Alem, Lezama, Lincoln, Lomas de Zamora, Luj\u00e1n, Magdalena, Maip\u00fa, Malvinas Argentinas, Mar Chiquita, Marcos Paz, Mercedes, Merlo, Monte, Monte Hermoso, Moreno, Mor\u00f3n, Navarro, Necochea, Patagones, Pellegrini, Pila, Pilar, Presidente Per\u00f3n, Punta Indio, Ramallo, Rauch, Rivadavia, Rojas, Roque P\u00e9rez, Saavedra, Salliquel\u00f3, Salto, San Andr\u00e9s de Giles, San Fernando, San Pedro, Suipacha, Tapalqu\u00e9, Tigre, Tordillo, Tornquist, Tres Arroyos, Tres Lomas, Veinticinco de Mayo y Villa Gesell.<\/p>\n\n\n\n<p>Participaron el ministro de Infraestructura y Servicios P\u00fablicos, Gabriel Katopodis; la jefa de Asesores del Gobernador, Cristina \u00c1lvarez Rodr\u00edguez; el asesor General de Gobierno, Santiago P\u00e9rez Teruel; y la secretaria general de la Gobernaci\u00f3n, Agustina Vila.<\/p>\n","protected":false},"excerpt":{"rendered":"<p>El Gobernador encabez\u00f3 la firma de un nuevo desembolso del Fondo de Fortalecimiento Fiscal Municipal. El gobernador de la provincia de Buenos Aires, Axel Kicillof, encabez\u00f3 este jueves el acto de firma del tercer desembolso del Fondo de Fortalecimiento Fiscal Municipal (FFFM), que alcanza los $38.106 millones que ser\u00e1n transferidos a todos los municipios. Fue [&hellip;]<\/p>\n","protected":false},"author":1,"featured_media":49411,"comment_status":"open","ping_status":"open","sticky":false,"template":"","format":"standard","meta":{"tdm_status":"","tdm_grid_status":"","_jetpack_memberships_contains_paid_content":false,"footnotes":"","jetpack_publicize_message":"","jetpack_publicize_feature_enabled":true,"jetpack_social_post_already_shared":false,"jetpack_social_options":{"image_generator_settings":{"template":"highway","default_image_id":0,"font":"","enabled":false},"version":2}},"categories":[30],"tags":[],"class_list":{"0":"post-49410","1":"post","2":"type-post","3":"status-publish","4":"format-standard","5":"has-post-thumbnail","7":"category-provinciales"},"yoast_head":"<!-- This site is optimized with the Yoast SEO plugin v22.7 - https:\/\/yoast.com\/wordpress\/plugins\/seo\/ -->\n<title>Kicillof: \u201cCumplimos nuestros compromisos porque asumimos la tarea de acompa\u00f1ar y proteger al pueblo de la provincia\u201d - 103.9 fm<\/title>\n<meta name=\"robots\" content=\"index, follow, max-snippet:-1, max-image-preview:large, max-video-preview:-1\" \/>\n<link rel=\"canonical\" href=\"https:\/\/ondauno.com.ar\/index.php\/2024\/08\/15\/kicillof-cumplimos-nuestros-compromisos-porque-asumimos-la-tarea-de-acompanar-y-proteger-al-pueblo-de-la-provincia\/\" \/>\n<meta property=\"og:locale\" content=\"es_ES\" \/>\n<meta property=\"og:type\" content=\"article\" \/>\n<meta property=\"og:title\" content=\"Kicillof: \u201cCumplimos nuestros compromisos porque asumimos la tarea de acompa\u00f1ar y proteger al pueblo de la provincia\u201d - 103.9 fm\" \/>\n<meta property=\"og:description\" content=\"El Gobernador encabez\u00f3 la firma de un nuevo desembolso del Fondo de Fortalecimiento Fiscal Municipal. El gobernador de la provincia de Buenos Aires, Axel Kicillof, encabez\u00f3 este jueves el acto de firma del tercer desembolso del Fondo de Fortalecimiento Fiscal Municipal (FFFM), que alcanza los $38.106 millones que ser\u00e1n transferidos a todos los municipios. Fue [&hellip;]\" \/>\n<meta property=\"og:url\" content=\"https:\/\/ondauno.com.ar\/index.php\/2024\/08\/15\/kicillof-cumplimos-nuestros-compromisos-porque-asumimos-la-tarea-de-acompanar-y-proteger-al-pueblo-de-la-provincia\/\" \/>\n<meta property=\"og:site_name\" content=\"103.9 fm\" \/>\n<meta property=\"article:publisher\" content=\"https:\/\/www.facebook.com\/ondauno103.9\" \/>\n<meta property=\"article:published_time\" content=\"2024-08-16T00:13:57+00:00\" \/>\n<meta property=\"article:modified_time\" content=\"2024-08-16T00:14:00+00:00\" \/>\n<meta property=\"og:image\" content=\"http:\/\/ondauno.com.ar\/wp-content\/uploads\/2024\/08\/Axel-Kicillof-3009.jpg\" \/>\n\t<meta property=\"og:image:width\" content=\"1280\" \/>\n\t<meta property=\"og:image:height\" content=\"853\" \/>\n\t<meta property=\"og:image:type\" content=\"image\/jpeg\" \/>\n<meta name=\"author\" content=\"OndaUno\" \/>\n<meta name=\"twitter:card\" content=\"summary_large_image\" \/>\n<meta name=\"twitter:label1\" content=\"Escrito por\" \/>\n\t<meta name=\"twitter:data1\" content=\"OndaUno\" \/>\n\t<meta name=\"twitter:label2\" content=\"Tiempo de lectura\" \/>\n\t<meta name=\"twitter:data2\" content=\"4 minutos\" \/>\n<script type=\"application\/ld+json\" class=\"yoast-schema-graph\">{\"@context\":\"https:\/\/schema.org\",\"@graph\":[{\"@type\":\"WebPage\",\"@id\":\"https:\/\/ondauno.com.ar\/index.php\/2024\/08\/15\/kicillof-cumplimos-nuestros-compromisos-porque-asumimos-la-tarea-de-acompanar-y-proteger-al-pueblo-de-la-provincia\/\",\"url\":\"https:\/\/ondauno.com.ar\/index.php\/2024\/08\/15\/kicillof-cumplimos-nuestros-compromisos-porque-asumimos-la-tarea-de-acompanar-y-proteger-al-pueblo-de-la-provincia\/\",\"name\":\"Kicillof: \u201cCumplimos nuestros compromisos porque asumimos la tarea de acompa\u00f1ar y proteger al pueblo de la provincia\u201d - 103.9 fm\",\"isPartOf\":{\"@id\":\"https:\/\/ondauno.com.ar\/#website\"},\"primaryImageOfPage\":{\"@id\":\"https:\/\/ondauno.com.ar\/index.php\/2024\/08\/15\/kicillof-cumplimos-nuestros-compromisos-porque-asumimos-la-tarea-de-acompanar-y-proteger-al-pueblo-de-la-provincia\/#primaryimage\"},\"image\":{\"@id\":\"https:\/\/ondauno.com.ar\/index.php\/2024\/08\/15\/kicillof-cumplimos-nuestros-compromisos-porque-asumimos-la-tarea-de-acompanar-y-proteger-al-pueblo-de-la-provincia\/#primaryimage\"},\"thumbnailUrl\":\"https:\/\/ondauno.com.ar\/wp-content\/uploads\/2024\/08\/Axel-Kicillof-3009.jpg\",\"datePublished\":\"2024-08-16T00:13:57+00:00\",\"dateModified\":\"2024-08-16T00:14:00+00:00\",\"author\":{\"@id\":\"https:\/\/ondauno.com.ar\/#\/schema\/person\/7ec851ddeceb4133d7d7132dc645714e\"},\"breadcrumb\":{\"@id\":\"https:\/\/ondauno.com.ar\/index.php\/2024\/08\/15\/kicillof-cumplimos-nuestros-compromisos-porque-asumimos-la-tarea-de-acompanar-y-proteger-al-pueblo-de-la-provincia\/#breadcrumb\"},\"inLanguage\":\"es-AR\",\"potentialAction\":[{\"@type\":\"ReadAction\",\"target\":[\"https:\/\/ondauno.com.ar\/index.php\/2024\/08\/15\/kicillof-cumplimos-nuestros-compromisos-porque-asumimos-la-tarea-de-acompanar-y-proteger-al-pueblo-de-la-provincia\/\"]}]},{\"@type\":\"ImageObject\",\"inLanguage\":\"es-AR\",\"@id\":\"https:\/\/ondauno.com.ar\/index.php\/2024\/08\/15\/kicillof-cumplimos-nuestros-compromisos-porque-asumimos-la-tarea-de-acompanar-y-proteger-al-pueblo-de-la-provincia\/#primaryimage\",\"url\":\"https:\/\/ondauno.com.ar\/wp-content\/uploads\/2024\/08\/Axel-Kicillof-3009.jpg\",\"contentUrl\":\"https:\/\/ondauno.com.ar\/wp-content\/uploads\/2024\/08\/Axel-Kicillof-3009.jpg\",\"width\":1280,\"height\":853},{\"@type\":\"BreadcrumbList\",\"@id\":\"https:\/\/ondauno.com.ar\/index.php\/2024\/08\/15\/kicillof-cumplimos-nuestros-compromisos-porque-asumimos-la-tarea-de-acompanar-y-proteger-al-pueblo-de-la-provincia\/#breadcrumb\",\"itemListElement\":[{\"@type\":\"ListItem\",\"position\":1,\"name\":\"Inicio\",\"item\":\"https:\/\/ondauno.com.ar\/\"},{\"@type\":\"ListItem\",\"position\":2,\"name\":\"Kicillof: \u201cCumplimos nuestros compromisos porque asumimos la tarea de acompa\u00f1ar y proteger al pueblo de la provincia\u201d\"}]},{\"@type\":\"WebSite\",\"@id\":\"https:\/\/ondauno.com.ar\/#website\",\"url\":\"https:\/\/ondauno.com.ar\/\",\"name\":\"103.9 fm\",\"description\":\"LA PRIMERA RADIO MULTIMEDIA DE TRES ARROYOS\",\"potentialAction\":[{\"@type\":\"SearchAction\",\"target\":{\"@type\":\"EntryPoint\",\"urlTemplate\":\"https:\/\/ondauno.com.ar\/?s={search_term_string}\"},\"query-input\":\"required name=search_term_string\"}],\"inLanguage\":\"es-AR\"},{\"@type\":\"Person\",\"@id\":\"https:\/\/ondauno.com.ar\/#\/schema\/person\/7ec851ddeceb4133d7d7132dc645714e\",\"name\":\"OndaUno\",\"image\":{\"@type\":\"ImageObject\",\"inLanguage\":\"es-AR\",\"@id\":\"https:\/\/ondauno.com.ar\/#\/schema\/person\/image\/\",\"url\":\"https:\/\/secure.gravatar.com\/avatar\/93b8009f0de7021f1feb2bd5b32fb9e8?s=96&d=mm&r=g\",\"contentUrl\":\"https:\/\/secure.gravatar.com\/avatar\/93b8009f0de7021f1feb2bd5b32fb9e8?s=96&d=mm&r=g\",\"caption\":\"OndaUno\"},\"url\":\"https:\/\/ondauno.com.ar\/index.php\/author\/ondauno\/\"}]}<\/script>\n<!-- \/ Yoast SEO plugin. -->","yoast_head_json":{"title":"Kicillof: \u201cCumplimos nuestros compromisos porque asumimos la tarea de acompa\u00f1ar y proteger al pueblo de la provincia\u201d - 103.9 fm","robots":{"index":"index","follow":"follow","max-snippet":"max-snippet:-1","max-image-preview":"max-image-preview:large","max-video-preview":"max-video-preview:-1"},"canonical":"https:\/\/ondauno.com.ar\/index.php\/2024\/08\/15\/kicillof-cumplimos-nuestros-compromisos-porque-asumimos-la-tarea-de-acompanar-y-proteger-al-pueblo-de-la-provincia\/","og_locale":"es_ES","og_type":"article","og_title":"Kicillof: \u201cCumplimos nuestros compromisos porque asumimos la tarea de acompa\u00f1ar y proteger al pueblo de la provincia\u201d - 103.9 fm","og_description":"El Gobernador encabez\u00f3 la firma de un nuevo desembolso del Fondo de Fortalecimiento Fiscal Municipal. El gobernador de la provincia de Buenos Aires, Axel Kicillof, encabez\u00f3 este jueves el acto de firma del tercer desembolso del Fondo de Fortalecimiento Fiscal Municipal (FFFM), que alcanza los $38.106 millones que ser\u00e1n transferidos a todos los municipios. Fue [&hellip;]","og_url":"https:\/\/ondauno.com.ar\/index.php\/2024\/08\/15\/kicillof-cumplimos-nuestros-compromisos-porque-asumimos-la-tarea-de-acompanar-y-proteger-al-pueblo-de-la-provincia\/","og_site_name":"103.9 fm","article_publisher":"https:\/\/www.facebook.com\/ondauno103.9","article_published_time":"2024-08-16T00:13:57+00:00","article_modified_time":"2024-08-16T00:14:00+00:00","og_image":[{"width":1280,"height":853,"url":"http:\/\/ondauno.com.ar\/wp-content\/uploads\/2024\/08\/Axel-Kicillof-3009.jpg","type":"image\/jpeg"}],"author":"OndaUno","twitter_card":"summary_large_image","twitter_misc":{"Escrito por":"OndaUno","Tiempo de lectura":"4 minutos"},"schema":{"@context":"https:\/\/schema.org","@graph":[{"@type":"WebPage","@id":"https:\/\/ondauno.com.ar\/index.php\/2024\/08\/15\/kicillof-cumplimos-nuestros-compromisos-porque-asumimos-la-tarea-de-acompanar-y-proteger-al-pueblo-de-la-provincia\/","url":"https:\/\/ondauno.com.ar\/index.php\/2024\/08\/15\/kicillof-cumplimos-nuestros-compromisos-porque-asumimos-la-tarea-de-acompanar-y-proteger-al-pueblo-de-la-provincia\/","name":"Kicillof: \u201cCumplimos nuestros compromisos porque asumimos la tarea de acompa\u00f1ar y proteger al pueblo de la provincia\u201d - 103.9 fm","isPartOf":{"@id":"https:\/\/ondauno.com.ar\/#website"},"primaryImageOfPage":{"@id":"https:\/\/ondauno.com.ar\/index.php\/2024\/08\/15\/kicillof-cumplimos-nuestros-compromisos-porque-asumimos-la-tarea-de-acompanar-y-proteger-al-pueblo-de-la-provincia\/#primaryimage"},"image":{"@id":"https:\/\/ondauno.com.ar\/index.php\/2024\/08\/15\/kicillof-cumplimos-nuestros-compromisos-porque-asumimos-la-tarea-de-acompanar-y-proteger-al-pueblo-de-la-provincia\/#primaryimage"},"thumbnailUrl":"https:\/\/ondauno.com.ar\/wp-content\/uploads\/2024\/08\/Axel-Kicillof-3009.jpg","datePublished":"2024-08-16T00:13:57+00:00","dateModified":"2024-08-16T00:14:00+00:00","author":{"@id":"https:\/\/ondauno.com.ar\/#\/schema\/person\/7ec851ddeceb4133d7d7132dc645714e"},"breadcrumb":{"@id":"https:\/\/ondauno.com.ar\/index.php\/2024\/08\/15\/kicillof-cumplimos-nuestros-compromisos-porque-asumimos-la-tarea-de-acompanar-y-proteger-al-pueblo-de-la-provincia\/#breadcrumb"},"inLanguage":"es-AR","potentialAction":[{"@type":"ReadAction","target":["https:\/\/ondauno.com.ar\/index.php\/2024\/08\/15\/kicillof-cumplimos-nuestros-compromisos-porque-asumimos-la-tarea-de-acompanar-y-proteger-al-pueblo-de-la-provincia\/"]}]},{"@type":"ImageObject","inLanguage":"es-AR","@id":"https:\/\/ondauno.com.ar\/index.php\/2024\/08\/15\/kicillof-cumplimos-nuestros-compromisos-porque-asumimos-la-tarea-de-acompanar-y-proteger-al-pueblo-de-la-provincia\/#primaryimage","url":"https:\/\/ondauno.com.ar\/wp-content\/uploads\/2024\/08\/Axel-Kicillof-3009.jpg","contentUrl":"https:\/\/ondauno.com.ar\/wp-content\/uploads\/2024\/08\/Axel-Kicillof-3009.jpg","width":1280,"height":853},{"@type":"BreadcrumbList","@id":"https:\/\/ondauno.com.ar\/index.php\/2024\/08\/15\/kicillof-cumplimos-nuestros-compromisos-porque-asumimos-la-tarea-de-acompanar-y-proteger-al-pueblo-de-la-provincia\/#breadcrumb","itemListElement":[{"@type":"ListItem","position":1,"name":"Inicio","item":"https:\/\/ondauno.com.ar\/"},{"@type":"ListItem","position":2,"name":"Kicillof: \u201cCumplimos nuestros compromisos porque asumimos la tarea de acompa\u00f1ar y proteger al pueblo de la provincia\u201d"}]},{"@type":"WebSite","@id":"https:\/\/ondauno.com.ar\/#website","url":"https:\/\/ondauno.com.ar\/","name":"103.9 fm","description":"LA PRIMERA RADIO MULTIMEDIA DE TRES ARROYOS","potentialAction":[{"@type":"SearchAction","target":{"@type":"EntryPoint","urlTemplate":"https:\/\/ondauno.com.ar\/?s={search_term_string}"},"query-input":"required name=search_term_string"}],"inLanguage":"es-AR"},{"@type":"Person","@id":"https:\/\/ondauno.com.ar\/#\/schema\/person\/7ec851ddeceb4133d7d7132dc645714e","name":"OndaUno","image":{"@type":"ImageObject","inLanguage":"es-AR","@id":"https:\/\/ondauno.com.ar\/#\/schema\/person\/image\/","url":"https:\/\/secure.gravatar.com\/avatar\/93b8009f0de7021f1feb2bd5b32fb9e8?s=96&d=mm&r=g","contentUrl":"https:\/\/secure.gravatar.com\/avatar\/93b8009f0de7021f1feb2bd5b32fb9e8?s=96&d=mm&r=g","caption":"OndaUno"},"url":"https:\/\/ondauno.com.ar\/index.php\/author\/ondauno\/"}]}},"jetpack_publicize_connections":[],"jetpack_featured_media_url":"https:\/\/ondauno.com.ar\/wp-content\/uploads\/2024\/08\/Axel-Kicillof-3009.jpg","jetpack_sharing_enabled":true,"_links":{"self":[{"href":"https:\/\/ondauno.com.ar\/index.php\/wp-json\/wp\/v2\/posts\/49410","targetHints":{"allow":["GET"]}}],"collection":[{"href":"https:\/\/ondauno.com.ar\/index.php\/wp-json\/wp\/v2\/posts"}],"about":[{"href":"https:\/\/ondauno.com.ar\/index.php\/wp-json\/wp\/v2\/types\/post"}],"author":[{"embeddable":true,"href":"https:\/\/ondauno.com.ar\/index.php\/wp-json\/wp\/v2\/users\/1"}],"replies":[{"embeddable":true,"href":"https:\/\/ondauno.com.ar\/index.php\/wp-json\/wp\/v2\/comments?post=49410"}],"version-history":[{"count":1,"href":"https:\/\/ondauno.com.ar\/index.php\/wp-json\/wp\/v2\/posts\/49410\/revisions"}],"predecessor-version":[{"id":49412,"href":"https:\/\/ondauno.com.ar\/index.php\/wp-json\/wp\/v2\/posts\/49410\/revisions\/49412"}],"wp:featuredmedia":[{"embeddable":true,"href":"https:\/\/ondauno.com.ar\/index.php\/wp-json\/wp\/v2\/media\/49411"}],"wp:attachment":[{"href":"https:\/\/ondauno.com.ar\/index.php\/wp-json\/wp\/v2\/media?parent=49410"}],"wp:term":[{"taxonomy":"category","embeddable":true,"href":"https:\/\/ondauno.com.ar\/index.php\/wp-json\/wp\/v2\/categories?post=49410"},{"taxonomy":"post_tag","embeddable":true,"href":"https:\/\/ondauno.com.ar\/index.php\/wp-json\/wp\/v2\/tags?post=49410"}],"curies":[{"name":"wp","href":"https:\/\/api.w.org\/{rel}","templated":true}]}}