{"id":49349,"date":"2024-08-13T00:03:34","date_gmt":"2024-08-13T03:03:34","guid":{"rendered":"https:\/\/ondauno.com.ar\/?p=49349"},"modified":"2024-08-13T00:03:37","modified_gmt":"2024-08-13T03:03:37","slug":"ciberbullying-que-protocolo-activo-la-secundaria-n10-en-claromeco","status":"publish","type":"post","link":"https:\/\/ondauno.com.ar\/index.php\/2024\/08\/13\/ciberbullying-que-protocolo-activo-la-secundaria-n10-en-claromeco\/","title":{"rendered":"Ciberbullying: qu\u00e9 protocolo activ\u00f3 la Secundaria N\u00b010 en Claromec\u00f3"},"content":{"rendered":"<div class=\"ondau-before-content_3\" style=\"margin-top: -30px;\" id=\"ondau-976260353\"><a href=\"https:\/\/www.lps.com.ar\/\" aria-label=\"la-perse2\"><img loading=\"lazy\" decoding=\"async\" src=\"https:\/\/ondauno.com.ar\/wp-content\/uploads\/2021\/10\/la-perse2.jpg\" alt=\"\"  srcset=\"https:\/\/ondauno.com.ar\/wp-content\/uploads\/2021\/10\/la-perse2.jpg 1353w, https:\/\/ondauno.com.ar\/wp-content\/uploads\/2021\/10\/la-perse2-300x43.jpg 300w, https:\/\/ondauno.com.ar\/wp-content\/uploads\/2021\/10\/la-perse2-1024x148.jpg 1024w, https:\/\/ondauno.com.ar\/wp-content\/uploads\/2021\/10\/la-perse2-768x111.jpg 768w, https:\/\/ondauno.com.ar\/wp-content\/uploads\/2021\/10\/la-perse2-696x100.jpg 696w, https:\/\/ondauno.com.ar\/wp-content\/uploads\/2021\/10\/la-perse2-1068x154.jpg 1068w\" sizes=\"(max-width: 1353px) 100vw, 1353px\" class=\"no-lazyload\" width=\"1353\" height=\"195\"  style=\"display: inline-block;\" \/><\/a><\/div>\n<p class=\"has-small-font-size\"><strong><em>N\u00e9stor Castro habl\u00f3 en Cosas que pasan<\/em><\/strong><\/p>\n\n\n\n<p>N\u00e9stor Castro, director de la Escuela Secundaria N\u00b0 10 de Claromec\u00f3, conto en Cosas que Pasan c\u00f3mo reaccion\u00f3 la instituci\u00f3n ante la reciente situaci\u00f3n de ciberbullying sufrida por una alumna del colegio. Despu\u00e9s de repudiar p\u00fablicamente en las redes sociales el incidente, se aplic\u00f3 un protocolo que incluye la intervenci\u00f3n inmediata del Consejo Institucional de Convivencia.<\/p>\n\n\n\n<p>Castro explic\u00f3 que la escuela trabaja constantemente en la concientizaci\u00f3n sobre el buen uso de dispositivos m\u00f3viles y redes sociales. &#8220;El Consejo Institucional de Convivencia, compuesto por directivos, docentes y alumnos, es el encargado de evaluar las sanciones y las medidas reparadoras&#8221;, coment\u00f3 el director.<\/p>\n\n\n\n<p>Los estudiantes involucrados en el incidente aceptaron las sanciones, incluyendo la realizaci\u00f3n de un descargo en redes sociales.<\/p>\n\n\n\n<figure class=\"wp-block-embed is-type-rich is-provider-gestor-del-servicio wp-block-embed-gestor-del-servicio wp-embed-aspect-16-9 wp-has-aspect-ratio\"><div class=\"wp-block-embed__wrapper\">\n<div class=\"youtube-embed\" data-video_id=\"7PxeEW5i3H0\"><iframe loading=\"lazy\" title=\"Onda Uno 103.9 en vivo\" width=\"696\" height=\"392\" data-src=\"https:\/\/www.youtube.com\/embed\/7PxeEW5i3H0?feature=oembed&#038;enablejsapi=1\" frameborder=\"0\" allow=\"accelerometer; autoplay; clipboard-write; encrypted-media; gyroscope; picture-in-picture; web-share\" referrerpolicy=\"strict-origin-when-cross-origin\" allowfullscreen src=\"data:image\/gif;base64,R0lGODlhAQABAAAAACH5BAEKAAEALAAAAAABAAEAAAICTAEAOw==\" class=\"lazyload\" data-load-mode=\"1\"><\/iframe><\/div>\n<\/div><\/figure>\n","protected":false},"excerpt":{"rendered":"<p>N\u00e9stor Castro habl\u00f3 en Cosas que pasan N\u00e9stor Castro, director de la Escuela Secundaria N\u00b0 10 de Claromec\u00f3, conto en Cosas que Pasan c\u00f3mo reaccion\u00f3 la instituci\u00f3n ante la reciente situaci\u00f3n de ciberbullying sufrida por una alumna del colegio. Despu\u00e9s de repudiar p\u00fablicamente en las redes sociales el incidente, se aplic\u00f3 un protocolo que incluye [&hellip;]<\/p>\n","protected":false},"author":1,"featured_media":49350,"comment_status":"open","ping_status":"open","sticky":false,"template":"","format":"standard","meta":{"tdm_status":"","tdm_grid_status":"","_jetpack_memberships_contains_paid_content":false,"footnotes":"","jetpack_publicize_message":"","jetpack_publicize_feature_enabled":true,"jetpack_social_post_already_shared":false,"jetpack_social_options":{"image_generator_settings":{"template":"highway","default_image_id":0,"font":"","enabled":false},"version":2}},"categories":[26],"tags":[],"class_list":{"0":"post-49349","1":"post","2":"type-post","3":"status-publish","4":"format-standard","5":"has-post-thumbnail","7":"category-destacada"},"yoast_head":"<!-- This site is optimized with the Yoast SEO plugin v22.7 - https:\/\/yoast.com\/wordpress\/plugins\/seo\/ -->\n<title>Ciberbullying: qu\u00e9 protocolo activ\u00f3 la Secundaria N\u00b010 en Claromec\u00f3 - 103.9 fm<\/title>\n<meta name=\"robots\" content=\"index, follow, max-snippet:-1, max-image-preview:large, max-video-preview:-1\" \/>\n<link rel=\"canonical\" href=\"https:\/\/ondauno.com.ar\/index.php\/2024\/08\/13\/ciberbullying-que-protocolo-activo-la-secundaria-n10-en-claromeco\/\" \/>\n<meta property=\"og:locale\" content=\"es_ES\" \/>\n<meta property=\"og:type\" content=\"article\" \/>\n<meta property=\"og:title\" content=\"Ciberbullying: qu\u00e9 protocolo activ\u00f3 la Secundaria N\u00b010 en Claromec\u00f3 - 103.9 fm\" \/>\n<meta property=\"og:description\" content=\"N\u00e9stor Castro habl\u00f3 en Cosas que pasan N\u00e9stor Castro, director de la Escuela Secundaria N\u00b0 10 de Claromec\u00f3, conto en Cosas que Pasan c\u00f3mo reaccion\u00f3 la instituci\u00f3n ante la reciente situaci\u00f3n de ciberbullying sufrida por una alumna del colegio. Despu\u00e9s de repudiar p\u00fablicamente en las redes sociales el incidente, se aplic\u00f3 un protocolo que incluye [&hellip;]\" \/>\n<meta property=\"og:url\" content=\"https:\/\/ondauno.com.ar\/index.php\/2024\/08\/13\/ciberbullying-que-protocolo-activo-la-secundaria-n10-en-claromeco\/\" \/>\n<meta property=\"og:site_name\" content=\"103.9 fm\" \/>\n<meta property=\"article:publisher\" content=\"https:\/\/www.facebook.com\/ondauno103.9\" \/>\n<meta property=\"article:published_time\" content=\"2024-08-13T03:03:34+00:00\" \/>\n<meta property=\"article:modified_time\" content=\"2024-08-13T03:03:37+00:00\" \/>\n<meta property=\"og:image\" content=\"http:\/\/ondauno.com.ar\/wp-content\/uploads\/2024\/08\/WhatsApp-Image-2024-08-12-at-22.28.40.jpeg\" \/>\n\t<meta property=\"og:image:width\" content=\"1200\" \/>\n\t<meta property=\"og:image:height\" content=\"1600\" \/>\n\t<meta property=\"og:image:type\" content=\"image\/jpeg\" \/>\n<meta name=\"author\" content=\"OndaUno\" \/>\n<meta name=\"twitter:card\" content=\"summary_large_image\" \/>\n<meta name=\"twitter:label1\" content=\"Escrito por\" \/>\n\t<meta name=\"twitter:data1\" content=\"OndaUno\" \/>\n\t<meta name=\"twitter:label2\" content=\"Tiempo de lectura\" \/>\n\t<meta name=\"twitter:data2\" content=\"1 minuto\" \/>\n<script type=\"application\/ld+json\" class=\"yoast-schema-graph\">{\"@context\":\"https:\/\/schema.org\",\"@graph\":[{\"@type\":\"WebPage\",\"@id\":\"https:\/\/ondauno.com.ar\/index.php\/2024\/08\/13\/ciberbullying-que-protocolo-activo-la-secundaria-n10-en-claromeco\/\",\"url\":\"https:\/\/ondauno.com.ar\/index.php\/2024\/08\/13\/ciberbullying-que-protocolo-activo-la-secundaria-n10-en-claromeco\/\",\"name\":\"Ciberbullying: qu\u00e9 protocolo activ\u00f3 la Secundaria N\u00b010 en Claromec\u00f3 - 103.9 fm\",\"isPartOf\":{\"@id\":\"https:\/\/ondauno.com.ar\/#website\"},\"primaryImageOfPage\":{\"@id\":\"https:\/\/ondauno.com.ar\/index.php\/2024\/08\/13\/ciberbullying-que-protocolo-activo-la-secundaria-n10-en-claromeco\/#primaryimage\"},\"image\":{\"@id\":\"https:\/\/ondauno.com.ar\/index.php\/2024\/08\/13\/ciberbullying-que-protocolo-activo-la-secundaria-n10-en-claromeco\/#primaryimage\"},\"thumbnailUrl\":\"https:\/\/ondauno.com.ar\/wp-content\/uploads\/2024\/08\/WhatsApp-Image-2024-08-12-at-22.28.40.jpeg\",\"datePublished\":\"2024-08-13T03:03:34+00:00\",\"dateModified\":\"2024-08-13T03:03:37+00:00\",\"author\":{\"@id\":\"https:\/\/ondauno.com.ar\/#\/schema\/person\/7ec851ddeceb4133d7d7132dc645714e\"},\"breadcrumb\":{\"@id\":\"https:\/\/ondauno.com.ar\/index.php\/2024\/08\/13\/ciberbullying-que-protocolo-activo-la-secundaria-n10-en-claromeco\/#breadcrumb\"},\"inLanguage\":\"es-AR\",\"potentialAction\":[{\"@type\":\"ReadAction\",\"target\":[\"https:\/\/ondauno.com.ar\/index.php\/2024\/08\/13\/ciberbullying-que-protocolo-activo-la-secundaria-n10-en-claromeco\/\"]}]},{\"@type\":\"ImageObject\",\"inLanguage\":\"es-AR\",\"@id\":\"https:\/\/ondauno.com.ar\/index.php\/2024\/08\/13\/ciberbullying-que-protocolo-activo-la-secundaria-n10-en-claromeco\/#primaryimage\",\"url\":\"https:\/\/ondauno.com.ar\/wp-content\/uploads\/2024\/08\/WhatsApp-Image-2024-08-12-at-22.28.40.jpeg\",\"contentUrl\":\"https:\/\/ondauno.com.ar\/wp-content\/uploads\/2024\/08\/WhatsApp-Image-2024-08-12-at-22.28.40.jpeg\",\"width\":1200,\"height\":1600},{\"@type\":\"BreadcrumbList\",\"@id\":\"https:\/\/ondauno.com.ar\/index.php\/2024\/08\/13\/ciberbullying-que-protocolo-activo-la-secundaria-n10-en-claromeco\/#breadcrumb\",\"itemListElement\":[{\"@type\":\"ListItem\",\"position\":1,\"name\":\"Inicio\",\"item\":\"https:\/\/ondauno.com.ar\/\"},{\"@type\":\"ListItem\",\"position\":2,\"name\":\"Ciberbullying: qu\u00e9 protocolo activ\u00f3 la Secundaria N\u00b010 en Claromec\u00f3\"}]},{\"@type\":\"WebSite\",\"@id\":\"https:\/\/ondauno.com.ar\/#website\",\"url\":\"https:\/\/ondauno.com.ar\/\",\"name\":\"103.9 fm\",\"description\":\"LA PRIMERA RADIO MULTIMEDIA DE TRES ARROYOS\",\"potentialAction\":[{\"@type\":\"SearchAction\",\"target\":{\"@type\":\"EntryPoint\",\"urlTemplate\":\"https:\/\/ondauno.com.ar\/?s={search_term_string}\"},\"query-input\":\"required name=search_term_string\"}],\"inLanguage\":\"es-AR\"},{\"@type\":\"Person\",\"@id\":\"https:\/\/ondauno.com.ar\/#\/schema\/person\/7ec851ddeceb4133d7d7132dc645714e\",\"name\":\"OndaUno\",\"image\":{\"@type\":\"ImageObject\",\"inLanguage\":\"es-AR\",\"@id\":\"https:\/\/ondauno.com.ar\/#\/schema\/person\/image\/\",\"url\":\"https:\/\/secure.gravatar.com\/avatar\/93b8009f0de7021f1feb2bd5b32fb9e8?s=96&d=mm&r=g\",\"contentUrl\":\"https:\/\/secure.gravatar.com\/avatar\/93b8009f0de7021f1feb2bd5b32fb9e8?s=96&d=mm&r=g\",\"caption\":\"OndaUno\"},\"url\":\"https:\/\/ondauno.com.ar\/index.php\/author\/ondauno\/\"}]}<\/script>\n<!-- \/ Yoast SEO plugin. -->","yoast_head_json":{"title":"Ciberbullying: qu\u00e9 protocolo activ\u00f3 la Secundaria N\u00b010 en Claromec\u00f3 - 103.9 fm","robots":{"index":"index","follow":"follow","max-snippet":"max-snippet:-1","max-image-preview":"max-image-preview:large","max-video-preview":"max-video-preview:-1"},"canonical":"https:\/\/ondauno.com.ar\/index.php\/2024\/08\/13\/ciberbullying-que-protocolo-activo-la-secundaria-n10-en-claromeco\/","og_locale":"es_ES","og_type":"article","og_title":"Ciberbullying: qu\u00e9 protocolo activ\u00f3 la Secundaria N\u00b010 en Claromec\u00f3 - 103.9 fm","og_description":"N\u00e9stor Castro habl\u00f3 en Cosas que pasan N\u00e9stor Castro, director de la Escuela Secundaria N\u00b0 10 de Claromec\u00f3, conto en Cosas que Pasan c\u00f3mo reaccion\u00f3 la instituci\u00f3n ante la reciente situaci\u00f3n de ciberbullying sufrida por una alumna del colegio. Despu\u00e9s de repudiar p\u00fablicamente en las redes sociales el incidente, se aplic\u00f3 un protocolo que incluye [&hellip;]","og_url":"https:\/\/ondauno.com.ar\/index.php\/2024\/08\/13\/ciberbullying-que-protocolo-activo-la-secundaria-n10-en-claromeco\/","og_site_name":"103.9 fm","article_publisher":"https:\/\/www.facebook.com\/ondauno103.9","article_published_time":"2024-08-13T03:03:34+00:00","article_modified_time":"2024-08-13T03:03:37+00:00","og_image":[{"width":1200,"height":1600,"url":"http:\/\/ondauno.com.ar\/wp-content\/uploads\/2024\/08\/WhatsApp-Image-2024-08-12-at-22.28.40.jpeg","type":"image\/jpeg"}],"author":"OndaUno","twitter_card":"summary_large_image","twitter_misc":{"Escrito por":"OndaUno","Tiempo de lectura":"1 minuto"},"schema":{"@context":"https:\/\/schema.org","@graph":[{"@type":"WebPage","@id":"https:\/\/ondauno.com.ar\/index.php\/2024\/08\/13\/ciberbullying-que-protocolo-activo-la-secundaria-n10-en-claromeco\/","url":"https:\/\/ondauno.com.ar\/index.php\/2024\/08\/13\/ciberbullying-que-protocolo-activo-la-secundaria-n10-en-claromeco\/","name":"Ciberbullying: qu\u00e9 protocolo activ\u00f3 la Secundaria N\u00b010 en Claromec\u00f3 - 103.9 fm","isPartOf":{"@id":"https:\/\/ondauno.com.ar\/#website"},"primaryImageOfPage":{"@id":"https:\/\/ondauno.com.ar\/index.php\/2024\/08\/13\/ciberbullying-que-protocolo-activo-la-secundaria-n10-en-claromeco\/#primaryimage"},"image":{"@id":"https:\/\/ondauno.com.ar\/index.php\/2024\/08\/13\/ciberbullying-que-protocolo-activo-la-secundaria-n10-en-claromeco\/#primaryimage"},"thumbnailUrl":"https:\/\/ondauno.com.ar\/wp-content\/uploads\/2024\/08\/WhatsApp-Image-2024-08-12-at-22.28.40.jpeg","datePublished":"2024-08-13T03:03:34+00:00","dateModified":"2024-08-13T03:03:37+00:00","author":{"@id":"https:\/\/ondauno.com.ar\/#\/schema\/person\/7ec851ddeceb4133d7d7132dc645714e"},"breadcrumb":{"@id":"https:\/\/ondauno.com.ar\/index.php\/2024\/08\/13\/ciberbullying-que-protocolo-activo-la-secundaria-n10-en-claromeco\/#breadcrumb"},"inLanguage":"es-AR","potentialAction":[{"@type":"ReadAction","target":["https:\/\/ondauno.com.ar\/index.php\/2024\/08\/13\/ciberbullying-que-protocolo-activo-la-secundaria-n10-en-claromeco\/"]}]},{"@type":"ImageObject","inLanguage":"es-AR","@id":"https:\/\/ondauno.com.ar\/index.php\/2024\/08\/13\/ciberbullying-que-protocolo-activo-la-secundaria-n10-en-claromeco\/#primaryimage","url":"https:\/\/ondauno.com.ar\/wp-content\/uploads\/2024\/08\/WhatsApp-Image-2024-08-12-at-22.28.40.jpeg","contentUrl":"https:\/\/ondauno.com.ar\/wp-content\/uploads\/2024\/08\/WhatsApp-Image-2024-08-12-at-22.28.40.jpeg","width":1200,"height":1600},{"@type":"BreadcrumbList","@id":"https:\/\/ondauno.com.ar\/index.php\/2024\/08\/13\/ciberbullying-que-protocolo-activo-la-secundaria-n10-en-claromeco\/#breadcrumb","itemListElement":[{"@type":"ListItem","position":1,"name":"Inicio","item":"https:\/\/ondauno.com.ar\/"},{"@type":"ListItem","position":2,"name":"Ciberbullying: qu\u00e9 protocolo activ\u00f3 la Secundaria N\u00b010 en Claromec\u00f3"}]},{"@type":"WebSite","@id":"https:\/\/ondauno.com.ar\/#website","url":"https:\/\/ondauno.com.ar\/","name":"103.9 fm","description":"LA PRIMERA RADIO MULTIMEDIA DE TRES ARROYOS","potentialAction":[{"@type":"SearchAction","target":{"@type":"EntryPoint","urlTemplate":"https:\/\/ondauno.com.ar\/?s={search_term_string}"},"query-input":"required name=search_term_string"}],"inLanguage":"es-AR"},{"@type":"Person","@id":"https:\/\/ondauno.com.ar\/#\/schema\/person\/7ec851ddeceb4133d7d7132dc645714e","name":"OndaUno","image":{"@type":"ImageObject","inLanguage":"es-AR","@id":"https:\/\/ondauno.com.ar\/#\/schema\/person\/image\/","url":"https:\/\/secure.gravatar.com\/avatar\/93b8009f0de7021f1feb2bd5b32fb9e8?s=96&d=mm&r=g","contentUrl":"https:\/\/secure.gravatar.com\/avatar\/93b8009f0de7021f1feb2bd5b32fb9e8?s=96&d=mm&r=g","caption":"OndaUno"},"url":"https:\/\/ondauno.com.ar\/index.php\/author\/ondauno\/"}]}},"jetpack_publicize_connections":[],"jetpack_featured_media_url":"https:\/\/ondauno.com.ar\/wp-content\/uploads\/2024\/08\/WhatsApp-Image-2024-08-12-at-22.28.40.jpeg","jetpack_sharing_enabled":true,"_links":{"self":[{"href":"https:\/\/ondauno.com.ar\/index.php\/wp-json\/wp\/v2\/posts\/49349","targetHints":{"allow":["GET"]}}],"collection":[{"href":"https:\/\/ondauno.com.ar\/index.php\/wp-json\/wp\/v2\/posts"}],"about":[{"href":"https:\/\/ondauno.com.ar\/index.php\/wp-json\/wp\/v2\/types\/post"}],"author":[{"embeddable":true,"href":"https:\/\/ondauno.com.ar\/index.php\/wp-json\/wp\/v2\/users\/1"}],"replies":[{"embeddable":true,"href":"https:\/\/ondauno.com.ar\/index.php\/wp-json\/wp\/v2\/comments?post=49349"}],"version-history":[{"count":1,"href":"https:\/\/ondauno.com.ar\/index.php\/wp-json\/wp\/v2\/posts\/49349\/revisions"}],"predecessor-version":[{"id":49352,"href":"https:\/\/ondauno.com.ar\/index.php\/wp-json\/wp\/v2\/posts\/49349\/revisions\/49352"}],"wp:featuredmedia":[{"embeddable":true,"href":"https:\/\/ondauno.com.ar\/index.php\/wp-json\/wp\/v2\/media\/49350"}],"wp:attachment":[{"href":"https:\/\/ondauno.com.ar\/index.php\/wp-json\/wp\/v2\/media?parent=49349"}],"wp:term":[{"taxonomy":"category","embeddable":true,"href":"https:\/\/ondauno.com.ar\/index.php\/wp-json\/wp\/v2\/categories?post=49349"},{"taxonomy":"post_tag","embeddable":true,"href":"https:\/\/ondauno.com.ar\/index.php\/wp-json\/wp\/v2\/tags?post=49349"}],"curies":[{"name":"wp","href":"https:\/\/api.w.org\/{rel}","templated":true}]}}