{"id":49310,"date":"2024-08-09T21:21:30","date_gmt":"2024-08-10T00:21:30","guid":{"rendered":"https:\/\/ondauno.com.ar\/?p=49310"},"modified":"2024-08-09T21:29:46","modified_gmt":"2024-08-10T00:29:46","slug":"garate-inversiones-administracion-y-decisiones-politicas-en-ocho-meses-de-gestion","status":"publish","type":"post","link":"https:\/\/ondauno.com.ar\/index.php\/2024\/08\/09\/garate-inversiones-administracion-y-decisiones-politicas-en-ocho-meses-de-gestion\/","title":{"rendered":"Garate: inversiones, administraci\u00f3n y decisiones pol\u00edticas en ocho meses de gesti\u00f3n"},"content":{"rendered":"<div class=\"ondau-before-content_3\" style=\"margin-top: -30px;\" id=\"ondau-3462636030\"><a href=\"https:\/\/www.lps.com.ar\/\" aria-label=\"la-perse2\"><img loading=\"lazy\" decoding=\"async\" src=\"https:\/\/ondauno.com.ar\/wp-content\/uploads\/2021\/10\/la-perse2.jpg\" alt=\"\"  srcset=\"https:\/\/ondauno.com.ar\/wp-content\/uploads\/2021\/10\/la-perse2.jpg 1353w, https:\/\/ondauno.com.ar\/wp-content\/uploads\/2021\/10\/la-perse2-300x43.jpg 300w, https:\/\/ondauno.com.ar\/wp-content\/uploads\/2021\/10\/la-perse2-1024x148.jpg 1024w, https:\/\/ondauno.com.ar\/wp-content\/uploads\/2021\/10\/la-perse2-768x111.jpg 768w, https:\/\/ondauno.com.ar\/wp-content\/uploads\/2021\/10\/la-perse2-696x100.jpg 696w, https:\/\/ondauno.com.ar\/wp-content\/uploads\/2021\/10\/la-perse2-1068x154.jpg 1068w\" sizes=\"(max-width: 1353px) 100vw, 1353px\" class=\"no-lazyload\" width=\"1353\" height=\"195\"  style=\"display: inline-block;\" \/><\/a><\/div>\n<p>En Cosas que pasan el intendente de Tres Arroyos, Pablo Garate, ofreci\u00f3 un panorama detallado de las iniciativas y logros m\u00e1s recientes de su gesti\u00f3n, destacando en particular los avances en la ampliaci\u00f3n del servicio de gas en las localidades de Claromec\u00f3, Cascallares, Orense, San Francisco de Bellocq, y Copetonas. Esta obra financiada \u00edntegramente con recursos municipales, es un reflejo del compromiso de la administraci\u00f3n con la mejora de la calidad de vida de los vecinos.<\/p>\n\n\n\n<p>Garate explic\u00f3 que \u201clas licitaciones para Claromec\u00f3 y Cascallares ya est\u00e1n en marcha, con la apertura prevista para el 23 de agosto, y una vez adjudicadas, las obras podr\u00edan completarse en un plazo de 60 a 90 d\u00edas\u201d. Esto significa que ambas localidades contar\u00e1n con una planta de gas ampliada antes del pr\u00f3ximo invierno. Adem\u00e1s, el intendente adelant\u00f3 que \u201cla semana siguiente se realizar\u00e1n las licitaciones para Orense y San Francisco de Bellocq, y que Copetonas seguir\u00e1 en el mismo camino\u201d.<\/p>\n\n\n\n<p><br>Enfatiz\u00f3 adem\u00e1s que este proyecto responde a una necesidad hist\u00f3rica de las comunidades locales, que durante mucho tiempo han estado en una situaci\u00f3n de abandono en t\u00e9rminos de servicios p\u00fablicos. \u201cLa ampliaci\u00f3n del servicio de gas beneficiar\u00e1 a numerosos vecinos y mejorar\u00e1 significativamente la calidad de vida, especialmente en las zonas costeras durante el invierno\u201d, subray\u00f3 Garate.<\/p>\n\n\n\n<p style=\"font-size:21px\">Decisi\u00f3n pol\u00edtica y gesti\u00f3n austera<\/p>\n\n\n\n<p>Garate atribuy\u00f3 el \u00e9xito de estas iniciativas a una firme decisi\u00f3n pol\u00edtica y a una gesti\u00f3n austera y ordenada de las finanzas municipales. \u201cEl ahorro logrado en \u00e1reas como el consumo de combustible, con una reducci\u00f3n de m\u00e1s de 150.000 litros en comparaci\u00f3n con el mismo per\u00edodo del a\u00f1o anterior, ha permitido al municipio destinar recursos a obras p\u00fablicas esenciales\u201d, explic\u00f3.<\/p>\n\n\n\n<p>Adem\u00e1s, destac\u00f3 que el municipio est\u00e1 trabajando en el mejoramiento de las calles, con la reparaci\u00f3n de m\u00e1s de 200 baches en la ciudad cabecera, y en la renovaci\u00f3n de plazas y espacios p\u00fablicos. \u201cEstas inversiones, aunque se realizan en un contexto econ\u00f3mico nacional dif\u00edcil, son fundamentales para mantener un municipio en marcha y mejorar la calidad de vida de los vecinos\u201d, afirm\u00f3 Garate.<\/p>\n\n\n\n<p style=\"font-size:21px\">Servicio de Gas<\/p>\n\n\n\n<p>En cuanto al proceso de ampliaci\u00f3n del servicio de gas, Garate explic\u00f3 que el proyecto ha avanzado en etapas debido a la necesidad de que Bagsa, la empresa responsable, elabore los proyectos correspondientes. Sin embargo, destac\u00f3 que \u201cel municipio ha asumido la inversi\u00f3n necesaria para la compra de los zeppelines de gas que ser\u00e1n instalados en cada localidad, con el fin de garantizar un mayor volumen de gas y permitir que m\u00e1s vecinos se conecten a la red\u201d.<br>El intendente tambi\u00e9n mencion\u00f3 la importancia de priorizar a los residentes permanentes de las localidades para la conexi\u00f3n al servicio, sin dejar de lado a los turistas que visitan la regi\u00f3n fuera de temporada.<\/p>\n\n\n\n<p style=\"font-size:21px;margin-top:21px\">Gesti\u00f3n fiscal<\/p>\n\n\n\n<p>Garate tambi\u00e9n habl\u00f3 sobre la recaudaci\u00f3n municipal y el cumplimiento de los vecinos con el pago de las tasas, destacando que, aunque ha habido ca\u00eddas, la comunidad ha seguido apoyando en un momento econ\u00f3mico dif\u00edcil. \u201cEstamos trabajando en un acuerdo con la empresa Veraz para notificar e intimar a los grandes deudores del municipio, buscando asegurar que quienes pueden cumplir con sus obligaciones lo hagan\u201d, expres\u00f3.<br>Adem\u00e1s, destac\u00f3 que \u201cla municipalizaci\u00f3n de servicios como el barrido de calles ha permitido al municipio ahorrar millones de pesos, lo que ha sido reinvertido en mejorar otros aspectos de la ciudad\u201d.<\/p>\n\n\n\n<p style=\"font-size:21px\">Inversiones en seguridad y espacios p\u00fablicos<\/p>\n\n\n\n<p>Garate tambi\u00e9n inform\u00f3 sobre la pr\u00f3xima licitaci\u00f3n para la mejora y aplicaci\u00f3n de tecnolog\u00eda del centro de monitoreo, que incluir\u00e1 la instalaci\u00f3n de 100 nuevas c\u00e1maras con inteligencia artificial para mejorar el control de la planta urbana. Adem\u00e1s, mencion\u00f3 los avances en la construcci\u00f3n de una nueva pileta municipal, que servir\u00e1 tanto para actividades recreativas como para el desarrollo de programas educativos.<\/p>\n\n\n\n<p>Finalmente el intendente abord\u00f3 la situaci\u00f3n en torno a la creaci\u00f3n de la Secretar\u00eda de Turismo, tras el fallo del Tribunal de Cuentas que declar\u00f3 ilegal la ordenanza que pretend\u00eda su creaci\u00f3n. Garate reiter\u00f3 que \u201cnuestro gobierno prioriza la eficiencia y el uso responsable de los recursos p\u00fablicos\u201d, y que la pol\u00edtica tur\u00edstica actual, liderada por el director de turismo, \u201ces m\u00e1s que suficiente para satisfacer las necesidades de la comunidad\u201d.<\/p>\n\n\n\n<figure class=\"wp-block-embed is-type-rich is-provider-gestor-del-servicio wp-block-embed-gestor-del-servicio wp-embed-aspect-16-9 wp-has-aspect-ratio\"><div class=\"wp-block-embed__wrapper\">\n<div class=\"youtube-embed\" data-video_id=\"8ml1YOO5Me0\"><iframe loading=\"lazy\" title=\"Onda Uno 103.9 en vivo\" width=\"696\" height=\"392\" data-src=\"https:\/\/www.youtube.com\/embed\/8ml1YOO5Me0?feature=oembed&#038;enablejsapi=1\" frameborder=\"0\" allow=\"accelerometer; autoplay; clipboard-write; encrypted-media; gyroscope; picture-in-picture; web-share\" referrerpolicy=\"strict-origin-when-cross-origin\" allowfullscreen src=\"data:image\/gif;base64,R0lGODlhAQABAAAAACH5BAEKAAEALAAAAAABAAEAAAICTAEAOw==\" class=\"lazyload\" data-load-mode=\"1\"><\/iframe><\/div>\n<\/div><\/figure>\n","protected":false},"excerpt":{"rendered":"<p>En Cosas que pasan el intendente de Tres Arroyos, Pablo Garate, ofreci\u00f3 un panorama detallado de las iniciativas y logros m\u00e1s recientes de su gesti\u00f3n, destacando en particular los avances en la ampliaci\u00f3n del servicio de gas en las localidades de Claromec\u00f3, Cascallares, Orense, San Francisco de Bellocq, y Copetonas. Esta obra financiada \u00edntegramente con [&hellip;]<\/p>\n","protected":false},"author":1,"featured_media":18413,"comment_status":"open","ping_status":"open","sticky":false,"template":"","format":"standard","meta":{"tdm_status":"","tdm_grid_status":"","_jetpack_memberships_contains_paid_content":false,"footnotes":"","jetpack_publicize_message":"","jetpack_publicize_feature_enabled":true,"jetpack_social_post_already_shared":false,"jetpack_social_options":{"image_generator_settings":{"template":"highway","default_image_id":0,"font":"","enabled":false},"version":2}},"categories":[2],"tags":[],"class_list":{"0":"post-49310","1":"post","2":"type-post","3":"status-publish","4":"format-standard","5":"has-post-thumbnail","7":"category-locales"},"yoast_head":"<!-- This site is optimized with the Yoast SEO plugin v22.7 - https:\/\/yoast.com\/wordpress\/plugins\/seo\/ -->\n<title>Garate: inversiones, administraci\u00f3n y decisiones pol\u00edticas en ocho meses de gesti\u00f3n - 103.9 fm<\/title>\n<meta name=\"robots\" content=\"index, follow, max-snippet:-1, max-image-preview:large, max-video-preview:-1\" \/>\n<link rel=\"canonical\" href=\"https:\/\/ondauno.com.ar\/index.php\/2024\/08\/09\/garate-inversiones-administracion-y-decisiones-politicas-en-ocho-meses-de-gestion\/\" \/>\n<meta property=\"og:locale\" content=\"es_ES\" \/>\n<meta property=\"og:type\" content=\"article\" \/>\n<meta property=\"og:title\" content=\"Garate: inversiones, administraci\u00f3n y decisiones pol\u00edticas en ocho meses de gesti\u00f3n - 103.9 fm\" \/>\n<meta property=\"og:description\" content=\"En Cosas que pasan el intendente de Tres Arroyos, Pablo Garate, ofreci\u00f3 un panorama detallado de las iniciativas y logros m\u00e1s recientes de su gesti\u00f3n, destacando en particular los avances en la ampliaci\u00f3n del servicio de gas en las localidades de Claromec\u00f3, Cascallares, Orense, San Francisco de Bellocq, y Copetonas. Esta obra financiada \u00edntegramente con [&hellip;]\" \/>\n<meta property=\"og:url\" content=\"https:\/\/ondauno.com.ar\/index.php\/2024\/08\/09\/garate-inversiones-administracion-y-decisiones-politicas-en-ocho-meses-de-gestion\/\" \/>\n<meta property=\"og:site_name\" content=\"103.9 fm\" \/>\n<meta property=\"article:publisher\" content=\"https:\/\/www.facebook.com\/ondauno103.9\" \/>\n<meta property=\"article:published_time\" content=\"2024-08-10T00:21:30+00:00\" \/>\n<meta property=\"article:modified_time\" content=\"2024-08-10T00:29:46+00:00\" \/>\n<meta property=\"og:image\" content=\"http:\/\/ondauno.com.ar\/wp-content\/uploads\/2020\/10\/pablo-garate-1.jpg\" \/>\n\t<meta property=\"og:image:width\" content=\"512\" \/>\n\t<meta property=\"og:image:height\" content=\"288\" \/>\n\t<meta property=\"og:image:type\" content=\"image\/jpeg\" \/>\n<meta name=\"author\" content=\"OndaUno\" \/>\n<meta name=\"twitter:card\" content=\"summary_large_image\" \/>\n<meta name=\"twitter:label1\" content=\"Escrito por\" \/>\n\t<meta name=\"twitter:data1\" content=\"OndaUno\" \/>\n\t<meta name=\"twitter:label2\" content=\"Tiempo de lectura\" \/>\n\t<meta name=\"twitter:data2\" content=\"4 minutos\" \/>\n<script type=\"application\/ld+json\" class=\"yoast-schema-graph\">{\"@context\":\"https:\/\/schema.org\",\"@graph\":[{\"@type\":\"WebPage\",\"@id\":\"https:\/\/ondauno.com.ar\/index.php\/2024\/08\/09\/garate-inversiones-administracion-y-decisiones-politicas-en-ocho-meses-de-gestion\/\",\"url\":\"https:\/\/ondauno.com.ar\/index.php\/2024\/08\/09\/garate-inversiones-administracion-y-decisiones-politicas-en-ocho-meses-de-gestion\/\",\"name\":\"Garate: inversiones, administraci\u00f3n y decisiones pol\u00edticas en ocho meses de gesti\u00f3n - 103.9 fm\",\"isPartOf\":{\"@id\":\"https:\/\/ondauno.com.ar\/#website\"},\"primaryImageOfPage\":{\"@id\":\"https:\/\/ondauno.com.ar\/index.php\/2024\/08\/09\/garate-inversiones-administracion-y-decisiones-politicas-en-ocho-meses-de-gestion\/#primaryimage\"},\"image\":{\"@id\":\"https:\/\/ondauno.com.ar\/index.php\/2024\/08\/09\/garate-inversiones-administracion-y-decisiones-politicas-en-ocho-meses-de-gestion\/#primaryimage\"},\"thumbnailUrl\":\"https:\/\/ondauno.com.ar\/wp-content\/uploads\/2020\/10\/pablo-garate-1.jpg\",\"datePublished\":\"2024-08-10T00:21:30+00:00\",\"dateModified\":\"2024-08-10T00:29:46+00:00\",\"author\":{\"@id\":\"https:\/\/ondauno.com.ar\/#\/schema\/person\/7ec851ddeceb4133d7d7132dc645714e\"},\"breadcrumb\":{\"@id\":\"https:\/\/ondauno.com.ar\/index.php\/2024\/08\/09\/garate-inversiones-administracion-y-decisiones-politicas-en-ocho-meses-de-gestion\/#breadcrumb\"},\"inLanguage\":\"es-AR\",\"potentialAction\":[{\"@type\":\"ReadAction\",\"target\":[\"https:\/\/ondauno.com.ar\/index.php\/2024\/08\/09\/garate-inversiones-administracion-y-decisiones-politicas-en-ocho-meses-de-gestion\/\"]}]},{\"@type\":\"ImageObject\",\"inLanguage\":\"es-AR\",\"@id\":\"https:\/\/ondauno.com.ar\/index.php\/2024\/08\/09\/garate-inversiones-administracion-y-decisiones-politicas-en-ocho-meses-de-gestion\/#primaryimage\",\"url\":\"https:\/\/ondauno.com.ar\/wp-content\/uploads\/2020\/10\/pablo-garate-1.jpg\",\"contentUrl\":\"https:\/\/ondauno.com.ar\/wp-content\/uploads\/2020\/10\/pablo-garate-1.jpg\",\"width\":512,\"height\":288},{\"@type\":\"BreadcrumbList\",\"@id\":\"https:\/\/ondauno.com.ar\/index.php\/2024\/08\/09\/garate-inversiones-administracion-y-decisiones-politicas-en-ocho-meses-de-gestion\/#breadcrumb\",\"itemListElement\":[{\"@type\":\"ListItem\",\"position\":1,\"name\":\"Inicio\",\"item\":\"https:\/\/ondauno.com.ar\/\"},{\"@type\":\"ListItem\",\"position\":2,\"name\":\"Garate: inversiones, administraci\u00f3n y decisiones pol\u00edticas en ocho meses de gesti\u00f3n\"}]},{\"@type\":\"WebSite\",\"@id\":\"https:\/\/ondauno.com.ar\/#website\",\"url\":\"https:\/\/ondauno.com.ar\/\",\"name\":\"103.9 fm\",\"description\":\"LA PRIMERA RADIO MULTIMEDIA DE TRES ARROYOS\",\"potentialAction\":[{\"@type\":\"SearchAction\",\"target\":{\"@type\":\"EntryPoint\",\"urlTemplate\":\"https:\/\/ondauno.com.ar\/?s={search_term_string}\"},\"query-input\":\"required name=search_term_string\"}],\"inLanguage\":\"es-AR\"},{\"@type\":\"Person\",\"@id\":\"https:\/\/ondauno.com.ar\/#\/schema\/person\/7ec851ddeceb4133d7d7132dc645714e\",\"name\":\"OndaUno\",\"image\":{\"@type\":\"ImageObject\",\"inLanguage\":\"es-AR\",\"@id\":\"https:\/\/ondauno.com.ar\/#\/schema\/person\/image\/\",\"url\":\"https:\/\/secure.gravatar.com\/avatar\/93b8009f0de7021f1feb2bd5b32fb9e8?s=96&d=mm&r=g\",\"contentUrl\":\"https:\/\/secure.gravatar.com\/avatar\/93b8009f0de7021f1feb2bd5b32fb9e8?s=96&d=mm&r=g\",\"caption\":\"OndaUno\"},\"url\":\"https:\/\/ondauno.com.ar\/index.php\/author\/ondauno\/\"}]}<\/script>\n<!-- \/ Yoast SEO plugin. -->","yoast_head_json":{"title":"Garate: inversiones, administraci\u00f3n y decisiones pol\u00edticas en ocho meses de gesti\u00f3n - 103.9 fm","robots":{"index":"index","follow":"follow","max-snippet":"max-snippet:-1","max-image-preview":"max-image-preview:large","max-video-preview":"max-video-preview:-1"},"canonical":"https:\/\/ondauno.com.ar\/index.php\/2024\/08\/09\/garate-inversiones-administracion-y-decisiones-politicas-en-ocho-meses-de-gestion\/","og_locale":"es_ES","og_type":"article","og_title":"Garate: inversiones, administraci\u00f3n y decisiones pol\u00edticas en ocho meses de gesti\u00f3n - 103.9 fm","og_description":"En Cosas que pasan el intendente de Tres Arroyos, Pablo Garate, ofreci\u00f3 un panorama detallado de las iniciativas y logros m\u00e1s recientes de su gesti\u00f3n, destacando en particular los avances en la ampliaci\u00f3n del servicio de gas en las localidades de Claromec\u00f3, Cascallares, Orense, San Francisco de Bellocq, y Copetonas. Esta obra financiada \u00edntegramente con [&hellip;]","og_url":"https:\/\/ondauno.com.ar\/index.php\/2024\/08\/09\/garate-inversiones-administracion-y-decisiones-politicas-en-ocho-meses-de-gestion\/","og_site_name":"103.9 fm","article_publisher":"https:\/\/www.facebook.com\/ondauno103.9","article_published_time":"2024-08-10T00:21:30+00:00","article_modified_time":"2024-08-10T00:29:46+00:00","og_image":[{"width":512,"height":288,"url":"http:\/\/ondauno.com.ar\/wp-content\/uploads\/2020\/10\/pablo-garate-1.jpg","type":"image\/jpeg"}],"author":"OndaUno","twitter_card":"summary_large_image","twitter_misc":{"Escrito por":"OndaUno","Tiempo de lectura":"4 minutos"},"schema":{"@context":"https:\/\/schema.org","@graph":[{"@type":"WebPage","@id":"https:\/\/ondauno.com.ar\/index.php\/2024\/08\/09\/garate-inversiones-administracion-y-decisiones-politicas-en-ocho-meses-de-gestion\/","url":"https:\/\/ondauno.com.ar\/index.php\/2024\/08\/09\/garate-inversiones-administracion-y-decisiones-politicas-en-ocho-meses-de-gestion\/","name":"Garate: inversiones, administraci\u00f3n y decisiones pol\u00edticas en ocho meses de gesti\u00f3n - 103.9 fm","isPartOf":{"@id":"https:\/\/ondauno.com.ar\/#website"},"primaryImageOfPage":{"@id":"https:\/\/ondauno.com.ar\/index.php\/2024\/08\/09\/garate-inversiones-administracion-y-decisiones-politicas-en-ocho-meses-de-gestion\/#primaryimage"},"image":{"@id":"https:\/\/ondauno.com.ar\/index.php\/2024\/08\/09\/garate-inversiones-administracion-y-decisiones-politicas-en-ocho-meses-de-gestion\/#primaryimage"},"thumbnailUrl":"https:\/\/ondauno.com.ar\/wp-content\/uploads\/2020\/10\/pablo-garate-1.jpg","datePublished":"2024-08-10T00:21:30+00:00","dateModified":"2024-08-10T00:29:46+00:00","author":{"@id":"https:\/\/ondauno.com.ar\/#\/schema\/person\/7ec851ddeceb4133d7d7132dc645714e"},"breadcrumb":{"@id":"https:\/\/ondauno.com.ar\/index.php\/2024\/08\/09\/garate-inversiones-administracion-y-decisiones-politicas-en-ocho-meses-de-gestion\/#breadcrumb"},"inLanguage":"es-AR","potentialAction":[{"@type":"ReadAction","target":["https:\/\/ondauno.com.ar\/index.php\/2024\/08\/09\/garate-inversiones-administracion-y-decisiones-politicas-en-ocho-meses-de-gestion\/"]}]},{"@type":"ImageObject","inLanguage":"es-AR","@id":"https:\/\/ondauno.com.ar\/index.php\/2024\/08\/09\/garate-inversiones-administracion-y-decisiones-politicas-en-ocho-meses-de-gestion\/#primaryimage","url":"https:\/\/ondauno.com.ar\/wp-content\/uploads\/2020\/10\/pablo-garate-1.jpg","contentUrl":"https:\/\/ondauno.com.ar\/wp-content\/uploads\/2020\/10\/pablo-garate-1.jpg","width":512,"height":288},{"@type":"BreadcrumbList","@id":"https:\/\/ondauno.com.ar\/index.php\/2024\/08\/09\/garate-inversiones-administracion-y-decisiones-politicas-en-ocho-meses-de-gestion\/#breadcrumb","itemListElement":[{"@type":"ListItem","position":1,"name":"Inicio","item":"https:\/\/ondauno.com.ar\/"},{"@type":"ListItem","position":2,"name":"Garate: inversiones, administraci\u00f3n y decisiones pol\u00edticas en ocho meses de gesti\u00f3n"}]},{"@type":"WebSite","@id":"https:\/\/ondauno.com.ar\/#website","url":"https:\/\/ondauno.com.ar\/","name":"103.9 fm","description":"LA PRIMERA RADIO MULTIMEDIA DE TRES ARROYOS","potentialAction":[{"@type":"SearchAction","target":{"@type":"EntryPoint","urlTemplate":"https:\/\/ondauno.com.ar\/?s={search_term_string}"},"query-input":"required name=search_term_string"}],"inLanguage":"es-AR"},{"@type":"Person","@id":"https:\/\/ondauno.com.ar\/#\/schema\/person\/7ec851ddeceb4133d7d7132dc645714e","name":"OndaUno","image":{"@type":"ImageObject","inLanguage":"es-AR","@id":"https:\/\/ondauno.com.ar\/#\/schema\/person\/image\/","url":"https:\/\/secure.gravatar.com\/avatar\/93b8009f0de7021f1feb2bd5b32fb9e8?s=96&d=mm&r=g","contentUrl":"https:\/\/secure.gravatar.com\/avatar\/93b8009f0de7021f1feb2bd5b32fb9e8?s=96&d=mm&r=g","caption":"OndaUno"},"url":"https:\/\/ondauno.com.ar\/index.php\/author\/ondauno\/"}]}},"jetpack_publicize_connections":[],"jetpack_featured_media_url":"https:\/\/ondauno.com.ar\/wp-content\/uploads\/2020\/10\/pablo-garate-1.jpg","jetpack_sharing_enabled":true,"_links":{"self":[{"href":"https:\/\/ondauno.com.ar\/index.php\/wp-json\/wp\/v2\/posts\/49310","targetHints":{"allow":["GET"]}}],"collection":[{"href":"https:\/\/ondauno.com.ar\/index.php\/wp-json\/wp\/v2\/posts"}],"about":[{"href":"https:\/\/ondauno.com.ar\/index.php\/wp-json\/wp\/v2\/types\/post"}],"author":[{"embeddable":true,"href":"https:\/\/ondauno.com.ar\/index.php\/wp-json\/wp\/v2\/users\/1"}],"replies":[{"embeddable":true,"href":"https:\/\/ondauno.com.ar\/index.php\/wp-json\/wp\/v2\/comments?post=49310"}],"version-history":[{"count":1,"href":"https:\/\/ondauno.com.ar\/index.php\/wp-json\/wp\/v2\/posts\/49310\/revisions"}],"predecessor-version":[{"id":49312,"href":"https:\/\/ondauno.com.ar\/index.php\/wp-json\/wp\/v2\/posts\/49310\/revisions\/49312"}],"wp:featuredmedia":[{"embeddable":true,"href":"https:\/\/ondauno.com.ar\/index.php\/wp-json\/wp\/v2\/media\/18413"}],"wp:attachment":[{"href":"https:\/\/ondauno.com.ar\/index.php\/wp-json\/wp\/v2\/media?parent=49310"}],"wp:term":[{"taxonomy":"category","embeddable":true,"href":"https:\/\/ondauno.com.ar\/index.php\/wp-json\/wp\/v2\/categories?post=49310"},{"taxonomy":"post_tag","embeddable":true,"href":"https:\/\/ondauno.com.ar\/index.php\/wp-json\/wp\/v2\/tags?post=49310"}],"curies":[{"name":"wp","href":"https:\/\/api.w.org\/{rel}","templated":true}]}}