{"id":49301,"date":"2024-08-09T21:16:10","date_gmt":"2024-08-10T00:16:10","guid":{"rendered":"https:\/\/ondauno.com.ar\/?p=49301"},"modified":"2024-08-09T21:16:13","modified_gmt":"2024-08-10T00:16:13","slug":"en-reta-los-fines-de-semana-se-disfrutan-desde-la-pausa","status":"publish","type":"post","link":"https:\/\/ondauno.com.ar\/index.php\/2024\/08\/09\/en-reta-los-fines-de-semana-se-disfrutan-desde-la-pausa\/","title":{"rendered":"En Reta los fines de semana se disfrutan desde La Pausa"},"content":{"rendered":"<div class=\"ondau-before-content_3\" style=\"margin-top: -30px;\" id=\"ondau-3707416260\"><a href=\"https:\/\/www.lps.com.ar\/\" aria-label=\"la-perse2\"><img loading=\"lazy\" decoding=\"async\" src=\"https:\/\/ondauno.com.ar\/wp-content\/uploads\/2021\/10\/la-perse2.jpg\" alt=\"\"  srcset=\"https:\/\/ondauno.com.ar\/wp-content\/uploads\/2021\/10\/la-perse2.jpg 1353w, https:\/\/ondauno.com.ar\/wp-content\/uploads\/2021\/10\/la-perse2-300x43.jpg 300w, https:\/\/ondauno.com.ar\/wp-content\/uploads\/2021\/10\/la-perse2-1024x148.jpg 1024w, https:\/\/ondauno.com.ar\/wp-content\/uploads\/2021\/10\/la-perse2-768x111.jpg 768w, https:\/\/ondauno.com.ar\/wp-content\/uploads\/2021\/10\/la-perse2-696x100.jpg 696w, https:\/\/ondauno.com.ar\/wp-content\/uploads\/2021\/10\/la-perse2-1068x154.jpg 1068w\" sizes=\"(max-width: 1353px) 100vw, 1353px\" class=\"no-lazyload\" width=\"1353\" height=\"195\"  style=\"display: inline-block;\" \/><\/a><\/div>\n<p>El Parador de mar La Pausa en Reta ofrece una experiencia \u00fanica de gastronom\u00eda y relax, con una vista inigualable del Atl\u00e1ntico, y puede formar parte del programa de quienes disfrutan de los fine de semana.<\/p>\n\n\n\n<p>Emmanuel Monforte, responsable de la concesi\u00f3n, cont\u00f3 en Cosas que pasan cu\u00e1les son las propuestas para este s\u00e1bado y domingo. &#8220;Ya estamos preparando todo para ma\u00f1ana, desde temprano comenzamos a organizar el pollo al disco para que est\u00e9 listo al mediod\u00eda. Estamos en plena tarea de mantenimiento para que el parador est\u00e9 en las mejores condiciones posibles&#8221;, comenta Monfort.<\/p>\n\n\n\n<figure class=\"wp-block-image size-large\"><img loading=\"lazy\" decoding=\"async\" width=\"1024\" height=\"461\" data-src=\"https:\/\/ondauno.com.ar\/wp-content\/uploads\/2024\/08\/WhatsApp-Image-2024-08-09-at-20.54.41-1024x461.jpeg\" alt=\"\" class=\"wp-image-49303 lazyload\" data-srcset=\"https:\/\/ondauno.com.ar\/wp-content\/uploads\/2024\/08\/WhatsApp-Image-2024-08-09-at-20.54.41-1024x461.jpeg 1024w, https:\/\/ondauno.com.ar\/wp-content\/uploads\/2024\/08\/WhatsApp-Image-2024-08-09-at-20.54.41-300x135.jpeg 300w, https:\/\/ondauno.com.ar\/wp-content\/uploads\/2024\/08\/WhatsApp-Image-2024-08-09-at-20.54.41-768x346.jpeg 768w, https:\/\/ondauno.com.ar\/wp-content\/uploads\/2024\/08\/WhatsApp-Image-2024-08-09-at-20.54.41-933x420.jpeg 933w, https:\/\/ondauno.com.ar\/wp-content\/uploads\/2024\/08\/WhatsApp-Image-2024-08-09-at-20.54.41-696x313.jpeg 696w, https:\/\/ondauno.com.ar\/wp-content\/uploads\/2024\/08\/WhatsApp-Image-2024-08-09-at-20.54.41-1068x481.jpeg 1068w, https:\/\/ondauno.com.ar\/wp-content\/uploads\/2024\/08\/WhatsApp-Image-2024-08-09-at-20.54.41.jpeg 1280w\" data-sizes=\"auto, (max-width: 1024px) 100vw, 1024px\" src=\"data:image\/gif;base64,R0lGODlhAQABAAAAACH5BAEKAAEALAAAAAABAAEAAAICTAEAOw==\" style=\"--smush-placeholder-width: 1024px; --smush-placeholder-aspect-ratio: 1024\/461;\" \/><noscript><img loading=\"lazy\" decoding=\"async\" width=\"1024\" height=\"461\" src=\"https:\/\/ondauno.com.ar\/wp-content\/uploads\/2024\/08\/WhatsApp-Image-2024-08-09-at-20.54.41-1024x461.jpeg\" alt=\"\" class=\"wp-image-49303\" srcset=\"https:\/\/ondauno.com.ar\/wp-content\/uploads\/2024\/08\/WhatsApp-Image-2024-08-09-at-20.54.41-1024x461.jpeg 1024w, https:\/\/ondauno.com.ar\/wp-content\/uploads\/2024\/08\/WhatsApp-Image-2024-08-09-at-20.54.41-300x135.jpeg 300w, https:\/\/ondauno.com.ar\/wp-content\/uploads\/2024\/08\/WhatsApp-Image-2024-08-09-at-20.54.41-768x346.jpeg 768w, https:\/\/ondauno.com.ar\/wp-content\/uploads\/2024\/08\/WhatsApp-Image-2024-08-09-at-20.54.41-933x420.jpeg 933w, https:\/\/ondauno.com.ar\/wp-content\/uploads\/2024\/08\/WhatsApp-Image-2024-08-09-at-20.54.41-696x313.jpeg 696w, https:\/\/ondauno.com.ar\/wp-content\/uploads\/2024\/08\/WhatsApp-Image-2024-08-09-at-20.54.41-1068x481.jpeg 1068w, https:\/\/ondauno.com.ar\/wp-content\/uploads\/2024\/08\/WhatsApp-Image-2024-08-09-at-20.54.41.jpeg 1280w\" sizes=\"auto, (max-width: 1024px) 100vw, 1024px\" \/><\/noscript><\/figure>\n\n\n\n<p>El Parador La Pausa no solo se destaca por su dedicaci\u00f3n en la limpieza y el cuidado del lugar, sino tambi\u00e9n por su atenci\u00f3n al detalle y la c\u00e1lida recepci\u00f3n a los visitantes. &#8220;Tomamos la visita al parador como recibir a alguien en casa; queremos que encuentren un lugar c\u00e1lido, ameno y con una excelente atenci\u00f3n. Recibimos muchos comentarios positivos en redes sociales, y eso nos reconforta much\u00edsimo&#8221;, agrega.<\/p>\n\n\n\n<p>El parador abre todos los s\u00e1bados y domingos desde las 10, comenzando con desayunos, seguido de almuerzos, y cerrando con meriendas. &#8220;Aunque el horario oficial es hasta las 6 de la tarde, si hay gente, nos quedamos sin problema. Lo importante es que la gente se sienta c\u00f3moda y bien atendida&#8221;, se\u00f1al\u00f3 Monforte.<\/p>\n\n\n\n<p>La ubicaci\u00f3n del parador es privilegiada, ofreciendo una vista espectacular desde la altura del m\u00e9dano. &#8220;Estamos en la calle principal de Reta, y desde nuestro deck se puede disfrutar de una vista que integra la playa, la arena, el mar y el cielo. Es un lugar \u00fanico&#8221;, describi\u00f3.<\/p>\n\n\n\n<p>Adem\u00e1s de la comida, el parador es un punto de encuentro para residentes y visitantes que buscan un espacio tranquilo para disfrutar del mar en cualquier \u00e9poca del a\u00f1o. &#8220;Algunos nos dicen que nunca antes hab\u00edan tenido un lugar as\u00ed durante el a\u00f1o para tomar un caf\u00e9 mirando el mar. Para muchos es una experiencia que queda guardada en la memoria&#8221;, confi\u00f3.<\/p>\n\n\n\n<p>Para quienes a\u00fan no conocen Reta, el Parador La Pausa se ha convertido en una excusa perfecta para descubrir esta localidad costera. &#8220;Estamos muy contentos de que cada vez m\u00e1s gente venga a conocer Reta a trav\u00e9s de nuestro parador&#8221;, concluy\u00f3 Monforte.<\/p>\n\n\n\n<p>Podes seguir al Parador La Pausa en sus redes sociales, donde comparten videos y fotos que capturan la esencia del lugar, invitando a todos a vivir esta experiencia \u00fanica.<\/p>\n\n\n\n<figure class=\"wp-block-embed is-type-rich is-provider-gestor-del-servicio wp-block-embed-gestor-del-servicio wp-embed-aspect-16-9 wp-has-aspect-ratio\"><div class=\"wp-block-embed__wrapper\">\n<div class=\"youtube-embed\" data-video_id=\"X_t0rpQGbIw\"><iframe loading=\"lazy\" title=\"Onda Uno 103.9 en vivo\" width=\"696\" height=\"392\" data-src=\"https:\/\/www.youtube.com\/embed\/X_t0rpQGbIw?feature=oembed&#038;enablejsapi=1\" frameborder=\"0\" allow=\"accelerometer; autoplay; clipboard-write; encrypted-media; gyroscope; picture-in-picture; web-share\" referrerpolicy=\"strict-origin-when-cross-origin\" allowfullscreen src=\"data:image\/gif;base64,R0lGODlhAQABAAAAACH5BAEKAAEALAAAAAABAAEAAAICTAEAOw==\" class=\"lazyload\" data-load-mode=\"1\"><\/iframe><\/div>\n<\/div><\/figure>\n","protected":false},"excerpt":{"rendered":"<p>El Parador de mar La Pausa en Reta ofrece una experiencia \u00fanica de gastronom\u00eda y relax, con una vista inigualable del Atl\u00e1ntico, y puede formar parte del programa de quienes disfrutan de los fine de semana. Emmanuel Monforte, responsable de la concesi\u00f3n, cont\u00f3 en Cosas que pasan cu\u00e1les son las propuestas para este s\u00e1bado y [&hellip;]<\/p>\n","protected":false},"author":1,"featured_media":49302,"comment_status":"open","ping_status":"open","sticky":false,"template":"","format":"standard","meta":{"tdm_status":"","tdm_grid_status":"","_jetpack_memberships_contains_paid_content":false,"footnotes":"","jetpack_publicize_message":"","jetpack_publicize_feature_enabled":true,"jetpack_social_post_already_shared":false,"jetpack_social_options":{"image_generator_settings":{"template":"highway","default_image_id":0,"font":"","enabled":false},"version":2}},"categories":[28],"tags":[],"class_list":{"0":"post-49301","1":"post","2":"type-post","3":"status-publish","4":"format-standard","5":"has-post-thumbnail","7":"category-interes-general"},"yoast_head":"<!-- This site is optimized with the Yoast SEO plugin v22.7 - https:\/\/yoast.com\/wordpress\/plugins\/seo\/ -->\n<title>En Reta los fines de semana se disfrutan desde La Pausa - 103.9 fm<\/title>\n<meta name=\"robots\" content=\"index, follow, max-snippet:-1, max-image-preview:large, max-video-preview:-1\" \/>\n<link rel=\"canonical\" href=\"https:\/\/ondauno.com.ar\/index.php\/2024\/08\/09\/en-reta-los-fines-de-semana-se-disfrutan-desde-la-pausa\/\" \/>\n<meta property=\"og:locale\" content=\"es_ES\" \/>\n<meta property=\"og:type\" content=\"article\" \/>\n<meta property=\"og:title\" content=\"En Reta los fines de semana se disfrutan desde La Pausa - 103.9 fm\" \/>\n<meta property=\"og:description\" content=\"El Parador de mar La Pausa en Reta ofrece una experiencia \u00fanica de gastronom\u00eda y relax, con una vista inigualable del Atl\u00e1ntico, y puede formar parte del programa de quienes disfrutan de los fine de semana. Emmanuel Monforte, responsable de la concesi\u00f3n, cont\u00f3 en Cosas que pasan cu\u00e1les son las propuestas para este s\u00e1bado y [&hellip;]\" \/>\n<meta property=\"og:url\" content=\"https:\/\/ondauno.com.ar\/index.php\/2024\/08\/09\/en-reta-los-fines-de-semana-se-disfrutan-desde-la-pausa\/\" \/>\n<meta property=\"og:site_name\" content=\"103.9 fm\" \/>\n<meta property=\"article:publisher\" content=\"https:\/\/www.facebook.com\/ondauno103.9\" \/>\n<meta property=\"article:published_time\" content=\"2024-08-10T00:16:10+00:00\" \/>\n<meta property=\"article:modified_time\" content=\"2024-08-10T00:16:13+00:00\" \/>\n<meta property=\"og:image\" content=\"http:\/\/ondauno.com.ar\/wp-content\/uploads\/2024\/08\/WhatsApp-Image-2024-08-09-at-20.54.42.jpeg\" \/>\n\t<meta property=\"og:image:width\" content=\"1280\" \/>\n\t<meta property=\"og:image:height\" content=\"853\" \/>\n\t<meta property=\"og:image:type\" content=\"image\/jpeg\" \/>\n<meta name=\"author\" content=\"OndaUno\" \/>\n<meta name=\"twitter:card\" content=\"summary_large_image\" \/>\n<meta name=\"twitter:label1\" content=\"Escrito por\" \/>\n\t<meta name=\"twitter:data1\" content=\"OndaUno\" \/>\n\t<meta name=\"twitter:label2\" content=\"Tiempo de lectura\" \/>\n\t<meta name=\"twitter:data2\" content=\"3 minutos\" \/>\n<script type=\"application\/ld+json\" class=\"yoast-schema-graph\">{\"@context\":\"https:\/\/schema.org\",\"@graph\":[{\"@type\":\"WebPage\",\"@id\":\"https:\/\/ondauno.com.ar\/index.php\/2024\/08\/09\/en-reta-los-fines-de-semana-se-disfrutan-desde-la-pausa\/\",\"url\":\"https:\/\/ondauno.com.ar\/index.php\/2024\/08\/09\/en-reta-los-fines-de-semana-se-disfrutan-desde-la-pausa\/\",\"name\":\"En Reta los fines de semana se disfrutan desde La Pausa - 103.9 fm\",\"isPartOf\":{\"@id\":\"https:\/\/ondauno.com.ar\/#website\"},\"primaryImageOfPage\":{\"@id\":\"https:\/\/ondauno.com.ar\/index.php\/2024\/08\/09\/en-reta-los-fines-de-semana-se-disfrutan-desde-la-pausa\/#primaryimage\"},\"image\":{\"@id\":\"https:\/\/ondauno.com.ar\/index.php\/2024\/08\/09\/en-reta-los-fines-de-semana-se-disfrutan-desde-la-pausa\/#primaryimage\"},\"thumbnailUrl\":\"https:\/\/ondauno.com.ar\/wp-content\/uploads\/2024\/08\/WhatsApp-Image-2024-08-09-at-20.54.42.jpeg\",\"datePublished\":\"2024-08-10T00:16:10+00:00\",\"dateModified\":\"2024-08-10T00:16:13+00:00\",\"author\":{\"@id\":\"https:\/\/ondauno.com.ar\/#\/schema\/person\/7ec851ddeceb4133d7d7132dc645714e\"},\"breadcrumb\":{\"@id\":\"https:\/\/ondauno.com.ar\/index.php\/2024\/08\/09\/en-reta-los-fines-de-semana-se-disfrutan-desde-la-pausa\/#breadcrumb\"},\"inLanguage\":\"es-AR\",\"potentialAction\":[{\"@type\":\"ReadAction\",\"target\":[\"https:\/\/ondauno.com.ar\/index.php\/2024\/08\/09\/en-reta-los-fines-de-semana-se-disfrutan-desde-la-pausa\/\"]}]},{\"@type\":\"ImageObject\",\"inLanguage\":\"es-AR\",\"@id\":\"https:\/\/ondauno.com.ar\/index.php\/2024\/08\/09\/en-reta-los-fines-de-semana-se-disfrutan-desde-la-pausa\/#primaryimage\",\"url\":\"https:\/\/ondauno.com.ar\/wp-content\/uploads\/2024\/08\/WhatsApp-Image-2024-08-09-at-20.54.42.jpeg\",\"contentUrl\":\"https:\/\/ondauno.com.ar\/wp-content\/uploads\/2024\/08\/WhatsApp-Image-2024-08-09-at-20.54.42.jpeg\",\"width\":1280,\"height\":853},{\"@type\":\"BreadcrumbList\",\"@id\":\"https:\/\/ondauno.com.ar\/index.php\/2024\/08\/09\/en-reta-los-fines-de-semana-se-disfrutan-desde-la-pausa\/#breadcrumb\",\"itemListElement\":[{\"@type\":\"ListItem\",\"position\":1,\"name\":\"Inicio\",\"item\":\"https:\/\/ondauno.com.ar\/\"},{\"@type\":\"ListItem\",\"position\":2,\"name\":\"En Reta los fines de semana se disfrutan desde La Pausa\"}]},{\"@type\":\"WebSite\",\"@id\":\"https:\/\/ondauno.com.ar\/#website\",\"url\":\"https:\/\/ondauno.com.ar\/\",\"name\":\"103.9 fm\",\"description\":\"LA PRIMERA RADIO MULTIMEDIA DE TRES ARROYOS\",\"potentialAction\":[{\"@type\":\"SearchAction\",\"target\":{\"@type\":\"EntryPoint\",\"urlTemplate\":\"https:\/\/ondauno.com.ar\/?s={search_term_string}\"},\"query-input\":\"required name=search_term_string\"}],\"inLanguage\":\"es-AR\"},{\"@type\":\"Person\",\"@id\":\"https:\/\/ondauno.com.ar\/#\/schema\/person\/7ec851ddeceb4133d7d7132dc645714e\",\"name\":\"OndaUno\",\"image\":{\"@type\":\"ImageObject\",\"inLanguage\":\"es-AR\",\"@id\":\"https:\/\/ondauno.com.ar\/#\/schema\/person\/image\/\",\"url\":\"https:\/\/secure.gravatar.com\/avatar\/93b8009f0de7021f1feb2bd5b32fb9e8?s=96&d=mm&r=g\",\"contentUrl\":\"https:\/\/secure.gravatar.com\/avatar\/93b8009f0de7021f1feb2bd5b32fb9e8?s=96&d=mm&r=g\",\"caption\":\"OndaUno\"},\"url\":\"https:\/\/ondauno.com.ar\/index.php\/author\/ondauno\/\"}]}<\/script>\n<!-- \/ Yoast SEO plugin. -->","yoast_head_json":{"title":"En Reta los fines de semana se disfrutan desde La Pausa - 103.9 fm","robots":{"index":"index","follow":"follow","max-snippet":"max-snippet:-1","max-image-preview":"max-image-preview:large","max-video-preview":"max-video-preview:-1"},"canonical":"https:\/\/ondauno.com.ar\/index.php\/2024\/08\/09\/en-reta-los-fines-de-semana-se-disfrutan-desde-la-pausa\/","og_locale":"es_ES","og_type":"article","og_title":"En Reta los fines de semana se disfrutan desde La Pausa - 103.9 fm","og_description":"El Parador de mar La Pausa en Reta ofrece una experiencia \u00fanica de gastronom\u00eda y relax, con una vista inigualable del Atl\u00e1ntico, y puede formar parte del programa de quienes disfrutan de los fine de semana. Emmanuel Monforte, responsable de la concesi\u00f3n, cont\u00f3 en Cosas que pasan cu\u00e1les son las propuestas para este s\u00e1bado y [&hellip;]","og_url":"https:\/\/ondauno.com.ar\/index.php\/2024\/08\/09\/en-reta-los-fines-de-semana-se-disfrutan-desde-la-pausa\/","og_site_name":"103.9 fm","article_publisher":"https:\/\/www.facebook.com\/ondauno103.9","article_published_time":"2024-08-10T00:16:10+00:00","article_modified_time":"2024-08-10T00:16:13+00:00","og_image":[{"width":1280,"height":853,"url":"http:\/\/ondauno.com.ar\/wp-content\/uploads\/2024\/08\/WhatsApp-Image-2024-08-09-at-20.54.42.jpeg","type":"image\/jpeg"}],"author":"OndaUno","twitter_card":"summary_large_image","twitter_misc":{"Escrito por":"OndaUno","Tiempo de lectura":"3 minutos"},"schema":{"@context":"https:\/\/schema.org","@graph":[{"@type":"WebPage","@id":"https:\/\/ondauno.com.ar\/index.php\/2024\/08\/09\/en-reta-los-fines-de-semana-se-disfrutan-desde-la-pausa\/","url":"https:\/\/ondauno.com.ar\/index.php\/2024\/08\/09\/en-reta-los-fines-de-semana-se-disfrutan-desde-la-pausa\/","name":"En Reta los fines de semana se disfrutan desde La Pausa - 103.9 fm","isPartOf":{"@id":"https:\/\/ondauno.com.ar\/#website"},"primaryImageOfPage":{"@id":"https:\/\/ondauno.com.ar\/index.php\/2024\/08\/09\/en-reta-los-fines-de-semana-se-disfrutan-desde-la-pausa\/#primaryimage"},"image":{"@id":"https:\/\/ondauno.com.ar\/index.php\/2024\/08\/09\/en-reta-los-fines-de-semana-se-disfrutan-desde-la-pausa\/#primaryimage"},"thumbnailUrl":"https:\/\/ondauno.com.ar\/wp-content\/uploads\/2024\/08\/WhatsApp-Image-2024-08-09-at-20.54.42.jpeg","datePublished":"2024-08-10T00:16:10+00:00","dateModified":"2024-08-10T00:16:13+00:00","author":{"@id":"https:\/\/ondauno.com.ar\/#\/schema\/person\/7ec851ddeceb4133d7d7132dc645714e"},"breadcrumb":{"@id":"https:\/\/ondauno.com.ar\/index.php\/2024\/08\/09\/en-reta-los-fines-de-semana-se-disfrutan-desde-la-pausa\/#breadcrumb"},"inLanguage":"es-AR","potentialAction":[{"@type":"ReadAction","target":["https:\/\/ondauno.com.ar\/index.php\/2024\/08\/09\/en-reta-los-fines-de-semana-se-disfrutan-desde-la-pausa\/"]}]},{"@type":"ImageObject","inLanguage":"es-AR","@id":"https:\/\/ondauno.com.ar\/index.php\/2024\/08\/09\/en-reta-los-fines-de-semana-se-disfrutan-desde-la-pausa\/#primaryimage","url":"https:\/\/ondauno.com.ar\/wp-content\/uploads\/2024\/08\/WhatsApp-Image-2024-08-09-at-20.54.42.jpeg","contentUrl":"https:\/\/ondauno.com.ar\/wp-content\/uploads\/2024\/08\/WhatsApp-Image-2024-08-09-at-20.54.42.jpeg","width":1280,"height":853},{"@type":"BreadcrumbList","@id":"https:\/\/ondauno.com.ar\/index.php\/2024\/08\/09\/en-reta-los-fines-de-semana-se-disfrutan-desde-la-pausa\/#breadcrumb","itemListElement":[{"@type":"ListItem","position":1,"name":"Inicio","item":"https:\/\/ondauno.com.ar\/"},{"@type":"ListItem","position":2,"name":"En Reta los fines de semana se disfrutan desde La Pausa"}]},{"@type":"WebSite","@id":"https:\/\/ondauno.com.ar\/#website","url":"https:\/\/ondauno.com.ar\/","name":"103.9 fm","description":"LA PRIMERA RADIO MULTIMEDIA DE TRES ARROYOS","potentialAction":[{"@type":"SearchAction","target":{"@type":"EntryPoint","urlTemplate":"https:\/\/ondauno.com.ar\/?s={search_term_string}"},"query-input":"required name=search_term_string"}],"inLanguage":"es-AR"},{"@type":"Person","@id":"https:\/\/ondauno.com.ar\/#\/schema\/person\/7ec851ddeceb4133d7d7132dc645714e","name":"OndaUno","image":{"@type":"ImageObject","inLanguage":"es-AR","@id":"https:\/\/ondauno.com.ar\/#\/schema\/person\/image\/","url":"https:\/\/secure.gravatar.com\/avatar\/93b8009f0de7021f1feb2bd5b32fb9e8?s=96&d=mm&r=g","contentUrl":"https:\/\/secure.gravatar.com\/avatar\/93b8009f0de7021f1feb2bd5b32fb9e8?s=96&d=mm&r=g","caption":"OndaUno"},"url":"https:\/\/ondauno.com.ar\/index.php\/author\/ondauno\/"}]}},"jetpack_publicize_connections":[],"jetpack_featured_media_url":"https:\/\/ondauno.com.ar\/wp-content\/uploads\/2024\/08\/WhatsApp-Image-2024-08-09-at-20.54.42.jpeg","jetpack_sharing_enabled":true,"_links":{"self":[{"href":"https:\/\/ondauno.com.ar\/index.php\/wp-json\/wp\/v2\/posts\/49301","targetHints":{"allow":["GET"]}}],"collection":[{"href":"https:\/\/ondauno.com.ar\/index.php\/wp-json\/wp\/v2\/posts"}],"about":[{"href":"https:\/\/ondauno.com.ar\/index.php\/wp-json\/wp\/v2\/types\/post"}],"author":[{"embeddable":true,"href":"https:\/\/ondauno.com.ar\/index.php\/wp-json\/wp\/v2\/users\/1"}],"replies":[{"embeddable":true,"href":"https:\/\/ondauno.com.ar\/index.php\/wp-json\/wp\/v2\/comments?post=49301"}],"version-history":[{"count":1,"href":"https:\/\/ondauno.com.ar\/index.php\/wp-json\/wp\/v2\/posts\/49301\/revisions"}],"predecessor-version":[{"id":49305,"href":"https:\/\/ondauno.com.ar\/index.php\/wp-json\/wp\/v2\/posts\/49301\/revisions\/49305"}],"wp:featuredmedia":[{"embeddable":true,"href":"https:\/\/ondauno.com.ar\/index.php\/wp-json\/wp\/v2\/media\/49302"}],"wp:attachment":[{"href":"https:\/\/ondauno.com.ar\/index.php\/wp-json\/wp\/v2\/media?parent=49301"}],"wp:term":[{"taxonomy":"category","embeddable":true,"href":"https:\/\/ondauno.com.ar\/index.php\/wp-json\/wp\/v2\/categories?post=49301"},{"taxonomy":"post_tag","embeddable":true,"href":"https:\/\/ondauno.com.ar\/index.php\/wp-json\/wp\/v2\/tags?post=49301"}],"curies":[{"name":"wp","href":"https:\/\/api.w.org\/{rel}","templated":true}]}}