{"id":49296,"date":"2024-08-08T21:52:57","date_gmt":"2024-08-09T00:52:57","guid":{"rendered":"https:\/\/ondauno.com.ar\/?p=49296"},"modified":"2024-08-08T21:53:47","modified_gmt":"2024-08-09T00:53:47","slug":"en-reta-armaron-un-grupo-de-whatsapp-para-organizarse-ante-el-mal-tiempo","status":"publish","type":"post","link":"https:\/\/ondauno.com.ar\/index.php\/2024\/08\/08\/en-reta-armaron-un-grupo-de-whatsapp-para-organizarse-ante-el-mal-tiempo\/","title":{"rendered":"En Reta armaron un grupo de WhatsApp para organizarse ante el mal tiempo"},"content":{"rendered":"<div class=\"ondau-before-content_3\" style=\"margin-top: -30px;\" id=\"ondau-1415802273\"><a href=\"https:\/\/www.lps.com.ar\/\" aria-label=\"la-perse2\"><img loading=\"lazy\" decoding=\"async\" src=\"https:\/\/ondauno.com.ar\/wp-content\/uploads\/2021\/10\/la-perse2.jpg\" alt=\"\"  srcset=\"https:\/\/ondauno.com.ar\/wp-content\/uploads\/2021\/10\/la-perse2.jpg 1353w, https:\/\/ondauno.com.ar\/wp-content\/uploads\/2021\/10\/la-perse2-300x43.jpg 300w, https:\/\/ondauno.com.ar\/wp-content\/uploads\/2021\/10\/la-perse2-1024x148.jpg 1024w, https:\/\/ondauno.com.ar\/wp-content\/uploads\/2021\/10\/la-perse2-768x111.jpg 768w, https:\/\/ondauno.com.ar\/wp-content\/uploads\/2021\/10\/la-perse2-696x100.jpg 696w, https:\/\/ondauno.com.ar\/wp-content\/uploads\/2021\/10\/la-perse2-1068x154.jpg 1068w\" sizes=\"(max-width: 1353px) 100vw, 1353px\" class=\"no-lazyload\" width=\"1353\" height=\"195\"  style=\"display: inline-block;\" \/><\/a><\/div>\n<p>En la ronda de contactos con las localidades costeras del distrito para evaluar el impacto del temporal, desde Cosas que pasan hablamos con Diego Zynchenko, delegado de Reta, quien nos brind\u00f3 un panorama tranquilizador sobre la situaci\u00f3n en la localidad.<\/p>\n\n\n\n<p>&#8220;Nos pas\u00f3 por arriba, pero afortunadamente, m\u00e1s all\u00e1 de la ca\u00edda de alguna rama y \u00e1rbol, no hemos tenido que lamentar da\u00f1os en propiedades ni a vecinos,&#8221; coment\u00f3. Aunque el viento se sinti\u00f3 fuerte, especialmente desde la tarde de ayer hasta la madrugada, Reta logr\u00f3 sortear la alerta naranja sin mayores inconvenientes.<\/p>\n\n\n\n<p>El delegado mencion\u00f3 que la marejada fue notable y la marea estuvo alta, pero no gener\u00f3 problemas significativos en la alb\u00fafera.<\/p>\n\n\n\n<p>&#8220;Con el viento y las precipitaciones, la alb\u00fafera va cambiando, aumentando el caudal de agua y el intercambio con el mar. Ahora, los chicos est\u00e1n recorriendo las zonas costeras, verificando cualquier posible aparici\u00f3n de animales que hayan salido con la marea&#8221;.<\/p>\n\n\n\n<p>Recordando el fuerte temporal del 16 de diciembre que impact\u00f3 gravemente en Reta y otras zonas del distrito, Zynchenko destac\u00f3 las medidas preventivas que se han tomado desde entonces. &#8220;Estar comunicados es clave. Tenemos un grupo de WhatsApp que incluye a casi todo el pueblo, y lo usamos exclusivamente para emergencias. Funcion\u00f3 muy bien en diciembre y nos mantiene alerta,&#8221; explic\u00f3.<\/p>\n","protected":false},"excerpt":{"rendered":"<p>En la ronda de contactos con las localidades costeras del distrito para evaluar el impacto del temporal, desde Cosas que pasan hablamos con Diego Zynchenko, delegado de Reta, quien nos brind\u00f3 un panorama tranquilizador sobre la situaci\u00f3n en la localidad. &#8220;Nos pas\u00f3 por arriba, pero afortunadamente, m\u00e1s all\u00e1 de la ca\u00edda de alguna rama y [&hellip;]<\/p>\n","protected":false},"author":1,"featured_media":49297,"comment_status":"open","ping_status":"open","sticky":false,"template":"","format":"standard","meta":{"tdm_status":"","tdm_grid_status":"","_jetpack_memberships_contains_paid_content":false,"footnotes":"","jetpack_publicize_message":"","jetpack_publicize_feature_enabled":true,"jetpack_social_post_already_shared":false,"jetpack_social_options":{"image_generator_settings":{"template":"highway","default_image_id":0,"font":"","enabled":false},"version":2}},"categories":[2],"tags":[],"class_list":{"0":"post-49296","1":"post","2":"type-post","3":"status-publish","4":"format-standard","5":"has-post-thumbnail","7":"category-locales"},"yoast_head":"<!-- This site is optimized with the Yoast SEO plugin v22.7 - https:\/\/yoast.com\/wordpress\/plugins\/seo\/ -->\n<title>En Reta armaron un grupo de WhatsApp para organizarse ante el mal tiempo - 103.9 fm<\/title>\n<meta name=\"robots\" content=\"index, follow, max-snippet:-1, max-image-preview:large, max-video-preview:-1\" \/>\n<link rel=\"canonical\" href=\"https:\/\/ondauno.com.ar\/index.php\/2024\/08\/08\/en-reta-armaron-un-grupo-de-whatsapp-para-organizarse-ante-el-mal-tiempo\/\" \/>\n<meta property=\"og:locale\" content=\"es_ES\" \/>\n<meta property=\"og:type\" content=\"article\" \/>\n<meta property=\"og:title\" content=\"En Reta armaron un grupo de WhatsApp para organizarse ante el mal tiempo - 103.9 fm\" \/>\n<meta property=\"og:description\" content=\"En la ronda de contactos con las localidades costeras del distrito para evaluar el impacto del temporal, desde Cosas que pasan hablamos con Diego Zynchenko, delegado de Reta, quien nos brind\u00f3 un panorama tranquilizador sobre la situaci\u00f3n en la localidad. &#8220;Nos pas\u00f3 por arriba, pero afortunadamente, m\u00e1s all\u00e1 de la ca\u00edda de alguna rama y [&hellip;]\" \/>\n<meta property=\"og:url\" content=\"https:\/\/ondauno.com.ar\/index.php\/2024\/08\/08\/en-reta-armaron-un-grupo-de-whatsapp-para-organizarse-ante-el-mal-tiempo\/\" \/>\n<meta property=\"og:site_name\" content=\"103.9 fm\" \/>\n<meta property=\"article:publisher\" content=\"https:\/\/www.facebook.com\/ondauno103.9\" \/>\n<meta property=\"article:published_time\" content=\"2024-08-09T00:52:57+00:00\" \/>\n<meta property=\"article:modified_time\" content=\"2024-08-09T00:53:47+00:00\" \/>\n<meta property=\"og:image\" content=\"http:\/\/ondauno.com.ar\/wp-content\/uploads\/2024\/08\/reta.jpg\" \/>\n\t<meta property=\"og:image:width\" content=\"1024\" \/>\n\t<meta property=\"og:image:height\" content=\"445\" \/>\n\t<meta property=\"og:image:type\" content=\"image\/jpeg\" \/>\n<meta name=\"author\" content=\"OndaUno\" \/>\n<meta name=\"twitter:card\" content=\"summary_large_image\" \/>\n<meta name=\"twitter:label1\" content=\"Escrito por\" \/>\n\t<meta name=\"twitter:data1\" content=\"OndaUno\" \/>\n\t<meta name=\"twitter:label2\" content=\"Tiempo de lectura\" \/>\n\t<meta name=\"twitter:data2\" content=\"2 minutos\" \/>\n<script type=\"application\/ld+json\" class=\"yoast-schema-graph\">{\"@context\":\"https:\/\/schema.org\",\"@graph\":[{\"@type\":\"WebPage\",\"@id\":\"https:\/\/ondauno.com.ar\/index.php\/2024\/08\/08\/en-reta-armaron-un-grupo-de-whatsapp-para-organizarse-ante-el-mal-tiempo\/\",\"url\":\"https:\/\/ondauno.com.ar\/index.php\/2024\/08\/08\/en-reta-armaron-un-grupo-de-whatsapp-para-organizarse-ante-el-mal-tiempo\/\",\"name\":\"En Reta armaron un grupo de WhatsApp para organizarse ante el mal tiempo - 103.9 fm\",\"isPartOf\":{\"@id\":\"https:\/\/ondauno.com.ar\/#website\"},\"primaryImageOfPage\":{\"@id\":\"https:\/\/ondauno.com.ar\/index.php\/2024\/08\/08\/en-reta-armaron-un-grupo-de-whatsapp-para-organizarse-ante-el-mal-tiempo\/#primaryimage\"},\"image\":{\"@id\":\"https:\/\/ondauno.com.ar\/index.php\/2024\/08\/08\/en-reta-armaron-un-grupo-de-whatsapp-para-organizarse-ante-el-mal-tiempo\/#primaryimage\"},\"thumbnailUrl\":\"https:\/\/ondauno.com.ar\/wp-content\/uploads\/2024\/08\/reta.jpg\",\"datePublished\":\"2024-08-09T00:52:57+00:00\",\"dateModified\":\"2024-08-09T00:53:47+00:00\",\"author\":{\"@id\":\"https:\/\/ondauno.com.ar\/#\/schema\/person\/7ec851ddeceb4133d7d7132dc645714e\"},\"breadcrumb\":{\"@id\":\"https:\/\/ondauno.com.ar\/index.php\/2024\/08\/08\/en-reta-armaron-un-grupo-de-whatsapp-para-organizarse-ante-el-mal-tiempo\/#breadcrumb\"},\"inLanguage\":\"es-AR\",\"potentialAction\":[{\"@type\":\"ReadAction\",\"target\":[\"https:\/\/ondauno.com.ar\/index.php\/2024\/08\/08\/en-reta-armaron-un-grupo-de-whatsapp-para-organizarse-ante-el-mal-tiempo\/\"]}]},{\"@type\":\"ImageObject\",\"inLanguage\":\"es-AR\",\"@id\":\"https:\/\/ondauno.com.ar\/index.php\/2024\/08\/08\/en-reta-armaron-un-grupo-de-whatsapp-para-organizarse-ante-el-mal-tiempo\/#primaryimage\",\"url\":\"https:\/\/ondauno.com.ar\/wp-content\/uploads\/2024\/08\/reta.jpg\",\"contentUrl\":\"https:\/\/ondauno.com.ar\/wp-content\/uploads\/2024\/08\/reta.jpg\",\"width\":1024,\"height\":445},{\"@type\":\"BreadcrumbList\",\"@id\":\"https:\/\/ondauno.com.ar\/index.php\/2024\/08\/08\/en-reta-armaron-un-grupo-de-whatsapp-para-organizarse-ante-el-mal-tiempo\/#breadcrumb\",\"itemListElement\":[{\"@type\":\"ListItem\",\"position\":1,\"name\":\"Inicio\",\"item\":\"https:\/\/ondauno.com.ar\/\"},{\"@type\":\"ListItem\",\"position\":2,\"name\":\"En Reta armaron un grupo de WhatsApp para organizarse ante el mal tiempo\"}]},{\"@type\":\"WebSite\",\"@id\":\"https:\/\/ondauno.com.ar\/#website\",\"url\":\"https:\/\/ondauno.com.ar\/\",\"name\":\"103.9 fm\",\"description\":\"LA PRIMERA RADIO MULTIMEDIA DE TRES ARROYOS\",\"potentialAction\":[{\"@type\":\"SearchAction\",\"target\":{\"@type\":\"EntryPoint\",\"urlTemplate\":\"https:\/\/ondauno.com.ar\/?s={search_term_string}\"},\"query-input\":\"required name=search_term_string\"}],\"inLanguage\":\"es-AR\"},{\"@type\":\"Person\",\"@id\":\"https:\/\/ondauno.com.ar\/#\/schema\/person\/7ec851ddeceb4133d7d7132dc645714e\",\"name\":\"OndaUno\",\"image\":{\"@type\":\"ImageObject\",\"inLanguage\":\"es-AR\",\"@id\":\"https:\/\/ondauno.com.ar\/#\/schema\/person\/image\/\",\"url\":\"https:\/\/secure.gravatar.com\/avatar\/93b8009f0de7021f1feb2bd5b32fb9e8?s=96&d=mm&r=g\",\"contentUrl\":\"https:\/\/secure.gravatar.com\/avatar\/93b8009f0de7021f1feb2bd5b32fb9e8?s=96&d=mm&r=g\",\"caption\":\"OndaUno\"},\"url\":\"https:\/\/ondauno.com.ar\/index.php\/author\/ondauno\/\"}]}<\/script>\n<!-- \/ Yoast SEO plugin. -->","yoast_head_json":{"title":"En Reta armaron un grupo de WhatsApp para organizarse ante el mal tiempo - 103.9 fm","robots":{"index":"index","follow":"follow","max-snippet":"max-snippet:-1","max-image-preview":"max-image-preview:large","max-video-preview":"max-video-preview:-1"},"canonical":"https:\/\/ondauno.com.ar\/index.php\/2024\/08\/08\/en-reta-armaron-un-grupo-de-whatsapp-para-organizarse-ante-el-mal-tiempo\/","og_locale":"es_ES","og_type":"article","og_title":"En Reta armaron un grupo de WhatsApp para organizarse ante el mal tiempo - 103.9 fm","og_description":"En la ronda de contactos con las localidades costeras del distrito para evaluar el impacto del temporal, desde Cosas que pasan hablamos con Diego Zynchenko, delegado de Reta, quien nos brind\u00f3 un panorama tranquilizador sobre la situaci\u00f3n en la localidad. &#8220;Nos pas\u00f3 por arriba, pero afortunadamente, m\u00e1s all\u00e1 de la ca\u00edda de alguna rama y [&hellip;]","og_url":"https:\/\/ondauno.com.ar\/index.php\/2024\/08\/08\/en-reta-armaron-un-grupo-de-whatsapp-para-organizarse-ante-el-mal-tiempo\/","og_site_name":"103.9 fm","article_publisher":"https:\/\/www.facebook.com\/ondauno103.9","article_published_time":"2024-08-09T00:52:57+00:00","article_modified_time":"2024-08-09T00:53:47+00:00","og_image":[{"width":1024,"height":445,"url":"http:\/\/ondauno.com.ar\/wp-content\/uploads\/2024\/08\/reta.jpg","type":"image\/jpeg"}],"author":"OndaUno","twitter_card":"summary_large_image","twitter_misc":{"Escrito por":"OndaUno","Tiempo de lectura":"2 minutos"},"schema":{"@context":"https:\/\/schema.org","@graph":[{"@type":"WebPage","@id":"https:\/\/ondauno.com.ar\/index.php\/2024\/08\/08\/en-reta-armaron-un-grupo-de-whatsapp-para-organizarse-ante-el-mal-tiempo\/","url":"https:\/\/ondauno.com.ar\/index.php\/2024\/08\/08\/en-reta-armaron-un-grupo-de-whatsapp-para-organizarse-ante-el-mal-tiempo\/","name":"En Reta armaron un grupo de WhatsApp para organizarse ante el mal tiempo - 103.9 fm","isPartOf":{"@id":"https:\/\/ondauno.com.ar\/#website"},"primaryImageOfPage":{"@id":"https:\/\/ondauno.com.ar\/index.php\/2024\/08\/08\/en-reta-armaron-un-grupo-de-whatsapp-para-organizarse-ante-el-mal-tiempo\/#primaryimage"},"image":{"@id":"https:\/\/ondauno.com.ar\/index.php\/2024\/08\/08\/en-reta-armaron-un-grupo-de-whatsapp-para-organizarse-ante-el-mal-tiempo\/#primaryimage"},"thumbnailUrl":"https:\/\/ondauno.com.ar\/wp-content\/uploads\/2024\/08\/reta.jpg","datePublished":"2024-08-09T00:52:57+00:00","dateModified":"2024-08-09T00:53:47+00:00","author":{"@id":"https:\/\/ondauno.com.ar\/#\/schema\/person\/7ec851ddeceb4133d7d7132dc645714e"},"breadcrumb":{"@id":"https:\/\/ondauno.com.ar\/index.php\/2024\/08\/08\/en-reta-armaron-un-grupo-de-whatsapp-para-organizarse-ante-el-mal-tiempo\/#breadcrumb"},"inLanguage":"es-AR","potentialAction":[{"@type":"ReadAction","target":["https:\/\/ondauno.com.ar\/index.php\/2024\/08\/08\/en-reta-armaron-un-grupo-de-whatsapp-para-organizarse-ante-el-mal-tiempo\/"]}]},{"@type":"ImageObject","inLanguage":"es-AR","@id":"https:\/\/ondauno.com.ar\/index.php\/2024\/08\/08\/en-reta-armaron-un-grupo-de-whatsapp-para-organizarse-ante-el-mal-tiempo\/#primaryimage","url":"https:\/\/ondauno.com.ar\/wp-content\/uploads\/2024\/08\/reta.jpg","contentUrl":"https:\/\/ondauno.com.ar\/wp-content\/uploads\/2024\/08\/reta.jpg","width":1024,"height":445},{"@type":"BreadcrumbList","@id":"https:\/\/ondauno.com.ar\/index.php\/2024\/08\/08\/en-reta-armaron-un-grupo-de-whatsapp-para-organizarse-ante-el-mal-tiempo\/#breadcrumb","itemListElement":[{"@type":"ListItem","position":1,"name":"Inicio","item":"https:\/\/ondauno.com.ar\/"},{"@type":"ListItem","position":2,"name":"En Reta armaron un grupo de WhatsApp para organizarse ante el mal tiempo"}]},{"@type":"WebSite","@id":"https:\/\/ondauno.com.ar\/#website","url":"https:\/\/ondauno.com.ar\/","name":"103.9 fm","description":"LA PRIMERA RADIO MULTIMEDIA DE TRES ARROYOS","potentialAction":[{"@type":"SearchAction","target":{"@type":"EntryPoint","urlTemplate":"https:\/\/ondauno.com.ar\/?s={search_term_string}"},"query-input":"required name=search_term_string"}],"inLanguage":"es-AR"},{"@type":"Person","@id":"https:\/\/ondauno.com.ar\/#\/schema\/person\/7ec851ddeceb4133d7d7132dc645714e","name":"OndaUno","image":{"@type":"ImageObject","inLanguage":"es-AR","@id":"https:\/\/ondauno.com.ar\/#\/schema\/person\/image\/","url":"https:\/\/secure.gravatar.com\/avatar\/93b8009f0de7021f1feb2bd5b32fb9e8?s=96&d=mm&r=g","contentUrl":"https:\/\/secure.gravatar.com\/avatar\/93b8009f0de7021f1feb2bd5b32fb9e8?s=96&d=mm&r=g","caption":"OndaUno"},"url":"https:\/\/ondauno.com.ar\/index.php\/author\/ondauno\/"}]}},"jetpack_publicize_connections":[],"jetpack_featured_media_url":"https:\/\/ondauno.com.ar\/wp-content\/uploads\/2024\/08\/reta.jpg","jetpack_sharing_enabled":true,"_links":{"self":[{"href":"https:\/\/ondauno.com.ar\/index.php\/wp-json\/wp\/v2\/posts\/49296","targetHints":{"allow":["GET"]}}],"collection":[{"href":"https:\/\/ondauno.com.ar\/index.php\/wp-json\/wp\/v2\/posts"}],"about":[{"href":"https:\/\/ondauno.com.ar\/index.php\/wp-json\/wp\/v2\/types\/post"}],"author":[{"embeddable":true,"href":"https:\/\/ondauno.com.ar\/index.php\/wp-json\/wp\/v2\/users\/1"}],"replies":[{"embeddable":true,"href":"https:\/\/ondauno.com.ar\/index.php\/wp-json\/wp\/v2\/comments?post=49296"}],"version-history":[{"count":2,"href":"https:\/\/ondauno.com.ar\/index.php\/wp-json\/wp\/v2\/posts\/49296\/revisions"}],"predecessor-version":[{"id":49299,"href":"https:\/\/ondauno.com.ar\/index.php\/wp-json\/wp\/v2\/posts\/49296\/revisions\/49299"}],"wp:featuredmedia":[{"embeddable":true,"href":"https:\/\/ondauno.com.ar\/index.php\/wp-json\/wp\/v2\/media\/49297"}],"wp:attachment":[{"href":"https:\/\/ondauno.com.ar\/index.php\/wp-json\/wp\/v2\/media?parent=49296"}],"wp:term":[{"taxonomy":"category","embeddable":true,"href":"https:\/\/ondauno.com.ar\/index.php\/wp-json\/wp\/v2\/categories?post=49296"},{"taxonomy":"post_tag","embeddable":true,"href":"https:\/\/ondauno.com.ar\/index.php\/wp-json\/wp\/v2\/tags?post=49296"}],"curies":[{"name":"wp","href":"https:\/\/api.w.org\/{rel}","templated":true}]}}