{"id":4927,"date":"2020-01-22T11:14:58","date_gmt":"2020-01-22T14:14:58","guid":{"rendered":"http:\/\/ondauno.com.ar\/?p=4927"},"modified":"2020-01-22T11:17:33","modified_gmt":"2020-01-22T14:17:33","slug":"convocatoria-docente-pemta","status":"publish","type":"post","link":"https:\/\/ondauno.com.ar\/index.php\/2020\/01\/22\/convocatoria-docente-pemta\/","title":{"rendered":"CONVOCATORIA DOCENTE \u2013 PEMTA"},"content":{"rendered":"<div class=\"ondau-before-content_3\" style=\"margin-top: -30px;\" id=\"ondau-2413985906\"><a href=\"https:\/\/www.lps.com.ar\/\" aria-label=\"la-perse2\"><img loading=\"lazy\" decoding=\"async\" src=\"https:\/\/ondauno.com.ar\/wp-content\/uploads\/2021\/10\/la-perse2.jpg\" alt=\"\"  srcset=\"https:\/\/ondauno.com.ar\/wp-content\/uploads\/2021\/10\/la-perse2.jpg 1353w, https:\/\/ondauno.com.ar\/wp-content\/uploads\/2021\/10\/la-perse2-300x43.jpg 300w, https:\/\/ondauno.com.ar\/wp-content\/uploads\/2021\/10\/la-perse2-1024x148.jpg 1024w, https:\/\/ondauno.com.ar\/wp-content\/uploads\/2021\/10\/la-perse2-768x111.jpg 768w, https:\/\/ondauno.com.ar\/wp-content\/uploads\/2021\/10\/la-perse2-696x100.jpg 696w, https:\/\/ondauno.com.ar\/wp-content\/uploads\/2021\/10\/la-perse2-1068x154.jpg 1068w\" sizes=\"(max-width: 1353px) 100vw, 1353px\" class=\"no-lazyload\" width=\"1353\" height=\"195\"  style=\"display: inline-block;\" \/><\/a><\/div>\nConcurso Abierto para dictar Talleres \u00f3 Seminarios\n durante el 1\u00ba cuatrimestre 2020, en el marco del PEMTA \u2013 Programa de Educaci\u00f3n de Adultos Mayores de Tres Arroyos \u2013 que se ofrece en CRESTA desde 2005.\n\n\n\n\n\n\n\n\n\nREQUISITOS:\n\n\n\n\n<ul class=\"wp-block-list\"><li>\nDocente\n de Educaci\u00f3n Superior \u00f3 Profesional en carrera af\u00edn al \u00c1rea,\n<\/li><li>\nSe\n valorar\u00e1 Experiencia Docente con Adultos Mayores, especialmente en el \u00c1rea para la que se postula,\n<\/li><li>\n\nSer\u00e1 condici\u00f3n excluyente contar con la posibilidad de emitir factura\n (B o C) a nombre del postulante.\n<\/li><\/ul>\n\n\n\nAREAS\n SOLICITADAS:\n\n\n\n\n<ol class=\"wp-block-list\"><li>\nLiteratura\n<\/li><li>\nPropuesta abierta\n a criterio del Docente\n<\/li><\/ol>\n\n\n\n\n\n\n\n\nPROCEDIMIENTO:\n\n\n\n\n<ul class=\"wp-block-list\"><li>\nEnviar\n CV resumido\n<\/li><li>\n\nEnviar Propuesta\/s de Capacitaci\u00f3n incluyendo introducci\u00f3n, justificaci\u00f3n,\n objetivos, contenidos m\u00ednimos y cantidad de clases\/horas (sabiendo que la cantidad MINIMA es 1 \u00bd semanal, durante 4 \u00f3 2 meses), equipamiento y materiales necesarios.\n<\/li><li>\nTodo,\n al correo electr\u00f3nico: <a href=\"mailto:cr****@cr****.ar\" data-original-string=\"KBon2Qd+xypi5G\/tzijib1V\/iX47cMppXNJRPgUUmVE=\" title=\"This contact has been encoded by Anti-Spam by CleanTalk. Click to decode. To finish the decoding make sure that JavaScript is enabled in your browser.\"><span \n                data-original-string=\"KBon2Qd+xypi5G\/tzijib1V\/iX47cMppXNJRPgUUmVE=\"\n                class=\"apbct-email-encoder\"\n                title=\"This contact has been encoded by Anti-Spam by CleanTalk. Click to decode. To finish the decoding make sure that JavaScript is enabled in your browser.\">cr****@cr****.ar<\/span><\/a> ,  con fecha l\u00edmite: 10\/02\/2020<\/li><\/ul>\n\n\n\n\n\n","protected":false},"excerpt":{"rendered":"<p>Concurso Abierto para dictar Talleres \u00f3 Seminarios durante el 1\u00ba cuatrimestre 2020, en el marco del PEMTA \u2013 Programa de Educaci\u00f3n de Adultos Mayores de Tres Arroyos \u2013 que se ofrece en CRESTA desde 2005. REQUISITOS: Docente de Educaci\u00f3n Superior \u00f3 Profesional en carrera af\u00edn al \u00c1rea, Se valorar\u00e1 Experiencia Docente con Adultos Mayores, especialmente [&hellip;]<\/p>\n","protected":false},"author":2,"featured_media":0,"comment_status":"open","ping_status":"open","sticky":false,"template":"","format":"standard","meta":{"tdm_status":"","tdm_grid_status":"","_jetpack_memberships_contains_paid_content":false,"footnotes":"","jetpack_publicize_message":"","jetpack_publicize_feature_enabled":true,"jetpack_social_post_already_shared":false,"jetpack_social_options":{"image_generator_settings":{"template":"highway","default_image_id":0,"font":"","enabled":false},"version":2}},"categories":[28],"tags":[],"class_list":{"0":"post-4927","1":"post","2":"type-post","3":"status-publish","4":"format-standard","6":"category-interes-general"},"yoast_head":"<!-- This site is optimized with the Yoast SEO plugin v22.7 - https:\/\/yoast.com\/wordpress\/plugins\/seo\/ -->\n<title>CONVOCATORIA DOCENTE \u2013 PEMTA - 103.9 fm<\/title>\n<meta name=\"robots\" content=\"index, follow, max-snippet:-1, max-image-preview:large, max-video-preview:-1\" \/>\n<link rel=\"canonical\" href=\"https:\/\/ondauno.com.ar\/index.php\/2020\/01\/22\/convocatoria-docente-pemta\/\" \/>\n<meta property=\"og:locale\" content=\"es_ES\" \/>\n<meta property=\"og:type\" content=\"article\" \/>\n<meta property=\"og:title\" content=\"CONVOCATORIA DOCENTE \u2013 PEMTA - 103.9 fm\" \/>\n<meta property=\"og:description\" content=\"Concurso Abierto para dictar Talleres \u00f3 Seminarios durante el 1\u00ba cuatrimestre 2020, en el marco del PEMTA \u2013 Programa de Educaci\u00f3n de Adultos Mayores de Tres Arroyos \u2013 que se ofrece en CRESTA desde 2005. REQUISITOS: Docente de Educaci\u00f3n Superior \u00f3 Profesional en carrera af\u00edn al \u00c1rea, Se valorar\u00e1 Experiencia Docente con Adultos Mayores, especialmente [&hellip;]\" \/>\n<meta property=\"og:url\" content=\"https:\/\/ondauno.com.ar\/index.php\/2020\/01\/22\/convocatoria-docente-pemta\/\" \/>\n<meta property=\"og:site_name\" content=\"103.9 fm\" \/>\n<meta property=\"article:publisher\" content=\"https:\/\/www.facebook.com\/ondauno103.9\" \/>\n<meta property=\"article:published_time\" content=\"2020-01-22T14:14:58+00:00\" \/>\n<meta property=\"article:modified_time\" content=\"2020-01-22T14:17:33+00:00\" \/>\n<meta name=\"author\" content=\"fernando garcia\" \/>\n<meta name=\"twitter:card\" content=\"summary_large_image\" \/>\n<meta name=\"twitter:label1\" content=\"Escrito por\" \/>\n\t<meta name=\"twitter:data1\" content=\"fernando garcia\" \/>\n\t<meta name=\"twitter:label2\" content=\"Tiempo de lectura\" \/>\n\t<meta name=\"twitter:data2\" content=\"1 minuto\" \/>\n<script type=\"application\/ld+json\" class=\"yoast-schema-graph\">{\"@context\":\"https:\/\/schema.org\",\"@graph\":[{\"@type\":\"WebPage\",\"@id\":\"https:\/\/ondauno.com.ar\/index.php\/2020\/01\/22\/convocatoria-docente-pemta\/\",\"url\":\"https:\/\/ondauno.com.ar\/index.php\/2020\/01\/22\/convocatoria-docente-pemta\/\",\"name\":\"CONVOCATORIA DOCENTE \u2013 PEMTA - 103.9 fm\",\"isPartOf\":{\"@id\":\"https:\/\/ondauno.com.ar\/#website\"},\"datePublished\":\"2020-01-22T14:14:58+00:00\",\"dateModified\":\"2020-01-22T14:17:33+00:00\",\"author\":{\"@id\":\"https:\/\/ondauno.com.ar\/#\/schema\/person\/201d1b68e6c75e0fd396fe5f8af5d139\"},\"breadcrumb\":{\"@id\":\"https:\/\/ondauno.com.ar\/index.php\/2020\/01\/22\/convocatoria-docente-pemta\/#breadcrumb\"},\"inLanguage\":\"es-AR\",\"potentialAction\":[{\"@type\":\"ReadAction\",\"target\":[\"https:\/\/ondauno.com.ar\/index.php\/2020\/01\/22\/convocatoria-docente-pemta\/\"]}]},{\"@type\":\"BreadcrumbList\",\"@id\":\"https:\/\/ondauno.com.ar\/index.php\/2020\/01\/22\/convocatoria-docente-pemta\/#breadcrumb\",\"itemListElement\":[{\"@type\":\"ListItem\",\"position\":1,\"name\":\"Inicio\",\"item\":\"https:\/\/ondauno.com.ar\/\"},{\"@type\":\"ListItem\",\"position\":2,\"name\":\"CONVOCATORIA DOCENTE \u2013 PEMTA\"}]},{\"@type\":\"WebSite\",\"@id\":\"https:\/\/ondauno.com.ar\/#website\",\"url\":\"https:\/\/ondauno.com.ar\/\",\"name\":\"103.9 fm\",\"description\":\"LA PRIMERA RADIO MULTIMEDIA DE TRES ARROYOS\",\"potentialAction\":[{\"@type\":\"SearchAction\",\"target\":{\"@type\":\"EntryPoint\",\"urlTemplate\":\"https:\/\/ondauno.com.ar\/?s={search_term_string}\"},\"query-input\":\"required name=search_term_string\"}],\"inLanguage\":\"es-AR\"},{\"@type\":\"Person\",\"@id\":\"https:\/\/ondauno.com.ar\/#\/schema\/person\/201d1b68e6c75e0fd396fe5f8af5d139\",\"name\":\"fernando garcia\",\"image\":{\"@type\":\"ImageObject\",\"inLanguage\":\"es-AR\",\"@id\":\"https:\/\/ondauno.com.ar\/#\/schema\/person\/image\/\",\"url\":\"https:\/\/secure.gravatar.com\/avatar\/5f7254642ad81272e79a2e69653cfdfc?s=96&d=mm&r=g\",\"contentUrl\":\"https:\/\/secure.gravatar.com\/avatar\/5f7254642ad81272e79a2e69653cfdfc?s=96&d=mm&r=g\",\"caption\":\"fernando garcia\"},\"url\":\"https:\/\/ondauno.com.ar\/index.php\/author\/ondaunoeditor\/\"}]}<\/script>\n<!-- \/ Yoast SEO plugin. -->","yoast_head_json":{"title":"CONVOCATORIA DOCENTE \u2013 PEMTA - 103.9 fm","robots":{"index":"index","follow":"follow","max-snippet":"max-snippet:-1","max-image-preview":"max-image-preview:large","max-video-preview":"max-video-preview:-1"},"canonical":"https:\/\/ondauno.com.ar\/index.php\/2020\/01\/22\/convocatoria-docente-pemta\/","og_locale":"es_ES","og_type":"article","og_title":"CONVOCATORIA DOCENTE \u2013 PEMTA - 103.9 fm","og_description":"Concurso Abierto para dictar Talleres \u00f3 Seminarios durante el 1\u00ba cuatrimestre 2020, en el marco del PEMTA \u2013 Programa de Educaci\u00f3n de Adultos Mayores de Tres Arroyos \u2013 que se ofrece en CRESTA desde 2005. REQUISITOS: Docente de Educaci\u00f3n Superior \u00f3 Profesional en carrera af\u00edn al \u00c1rea, Se valorar\u00e1 Experiencia Docente con Adultos Mayores, especialmente [&hellip;]","og_url":"https:\/\/ondauno.com.ar\/index.php\/2020\/01\/22\/convocatoria-docente-pemta\/","og_site_name":"103.9 fm","article_publisher":"https:\/\/www.facebook.com\/ondauno103.9","article_published_time":"2020-01-22T14:14:58+00:00","article_modified_time":"2020-01-22T14:17:33+00:00","author":"fernando garcia","twitter_card":"summary_large_image","twitter_misc":{"Escrito por":"fernando garcia","Tiempo de lectura":"1 minuto"},"schema":{"@context":"https:\/\/schema.org","@graph":[{"@type":"WebPage","@id":"https:\/\/ondauno.com.ar\/index.php\/2020\/01\/22\/convocatoria-docente-pemta\/","url":"https:\/\/ondauno.com.ar\/index.php\/2020\/01\/22\/convocatoria-docente-pemta\/","name":"CONVOCATORIA DOCENTE \u2013 PEMTA - 103.9 fm","isPartOf":{"@id":"https:\/\/ondauno.com.ar\/#website"},"datePublished":"2020-01-22T14:14:58+00:00","dateModified":"2020-01-22T14:17:33+00:00","author":{"@id":"https:\/\/ondauno.com.ar\/#\/schema\/person\/201d1b68e6c75e0fd396fe5f8af5d139"},"breadcrumb":{"@id":"https:\/\/ondauno.com.ar\/index.php\/2020\/01\/22\/convocatoria-docente-pemta\/#breadcrumb"},"inLanguage":"es-AR","potentialAction":[{"@type":"ReadAction","target":["https:\/\/ondauno.com.ar\/index.php\/2020\/01\/22\/convocatoria-docente-pemta\/"]}]},{"@type":"BreadcrumbList","@id":"https:\/\/ondauno.com.ar\/index.php\/2020\/01\/22\/convocatoria-docente-pemta\/#breadcrumb","itemListElement":[{"@type":"ListItem","position":1,"name":"Inicio","item":"https:\/\/ondauno.com.ar\/"},{"@type":"ListItem","position":2,"name":"CONVOCATORIA DOCENTE \u2013 PEMTA"}]},{"@type":"WebSite","@id":"https:\/\/ondauno.com.ar\/#website","url":"https:\/\/ondauno.com.ar\/","name":"103.9 fm","description":"LA PRIMERA RADIO MULTIMEDIA DE TRES ARROYOS","potentialAction":[{"@type":"SearchAction","target":{"@type":"EntryPoint","urlTemplate":"https:\/\/ondauno.com.ar\/?s={search_term_string}"},"query-input":"required name=search_term_string"}],"inLanguage":"es-AR"},{"@type":"Person","@id":"https:\/\/ondauno.com.ar\/#\/schema\/person\/201d1b68e6c75e0fd396fe5f8af5d139","name":"fernando garcia","image":{"@type":"ImageObject","inLanguage":"es-AR","@id":"https:\/\/ondauno.com.ar\/#\/schema\/person\/image\/","url":"https:\/\/secure.gravatar.com\/avatar\/5f7254642ad81272e79a2e69653cfdfc?s=96&d=mm&r=g","contentUrl":"https:\/\/secure.gravatar.com\/avatar\/5f7254642ad81272e79a2e69653cfdfc?s=96&d=mm&r=g","caption":"fernando garcia"},"url":"https:\/\/ondauno.com.ar\/index.php\/author\/ondaunoeditor\/"}]}},"jetpack_publicize_connections":[],"jetpack_featured_media_url":"","jetpack_sharing_enabled":true,"_links":{"self":[{"href":"https:\/\/ondauno.com.ar\/index.php\/wp-json\/wp\/v2\/posts\/4927","targetHints":{"allow":["GET"]}}],"collection":[{"href":"https:\/\/ondauno.com.ar\/index.php\/wp-json\/wp\/v2\/posts"}],"about":[{"href":"https:\/\/ondauno.com.ar\/index.php\/wp-json\/wp\/v2\/types\/post"}],"author":[{"embeddable":true,"href":"https:\/\/ondauno.com.ar\/index.php\/wp-json\/wp\/v2\/users\/2"}],"replies":[{"embeddable":true,"href":"https:\/\/ondauno.com.ar\/index.php\/wp-json\/wp\/v2\/comments?post=4927"}],"version-history":[{"count":0,"href":"https:\/\/ondauno.com.ar\/index.php\/wp-json\/wp\/v2\/posts\/4927\/revisions"}],"wp:attachment":[{"href":"https:\/\/ondauno.com.ar\/index.php\/wp-json\/wp\/v2\/media?parent=4927"}],"wp:term":[{"taxonomy":"category","embeddable":true,"href":"https:\/\/ondauno.com.ar\/index.php\/wp-json\/wp\/v2\/categories?post=4927"},{"taxonomy":"post_tag","embeddable":true,"href":"https:\/\/ondauno.com.ar\/index.php\/wp-json\/wp\/v2\/tags?post=4927"}],"curies":[{"name":"wp","href":"https:\/\/api.w.org\/{rel}","templated":true}]}}