{"id":49242,"date":"2024-08-06T21:08:43","date_gmt":"2024-08-07T00:08:43","guid":{"rendered":"https:\/\/ondauno.com.ar\/?p=49242"},"modified":"2024-08-06T21:08:46","modified_gmt":"2024-08-07T00:08:46","slug":"capacitacion-comunidad-anfitriona-en-orense-y-bellocq","status":"publish","type":"post","link":"https:\/\/ondauno.com.ar\/index.php\/2024\/08\/06\/capacitacion-comunidad-anfitriona-en-orense-y-bellocq\/","title":{"rendered":"Capacitaci\u00f3n &#8220;Comunidad Anfitriona&#8221; en Orense y Bellocq"},"content":{"rendered":"<div class=\"ondau-before-content_3\" style=\"margin-top: -30px;\" id=\"ondau-3124408235\"><a href=\"https:\/\/www.lps.com.ar\/\" aria-label=\"la-perse2\"><img loading=\"lazy\" decoding=\"async\" src=\"https:\/\/ondauno.com.ar\/wp-content\/uploads\/2021\/10\/la-perse2.jpg\" alt=\"\"  srcset=\"https:\/\/ondauno.com.ar\/wp-content\/uploads\/2021\/10\/la-perse2.jpg 1353w, https:\/\/ondauno.com.ar\/wp-content\/uploads\/2021\/10\/la-perse2-300x43.jpg 300w, https:\/\/ondauno.com.ar\/wp-content\/uploads\/2021\/10\/la-perse2-1024x148.jpg 1024w, https:\/\/ondauno.com.ar\/wp-content\/uploads\/2021\/10\/la-perse2-768x111.jpg 768w, https:\/\/ondauno.com.ar\/wp-content\/uploads\/2021\/10\/la-perse2-696x100.jpg 696w, https:\/\/ondauno.com.ar\/wp-content\/uploads\/2021\/10\/la-perse2-1068x154.jpg 1068w\" sizes=\"(max-width: 1353px) 100vw, 1353px\" class=\"no-lazyload\" width=\"1353\" height=\"195\"  style=\"display: inline-block;\" \/><\/a><\/div>\n<p>La Direcci\u00f3n de Turismo, a trav\u00e9s del responsable del \u00e1rea Pablo Ledesma y de la Lic. Carolina Goicoechea, se hizo presente en las localidades de Orense y Bellocq para dar la capacitaci\u00f3n de \u201cComunidad Anfitriona\u201d.\u00a0 Con un buen marco de asistentes representados por prestadores tur\u00edsticos, asociaciones, ONGs y referentes locales, se llevaron a cabo las capacitaciones en los distintos lugares. En Orense, la sede fue el Centro Cultural y Museo, con la presencia de representantes de las localidades de Orense y residentes y prestadores del balneario. <\/p>\n\n\n\n<p>En la tem\u00e1tica se tomaron como referencia los eventos con que ya cuenta el destino, como \u201cOrense Canta al Atl\u00e1ntico\u201d y la \u201cFiesta del Criollito Asado y Sabores Caseros\u201d. Por la ma\u00f1ana, el director recorri\u00f3 distintos puntos de inter\u00e9s de la localidad balnearia, reuni\u00e9ndose con algunos prestadores del lugar para recoger inquietudes de los mismos y analizar c\u00f3mo vendr\u00e1 el movimiento ya con miras a la pr\u00f3xima temporada estival. Tambi\u00e9n Ledesma, junto a la Lic. Goicoechea y la referente de Turismo en Orense, Carmen Quiroga recorrieron el museo local, destacando lo bien organizado del sitio.<\/p>\n\n\n\n<p>Ya en horas de la tarde, la convocatoria fue en el Club Recreativo Echegoyen de San Francisco de Bellocq, donde se reunieron m\u00e1s de 40 vecinos, comerciantes, docentes, alumnos y referentes de instituciones locales. La capacitaci\u00f3n se llev\u00f3 a cabo extendi\u00e9ndose m\u00e1s all\u00e1 de los tiempos establecidos, por la participaci\u00f3n activa de los concurrentes. Bellocq se prepara para realizar la primera edici\u00f3n de la Fiesta del Turismo Rural en septiembre, y la inquietud de su delegado Marcos Taboada, deriv\u00f3 en la capacitaci\u00f3n para los eventos venideros.<br>\u00a0\u201cTres Arroyos es un distrito rico en diversidad de atractivos, algunos consolidados y otros con trabajo por delante. <\/p>\n\n\n\n<p>Siempre pensando en construir un circuito virtuoso de ofertas complementarias entre s\u00ed, es que estamos trabajando y capacitando a los actores centrales, que son los residentes locales\u201d, manifest\u00f3 Ledesma, para continuar comentando las acciones en esta direcci\u00f3n que se vienen para m\u00e1s adelante, \u201cla idea es seguir en esta l\u00ednea, llegando a la gente como nos pidi\u00f3 el intendente Garate desde el primer d\u00eda de gesti\u00f3n,\u00a0 por lo pronto la llegada con Comunidad Anfitriona a Copetonas, Reta y Claromec\u00f3 es la idea, para luego continuar con la capacitaci\u00f3n de Armado de Productos Tur\u00edsticos, y m\u00e1s cerca de la temporada -cuando los prestadores definan sus staff de personal- dar la capacitaci\u00f3n para Camarer@s y Mucam@s, y as\u00ed\u00a0 ir mejorando la Calidad de Servicios\u00a0 los destinos\u201d.\u00a0\u00a0<\/p>\n","protected":false},"excerpt":{"rendered":"<p>La Direcci\u00f3n de Turismo, a trav\u00e9s del responsable del \u00e1rea Pablo Ledesma y de la Lic. Carolina Goicoechea, se hizo presente en las localidades de Orense y Bellocq para dar la capacitaci\u00f3n de \u201cComunidad Anfitriona\u201d.\u00a0 Con un buen marco de asistentes representados por prestadores tur\u00edsticos, asociaciones, ONGs y referentes locales, se llevaron a cabo las [&hellip;]<\/p>\n","protected":false},"author":1,"featured_media":49243,"comment_status":"open","ping_status":"open","sticky":false,"template":"","format":"standard","meta":{"tdm_status":"","tdm_grid_status":"","_jetpack_memberships_contains_paid_content":false,"footnotes":"","jetpack_publicize_message":"","jetpack_publicize_feature_enabled":true,"jetpack_social_post_already_shared":false,"jetpack_social_options":{"image_generator_settings":{"template":"highway","default_image_id":0,"font":"","enabled":false},"version":2}},"categories":[2],"tags":[],"class_list":{"0":"post-49242","1":"post","2":"type-post","3":"status-publish","4":"format-standard","5":"has-post-thumbnail","7":"category-locales"},"yoast_head":"<!-- This site is optimized with the Yoast SEO plugin v22.7 - https:\/\/yoast.com\/wordpress\/plugins\/seo\/ -->\n<title>Capacitaci\u00f3n &quot;Comunidad Anfitriona&quot; en Orense y Bellocq - 103.9 fm<\/title>\n<meta name=\"robots\" content=\"index, follow, max-snippet:-1, max-image-preview:large, max-video-preview:-1\" \/>\n<link rel=\"canonical\" href=\"https:\/\/ondauno.com.ar\/index.php\/2024\/08\/06\/capacitacion-comunidad-anfitriona-en-orense-y-bellocq\/\" \/>\n<meta property=\"og:locale\" content=\"es_ES\" \/>\n<meta property=\"og:type\" content=\"article\" \/>\n<meta property=\"og:title\" content=\"Capacitaci\u00f3n &quot;Comunidad Anfitriona&quot; en Orense y Bellocq - 103.9 fm\" \/>\n<meta property=\"og:description\" content=\"La Direcci\u00f3n de Turismo, a trav\u00e9s del responsable del \u00e1rea Pablo Ledesma y de la Lic. Carolina Goicoechea, se hizo presente en las localidades de Orense y Bellocq para dar la capacitaci\u00f3n de \u201cComunidad Anfitriona\u201d.\u00a0 Con un buen marco de asistentes representados por prestadores tur\u00edsticos, asociaciones, ONGs y referentes locales, se llevaron a cabo las [&hellip;]\" \/>\n<meta property=\"og:url\" content=\"https:\/\/ondauno.com.ar\/index.php\/2024\/08\/06\/capacitacion-comunidad-anfitriona-en-orense-y-bellocq\/\" \/>\n<meta property=\"og:site_name\" content=\"103.9 fm\" \/>\n<meta property=\"article:publisher\" content=\"https:\/\/www.facebook.com\/ondauno103.9\" \/>\n<meta property=\"article:published_time\" content=\"2024-08-07T00:08:43+00:00\" \/>\n<meta property=\"article:modified_time\" content=\"2024-08-07T00:08:46+00:00\" \/>\n<meta property=\"og:image\" content=\"http:\/\/ondauno.com.ar\/wp-content\/uploads\/2024\/08\/WhatsApp-Image-2024-08-06-at-12.22.07.jpeg\" \/>\n\t<meta property=\"og:image:width\" content=\"1600\" \/>\n\t<meta property=\"og:image:height\" content=\"720\" \/>\n\t<meta property=\"og:image:type\" content=\"image\/jpeg\" \/>\n<meta name=\"author\" content=\"OndaUno\" \/>\n<meta name=\"twitter:card\" content=\"summary_large_image\" \/>\n<meta name=\"twitter:label1\" content=\"Escrito por\" \/>\n\t<meta name=\"twitter:data1\" content=\"OndaUno\" \/>\n\t<meta name=\"twitter:label2\" content=\"Tiempo de lectura\" \/>\n\t<meta name=\"twitter:data2\" content=\"3 minutos\" \/>\n<script type=\"application\/ld+json\" class=\"yoast-schema-graph\">{\"@context\":\"https:\/\/schema.org\",\"@graph\":[{\"@type\":\"WebPage\",\"@id\":\"https:\/\/ondauno.com.ar\/index.php\/2024\/08\/06\/capacitacion-comunidad-anfitriona-en-orense-y-bellocq\/\",\"url\":\"https:\/\/ondauno.com.ar\/index.php\/2024\/08\/06\/capacitacion-comunidad-anfitriona-en-orense-y-bellocq\/\",\"name\":\"Capacitaci\u00f3n \\\"Comunidad Anfitriona\\\" en Orense y Bellocq - 103.9 fm\",\"isPartOf\":{\"@id\":\"https:\/\/ondauno.com.ar\/#website\"},\"primaryImageOfPage\":{\"@id\":\"https:\/\/ondauno.com.ar\/index.php\/2024\/08\/06\/capacitacion-comunidad-anfitriona-en-orense-y-bellocq\/#primaryimage\"},\"image\":{\"@id\":\"https:\/\/ondauno.com.ar\/index.php\/2024\/08\/06\/capacitacion-comunidad-anfitriona-en-orense-y-bellocq\/#primaryimage\"},\"thumbnailUrl\":\"https:\/\/ondauno.com.ar\/wp-content\/uploads\/2024\/08\/WhatsApp-Image-2024-08-06-at-12.22.07.jpeg\",\"datePublished\":\"2024-08-07T00:08:43+00:00\",\"dateModified\":\"2024-08-07T00:08:46+00:00\",\"author\":{\"@id\":\"https:\/\/ondauno.com.ar\/#\/schema\/person\/7ec851ddeceb4133d7d7132dc645714e\"},\"breadcrumb\":{\"@id\":\"https:\/\/ondauno.com.ar\/index.php\/2024\/08\/06\/capacitacion-comunidad-anfitriona-en-orense-y-bellocq\/#breadcrumb\"},\"inLanguage\":\"es-AR\",\"potentialAction\":[{\"@type\":\"ReadAction\",\"target\":[\"https:\/\/ondauno.com.ar\/index.php\/2024\/08\/06\/capacitacion-comunidad-anfitriona-en-orense-y-bellocq\/\"]}]},{\"@type\":\"ImageObject\",\"inLanguage\":\"es-AR\",\"@id\":\"https:\/\/ondauno.com.ar\/index.php\/2024\/08\/06\/capacitacion-comunidad-anfitriona-en-orense-y-bellocq\/#primaryimage\",\"url\":\"https:\/\/ondauno.com.ar\/wp-content\/uploads\/2024\/08\/WhatsApp-Image-2024-08-06-at-12.22.07.jpeg\",\"contentUrl\":\"https:\/\/ondauno.com.ar\/wp-content\/uploads\/2024\/08\/WhatsApp-Image-2024-08-06-at-12.22.07.jpeg\",\"width\":1600,\"height\":720},{\"@type\":\"BreadcrumbList\",\"@id\":\"https:\/\/ondauno.com.ar\/index.php\/2024\/08\/06\/capacitacion-comunidad-anfitriona-en-orense-y-bellocq\/#breadcrumb\",\"itemListElement\":[{\"@type\":\"ListItem\",\"position\":1,\"name\":\"Inicio\",\"item\":\"https:\/\/ondauno.com.ar\/\"},{\"@type\":\"ListItem\",\"position\":2,\"name\":\"Capacitaci\u00f3n &#8220;Comunidad Anfitriona&#8221; en Orense y Bellocq\"}]},{\"@type\":\"WebSite\",\"@id\":\"https:\/\/ondauno.com.ar\/#website\",\"url\":\"https:\/\/ondauno.com.ar\/\",\"name\":\"103.9 fm\",\"description\":\"LA PRIMERA RADIO MULTIMEDIA DE TRES ARROYOS\",\"potentialAction\":[{\"@type\":\"SearchAction\",\"target\":{\"@type\":\"EntryPoint\",\"urlTemplate\":\"https:\/\/ondauno.com.ar\/?s={search_term_string}\"},\"query-input\":\"required name=search_term_string\"}],\"inLanguage\":\"es-AR\"},{\"@type\":\"Person\",\"@id\":\"https:\/\/ondauno.com.ar\/#\/schema\/person\/7ec851ddeceb4133d7d7132dc645714e\",\"name\":\"OndaUno\",\"image\":{\"@type\":\"ImageObject\",\"inLanguage\":\"es-AR\",\"@id\":\"https:\/\/ondauno.com.ar\/#\/schema\/person\/image\/\",\"url\":\"https:\/\/secure.gravatar.com\/avatar\/93b8009f0de7021f1feb2bd5b32fb9e8?s=96&d=mm&r=g\",\"contentUrl\":\"https:\/\/secure.gravatar.com\/avatar\/93b8009f0de7021f1feb2bd5b32fb9e8?s=96&d=mm&r=g\",\"caption\":\"OndaUno\"},\"url\":\"https:\/\/ondauno.com.ar\/index.php\/author\/ondauno\/\"}]}<\/script>\n<!-- \/ Yoast SEO plugin. -->","yoast_head_json":{"title":"Capacitaci\u00f3n \"Comunidad Anfitriona\" en Orense y Bellocq - 103.9 fm","robots":{"index":"index","follow":"follow","max-snippet":"max-snippet:-1","max-image-preview":"max-image-preview:large","max-video-preview":"max-video-preview:-1"},"canonical":"https:\/\/ondauno.com.ar\/index.php\/2024\/08\/06\/capacitacion-comunidad-anfitriona-en-orense-y-bellocq\/","og_locale":"es_ES","og_type":"article","og_title":"Capacitaci\u00f3n \"Comunidad Anfitriona\" en Orense y Bellocq - 103.9 fm","og_description":"La Direcci\u00f3n de Turismo, a trav\u00e9s del responsable del \u00e1rea Pablo Ledesma y de la Lic. Carolina Goicoechea, se hizo presente en las localidades de Orense y Bellocq para dar la capacitaci\u00f3n de \u201cComunidad Anfitriona\u201d.\u00a0 Con un buen marco de asistentes representados por prestadores tur\u00edsticos, asociaciones, ONGs y referentes locales, se llevaron a cabo las [&hellip;]","og_url":"https:\/\/ondauno.com.ar\/index.php\/2024\/08\/06\/capacitacion-comunidad-anfitriona-en-orense-y-bellocq\/","og_site_name":"103.9 fm","article_publisher":"https:\/\/www.facebook.com\/ondauno103.9","article_published_time":"2024-08-07T00:08:43+00:00","article_modified_time":"2024-08-07T00:08:46+00:00","og_image":[{"width":1600,"height":720,"url":"http:\/\/ondauno.com.ar\/wp-content\/uploads\/2024\/08\/WhatsApp-Image-2024-08-06-at-12.22.07.jpeg","type":"image\/jpeg"}],"author":"OndaUno","twitter_card":"summary_large_image","twitter_misc":{"Escrito por":"OndaUno","Tiempo de lectura":"3 minutos"},"schema":{"@context":"https:\/\/schema.org","@graph":[{"@type":"WebPage","@id":"https:\/\/ondauno.com.ar\/index.php\/2024\/08\/06\/capacitacion-comunidad-anfitriona-en-orense-y-bellocq\/","url":"https:\/\/ondauno.com.ar\/index.php\/2024\/08\/06\/capacitacion-comunidad-anfitriona-en-orense-y-bellocq\/","name":"Capacitaci\u00f3n \"Comunidad Anfitriona\" en Orense y Bellocq - 103.9 fm","isPartOf":{"@id":"https:\/\/ondauno.com.ar\/#website"},"primaryImageOfPage":{"@id":"https:\/\/ondauno.com.ar\/index.php\/2024\/08\/06\/capacitacion-comunidad-anfitriona-en-orense-y-bellocq\/#primaryimage"},"image":{"@id":"https:\/\/ondauno.com.ar\/index.php\/2024\/08\/06\/capacitacion-comunidad-anfitriona-en-orense-y-bellocq\/#primaryimage"},"thumbnailUrl":"https:\/\/ondauno.com.ar\/wp-content\/uploads\/2024\/08\/WhatsApp-Image-2024-08-06-at-12.22.07.jpeg","datePublished":"2024-08-07T00:08:43+00:00","dateModified":"2024-08-07T00:08:46+00:00","author":{"@id":"https:\/\/ondauno.com.ar\/#\/schema\/person\/7ec851ddeceb4133d7d7132dc645714e"},"breadcrumb":{"@id":"https:\/\/ondauno.com.ar\/index.php\/2024\/08\/06\/capacitacion-comunidad-anfitriona-en-orense-y-bellocq\/#breadcrumb"},"inLanguage":"es-AR","potentialAction":[{"@type":"ReadAction","target":["https:\/\/ondauno.com.ar\/index.php\/2024\/08\/06\/capacitacion-comunidad-anfitriona-en-orense-y-bellocq\/"]}]},{"@type":"ImageObject","inLanguage":"es-AR","@id":"https:\/\/ondauno.com.ar\/index.php\/2024\/08\/06\/capacitacion-comunidad-anfitriona-en-orense-y-bellocq\/#primaryimage","url":"https:\/\/ondauno.com.ar\/wp-content\/uploads\/2024\/08\/WhatsApp-Image-2024-08-06-at-12.22.07.jpeg","contentUrl":"https:\/\/ondauno.com.ar\/wp-content\/uploads\/2024\/08\/WhatsApp-Image-2024-08-06-at-12.22.07.jpeg","width":1600,"height":720},{"@type":"BreadcrumbList","@id":"https:\/\/ondauno.com.ar\/index.php\/2024\/08\/06\/capacitacion-comunidad-anfitriona-en-orense-y-bellocq\/#breadcrumb","itemListElement":[{"@type":"ListItem","position":1,"name":"Inicio","item":"https:\/\/ondauno.com.ar\/"},{"@type":"ListItem","position":2,"name":"Capacitaci\u00f3n &#8220;Comunidad Anfitriona&#8221; en Orense y Bellocq"}]},{"@type":"WebSite","@id":"https:\/\/ondauno.com.ar\/#website","url":"https:\/\/ondauno.com.ar\/","name":"103.9 fm","description":"LA PRIMERA RADIO MULTIMEDIA DE TRES ARROYOS","potentialAction":[{"@type":"SearchAction","target":{"@type":"EntryPoint","urlTemplate":"https:\/\/ondauno.com.ar\/?s={search_term_string}"},"query-input":"required name=search_term_string"}],"inLanguage":"es-AR"},{"@type":"Person","@id":"https:\/\/ondauno.com.ar\/#\/schema\/person\/7ec851ddeceb4133d7d7132dc645714e","name":"OndaUno","image":{"@type":"ImageObject","inLanguage":"es-AR","@id":"https:\/\/ondauno.com.ar\/#\/schema\/person\/image\/","url":"https:\/\/secure.gravatar.com\/avatar\/93b8009f0de7021f1feb2bd5b32fb9e8?s=96&d=mm&r=g","contentUrl":"https:\/\/secure.gravatar.com\/avatar\/93b8009f0de7021f1feb2bd5b32fb9e8?s=96&d=mm&r=g","caption":"OndaUno"},"url":"https:\/\/ondauno.com.ar\/index.php\/author\/ondauno\/"}]}},"jetpack_publicize_connections":[],"jetpack_featured_media_url":"https:\/\/ondauno.com.ar\/wp-content\/uploads\/2024\/08\/WhatsApp-Image-2024-08-06-at-12.22.07.jpeg","jetpack_sharing_enabled":true,"_links":{"self":[{"href":"https:\/\/ondauno.com.ar\/index.php\/wp-json\/wp\/v2\/posts\/49242","targetHints":{"allow":["GET"]}}],"collection":[{"href":"https:\/\/ondauno.com.ar\/index.php\/wp-json\/wp\/v2\/posts"}],"about":[{"href":"https:\/\/ondauno.com.ar\/index.php\/wp-json\/wp\/v2\/types\/post"}],"author":[{"embeddable":true,"href":"https:\/\/ondauno.com.ar\/index.php\/wp-json\/wp\/v2\/users\/1"}],"replies":[{"embeddable":true,"href":"https:\/\/ondauno.com.ar\/index.php\/wp-json\/wp\/v2\/comments?post=49242"}],"version-history":[{"count":1,"href":"https:\/\/ondauno.com.ar\/index.php\/wp-json\/wp\/v2\/posts\/49242\/revisions"}],"predecessor-version":[{"id":49244,"href":"https:\/\/ondauno.com.ar\/index.php\/wp-json\/wp\/v2\/posts\/49242\/revisions\/49244"}],"wp:featuredmedia":[{"embeddable":true,"href":"https:\/\/ondauno.com.ar\/index.php\/wp-json\/wp\/v2\/media\/49243"}],"wp:attachment":[{"href":"https:\/\/ondauno.com.ar\/index.php\/wp-json\/wp\/v2\/media?parent=49242"}],"wp:term":[{"taxonomy":"category","embeddable":true,"href":"https:\/\/ondauno.com.ar\/index.php\/wp-json\/wp\/v2\/categories?post=49242"},{"taxonomy":"post_tag","embeddable":true,"href":"https:\/\/ondauno.com.ar\/index.php\/wp-json\/wp\/v2\/tags?post=49242"}],"curies":[{"name":"wp","href":"https:\/\/api.w.org\/{rel}","templated":true}]}}