{"id":49228,"date":"2024-08-06T20:56:58","date_gmt":"2024-08-06T23:56:58","guid":{"rendered":"https:\/\/ondauno.com.ar\/?p=49228"},"modified":"2024-08-06T21:11:02","modified_gmt":"2024-08-07T00:11:02","slug":"asi-aprobo-el-concejo-la-ordenanza-para-mejorar-el-centro-de-monitoreo","status":"publish","type":"post","link":"https:\/\/ondauno.com.ar\/index.php\/2024\/08\/06\/asi-aprobo-el-concejo-la-ordenanza-para-mejorar-el-centro-de-monitoreo\/","title":{"rendered":"As\u00ed aprob\u00f3 el Concejo la ordenanza para mejorar el Centro de Monitoreo"},"content":{"rendered":"<div class=\"ondau-before-content_3\" style=\"margin-top: -30px;\" id=\"ondau-3334130142\"><a href=\"https:\/\/www.lps.com.ar\/\" aria-label=\"la-perse2\"><img loading=\"lazy\" decoding=\"async\" src=\"https:\/\/ondauno.com.ar\/wp-content\/uploads\/2021\/10\/la-perse2.jpg\" alt=\"\"  srcset=\"https:\/\/ondauno.com.ar\/wp-content\/uploads\/2021\/10\/la-perse2.jpg 1353w, https:\/\/ondauno.com.ar\/wp-content\/uploads\/2021\/10\/la-perse2-300x43.jpg 300w, https:\/\/ondauno.com.ar\/wp-content\/uploads\/2021\/10\/la-perse2-1024x148.jpg 1024w, https:\/\/ondauno.com.ar\/wp-content\/uploads\/2021\/10\/la-perse2-768x111.jpg 768w, https:\/\/ondauno.com.ar\/wp-content\/uploads\/2021\/10\/la-perse2-696x100.jpg 696w, https:\/\/ondauno.com.ar\/wp-content\/uploads\/2021\/10\/la-perse2-1068x154.jpg 1068w\" sizes=\"(max-width: 1353px) 100vw, 1353px\" class=\"no-lazyload\" width=\"1353\" height=\"195\"  style=\"display: inline-block;\" \/><\/a><\/div>\n<p>El jueves 1\u00b0 de agosto pasado se dio inicio a la 11va. Sesi\u00f3n Ordinaria del Per\u00edodo Legislativo 2024. Tras un malentendido con un expediente, el bloque de concejales de Uni\u00f3n por la Patria solicit\u00f3 un cuarto intermedio para tratar dicho problema, y en reuni\u00f3n de la Comisi\u00f3n de Labor Deliberativa se decidi\u00f3 postergar la sesi\u00f3n para este lunes 5 de agosto a las 11.<\/p>\n\n\n\n<p>La sesi\u00f3n de esta ma\u00f1ana comenz\u00f3 con una nueva solicitud de un cuarto intermedio para consultar con el Asesor Letrado si las conejales Daiana De Grazia, Marisa Marioli y Carmen Merlo (en reemplazo de Eduardo Giordano, quien retom\u00f3 su actividad el d\u00eda viernes) deb\u00edan ocupar sus bancas en la ocasi\u00f3n ya que no hab\u00edan firmado el cuaderno de asistencia el d\u00eda jueves 1\u00b0; a lo que Horacio Hid manifest\u00f3 que no correspond\u00eda ya que, seg\u00fan el cuaderno que constata las asistencias, las ediles estuvieron ausentes en la inicio de esta sesi\u00f3n. De esta manera, la sesi\u00f3n de hoy por la ma\u00f1ana se llev\u00f3 adelante con la presencia de 15 concejales.<\/p>\n\n\n\n<p>Comenzando con el Orden del D\u00eda, se aprob\u00f3 por mayor\u00eda el Acta N\u00b0 1006. De los despachos de la Comisi\u00f3n de Hacienda y Producci\u00f3n se aprob\u00f3 por unanimidad la licitaci\u00f3n de las hect\u00e1reas productivas del Aer\u00f3dromo Municipal al \u00fanico oferente presentado.<\/p>\n\n\n\n<p>Adem\u00e1s, se aprob\u00f3 por mayor\u00eda \u2013con abstenci\u00f3n de La Libertad Avanza- el proyecto que autoriza al Ejecutivo a realizar la licitaci\u00f3n del Servicio de Monitoreo, con las modificaciones planteadas por los bloques del Movimiento Vecinal y Juntos por el Cambio incluidas a trav\u00e9s de una moci\u00f3n, seg\u00fan inform\u00f3 el \u00e1rea de prensa del HCD.<\/p>\n","protected":false},"excerpt":{"rendered":"<p>El jueves 1\u00b0 de agosto pasado se dio inicio a la 11va. Sesi\u00f3n Ordinaria del Per\u00edodo Legislativo 2024. Tras un malentendido con un expediente, el bloque de concejales de Uni\u00f3n por la Patria solicit\u00f3 un cuarto intermedio para tratar dicho problema, y en reuni\u00f3n de la Comisi\u00f3n de Labor Deliberativa se decidi\u00f3 postergar la sesi\u00f3n [&hellip;]<\/p>\n","protected":false},"author":1,"featured_media":49229,"comment_status":"open","ping_status":"open","sticky":false,"template":"","format":"standard","meta":{"tdm_status":"","tdm_grid_status":"","_jetpack_memberships_contains_paid_content":false,"footnotes":"","jetpack_publicize_message":"","jetpack_publicize_feature_enabled":true,"jetpack_social_post_already_shared":false,"jetpack_social_options":{"image_generator_settings":{"template":"highway","default_image_id":0,"font":"","enabled":false},"version":2}},"categories":[2],"tags":[],"class_list":{"0":"post-49228","1":"post","2":"type-post","3":"status-publish","4":"format-standard","5":"has-post-thumbnail","7":"category-locales"},"yoast_head":"<!-- This site is optimized with the Yoast SEO plugin v22.7 - https:\/\/yoast.com\/wordpress\/plugins\/seo\/ -->\n<title>As\u00ed aprob\u00f3 el Concejo la ordenanza para mejorar el Centro de Monitoreo - 103.9 fm<\/title>\n<meta name=\"robots\" content=\"index, follow, max-snippet:-1, max-image-preview:large, max-video-preview:-1\" \/>\n<link rel=\"canonical\" href=\"https:\/\/ondauno.com.ar\/index.php\/2024\/08\/06\/asi-aprobo-el-concejo-la-ordenanza-para-mejorar-el-centro-de-monitoreo\/\" \/>\n<meta property=\"og:locale\" content=\"es_ES\" \/>\n<meta property=\"og:type\" content=\"article\" \/>\n<meta property=\"og:title\" content=\"As\u00ed aprob\u00f3 el Concejo la ordenanza para mejorar el Centro de Monitoreo - 103.9 fm\" \/>\n<meta property=\"og:description\" content=\"El jueves 1\u00b0 de agosto pasado se dio inicio a la 11va. Sesi\u00f3n Ordinaria del Per\u00edodo Legislativo 2024. Tras un malentendido con un expediente, el bloque de concejales de Uni\u00f3n por la Patria solicit\u00f3 un cuarto intermedio para tratar dicho problema, y en reuni\u00f3n de la Comisi\u00f3n de Labor Deliberativa se decidi\u00f3 postergar la sesi\u00f3n [&hellip;]\" \/>\n<meta property=\"og:url\" content=\"https:\/\/ondauno.com.ar\/index.php\/2024\/08\/06\/asi-aprobo-el-concejo-la-ordenanza-para-mejorar-el-centro-de-monitoreo\/\" \/>\n<meta property=\"og:site_name\" content=\"103.9 fm\" \/>\n<meta property=\"article:publisher\" content=\"https:\/\/www.facebook.com\/ondauno103.9\" \/>\n<meta property=\"article:published_time\" content=\"2024-08-06T23:56:58+00:00\" \/>\n<meta property=\"article:modified_time\" content=\"2024-08-07T00:11:02+00:00\" \/>\n<meta property=\"og:image\" content=\"http:\/\/ondauno.com.ar\/wp-content\/uploads\/2024\/08\/WhatsApp-Image-2024-08-06-at-13.18.18.jpeg\" \/>\n\t<meta property=\"og:image:width\" content=\"1280\" \/>\n\t<meta property=\"og:image:height\" content=\"960\" \/>\n\t<meta property=\"og:image:type\" content=\"image\/jpeg\" \/>\n<meta name=\"author\" content=\"OndaUno\" \/>\n<meta name=\"twitter:card\" content=\"summary_large_image\" \/>\n<meta name=\"twitter:label1\" content=\"Escrito por\" \/>\n\t<meta name=\"twitter:data1\" content=\"OndaUno\" \/>\n\t<meta name=\"twitter:label2\" content=\"Tiempo de lectura\" \/>\n\t<meta name=\"twitter:data2\" content=\"2 minutos\" \/>\n<script type=\"application\/ld+json\" class=\"yoast-schema-graph\">{\"@context\":\"https:\/\/schema.org\",\"@graph\":[{\"@type\":\"WebPage\",\"@id\":\"https:\/\/ondauno.com.ar\/index.php\/2024\/08\/06\/asi-aprobo-el-concejo-la-ordenanza-para-mejorar-el-centro-de-monitoreo\/\",\"url\":\"https:\/\/ondauno.com.ar\/index.php\/2024\/08\/06\/asi-aprobo-el-concejo-la-ordenanza-para-mejorar-el-centro-de-monitoreo\/\",\"name\":\"As\u00ed aprob\u00f3 el Concejo la ordenanza para mejorar el Centro de Monitoreo - 103.9 fm\",\"isPartOf\":{\"@id\":\"https:\/\/ondauno.com.ar\/#website\"},\"primaryImageOfPage\":{\"@id\":\"https:\/\/ondauno.com.ar\/index.php\/2024\/08\/06\/asi-aprobo-el-concejo-la-ordenanza-para-mejorar-el-centro-de-monitoreo\/#primaryimage\"},\"image\":{\"@id\":\"https:\/\/ondauno.com.ar\/index.php\/2024\/08\/06\/asi-aprobo-el-concejo-la-ordenanza-para-mejorar-el-centro-de-monitoreo\/#primaryimage\"},\"thumbnailUrl\":\"https:\/\/ondauno.com.ar\/wp-content\/uploads\/2024\/08\/WhatsApp-Image-2024-08-06-at-13.18.18.jpeg\",\"datePublished\":\"2024-08-06T23:56:58+00:00\",\"dateModified\":\"2024-08-07T00:11:02+00:00\",\"author\":{\"@id\":\"https:\/\/ondauno.com.ar\/#\/schema\/person\/7ec851ddeceb4133d7d7132dc645714e\"},\"breadcrumb\":{\"@id\":\"https:\/\/ondauno.com.ar\/index.php\/2024\/08\/06\/asi-aprobo-el-concejo-la-ordenanza-para-mejorar-el-centro-de-monitoreo\/#breadcrumb\"},\"inLanguage\":\"es-AR\",\"potentialAction\":[{\"@type\":\"ReadAction\",\"target\":[\"https:\/\/ondauno.com.ar\/index.php\/2024\/08\/06\/asi-aprobo-el-concejo-la-ordenanza-para-mejorar-el-centro-de-monitoreo\/\"]}]},{\"@type\":\"ImageObject\",\"inLanguage\":\"es-AR\",\"@id\":\"https:\/\/ondauno.com.ar\/index.php\/2024\/08\/06\/asi-aprobo-el-concejo-la-ordenanza-para-mejorar-el-centro-de-monitoreo\/#primaryimage\",\"url\":\"https:\/\/ondauno.com.ar\/wp-content\/uploads\/2024\/08\/WhatsApp-Image-2024-08-06-at-13.18.18.jpeg\",\"contentUrl\":\"https:\/\/ondauno.com.ar\/wp-content\/uploads\/2024\/08\/WhatsApp-Image-2024-08-06-at-13.18.18.jpeg\",\"width\":1280,\"height\":960},{\"@type\":\"BreadcrumbList\",\"@id\":\"https:\/\/ondauno.com.ar\/index.php\/2024\/08\/06\/asi-aprobo-el-concejo-la-ordenanza-para-mejorar-el-centro-de-monitoreo\/#breadcrumb\",\"itemListElement\":[{\"@type\":\"ListItem\",\"position\":1,\"name\":\"Inicio\",\"item\":\"https:\/\/ondauno.com.ar\/\"},{\"@type\":\"ListItem\",\"position\":2,\"name\":\"As\u00ed aprob\u00f3 el Concejo la ordenanza para mejorar el Centro de Monitoreo\"}]},{\"@type\":\"WebSite\",\"@id\":\"https:\/\/ondauno.com.ar\/#website\",\"url\":\"https:\/\/ondauno.com.ar\/\",\"name\":\"103.9 fm\",\"description\":\"LA PRIMERA RADIO MULTIMEDIA DE TRES ARROYOS\",\"potentialAction\":[{\"@type\":\"SearchAction\",\"target\":{\"@type\":\"EntryPoint\",\"urlTemplate\":\"https:\/\/ondauno.com.ar\/?s={search_term_string}\"},\"query-input\":\"required name=search_term_string\"}],\"inLanguage\":\"es-AR\"},{\"@type\":\"Person\",\"@id\":\"https:\/\/ondauno.com.ar\/#\/schema\/person\/7ec851ddeceb4133d7d7132dc645714e\",\"name\":\"OndaUno\",\"image\":{\"@type\":\"ImageObject\",\"inLanguage\":\"es-AR\",\"@id\":\"https:\/\/ondauno.com.ar\/#\/schema\/person\/image\/\",\"url\":\"https:\/\/secure.gravatar.com\/avatar\/93b8009f0de7021f1feb2bd5b32fb9e8?s=96&d=mm&r=g\",\"contentUrl\":\"https:\/\/secure.gravatar.com\/avatar\/93b8009f0de7021f1feb2bd5b32fb9e8?s=96&d=mm&r=g\",\"caption\":\"OndaUno\"},\"url\":\"https:\/\/ondauno.com.ar\/index.php\/author\/ondauno\/\"}]}<\/script>\n<!-- \/ Yoast SEO plugin. -->","yoast_head_json":{"title":"As\u00ed aprob\u00f3 el Concejo la ordenanza para mejorar el Centro de Monitoreo - 103.9 fm","robots":{"index":"index","follow":"follow","max-snippet":"max-snippet:-1","max-image-preview":"max-image-preview:large","max-video-preview":"max-video-preview:-1"},"canonical":"https:\/\/ondauno.com.ar\/index.php\/2024\/08\/06\/asi-aprobo-el-concejo-la-ordenanza-para-mejorar-el-centro-de-monitoreo\/","og_locale":"es_ES","og_type":"article","og_title":"As\u00ed aprob\u00f3 el Concejo la ordenanza para mejorar el Centro de Monitoreo - 103.9 fm","og_description":"El jueves 1\u00b0 de agosto pasado se dio inicio a la 11va. Sesi\u00f3n Ordinaria del Per\u00edodo Legislativo 2024. Tras un malentendido con un expediente, el bloque de concejales de Uni\u00f3n por la Patria solicit\u00f3 un cuarto intermedio para tratar dicho problema, y en reuni\u00f3n de la Comisi\u00f3n de Labor Deliberativa se decidi\u00f3 postergar la sesi\u00f3n [&hellip;]","og_url":"https:\/\/ondauno.com.ar\/index.php\/2024\/08\/06\/asi-aprobo-el-concejo-la-ordenanza-para-mejorar-el-centro-de-monitoreo\/","og_site_name":"103.9 fm","article_publisher":"https:\/\/www.facebook.com\/ondauno103.9","article_published_time":"2024-08-06T23:56:58+00:00","article_modified_time":"2024-08-07T00:11:02+00:00","og_image":[{"width":1280,"height":960,"url":"http:\/\/ondauno.com.ar\/wp-content\/uploads\/2024\/08\/WhatsApp-Image-2024-08-06-at-13.18.18.jpeg","type":"image\/jpeg"}],"author":"OndaUno","twitter_card":"summary_large_image","twitter_misc":{"Escrito por":"OndaUno","Tiempo de lectura":"2 minutos"},"schema":{"@context":"https:\/\/schema.org","@graph":[{"@type":"WebPage","@id":"https:\/\/ondauno.com.ar\/index.php\/2024\/08\/06\/asi-aprobo-el-concejo-la-ordenanza-para-mejorar-el-centro-de-monitoreo\/","url":"https:\/\/ondauno.com.ar\/index.php\/2024\/08\/06\/asi-aprobo-el-concejo-la-ordenanza-para-mejorar-el-centro-de-monitoreo\/","name":"As\u00ed aprob\u00f3 el Concejo la ordenanza para mejorar el Centro de Monitoreo - 103.9 fm","isPartOf":{"@id":"https:\/\/ondauno.com.ar\/#website"},"primaryImageOfPage":{"@id":"https:\/\/ondauno.com.ar\/index.php\/2024\/08\/06\/asi-aprobo-el-concejo-la-ordenanza-para-mejorar-el-centro-de-monitoreo\/#primaryimage"},"image":{"@id":"https:\/\/ondauno.com.ar\/index.php\/2024\/08\/06\/asi-aprobo-el-concejo-la-ordenanza-para-mejorar-el-centro-de-monitoreo\/#primaryimage"},"thumbnailUrl":"https:\/\/ondauno.com.ar\/wp-content\/uploads\/2024\/08\/WhatsApp-Image-2024-08-06-at-13.18.18.jpeg","datePublished":"2024-08-06T23:56:58+00:00","dateModified":"2024-08-07T00:11:02+00:00","author":{"@id":"https:\/\/ondauno.com.ar\/#\/schema\/person\/7ec851ddeceb4133d7d7132dc645714e"},"breadcrumb":{"@id":"https:\/\/ondauno.com.ar\/index.php\/2024\/08\/06\/asi-aprobo-el-concejo-la-ordenanza-para-mejorar-el-centro-de-monitoreo\/#breadcrumb"},"inLanguage":"es-AR","potentialAction":[{"@type":"ReadAction","target":["https:\/\/ondauno.com.ar\/index.php\/2024\/08\/06\/asi-aprobo-el-concejo-la-ordenanza-para-mejorar-el-centro-de-monitoreo\/"]}]},{"@type":"ImageObject","inLanguage":"es-AR","@id":"https:\/\/ondauno.com.ar\/index.php\/2024\/08\/06\/asi-aprobo-el-concejo-la-ordenanza-para-mejorar-el-centro-de-monitoreo\/#primaryimage","url":"https:\/\/ondauno.com.ar\/wp-content\/uploads\/2024\/08\/WhatsApp-Image-2024-08-06-at-13.18.18.jpeg","contentUrl":"https:\/\/ondauno.com.ar\/wp-content\/uploads\/2024\/08\/WhatsApp-Image-2024-08-06-at-13.18.18.jpeg","width":1280,"height":960},{"@type":"BreadcrumbList","@id":"https:\/\/ondauno.com.ar\/index.php\/2024\/08\/06\/asi-aprobo-el-concejo-la-ordenanza-para-mejorar-el-centro-de-monitoreo\/#breadcrumb","itemListElement":[{"@type":"ListItem","position":1,"name":"Inicio","item":"https:\/\/ondauno.com.ar\/"},{"@type":"ListItem","position":2,"name":"As\u00ed aprob\u00f3 el Concejo la ordenanza para mejorar el Centro de Monitoreo"}]},{"@type":"WebSite","@id":"https:\/\/ondauno.com.ar\/#website","url":"https:\/\/ondauno.com.ar\/","name":"103.9 fm","description":"LA PRIMERA RADIO MULTIMEDIA DE TRES ARROYOS","potentialAction":[{"@type":"SearchAction","target":{"@type":"EntryPoint","urlTemplate":"https:\/\/ondauno.com.ar\/?s={search_term_string}"},"query-input":"required name=search_term_string"}],"inLanguage":"es-AR"},{"@type":"Person","@id":"https:\/\/ondauno.com.ar\/#\/schema\/person\/7ec851ddeceb4133d7d7132dc645714e","name":"OndaUno","image":{"@type":"ImageObject","inLanguage":"es-AR","@id":"https:\/\/ondauno.com.ar\/#\/schema\/person\/image\/","url":"https:\/\/secure.gravatar.com\/avatar\/93b8009f0de7021f1feb2bd5b32fb9e8?s=96&d=mm&r=g","contentUrl":"https:\/\/secure.gravatar.com\/avatar\/93b8009f0de7021f1feb2bd5b32fb9e8?s=96&d=mm&r=g","caption":"OndaUno"},"url":"https:\/\/ondauno.com.ar\/index.php\/author\/ondauno\/"}]}},"jetpack_publicize_connections":[],"jetpack_featured_media_url":"https:\/\/ondauno.com.ar\/wp-content\/uploads\/2024\/08\/WhatsApp-Image-2024-08-06-at-13.18.18.jpeg","jetpack_sharing_enabled":true,"_links":{"self":[{"href":"https:\/\/ondauno.com.ar\/index.php\/wp-json\/wp\/v2\/posts\/49228","targetHints":{"allow":["GET"]}}],"collection":[{"href":"https:\/\/ondauno.com.ar\/index.php\/wp-json\/wp\/v2\/posts"}],"about":[{"href":"https:\/\/ondauno.com.ar\/index.php\/wp-json\/wp\/v2\/types\/post"}],"author":[{"embeddable":true,"href":"https:\/\/ondauno.com.ar\/index.php\/wp-json\/wp\/v2\/users\/1"}],"replies":[{"embeddable":true,"href":"https:\/\/ondauno.com.ar\/index.php\/wp-json\/wp\/v2\/comments?post=49228"}],"version-history":[{"count":1,"href":"https:\/\/ondauno.com.ar\/index.php\/wp-json\/wp\/v2\/posts\/49228\/revisions"}],"predecessor-version":[{"id":49230,"href":"https:\/\/ondauno.com.ar\/index.php\/wp-json\/wp\/v2\/posts\/49228\/revisions\/49230"}],"wp:featuredmedia":[{"embeddable":true,"href":"https:\/\/ondauno.com.ar\/index.php\/wp-json\/wp\/v2\/media\/49229"}],"wp:attachment":[{"href":"https:\/\/ondauno.com.ar\/index.php\/wp-json\/wp\/v2\/media?parent=49228"}],"wp:term":[{"taxonomy":"category","embeddable":true,"href":"https:\/\/ondauno.com.ar\/index.php\/wp-json\/wp\/v2\/categories?post=49228"},{"taxonomy":"post_tag","embeddable":true,"href":"https:\/\/ondauno.com.ar\/index.php\/wp-json\/wp\/v2\/tags?post=49228"}],"curies":[{"name":"wp","href":"https:\/\/api.w.org\/{rel}","templated":true}]}}