{"id":48977,"date":"2024-07-30T22:37:13","date_gmt":"2024-07-31T01:37:13","guid":{"rendered":"https:\/\/ondauno.com.ar\/?p=48977"},"modified":"2024-07-30T22:37:58","modified_gmt":"2024-07-31T01:37:58","slug":"pemta-se-abren-las-inscripciones-para-el-2-cuatrimestre","status":"publish","type":"post","link":"https:\/\/ondauno.com.ar\/index.php\/2024\/07\/30\/pemta-se-abren-las-inscripciones-para-el-2-cuatrimestre\/","title":{"rendered":"PEMTA: Se abren las inscripciones para el 2\u00b0 cuatrimestre"},"content":{"rendered":"<div class=\"ondau-before-content_3\" style=\"margin-top: -30px;\" id=\"ondau-3111094457\"><a href=\"https:\/\/www.lps.com.ar\/\" aria-label=\"la-perse2\"><img loading=\"lazy\" decoding=\"async\" src=\"https:\/\/ondauno.com.ar\/wp-content\/uploads\/2021\/10\/la-perse2.jpg\" alt=\"\"  srcset=\"https:\/\/ondauno.com.ar\/wp-content\/uploads\/2021\/10\/la-perse2.jpg 1353w, https:\/\/ondauno.com.ar\/wp-content\/uploads\/2021\/10\/la-perse2-300x43.jpg 300w, https:\/\/ondauno.com.ar\/wp-content\/uploads\/2021\/10\/la-perse2-1024x148.jpg 1024w, https:\/\/ondauno.com.ar\/wp-content\/uploads\/2021\/10\/la-perse2-768x111.jpg 768w, https:\/\/ondauno.com.ar\/wp-content\/uploads\/2021\/10\/la-perse2-696x100.jpg 696w, https:\/\/ondauno.com.ar\/wp-content\/uploads\/2021\/10\/la-perse2-1068x154.jpg 1068w\" sizes=\"(max-width: 1353px) 100vw, 1353px\" class=\"no-lazyload\" width=\"1353\" height=\"195\"  style=\"display: inline-block;\" \/><\/a><\/div>\n<p>CRESTA, a trav\u00e9s de su Programa de Educaci\u00f3n para Mayores de Tres Arroyos (PEMTA), en conjunto con la Direcci\u00f3n de Deportes y la Direcci\u00f3n de Cultura de la Municipalidad de Tres Arroyos, invitan a participar de los talleres que se desarrollar\u00e1n a partir de la semana pr\u00f3xima.<\/p>\n\n\n\n<p>Las opciones para este cuatrimestre ser\u00e1n las siguientes:<\/p>\n\n\n\n<p>-Tarde de Radio &#8211; Loc. Karina Arias &#8211; Lunes 15 a 17hs en CC la Estaci\u00f3n<\/p>\n\n\n\n<p>-Alfabetizaci\u00f3n Digital \u2013 Prof. Luz Fern\u00e1ndez \u2013 Jueves 15 a 16:30 hs<\/p>\n\n\n\n<p>-Ingl\u00e9s \u2013 Prof. Silvina Di Rico \u2013 Jueves 15 a 16:30 hs<\/p>\n\n\n\n<p>-\u00bfMis mejores a\u00f1os de vida? \u2013 Lic. Celina Mac Kenna \u2013 Lunes 16 a 17:30 hs<\/p>\n\n\n\n<p>-Taller de Escritura \u2013 Corr. Liter. Mar\u00eda Julia Czubaj \u2013 Martes 16:30 a 18 hs (Claromec\u00f3)<\/p>\n\n\n\n<p>-Saludablemente \u2013 Lic. Natalia Di Paolo \u2013 Lunes 13 a 14 hs o 14:20 a 15:20 hs<\/p>\n\n\n\n<p>-Yoga \u2013 Instruc. Ruperto Serra Campano \u2013 Martes y viernes 11 a 12 hs<\/p>\n\n\n\n<p>-Gimnasia, Actividad F\u00edsica y Salud \u2013 Instruc. Hern\u00e1n Croce \u2013 Martes y jueves 9:45 a 10:45 (En conjunto con Direcci\u00f3n de Deportes, en Club de Pelota)<\/p>\n\n\n\n<p>-Zumba &#8211; Instruc. Andrea Cejas &#8211; Mi\u00e9rcoles 9:30 a 10:30 hs (En conjunto con Direcci\u00f3n de Deportes, en el Polideportivo)<\/p>\n\n\n\n<p>-IKIGAI: Encontrando tu vocaci\u00f3n \u2013 Lic. Martina Lasaga \u2013 Lunes 17:30 a 19 hs<\/p>\n\n\n\n<p>Escribo porque te quiero contar \u2013 Tec. Sup. En AT Anal\u00eda Mirasso \u2013 Lunes 9 a 10:30 hs<\/p>\n\n\n\n<p>Flexibilidad y Movimiento \u2013 Lic. Martina Finocchio \u2013 Martes de 14 a 15 hs o 15 a 16 hs.<\/p>\n\n\n\n<p>Los mismos son gratuitos y est\u00e1n destinados a todas las personas mayores de 60 a\u00f1os. Los interesados se pueden inscribir de manera presencial en la instituci\u00f3n el 31 de julio y el 1\u00b0 de agosto en el horario de 9:30 a 13:30 horas. El inicio de las actividades est\u00e1 previsto para el lunes 5 de agosto.<\/p>\n\n\n\n<p>IMPORTANTE: Si el alumno estuvo ASISTIENDO a los talleres que se inscribi\u00f3 en el primer cuatrimestre, YA QUEDA INSCRIPTO para el segundo cuatrimestre (no debe a inscribirse nuevamente, salvo que desee participar en otro). En caso de tener dudas o consultas, se pueden comunicar al tel\u00e9fono 430131.<\/p>\n","protected":false},"excerpt":{"rendered":"<p>CRESTA, a trav\u00e9s de su Programa de Educaci\u00f3n para Mayores de Tres Arroyos (PEMTA), en conjunto con la Direcci\u00f3n de Deportes y la Direcci\u00f3n de Cultura de la Municipalidad de Tres Arroyos, invitan a participar de los talleres que se desarrollar\u00e1n a partir de la semana pr\u00f3xima. Las opciones para este cuatrimestre ser\u00e1n las siguientes: [&hellip;]<\/p>\n","protected":false},"author":1,"featured_media":48978,"comment_status":"open","ping_status":"open","sticky":false,"template":"","format":"standard","meta":{"tdm_status":"","tdm_grid_status":"","_jetpack_memberships_contains_paid_content":false,"footnotes":"","jetpack_publicize_message":"","jetpack_publicize_feature_enabled":true,"jetpack_social_post_already_shared":false,"jetpack_social_options":{"image_generator_settings":{"template":"highway","default_image_id":0,"font":"","enabled":false},"version":2}},"categories":[2],"tags":[],"class_list":{"0":"post-48977","1":"post","2":"type-post","3":"status-publish","4":"format-standard","5":"has-post-thumbnail","7":"category-locales"},"yoast_head":"<!-- This site is optimized with the Yoast SEO plugin v22.7 - https:\/\/yoast.com\/wordpress\/plugins\/seo\/ -->\n<title>PEMTA: Se abren las inscripciones para el 2\u00b0 cuatrimestre - 103.9 fm<\/title>\n<meta name=\"robots\" content=\"index, follow, max-snippet:-1, max-image-preview:large, max-video-preview:-1\" \/>\n<link rel=\"canonical\" href=\"https:\/\/ondauno.com.ar\/index.php\/2024\/07\/30\/pemta-se-abren-las-inscripciones-para-el-2-cuatrimestre\/\" \/>\n<meta property=\"og:locale\" content=\"es_ES\" \/>\n<meta property=\"og:type\" content=\"article\" \/>\n<meta property=\"og:title\" content=\"PEMTA: Se abren las inscripciones para el 2\u00b0 cuatrimestre - 103.9 fm\" \/>\n<meta property=\"og:description\" content=\"CRESTA, a trav\u00e9s de su Programa de Educaci\u00f3n para Mayores de Tres Arroyos (PEMTA), en conjunto con la Direcci\u00f3n de Deportes y la Direcci\u00f3n de Cultura de la Municipalidad de Tres Arroyos, invitan a participar de los talleres que se desarrollar\u00e1n a partir de la semana pr\u00f3xima. Las opciones para este cuatrimestre ser\u00e1n las siguientes: [&hellip;]\" \/>\n<meta property=\"og:url\" content=\"https:\/\/ondauno.com.ar\/index.php\/2024\/07\/30\/pemta-se-abren-las-inscripciones-para-el-2-cuatrimestre\/\" \/>\n<meta property=\"og:site_name\" content=\"103.9 fm\" \/>\n<meta property=\"article:publisher\" content=\"https:\/\/www.facebook.com\/ondauno103.9\" \/>\n<meta property=\"article:published_time\" content=\"2024-07-31T01:37:13+00:00\" \/>\n<meta property=\"article:modified_time\" content=\"2024-07-31T01:37:58+00:00\" \/>\n<meta property=\"og:image\" content=\"http:\/\/ondauno.com.ar\/wp-content\/uploads\/2024\/07\/WhatsApp-Image-2024-07-30-at-13.22.05.jpeg\" \/>\n\t<meta property=\"og:image:width\" content=\"1080\" \/>\n\t<meta property=\"og:image:height\" content=\"1080\" \/>\n\t<meta property=\"og:image:type\" content=\"image\/jpeg\" \/>\n<meta name=\"author\" content=\"OndaUno\" \/>\n<meta name=\"twitter:card\" content=\"summary_large_image\" \/>\n<meta name=\"twitter:label1\" content=\"Escrito por\" \/>\n\t<meta name=\"twitter:data1\" content=\"OndaUno\" \/>\n\t<meta name=\"twitter:label2\" content=\"Tiempo de lectura\" \/>\n\t<meta name=\"twitter:data2\" content=\"2 minutos\" \/>\n<script type=\"application\/ld+json\" class=\"yoast-schema-graph\">{\"@context\":\"https:\/\/schema.org\",\"@graph\":[{\"@type\":\"WebPage\",\"@id\":\"https:\/\/ondauno.com.ar\/index.php\/2024\/07\/30\/pemta-se-abren-las-inscripciones-para-el-2-cuatrimestre\/\",\"url\":\"https:\/\/ondauno.com.ar\/index.php\/2024\/07\/30\/pemta-se-abren-las-inscripciones-para-el-2-cuatrimestre\/\",\"name\":\"PEMTA: Se abren las inscripciones para el 2\u00b0 cuatrimestre - 103.9 fm\",\"isPartOf\":{\"@id\":\"https:\/\/ondauno.com.ar\/#website\"},\"primaryImageOfPage\":{\"@id\":\"https:\/\/ondauno.com.ar\/index.php\/2024\/07\/30\/pemta-se-abren-las-inscripciones-para-el-2-cuatrimestre\/#primaryimage\"},\"image\":{\"@id\":\"https:\/\/ondauno.com.ar\/index.php\/2024\/07\/30\/pemta-se-abren-las-inscripciones-para-el-2-cuatrimestre\/#primaryimage\"},\"thumbnailUrl\":\"https:\/\/ondauno.com.ar\/wp-content\/uploads\/2024\/07\/WhatsApp-Image-2024-07-30-at-13.22.05.jpeg\",\"datePublished\":\"2024-07-31T01:37:13+00:00\",\"dateModified\":\"2024-07-31T01:37:58+00:00\",\"author\":{\"@id\":\"https:\/\/ondauno.com.ar\/#\/schema\/person\/7ec851ddeceb4133d7d7132dc645714e\"},\"breadcrumb\":{\"@id\":\"https:\/\/ondauno.com.ar\/index.php\/2024\/07\/30\/pemta-se-abren-las-inscripciones-para-el-2-cuatrimestre\/#breadcrumb\"},\"inLanguage\":\"es-AR\",\"potentialAction\":[{\"@type\":\"ReadAction\",\"target\":[\"https:\/\/ondauno.com.ar\/index.php\/2024\/07\/30\/pemta-se-abren-las-inscripciones-para-el-2-cuatrimestre\/\"]}]},{\"@type\":\"ImageObject\",\"inLanguage\":\"es-AR\",\"@id\":\"https:\/\/ondauno.com.ar\/index.php\/2024\/07\/30\/pemta-se-abren-las-inscripciones-para-el-2-cuatrimestre\/#primaryimage\",\"url\":\"https:\/\/ondauno.com.ar\/wp-content\/uploads\/2024\/07\/WhatsApp-Image-2024-07-30-at-13.22.05.jpeg\",\"contentUrl\":\"https:\/\/ondauno.com.ar\/wp-content\/uploads\/2024\/07\/WhatsApp-Image-2024-07-30-at-13.22.05.jpeg\",\"width\":1080,\"height\":1080},{\"@type\":\"BreadcrumbList\",\"@id\":\"https:\/\/ondauno.com.ar\/index.php\/2024\/07\/30\/pemta-se-abren-las-inscripciones-para-el-2-cuatrimestre\/#breadcrumb\",\"itemListElement\":[{\"@type\":\"ListItem\",\"position\":1,\"name\":\"Inicio\",\"item\":\"https:\/\/ondauno.com.ar\/\"},{\"@type\":\"ListItem\",\"position\":2,\"name\":\"PEMTA: Se abren las inscripciones para el 2\u00b0 cuatrimestre\"}]},{\"@type\":\"WebSite\",\"@id\":\"https:\/\/ondauno.com.ar\/#website\",\"url\":\"https:\/\/ondauno.com.ar\/\",\"name\":\"103.9 fm\",\"description\":\"LA PRIMERA RADIO MULTIMEDIA DE TRES ARROYOS\",\"potentialAction\":[{\"@type\":\"SearchAction\",\"target\":{\"@type\":\"EntryPoint\",\"urlTemplate\":\"https:\/\/ondauno.com.ar\/?s={search_term_string}\"},\"query-input\":\"required name=search_term_string\"}],\"inLanguage\":\"es-AR\"},{\"@type\":\"Person\",\"@id\":\"https:\/\/ondauno.com.ar\/#\/schema\/person\/7ec851ddeceb4133d7d7132dc645714e\",\"name\":\"OndaUno\",\"image\":{\"@type\":\"ImageObject\",\"inLanguage\":\"es-AR\",\"@id\":\"https:\/\/ondauno.com.ar\/#\/schema\/person\/image\/\",\"url\":\"https:\/\/secure.gravatar.com\/avatar\/93b8009f0de7021f1feb2bd5b32fb9e8?s=96&d=mm&r=g\",\"contentUrl\":\"https:\/\/secure.gravatar.com\/avatar\/93b8009f0de7021f1feb2bd5b32fb9e8?s=96&d=mm&r=g\",\"caption\":\"OndaUno\"},\"url\":\"https:\/\/ondauno.com.ar\/index.php\/author\/ondauno\/\"}]}<\/script>\n<!-- \/ Yoast SEO plugin. -->","yoast_head_json":{"title":"PEMTA: Se abren las inscripciones para el 2\u00b0 cuatrimestre - 103.9 fm","robots":{"index":"index","follow":"follow","max-snippet":"max-snippet:-1","max-image-preview":"max-image-preview:large","max-video-preview":"max-video-preview:-1"},"canonical":"https:\/\/ondauno.com.ar\/index.php\/2024\/07\/30\/pemta-se-abren-las-inscripciones-para-el-2-cuatrimestre\/","og_locale":"es_ES","og_type":"article","og_title":"PEMTA: Se abren las inscripciones para el 2\u00b0 cuatrimestre - 103.9 fm","og_description":"CRESTA, a trav\u00e9s de su Programa de Educaci\u00f3n para Mayores de Tres Arroyos (PEMTA), en conjunto con la Direcci\u00f3n de Deportes y la Direcci\u00f3n de Cultura de la Municipalidad de Tres Arroyos, invitan a participar de los talleres que se desarrollar\u00e1n a partir de la semana pr\u00f3xima. Las opciones para este cuatrimestre ser\u00e1n las siguientes: [&hellip;]","og_url":"https:\/\/ondauno.com.ar\/index.php\/2024\/07\/30\/pemta-se-abren-las-inscripciones-para-el-2-cuatrimestre\/","og_site_name":"103.9 fm","article_publisher":"https:\/\/www.facebook.com\/ondauno103.9","article_published_time":"2024-07-31T01:37:13+00:00","article_modified_time":"2024-07-31T01:37:58+00:00","og_image":[{"width":1080,"height":1080,"url":"http:\/\/ondauno.com.ar\/wp-content\/uploads\/2024\/07\/WhatsApp-Image-2024-07-30-at-13.22.05.jpeg","type":"image\/jpeg"}],"author":"OndaUno","twitter_card":"summary_large_image","twitter_misc":{"Escrito por":"OndaUno","Tiempo de lectura":"2 minutos"},"schema":{"@context":"https:\/\/schema.org","@graph":[{"@type":"WebPage","@id":"https:\/\/ondauno.com.ar\/index.php\/2024\/07\/30\/pemta-se-abren-las-inscripciones-para-el-2-cuatrimestre\/","url":"https:\/\/ondauno.com.ar\/index.php\/2024\/07\/30\/pemta-se-abren-las-inscripciones-para-el-2-cuatrimestre\/","name":"PEMTA: Se abren las inscripciones para el 2\u00b0 cuatrimestre - 103.9 fm","isPartOf":{"@id":"https:\/\/ondauno.com.ar\/#website"},"primaryImageOfPage":{"@id":"https:\/\/ondauno.com.ar\/index.php\/2024\/07\/30\/pemta-se-abren-las-inscripciones-para-el-2-cuatrimestre\/#primaryimage"},"image":{"@id":"https:\/\/ondauno.com.ar\/index.php\/2024\/07\/30\/pemta-se-abren-las-inscripciones-para-el-2-cuatrimestre\/#primaryimage"},"thumbnailUrl":"https:\/\/ondauno.com.ar\/wp-content\/uploads\/2024\/07\/WhatsApp-Image-2024-07-30-at-13.22.05.jpeg","datePublished":"2024-07-31T01:37:13+00:00","dateModified":"2024-07-31T01:37:58+00:00","author":{"@id":"https:\/\/ondauno.com.ar\/#\/schema\/person\/7ec851ddeceb4133d7d7132dc645714e"},"breadcrumb":{"@id":"https:\/\/ondauno.com.ar\/index.php\/2024\/07\/30\/pemta-se-abren-las-inscripciones-para-el-2-cuatrimestre\/#breadcrumb"},"inLanguage":"es-AR","potentialAction":[{"@type":"ReadAction","target":["https:\/\/ondauno.com.ar\/index.php\/2024\/07\/30\/pemta-se-abren-las-inscripciones-para-el-2-cuatrimestre\/"]}]},{"@type":"ImageObject","inLanguage":"es-AR","@id":"https:\/\/ondauno.com.ar\/index.php\/2024\/07\/30\/pemta-se-abren-las-inscripciones-para-el-2-cuatrimestre\/#primaryimage","url":"https:\/\/ondauno.com.ar\/wp-content\/uploads\/2024\/07\/WhatsApp-Image-2024-07-30-at-13.22.05.jpeg","contentUrl":"https:\/\/ondauno.com.ar\/wp-content\/uploads\/2024\/07\/WhatsApp-Image-2024-07-30-at-13.22.05.jpeg","width":1080,"height":1080},{"@type":"BreadcrumbList","@id":"https:\/\/ondauno.com.ar\/index.php\/2024\/07\/30\/pemta-se-abren-las-inscripciones-para-el-2-cuatrimestre\/#breadcrumb","itemListElement":[{"@type":"ListItem","position":1,"name":"Inicio","item":"https:\/\/ondauno.com.ar\/"},{"@type":"ListItem","position":2,"name":"PEMTA: Se abren las inscripciones para el 2\u00b0 cuatrimestre"}]},{"@type":"WebSite","@id":"https:\/\/ondauno.com.ar\/#website","url":"https:\/\/ondauno.com.ar\/","name":"103.9 fm","description":"LA PRIMERA RADIO MULTIMEDIA DE TRES ARROYOS","potentialAction":[{"@type":"SearchAction","target":{"@type":"EntryPoint","urlTemplate":"https:\/\/ondauno.com.ar\/?s={search_term_string}"},"query-input":"required name=search_term_string"}],"inLanguage":"es-AR"},{"@type":"Person","@id":"https:\/\/ondauno.com.ar\/#\/schema\/person\/7ec851ddeceb4133d7d7132dc645714e","name":"OndaUno","image":{"@type":"ImageObject","inLanguage":"es-AR","@id":"https:\/\/ondauno.com.ar\/#\/schema\/person\/image\/","url":"https:\/\/secure.gravatar.com\/avatar\/93b8009f0de7021f1feb2bd5b32fb9e8?s=96&d=mm&r=g","contentUrl":"https:\/\/secure.gravatar.com\/avatar\/93b8009f0de7021f1feb2bd5b32fb9e8?s=96&d=mm&r=g","caption":"OndaUno"},"url":"https:\/\/ondauno.com.ar\/index.php\/author\/ondauno\/"}]}},"jetpack_publicize_connections":[],"jetpack_featured_media_url":"https:\/\/ondauno.com.ar\/wp-content\/uploads\/2024\/07\/WhatsApp-Image-2024-07-30-at-13.22.05.jpeg","jetpack_sharing_enabled":true,"_links":{"self":[{"href":"https:\/\/ondauno.com.ar\/index.php\/wp-json\/wp\/v2\/posts\/48977","targetHints":{"allow":["GET"]}}],"collection":[{"href":"https:\/\/ondauno.com.ar\/index.php\/wp-json\/wp\/v2\/posts"}],"about":[{"href":"https:\/\/ondauno.com.ar\/index.php\/wp-json\/wp\/v2\/types\/post"}],"author":[{"embeddable":true,"href":"https:\/\/ondauno.com.ar\/index.php\/wp-json\/wp\/v2\/users\/1"}],"replies":[{"embeddable":true,"href":"https:\/\/ondauno.com.ar\/index.php\/wp-json\/wp\/v2\/comments?post=48977"}],"version-history":[{"count":1,"href":"https:\/\/ondauno.com.ar\/index.php\/wp-json\/wp\/v2\/posts\/48977\/revisions"}],"predecessor-version":[{"id":48979,"href":"https:\/\/ondauno.com.ar\/index.php\/wp-json\/wp\/v2\/posts\/48977\/revisions\/48979"}],"wp:featuredmedia":[{"embeddable":true,"href":"https:\/\/ondauno.com.ar\/index.php\/wp-json\/wp\/v2\/media\/48978"}],"wp:attachment":[{"href":"https:\/\/ondauno.com.ar\/index.php\/wp-json\/wp\/v2\/media?parent=48977"}],"wp:term":[{"taxonomy":"category","embeddable":true,"href":"https:\/\/ondauno.com.ar\/index.php\/wp-json\/wp\/v2\/categories?post=48977"},{"taxonomy":"post_tag","embeddable":true,"href":"https:\/\/ondauno.com.ar\/index.php\/wp-json\/wp\/v2\/tags?post=48977"}],"curies":[{"name":"wp","href":"https:\/\/api.w.org\/{rel}","templated":true}]}}