{"id":48898,"date":"2024-07-27T21:02:18","date_gmt":"2024-07-28T00:02:18","guid":{"rendered":"https:\/\/ondauno.com.ar\/?p=48898"},"modified":"2024-07-27T21:02:21","modified_gmt":"2024-07-28T00:02:21","slug":"el-hospital-pirovano-celebro-100-anos-al-servicio-de-la-comunidad","status":"publish","type":"post","link":"https:\/\/ondauno.com.ar\/index.php\/2024\/07\/27\/el-hospital-pirovano-celebro-100-anos-al-servicio-de-la-comunidad\/","title":{"rendered":"El Hospital Pirovano celebr\u00f3 100 a\u00f1os al servicio de la comunidad"},"content":{"rendered":"<div class=\"ondau-before-content_3\" style=\"margin-top: -30px;\" id=\"ondau-1736408891\"><a href=\"https:\/\/www.lps.com.ar\/\" aria-label=\"la-perse2\"><img loading=\"lazy\" decoding=\"async\" src=\"https:\/\/ondauno.com.ar\/wp-content\/uploads\/2021\/10\/la-perse2.jpg\" alt=\"\"  srcset=\"https:\/\/ondauno.com.ar\/wp-content\/uploads\/2021\/10\/la-perse2.jpg 1353w, https:\/\/ondauno.com.ar\/wp-content\/uploads\/2021\/10\/la-perse2-300x43.jpg 300w, https:\/\/ondauno.com.ar\/wp-content\/uploads\/2021\/10\/la-perse2-1024x148.jpg 1024w, https:\/\/ondauno.com.ar\/wp-content\/uploads\/2021\/10\/la-perse2-768x111.jpg 768w, https:\/\/ondauno.com.ar\/wp-content\/uploads\/2021\/10\/la-perse2-696x100.jpg 696w, https:\/\/ondauno.com.ar\/wp-content\/uploads\/2021\/10\/la-perse2-1068x154.jpg 1068w\" sizes=\"(max-width: 1353px) 100vw, 1353px\" class=\"no-lazyload\" width=\"1353\" height=\"195\"  style=\"display: inline-block;\" \/><\/a><\/div>\n<p>Un d\u00eda hist\u00f3rico para nuestra ciudad. El querido Hospital Pirovano cumple un siglo de vida, siendo un pilar fundamental en la salud de los vecinos.<\/p>\n\n\n\n<p><br>Para conmemorar este centenario, se inaugur\u00f3 oficialmente la nueva sala de capacitaci\u00f3n para profesionales de la salud, para llevar a cabo este acto se invito a Liliana Aid representante del Rotary Club, a Eugenio &#8220;Coco&#8221; Galilea por amigos del Hospital, Emiliano Capandegui director del hospital, Mercedes Moreno Secretaria de Salud y el director administrativo Pablo Huerta.<\/p>\n\n\n\n<p>Esta obra, resultado del esfuerzo conjunto de instituciones y diversas cuadrillas; representa una inversi\u00f3n en el futuro y un homenaje a todos aquellos que han dedicado su vida al cuidado de nuestra comunidad.<br>En palabras del intendente Pablo Garate, \u201cEstamos profundamente orgullosos de nuestro hospital y del trabajo incansable de todo el equipo. Sabemos que el contexto actual es desafiante, pero hemos elegido seguir avanzando y mejorando la calidad de vida de nuestros vecinos. La inauguraci\u00f3n de esta sala de capacitaci\u00f3n es un ejemplo m\u00e1s de nuestro compromiso con la salud y la educaci\u00f3n\u201d.<\/p>\n\n\n\n<figure class=\"wp-block-image size-large\"><img loading=\"lazy\" decoding=\"async\" width=\"1024\" height=\"683\" data-src=\"https:\/\/ondauno.com.ar\/wp-content\/uploads\/2024\/07\/WhatsApp-Image-2024-07-27-at-19.04.44-1-1024x683.jpeg\" alt=\"\" class=\"wp-image-48900 lazyload\" data-srcset=\"https:\/\/ondauno.com.ar\/wp-content\/uploads\/2024\/07\/WhatsApp-Image-2024-07-27-at-19.04.44-1-1024x683.jpeg 1024w, https:\/\/ondauno.com.ar\/wp-content\/uploads\/2024\/07\/WhatsApp-Image-2024-07-27-at-19.04.44-1-300x200.jpeg 300w, https:\/\/ondauno.com.ar\/wp-content\/uploads\/2024\/07\/WhatsApp-Image-2024-07-27-at-19.04.44-1-768x512.jpeg 768w, https:\/\/ondauno.com.ar\/wp-content\/uploads\/2024\/07\/WhatsApp-Image-2024-07-27-at-19.04.44-1-1536x1024.jpeg 1536w, https:\/\/ondauno.com.ar\/wp-content\/uploads\/2024\/07\/WhatsApp-Image-2024-07-27-at-19.04.44-1-630x420.jpeg 630w, https:\/\/ondauno.com.ar\/wp-content\/uploads\/2024\/07\/WhatsApp-Image-2024-07-27-at-19.04.44-1-696x464.jpeg 696w, https:\/\/ondauno.com.ar\/wp-content\/uploads\/2024\/07\/WhatsApp-Image-2024-07-27-at-19.04.44-1-1068x712.jpeg 1068w, https:\/\/ondauno.com.ar\/wp-content\/uploads\/2024\/07\/WhatsApp-Image-2024-07-27-at-19.04.44-1.jpeg 1599w\" data-sizes=\"auto, (max-width: 1024px) 100vw, 1024px\" src=\"data:image\/gif;base64,R0lGODlhAQABAAAAACH5BAEKAAEALAAAAAABAAEAAAICTAEAOw==\" style=\"--smush-placeholder-width: 1024px; --smush-placeholder-aspect-ratio: 1024\/683;\" \/><noscript><img loading=\"lazy\" decoding=\"async\" width=\"1024\" height=\"683\" src=\"https:\/\/ondauno.com.ar\/wp-content\/uploads\/2024\/07\/WhatsApp-Image-2024-07-27-at-19.04.44-1-1024x683.jpeg\" alt=\"\" class=\"wp-image-48900\" srcset=\"https:\/\/ondauno.com.ar\/wp-content\/uploads\/2024\/07\/WhatsApp-Image-2024-07-27-at-19.04.44-1-1024x683.jpeg 1024w, https:\/\/ondauno.com.ar\/wp-content\/uploads\/2024\/07\/WhatsApp-Image-2024-07-27-at-19.04.44-1-300x200.jpeg 300w, https:\/\/ondauno.com.ar\/wp-content\/uploads\/2024\/07\/WhatsApp-Image-2024-07-27-at-19.04.44-1-768x512.jpeg 768w, https:\/\/ondauno.com.ar\/wp-content\/uploads\/2024\/07\/WhatsApp-Image-2024-07-27-at-19.04.44-1-1536x1024.jpeg 1536w, https:\/\/ondauno.com.ar\/wp-content\/uploads\/2024\/07\/WhatsApp-Image-2024-07-27-at-19.04.44-1-630x420.jpeg 630w, https:\/\/ondauno.com.ar\/wp-content\/uploads\/2024\/07\/WhatsApp-Image-2024-07-27-at-19.04.44-1-696x464.jpeg 696w, https:\/\/ondauno.com.ar\/wp-content\/uploads\/2024\/07\/WhatsApp-Image-2024-07-27-at-19.04.44-1-1068x712.jpeg 1068w, https:\/\/ondauno.com.ar\/wp-content\/uploads\/2024\/07\/WhatsApp-Image-2024-07-27-at-19.04.44-1.jpeg 1599w\" sizes=\"auto, (max-width: 1024px) 100vw, 1024px\" \/><\/noscript><\/figure>\n\n\n\n<p>A lo largo de sus 100 a\u00f1os, el Hospital Pirovano ha sido testigo de innumerables historias de vida, brindando atenci\u00f3n m\u00e9dica a miles de personas. Su trayectoria es un testimonio del compromiso de la comunidad con la salud y el bienestar.<\/p>\n\n\n\n<p>El intendente Garate destac\u00f3 la importancia de escuchar las necesidades de los vecinos y trabajar en conjunto para encontrar soluciones. \u201cHay que agradecer a todo el personal del hospital, del centro de salud, de las salas, de todo el sector. Sabemos lo que padecen que tendr\u00edan que estar mejor, por eso hace 7 meses que estamos tratando de mejorar el salario espec\u00edficamente de todos los trabajadores municipales. Entendemos su valor, estamos haciendo el esfuerzo y trabajando para todo nuestro equipo, el que involucra a salud; trabajamos para dignificar la enorme tarea de cuidar a los vecinos de Tres Arroyos.\u201d.<\/p>\n\n\n\n<figure class=\"wp-block-image size-large\"><img loading=\"lazy\" decoding=\"async\" width=\"1024\" height=\"682\" data-src=\"https:\/\/ondauno.com.ar\/wp-content\/uploads\/2024\/07\/WhatsApp-Image-2024-07-27-at-19.04.43-1024x682.jpeg\" alt=\"\" class=\"wp-image-48901 lazyload\" data-srcset=\"https:\/\/ondauno.com.ar\/wp-content\/uploads\/2024\/07\/WhatsApp-Image-2024-07-27-at-19.04.43-1024x682.jpeg 1024w, https:\/\/ondauno.com.ar\/wp-content\/uploads\/2024\/07\/WhatsApp-Image-2024-07-27-at-19.04.43-300x200.jpeg 300w, https:\/\/ondauno.com.ar\/wp-content\/uploads\/2024\/07\/WhatsApp-Image-2024-07-27-at-19.04.43-768x512.jpeg 768w, https:\/\/ondauno.com.ar\/wp-content\/uploads\/2024\/07\/WhatsApp-Image-2024-07-27-at-19.04.43-1536x1023.jpeg 1536w, https:\/\/ondauno.com.ar\/wp-content\/uploads\/2024\/07\/WhatsApp-Image-2024-07-27-at-19.04.43-630x420.jpeg 630w, https:\/\/ondauno.com.ar\/wp-content\/uploads\/2024\/07\/WhatsApp-Image-2024-07-27-at-19.04.43-696x464.jpeg 696w, https:\/\/ondauno.com.ar\/wp-content\/uploads\/2024\/07\/WhatsApp-Image-2024-07-27-at-19.04.43-1068x712.jpeg 1068w, https:\/\/ondauno.com.ar\/wp-content\/uploads\/2024\/07\/WhatsApp-Image-2024-07-27-at-19.04.43.jpeg 1600w\" data-sizes=\"auto, (max-width: 1024px) 100vw, 1024px\" src=\"data:image\/gif;base64,R0lGODlhAQABAAAAACH5BAEKAAEALAAAAAABAAEAAAICTAEAOw==\" style=\"--smush-placeholder-width: 1024px; --smush-placeholder-aspect-ratio: 1024\/682;\" \/><noscript><img loading=\"lazy\" decoding=\"async\" width=\"1024\" height=\"682\" src=\"https:\/\/ondauno.com.ar\/wp-content\/uploads\/2024\/07\/WhatsApp-Image-2024-07-27-at-19.04.43-1024x682.jpeg\" alt=\"\" class=\"wp-image-48901\" srcset=\"https:\/\/ondauno.com.ar\/wp-content\/uploads\/2024\/07\/WhatsApp-Image-2024-07-27-at-19.04.43-1024x682.jpeg 1024w, https:\/\/ondauno.com.ar\/wp-content\/uploads\/2024\/07\/WhatsApp-Image-2024-07-27-at-19.04.43-300x200.jpeg 300w, https:\/\/ondauno.com.ar\/wp-content\/uploads\/2024\/07\/WhatsApp-Image-2024-07-27-at-19.04.43-768x512.jpeg 768w, https:\/\/ondauno.com.ar\/wp-content\/uploads\/2024\/07\/WhatsApp-Image-2024-07-27-at-19.04.43-1536x1023.jpeg 1536w, https:\/\/ondauno.com.ar\/wp-content\/uploads\/2024\/07\/WhatsApp-Image-2024-07-27-at-19.04.43-630x420.jpeg 630w, https:\/\/ondauno.com.ar\/wp-content\/uploads\/2024\/07\/WhatsApp-Image-2024-07-27-at-19.04.43-696x464.jpeg 696w, https:\/\/ondauno.com.ar\/wp-content\/uploads\/2024\/07\/WhatsApp-Image-2024-07-27-at-19.04.43-1068x712.jpeg 1068w, https:\/\/ondauno.com.ar\/wp-content\/uploads\/2024\/07\/WhatsApp-Image-2024-07-27-at-19.04.43.jpeg 1600w\" sizes=\"auto, (max-width: 1024px) 100vw, 1024px\" \/><\/noscript><\/figure>\n\n\n\n<p>Con la inauguraci\u00f3n de la nueva sala de capacitaci\u00f3n y la celebraci\u00f3n de su centenario, el Hospital Pirovano se proyecta hacia el futuro con renovado entusiasmo. Su compromiso con la excelencia m\u00e9dica y la atenci\u00f3n integral de los pacientes lo posicionan como un referente en la regi\u00f3n.<\/p>\n\n\n\n<p><\/p>\n","protected":false},"excerpt":{"rendered":"<p>Un d\u00eda hist\u00f3rico para nuestra ciudad. El querido Hospital Pirovano cumple un siglo de vida, siendo un pilar fundamental en la salud de los vecinos. Para conmemorar este centenario, se inaugur\u00f3 oficialmente la nueva sala de capacitaci\u00f3n para profesionales de la salud, para llevar a cabo este acto se invito a Liliana Aid representante del [&hellip;]<\/p>\n","protected":false},"author":1,"featured_media":48899,"comment_status":"open","ping_status":"open","sticky":false,"template":"","format":"standard","meta":{"tdm_status":"","tdm_grid_status":"","_jetpack_memberships_contains_paid_content":false,"footnotes":"","jetpack_publicize_message":"","jetpack_publicize_feature_enabled":true,"jetpack_social_post_already_shared":false,"jetpack_social_options":{"image_generator_settings":{"template":"highway","default_image_id":0,"font":"","enabled":false},"version":2}},"categories":[2],"tags":[],"class_list":{"0":"post-48898","1":"post","2":"type-post","3":"status-publish","4":"format-standard","5":"has-post-thumbnail","7":"category-locales"},"yoast_head":"<!-- This site is optimized with the Yoast SEO plugin v22.7 - https:\/\/yoast.com\/wordpress\/plugins\/seo\/ -->\n<title>El Hospital Pirovano celebr\u00f3 100 a\u00f1os al servicio de la comunidad - 103.9 fm<\/title>\n<meta name=\"robots\" content=\"index, follow, max-snippet:-1, max-image-preview:large, max-video-preview:-1\" \/>\n<link rel=\"canonical\" href=\"https:\/\/ondauno.com.ar\/index.php\/2024\/07\/27\/el-hospital-pirovano-celebro-100-anos-al-servicio-de-la-comunidad\/\" \/>\n<meta property=\"og:locale\" content=\"es_ES\" \/>\n<meta property=\"og:type\" content=\"article\" \/>\n<meta property=\"og:title\" content=\"El Hospital Pirovano celebr\u00f3 100 a\u00f1os al servicio de la comunidad - 103.9 fm\" \/>\n<meta property=\"og:description\" content=\"Un d\u00eda hist\u00f3rico para nuestra ciudad. El querido Hospital Pirovano cumple un siglo de vida, siendo un pilar fundamental en la salud de los vecinos. Para conmemorar este centenario, se inaugur\u00f3 oficialmente la nueva sala de capacitaci\u00f3n para profesionales de la salud, para llevar a cabo este acto se invito a Liliana Aid representante del [&hellip;]\" \/>\n<meta property=\"og:url\" content=\"https:\/\/ondauno.com.ar\/index.php\/2024\/07\/27\/el-hospital-pirovano-celebro-100-anos-al-servicio-de-la-comunidad\/\" \/>\n<meta property=\"og:site_name\" content=\"103.9 fm\" \/>\n<meta property=\"article:publisher\" content=\"https:\/\/www.facebook.com\/ondauno103.9\" \/>\n<meta property=\"article:published_time\" content=\"2024-07-28T00:02:18+00:00\" \/>\n<meta property=\"article:modified_time\" content=\"2024-07-28T00:02:21+00:00\" \/>\n<meta property=\"og:image\" content=\"http:\/\/ondauno.com.ar\/wp-content\/uploads\/2024\/07\/WhatsApp-Image-2024-07-27-at-19.04.45.jpeg\" \/>\n\t<meta property=\"og:image:width\" content=\"1599\" \/>\n\t<meta property=\"og:image:height\" content=\"1066\" \/>\n\t<meta property=\"og:image:type\" content=\"image\/jpeg\" \/>\n<meta name=\"author\" content=\"OndaUno\" \/>\n<meta name=\"twitter:card\" content=\"summary_large_image\" \/>\n<meta name=\"twitter:label1\" content=\"Escrito por\" \/>\n\t<meta name=\"twitter:data1\" content=\"OndaUno\" \/>\n\t<meta name=\"twitter:label2\" content=\"Tiempo de lectura\" \/>\n\t<meta name=\"twitter:data2\" content=\"3 minutos\" \/>\n<script type=\"application\/ld+json\" class=\"yoast-schema-graph\">{\"@context\":\"https:\/\/schema.org\",\"@graph\":[{\"@type\":\"WebPage\",\"@id\":\"https:\/\/ondauno.com.ar\/index.php\/2024\/07\/27\/el-hospital-pirovano-celebro-100-anos-al-servicio-de-la-comunidad\/\",\"url\":\"https:\/\/ondauno.com.ar\/index.php\/2024\/07\/27\/el-hospital-pirovano-celebro-100-anos-al-servicio-de-la-comunidad\/\",\"name\":\"El Hospital Pirovano celebr\u00f3 100 a\u00f1os al servicio de la comunidad - 103.9 fm\",\"isPartOf\":{\"@id\":\"https:\/\/ondauno.com.ar\/#website\"},\"primaryImageOfPage\":{\"@id\":\"https:\/\/ondauno.com.ar\/index.php\/2024\/07\/27\/el-hospital-pirovano-celebro-100-anos-al-servicio-de-la-comunidad\/#primaryimage\"},\"image\":{\"@id\":\"https:\/\/ondauno.com.ar\/index.php\/2024\/07\/27\/el-hospital-pirovano-celebro-100-anos-al-servicio-de-la-comunidad\/#primaryimage\"},\"thumbnailUrl\":\"https:\/\/ondauno.com.ar\/wp-content\/uploads\/2024\/07\/WhatsApp-Image-2024-07-27-at-19.04.45.jpeg\",\"datePublished\":\"2024-07-28T00:02:18+00:00\",\"dateModified\":\"2024-07-28T00:02:21+00:00\",\"author\":{\"@id\":\"https:\/\/ondauno.com.ar\/#\/schema\/person\/7ec851ddeceb4133d7d7132dc645714e\"},\"breadcrumb\":{\"@id\":\"https:\/\/ondauno.com.ar\/index.php\/2024\/07\/27\/el-hospital-pirovano-celebro-100-anos-al-servicio-de-la-comunidad\/#breadcrumb\"},\"inLanguage\":\"es-AR\",\"potentialAction\":[{\"@type\":\"ReadAction\",\"target\":[\"https:\/\/ondauno.com.ar\/index.php\/2024\/07\/27\/el-hospital-pirovano-celebro-100-anos-al-servicio-de-la-comunidad\/\"]}]},{\"@type\":\"ImageObject\",\"inLanguage\":\"es-AR\",\"@id\":\"https:\/\/ondauno.com.ar\/index.php\/2024\/07\/27\/el-hospital-pirovano-celebro-100-anos-al-servicio-de-la-comunidad\/#primaryimage\",\"url\":\"https:\/\/ondauno.com.ar\/wp-content\/uploads\/2024\/07\/WhatsApp-Image-2024-07-27-at-19.04.45.jpeg\",\"contentUrl\":\"https:\/\/ondauno.com.ar\/wp-content\/uploads\/2024\/07\/WhatsApp-Image-2024-07-27-at-19.04.45.jpeg\",\"width\":1599,\"height\":1066},{\"@type\":\"BreadcrumbList\",\"@id\":\"https:\/\/ondauno.com.ar\/index.php\/2024\/07\/27\/el-hospital-pirovano-celebro-100-anos-al-servicio-de-la-comunidad\/#breadcrumb\",\"itemListElement\":[{\"@type\":\"ListItem\",\"position\":1,\"name\":\"Inicio\",\"item\":\"https:\/\/ondauno.com.ar\/\"},{\"@type\":\"ListItem\",\"position\":2,\"name\":\"El Hospital Pirovano celebr\u00f3 100 a\u00f1os al servicio de la comunidad\"}]},{\"@type\":\"WebSite\",\"@id\":\"https:\/\/ondauno.com.ar\/#website\",\"url\":\"https:\/\/ondauno.com.ar\/\",\"name\":\"103.9 fm\",\"description\":\"LA PRIMERA RADIO MULTIMEDIA DE TRES ARROYOS\",\"potentialAction\":[{\"@type\":\"SearchAction\",\"target\":{\"@type\":\"EntryPoint\",\"urlTemplate\":\"https:\/\/ondauno.com.ar\/?s={search_term_string}\"},\"query-input\":\"required name=search_term_string\"}],\"inLanguage\":\"es-AR\"},{\"@type\":\"Person\",\"@id\":\"https:\/\/ondauno.com.ar\/#\/schema\/person\/7ec851ddeceb4133d7d7132dc645714e\",\"name\":\"OndaUno\",\"image\":{\"@type\":\"ImageObject\",\"inLanguage\":\"es-AR\",\"@id\":\"https:\/\/ondauno.com.ar\/#\/schema\/person\/image\/\",\"url\":\"https:\/\/secure.gravatar.com\/avatar\/93b8009f0de7021f1feb2bd5b32fb9e8?s=96&d=mm&r=g\",\"contentUrl\":\"https:\/\/secure.gravatar.com\/avatar\/93b8009f0de7021f1feb2bd5b32fb9e8?s=96&d=mm&r=g\",\"caption\":\"OndaUno\"},\"url\":\"https:\/\/ondauno.com.ar\/index.php\/author\/ondauno\/\"}]}<\/script>\n<!-- \/ Yoast SEO plugin. -->","yoast_head_json":{"title":"El Hospital Pirovano celebr\u00f3 100 a\u00f1os al servicio de la comunidad - 103.9 fm","robots":{"index":"index","follow":"follow","max-snippet":"max-snippet:-1","max-image-preview":"max-image-preview:large","max-video-preview":"max-video-preview:-1"},"canonical":"https:\/\/ondauno.com.ar\/index.php\/2024\/07\/27\/el-hospital-pirovano-celebro-100-anos-al-servicio-de-la-comunidad\/","og_locale":"es_ES","og_type":"article","og_title":"El Hospital Pirovano celebr\u00f3 100 a\u00f1os al servicio de la comunidad - 103.9 fm","og_description":"Un d\u00eda hist\u00f3rico para nuestra ciudad. El querido Hospital Pirovano cumple un siglo de vida, siendo un pilar fundamental en la salud de los vecinos. Para conmemorar este centenario, se inaugur\u00f3 oficialmente la nueva sala de capacitaci\u00f3n para profesionales de la salud, para llevar a cabo este acto se invito a Liliana Aid representante del [&hellip;]","og_url":"https:\/\/ondauno.com.ar\/index.php\/2024\/07\/27\/el-hospital-pirovano-celebro-100-anos-al-servicio-de-la-comunidad\/","og_site_name":"103.9 fm","article_publisher":"https:\/\/www.facebook.com\/ondauno103.9","article_published_time":"2024-07-28T00:02:18+00:00","article_modified_time":"2024-07-28T00:02:21+00:00","og_image":[{"width":1599,"height":1066,"url":"http:\/\/ondauno.com.ar\/wp-content\/uploads\/2024\/07\/WhatsApp-Image-2024-07-27-at-19.04.45.jpeg","type":"image\/jpeg"}],"author":"OndaUno","twitter_card":"summary_large_image","twitter_misc":{"Escrito por":"OndaUno","Tiempo de lectura":"3 minutos"},"schema":{"@context":"https:\/\/schema.org","@graph":[{"@type":"WebPage","@id":"https:\/\/ondauno.com.ar\/index.php\/2024\/07\/27\/el-hospital-pirovano-celebro-100-anos-al-servicio-de-la-comunidad\/","url":"https:\/\/ondauno.com.ar\/index.php\/2024\/07\/27\/el-hospital-pirovano-celebro-100-anos-al-servicio-de-la-comunidad\/","name":"El Hospital Pirovano celebr\u00f3 100 a\u00f1os al servicio de la comunidad - 103.9 fm","isPartOf":{"@id":"https:\/\/ondauno.com.ar\/#website"},"primaryImageOfPage":{"@id":"https:\/\/ondauno.com.ar\/index.php\/2024\/07\/27\/el-hospital-pirovano-celebro-100-anos-al-servicio-de-la-comunidad\/#primaryimage"},"image":{"@id":"https:\/\/ondauno.com.ar\/index.php\/2024\/07\/27\/el-hospital-pirovano-celebro-100-anos-al-servicio-de-la-comunidad\/#primaryimage"},"thumbnailUrl":"https:\/\/ondauno.com.ar\/wp-content\/uploads\/2024\/07\/WhatsApp-Image-2024-07-27-at-19.04.45.jpeg","datePublished":"2024-07-28T00:02:18+00:00","dateModified":"2024-07-28T00:02:21+00:00","author":{"@id":"https:\/\/ondauno.com.ar\/#\/schema\/person\/7ec851ddeceb4133d7d7132dc645714e"},"breadcrumb":{"@id":"https:\/\/ondauno.com.ar\/index.php\/2024\/07\/27\/el-hospital-pirovano-celebro-100-anos-al-servicio-de-la-comunidad\/#breadcrumb"},"inLanguage":"es-AR","potentialAction":[{"@type":"ReadAction","target":["https:\/\/ondauno.com.ar\/index.php\/2024\/07\/27\/el-hospital-pirovano-celebro-100-anos-al-servicio-de-la-comunidad\/"]}]},{"@type":"ImageObject","inLanguage":"es-AR","@id":"https:\/\/ondauno.com.ar\/index.php\/2024\/07\/27\/el-hospital-pirovano-celebro-100-anos-al-servicio-de-la-comunidad\/#primaryimage","url":"https:\/\/ondauno.com.ar\/wp-content\/uploads\/2024\/07\/WhatsApp-Image-2024-07-27-at-19.04.45.jpeg","contentUrl":"https:\/\/ondauno.com.ar\/wp-content\/uploads\/2024\/07\/WhatsApp-Image-2024-07-27-at-19.04.45.jpeg","width":1599,"height":1066},{"@type":"BreadcrumbList","@id":"https:\/\/ondauno.com.ar\/index.php\/2024\/07\/27\/el-hospital-pirovano-celebro-100-anos-al-servicio-de-la-comunidad\/#breadcrumb","itemListElement":[{"@type":"ListItem","position":1,"name":"Inicio","item":"https:\/\/ondauno.com.ar\/"},{"@type":"ListItem","position":2,"name":"El Hospital Pirovano celebr\u00f3 100 a\u00f1os al servicio de la comunidad"}]},{"@type":"WebSite","@id":"https:\/\/ondauno.com.ar\/#website","url":"https:\/\/ondauno.com.ar\/","name":"103.9 fm","description":"LA PRIMERA RADIO MULTIMEDIA DE TRES ARROYOS","potentialAction":[{"@type":"SearchAction","target":{"@type":"EntryPoint","urlTemplate":"https:\/\/ondauno.com.ar\/?s={search_term_string}"},"query-input":"required name=search_term_string"}],"inLanguage":"es-AR"},{"@type":"Person","@id":"https:\/\/ondauno.com.ar\/#\/schema\/person\/7ec851ddeceb4133d7d7132dc645714e","name":"OndaUno","image":{"@type":"ImageObject","inLanguage":"es-AR","@id":"https:\/\/ondauno.com.ar\/#\/schema\/person\/image\/","url":"https:\/\/secure.gravatar.com\/avatar\/93b8009f0de7021f1feb2bd5b32fb9e8?s=96&d=mm&r=g","contentUrl":"https:\/\/secure.gravatar.com\/avatar\/93b8009f0de7021f1feb2bd5b32fb9e8?s=96&d=mm&r=g","caption":"OndaUno"},"url":"https:\/\/ondauno.com.ar\/index.php\/author\/ondauno\/"}]}},"jetpack_publicize_connections":[],"jetpack_featured_media_url":"https:\/\/ondauno.com.ar\/wp-content\/uploads\/2024\/07\/WhatsApp-Image-2024-07-27-at-19.04.45.jpeg","jetpack_sharing_enabled":true,"_links":{"self":[{"href":"https:\/\/ondauno.com.ar\/index.php\/wp-json\/wp\/v2\/posts\/48898","targetHints":{"allow":["GET"]}}],"collection":[{"href":"https:\/\/ondauno.com.ar\/index.php\/wp-json\/wp\/v2\/posts"}],"about":[{"href":"https:\/\/ondauno.com.ar\/index.php\/wp-json\/wp\/v2\/types\/post"}],"author":[{"embeddable":true,"href":"https:\/\/ondauno.com.ar\/index.php\/wp-json\/wp\/v2\/users\/1"}],"replies":[{"embeddable":true,"href":"https:\/\/ondauno.com.ar\/index.php\/wp-json\/wp\/v2\/comments?post=48898"}],"version-history":[{"count":1,"href":"https:\/\/ondauno.com.ar\/index.php\/wp-json\/wp\/v2\/posts\/48898\/revisions"}],"predecessor-version":[{"id":48902,"href":"https:\/\/ondauno.com.ar\/index.php\/wp-json\/wp\/v2\/posts\/48898\/revisions\/48902"}],"wp:featuredmedia":[{"embeddable":true,"href":"https:\/\/ondauno.com.ar\/index.php\/wp-json\/wp\/v2\/media\/48899"}],"wp:attachment":[{"href":"https:\/\/ondauno.com.ar\/index.php\/wp-json\/wp\/v2\/media?parent=48898"}],"wp:term":[{"taxonomy":"category","embeddable":true,"href":"https:\/\/ondauno.com.ar\/index.php\/wp-json\/wp\/v2\/categories?post=48898"},{"taxonomy":"post_tag","embeddable":true,"href":"https:\/\/ondauno.com.ar\/index.php\/wp-json\/wp\/v2\/tags?post=48898"}],"curies":[{"name":"wp","href":"https:\/\/api.w.org\/{rel}","templated":true}]}}