{"id":48821,"date":"2024-07-26T17:46:07","date_gmt":"2024-07-26T20:46:07","guid":{"rendered":"https:\/\/ondauno.com.ar\/?p=48821"},"modified":"2024-07-26T17:46:11","modified_gmt":"2024-07-26T20:46:11","slug":"nueva-colecta-de-juguetes-para-el-dia-del-nino-en-tres-arroyos","status":"publish","type":"post","link":"https:\/\/ondauno.com.ar\/index.php\/2024\/07\/26\/nueva-colecta-de-juguetes-para-el-dia-del-nino-en-tres-arroyos\/","title":{"rendered":"Nueva colecta de juguetes para el D\u00eda del Ni\u00f1o en Tres Arroyos"},"content":{"rendered":"<div class=\"ondau-before-content_3\" style=\"margin-top: -30px;\" id=\"ondau-3231616002\"><a href=\"https:\/\/www.lps.com.ar\/\" aria-label=\"la-perse2\"><img loading=\"lazy\" decoding=\"async\" src=\"https:\/\/ondauno.com.ar\/wp-content\/uploads\/2021\/10\/la-perse2.jpg\" alt=\"\"  srcset=\"https:\/\/ondauno.com.ar\/wp-content\/uploads\/2021\/10\/la-perse2.jpg 1353w, https:\/\/ondauno.com.ar\/wp-content\/uploads\/2021\/10\/la-perse2-300x43.jpg 300w, https:\/\/ondauno.com.ar\/wp-content\/uploads\/2021\/10\/la-perse2-1024x148.jpg 1024w, https:\/\/ondauno.com.ar\/wp-content\/uploads\/2021\/10\/la-perse2-768x111.jpg 768w, https:\/\/ondauno.com.ar\/wp-content\/uploads\/2021\/10\/la-perse2-696x100.jpg 696w, https:\/\/ondauno.com.ar\/wp-content\/uploads\/2021\/10\/la-perse2-1068x154.jpg 1068w\" sizes=\"(max-width: 1353px) 100vw, 1353px\" class=\"no-lazyload\" width=\"1353\" height=\"195\"  style=\"display: inline-block;\" \/><\/a><\/div>\n<p>En Cosas que pasan, Juana Villarreal, anunci\u00f3 la organizaci\u00f3n de una nueva colecta de juguetes para el D\u00eda del Ni\u00f1o en Tres Arroyos.<\/p>\n\n\n\n<p><br>La entrega se realizar\u00e1 el 18 de agosto en dos barrios, con la posibilidad de ampliar a un tercer barrio debido a la alta demanda.<\/p>\n\n\n\n<p>Juana pidi\u00f3 juguetes nuevos o usados en buen estado, ya que ella misma y su madre se encargan de repararlos si es necesario.<br>Los interesados en colaborar pueden contactarla al 1552-3590 o a su madre Liliana al 1554-3367.<\/p>\n\n\n\n<p>Juana cont\u00f3 que esta iniciativa, que ya lleva 12 a\u00f1os, comenz\u00f3 cuando un ni\u00f1o le pidi\u00f3 ayuda para comprar comida, lo que la moviliz\u00f3 a iniciar la colecta de juguetes junto a sus amigos.<br>La colecta ha contado con el apoyo de personas de todo tipo, desde empresarios hasta vecinos del barrio.<\/p>\n\n\n\n<figure class=\"wp-block-embed is-type-rich is-provider-gestor-del-servicio wp-block-embed-gestor-del-servicio wp-embed-aspect-16-9 wp-has-aspect-ratio\"><div class=\"wp-block-embed__wrapper\">\n<div class=\"youtube-embed\" data-video_id=\"MLiKwpzKZNo\"><iframe loading=\"lazy\" title=\"Onda Uno 103.9 en vivo\" width=\"696\" height=\"392\" data-src=\"https:\/\/www.youtube.com\/embed\/MLiKwpzKZNo?feature=oembed&#038;enablejsapi=1\" frameborder=\"0\" allow=\"accelerometer; autoplay; clipboard-write; encrypted-media; gyroscope; picture-in-picture; web-share\" referrerpolicy=\"strict-origin-when-cross-origin\" allowfullscreen src=\"data:image\/gif;base64,R0lGODlhAQABAAAAACH5BAEKAAEALAAAAAABAAEAAAICTAEAOw==\" class=\"lazyload\" data-load-mode=\"1\"><\/iframe><\/div>\n<\/div><\/figure>\n","protected":false},"excerpt":{"rendered":"<p>En Cosas que pasan, Juana Villarreal, anunci\u00f3 la organizaci\u00f3n de una nueva colecta de juguetes para el D\u00eda del Ni\u00f1o en Tres Arroyos. La entrega se realizar\u00e1 el 18 de agosto en dos barrios, con la posibilidad de ampliar a un tercer barrio debido a la alta demanda. Juana pidi\u00f3 juguetes nuevos o usados en [&hellip;]<\/p>\n","protected":false},"author":1,"featured_media":48825,"comment_status":"open","ping_status":"open","sticky":false,"template":"","format":"standard","meta":{"tdm_status":"","tdm_grid_status":"","_jetpack_memberships_contains_paid_content":false,"footnotes":"","jetpack_publicize_message":"","jetpack_publicize_feature_enabled":true,"jetpack_social_post_already_shared":false,"jetpack_social_options":{"image_generator_settings":{"template":"highway","default_image_id":0,"font":"","enabled":false},"version":2}},"categories":[2],"tags":[],"class_list":{"0":"post-48821","1":"post","2":"type-post","3":"status-publish","4":"format-standard","5":"has-post-thumbnail","7":"category-locales"},"yoast_head":"<!-- This site is optimized with the Yoast SEO plugin v22.7 - https:\/\/yoast.com\/wordpress\/plugins\/seo\/ -->\n<title>Nueva colecta de juguetes para el D\u00eda del Ni\u00f1o en Tres Arroyos - 103.9 fm<\/title>\n<meta name=\"robots\" content=\"index, follow, max-snippet:-1, max-image-preview:large, max-video-preview:-1\" \/>\n<link rel=\"canonical\" href=\"https:\/\/ondauno.com.ar\/index.php\/2024\/07\/26\/nueva-colecta-de-juguetes-para-el-dia-del-nino-en-tres-arroyos\/\" \/>\n<meta property=\"og:locale\" content=\"es_ES\" \/>\n<meta property=\"og:type\" content=\"article\" \/>\n<meta property=\"og:title\" content=\"Nueva colecta de juguetes para el D\u00eda del Ni\u00f1o en Tres Arroyos - 103.9 fm\" \/>\n<meta property=\"og:description\" content=\"En Cosas que pasan, Juana Villarreal, anunci\u00f3 la organizaci\u00f3n de una nueva colecta de juguetes para el D\u00eda del Ni\u00f1o en Tres Arroyos. La entrega se realizar\u00e1 el 18 de agosto en dos barrios, con la posibilidad de ampliar a un tercer barrio debido a la alta demanda. Juana pidi\u00f3 juguetes nuevos o usados en [&hellip;]\" \/>\n<meta property=\"og:url\" content=\"https:\/\/ondauno.com.ar\/index.php\/2024\/07\/26\/nueva-colecta-de-juguetes-para-el-dia-del-nino-en-tres-arroyos\/\" \/>\n<meta property=\"og:site_name\" content=\"103.9 fm\" \/>\n<meta property=\"article:publisher\" content=\"https:\/\/www.facebook.com\/ondauno103.9\" \/>\n<meta property=\"article:published_time\" content=\"2024-07-26T20:46:07+00:00\" \/>\n<meta property=\"article:modified_time\" content=\"2024-07-26T20:46:11+00:00\" \/>\n<meta property=\"og:image\" content=\"http:\/\/ondauno.com.ar\/wp-content\/uploads\/2024\/07\/Blank-4-Grids-Collage-1024x1024.png\" \/>\n\t<meta property=\"og:image:width\" content=\"1024\" \/>\n\t<meta property=\"og:image:height\" content=\"1024\" \/>\n\t<meta property=\"og:image:type\" content=\"image\/png\" \/>\n<meta name=\"author\" content=\"OndaUno\" \/>\n<meta name=\"twitter:card\" content=\"summary_large_image\" \/>\n<meta name=\"twitter:label1\" content=\"Escrito por\" \/>\n\t<meta name=\"twitter:data1\" content=\"OndaUno\" \/>\n\t<meta name=\"twitter:label2\" content=\"Tiempo de lectura\" \/>\n\t<meta name=\"twitter:data2\" content=\"1 minuto\" \/>\n<script type=\"application\/ld+json\" class=\"yoast-schema-graph\">{\"@context\":\"https:\/\/schema.org\",\"@graph\":[{\"@type\":\"WebPage\",\"@id\":\"https:\/\/ondauno.com.ar\/index.php\/2024\/07\/26\/nueva-colecta-de-juguetes-para-el-dia-del-nino-en-tres-arroyos\/\",\"url\":\"https:\/\/ondauno.com.ar\/index.php\/2024\/07\/26\/nueva-colecta-de-juguetes-para-el-dia-del-nino-en-tres-arroyos\/\",\"name\":\"Nueva colecta de juguetes para el D\u00eda del Ni\u00f1o en Tres Arroyos - 103.9 fm\",\"isPartOf\":{\"@id\":\"https:\/\/ondauno.com.ar\/#website\"},\"primaryImageOfPage\":{\"@id\":\"https:\/\/ondauno.com.ar\/index.php\/2024\/07\/26\/nueva-colecta-de-juguetes-para-el-dia-del-nino-en-tres-arroyos\/#primaryimage\"},\"image\":{\"@id\":\"https:\/\/ondauno.com.ar\/index.php\/2024\/07\/26\/nueva-colecta-de-juguetes-para-el-dia-del-nino-en-tres-arroyos\/#primaryimage\"},\"thumbnailUrl\":\"https:\/\/ondauno.com.ar\/wp-content\/uploads\/2024\/07\/Blank-4-Grids-Collage.png\",\"datePublished\":\"2024-07-26T20:46:07+00:00\",\"dateModified\":\"2024-07-26T20:46:11+00:00\",\"author\":{\"@id\":\"https:\/\/ondauno.com.ar\/#\/schema\/person\/7ec851ddeceb4133d7d7132dc645714e\"},\"breadcrumb\":{\"@id\":\"https:\/\/ondauno.com.ar\/index.php\/2024\/07\/26\/nueva-colecta-de-juguetes-para-el-dia-del-nino-en-tres-arroyos\/#breadcrumb\"},\"inLanguage\":\"es-AR\",\"potentialAction\":[{\"@type\":\"ReadAction\",\"target\":[\"https:\/\/ondauno.com.ar\/index.php\/2024\/07\/26\/nueva-colecta-de-juguetes-para-el-dia-del-nino-en-tres-arroyos\/\"]}]},{\"@type\":\"ImageObject\",\"inLanguage\":\"es-AR\",\"@id\":\"https:\/\/ondauno.com.ar\/index.php\/2024\/07\/26\/nueva-colecta-de-juguetes-para-el-dia-del-nino-en-tres-arroyos\/#primaryimage\",\"url\":\"https:\/\/ondauno.com.ar\/wp-content\/uploads\/2024\/07\/Blank-4-Grids-Collage.png\",\"contentUrl\":\"https:\/\/ondauno.com.ar\/wp-content\/uploads\/2024\/07\/Blank-4-Grids-Collage.png\",\"width\":1999,\"height\":1999},{\"@type\":\"BreadcrumbList\",\"@id\":\"https:\/\/ondauno.com.ar\/index.php\/2024\/07\/26\/nueva-colecta-de-juguetes-para-el-dia-del-nino-en-tres-arroyos\/#breadcrumb\",\"itemListElement\":[{\"@type\":\"ListItem\",\"position\":1,\"name\":\"Inicio\",\"item\":\"https:\/\/ondauno.com.ar\/\"},{\"@type\":\"ListItem\",\"position\":2,\"name\":\"Nueva colecta de juguetes para el D\u00eda del Ni\u00f1o en Tres Arroyos\"}]},{\"@type\":\"WebSite\",\"@id\":\"https:\/\/ondauno.com.ar\/#website\",\"url\":\"https:\/\/ondauno.com.ar\/\",\"name\":\"103.9 fm\",\"description\":\"LA PRIMERA RADIO MULTIMEDIA DE TRES ARROYOS\",\"potentialAction\":[{\"@type\":\"SearchAction\",\"target\":{\"@type\":\"EntryPoint\",\"urlTemplate\":\"https:\/\/ondauno.com.ar\/?s={search_term_string}\"},\"query-input\":\"required name=search_term_string\"}],\"inLanguage\":\"es-AR\"},{\"@type\":\"Person\",\"@id\":\"https:\/\/ondauno.com.ar\/#\/schema\/person\/7ec851ddeceb4133d7d7132dc645714e\",\"name\":\"OndaUno\",\"image\":{\"@type\":\"ImageObject\",\"inLanguage\":\"es-AR\",\"@id\":\"https:\/\/ondauno.com.ar\/#\/schema\/person\/image\/\",\"url\":\"https:\/\/secure.gravatar.com\/avatar\/93b8009f0de7021f1feb2bd5b32fb9e8?s=96&d=mm&r=g\",\"contentUrl\":\"https:\/\/secure.gravatar.com\/avatar\/93b8009f0de7021f1feb2bd5b32fb9e8?s=96&d=mm&r=g\",\"caption\":\"OndaUno\"},\"url\":\"https:\/\/ondauno.com.ar\/index.php\/author\/ondauno\/\"}]}<\/script>\n<!-- \/ Yoast SEO plugin. -->","yoast_head_json":{"title":"Nueva colecta de juguetes para el D\u00eda del Ni\u00f1o en Tres Arroyos - 103.9 fm","robots":{"index":"index","follow":"follow","max-snippet":"max-snippet:-1","max-image-preview":"max-image-preview:large","max-video-preview":"max-video-preview:-1"},"canonical":"https:\/\/ondauno.com.ar\/index.php\/2024\/07\/26\/nueva-colecta-de-juguetes-para-el-dia-del-nino-en-tres-arroyos\/","og_locale":"es_ES","og_type":"article","og_title":"Nueva colecta de juguetes para el D\u00eda del Ni\u00f1o en Tres Arroyos - 103.9 fm","og_description":"En Cosas que pasan, Juana Villarreal, anunci\u00f3 la organizaci\u00f3n de una nueva colecta de juguetes para el D\u00eda del Ni\u00f1o en Tres Arroyos. La entrega se realizar\u00e1 el 18 de agosto en dos barrios, con la posibilidad de ampliar a un tercer barrio debido a la alta demanda. Juana pidi\u00f3 juguetes nuevos o usados en [&hellip;]","og_url":"https:\/\/ondauno.com.ar\/index.php\/2024\/07\/26\/nueva-colecta-de-juguetes-para-el-dia-del-nino-en-tres-arroyos\/","og_site_name":"103.9 fm","article_publisher":"https:\/\/www.facebook.com\/ondauno103.9","article_published_time":"2024-07-26T20:46:07+00:00","article_modified_time":"2024-07-26T20:46:11+00:00","og_image":[{"width":1024,"height":1024,"url":"http:\/\/ondauno.com.ar\/wp-content\/uploads\/2024\/07\/Blank-4-Grids-Collage-1024x1024.png","type":"image\/png"}],"author":"OndaUno","twitter_card":"summary_large_image","twitter_misc":{"Escrito por":"OndaUno","Tiempo de lectura":"1 minuto"},"schema":{"@context":"https:\/\/schema.org","@graph":[{"@type":"WebPage","@id":"https:\/\/ondauno.com.ar\/index.php\/2024\/07\/26\/nueva-colecta-de-juguetes-para-el-dia-del-nino-en-tres-arroyos\/","url":"https:\/\/ondauno.com.ar\/index.php\/2024\/07\/26\/nueva-colecta-de-juguetes-para-el-dia-del-nino-en-tres-arroyos\/","name":"Nueva colecta de juguetes para el D\u00eda del Ni\u00f1o en Tres Arroyos - 103.9 fm","isPartOf":{"@id":"https:\/\/ondauno.com.ar\/#website"},"primaryImageOfPage":{"@id":"https:\/\/ondauno.com.ar\/index.php\/2024\/07\/26\/nueva-colecta-de-juguetes-para-el-dia-del-nino-en-tres-arroyos\/#primaryimage"},"image":{"@id":"https:\/\/ondauno.com.ar\/index.php\/2024\/07\/26\/nueva-colecta-de-juguetes-para-el-dia-del-nino-en-tres-arroyos\/#primaryimage"},"thumbnailUrl":"https:\/\/ondauno.com.ar\/wp-content\/uploads\/2024\/07\/Blank-4-Grids-Collage.png","datePublished":"2024-07-26T20:46:07+00:00","dateModified":"2024-07-26T20:46:11+00:00","author":{"@id":"https:\/\/ondauno.com.ar\/#\/schema\/person\/7ec851ddeceb4133d7d7132dc645714e"},"breadcrumb":{"@id":"https:\/\/ondauno.com.ar\/index.php\/2024\/07\/26\/nueva-colecta-de-juguetes-para-el-dia-del-nino-en-tres-arroyos\/#breadcrumb"},"inLanguage":"es-AR","potentialAction":[{"@type":"ReadAction","target":["https:\/\/ondauno.com.ar\/index.php\/2024\/07\/26\/nueva-colecta-de-juguetes-para-el-dia-del-nino-en-tres-arroyos\/"]}]},{"@type":"ImageObject","inLanguage":"es-AR","@id":"https:\/\/ondauno.com.ar\/index.php\/2024\/07\/26\/nueva-colecta-de-juguetes-para-el-dia-del-nino-en-tres-arroyos\/#primaryimage","url":"https:\/\/ondauno.com.ar\/wp-content\/uploads\/2024\/07\/Blank-4-Grids-Collage.png","contentUrl":"https:\/\/ondauno.com.ar\/wp-content\/uploads\/2024\/07\/Blank-4-Grids-Collage.png","width":1999,"height":1999},{"@type":"BreadcrumbList","@id":"https:\/\/ondauno.com.ar\/index.php\/2024\/07\/26\/nueva-colecta-de-juguetes-para-el-dia-del-nino-en-tres-arroyos\/#breadcrumb","itemListElement":[{"@type":"ListItem","position":1,"name":"Inicio","item":"https:\/\/ondauno.com.ar\/"},{"@type":"ListItem","position":2,"name":"Nueva colecta de juguetes para el D\u00eda del Ni\u00f1o en Tres Arroyos"}]},{"@type":"WebSite","@id":"https:\/\/ondauno.com.ar\/#website","url":"https:\/\/ondauno.com.ar\/","name":"103.9 fm","description":"LA PRIMERA RADIO MULTIMEDIA DE TRES ARROYOS","potentialAction":[{"@type":"SearchAction","target":{"@type":"EntryPoint","urlTemplate":"https:\/\/ondauno.com.ar\/?s={search_term_string}"},"query-input":"required name=search_term_string"}],"inLanguage":"es-AR"},{"@type":"Person","@id":"https:\/\/ondauno.com.ar\/#\/schema\/person\/7ec851ddeceb4133d7d7132dc645714e","name":"OndaUno","image":{"@type":"ImageObject","inLanguage":"es-AR","@id":"https:\/\/ondauno.com.ar\/#\/schema\/person\/image\/","url":"https:\/\/secure.gravatar.com\/avatar\/93b8009f0de7021f1feb2bd5b32fb9e8?s=96&d=mm&r=g","contentUrl":"https:\/\/secure.gravatar.com\/avatar\/93b8009f0de7021f1feb2bd5b32fb9e8?s=96&d=mm&r=g","caption":"OndaUno"},"url":"https:\/\/ondauno.com.ar\/index.php\/author\/ondauno\/"}]}},"jetpack_publicize_connections":[],"jetpack_featured_media_url":"https:\/\/ondauno.com.ar\/wp-content\/uploads\/2024\/07\/Blank-4-Grids-Collage.png","jetpack_sharing_enabled":true,"_links":{"self":[{"href":"https:\/\/ondauno.com.ar\/index.php\/wp-json\/wp\/v2\/posts\/48821","targetHints":{"allow":["GET"]}}],"collection":[{"href":"https:\/\/ondauno.com.ar\/index.php\/wp-json\/wp\/v2\/posts"}],"about":[{"href":"https:\/\/ondauno.com.ar\/index.php\/wp-json\/wp\/v2\/types\/post"}],"author":[{"embeddable":true,"href":"https:\/\/ondauno.com.ar\/index.php\/wp-json\/wp\/v2\/users\/1"}],"replies":[{"embeddable":true,"href":"https:\/\/ondauno.com.ar\/index.php\/wp-json\/wp\/v2\/comments?post=48821"}],"version-history":[{"count":1,"href":"https:\/\/ondauno.com.ar\/index.php\/wp-json\/wp\/v2\/posts\/48821\/revisions"}],"predecessor-version":[{"id":48826,"href":"https:\/\/ondauno.com.ar\/index.php\/wp-json\/wp\/v2\/posts\/48821\/revisions\/48826"}],"wp:featuredmedia":[{"embeddable":true,"href":"https:\/\/ondauno.com.ar\/index.php\/wp-json\/wp\/v2\/media\/48825"}],"wp:attachment":[{"href":"https:\/\/ondauno.com.ar\/index.php\/wp-json\/wp\/v2\/media?parent=48821"}],"wp:term":[{"taxonomy":"category","embeddable":true,"href":"https:\/\/ondauno.com.ar\/index.php\/wp-json\/wp\/v2\/categories?post=48821"},{"taxonomy":"post_tag","embeddable":true,"href":"https:\/\/ondauno.com.ar\/index.php\/wp-json\/wp\/v2\/tags?post=48821"}],"curies":[{"name":"wp","href":"https:\/\/api.w.org\/{rel}","templated":true}]}}