{"id":4852,"date":"2020-01-20T11:26:03","date_gmt":"2020-01-20T14:26:03","guid":{"rendered":"http:\/\/ondauno.com.ar\/?p=4852"},"modified":"2020-01-20T11:26:36","modified_gmt":"2020-01-20T14:26:36","slug":"sergio-garcia-en-balneario-orense","status":"publish","type":"post","link":"https:\/\/ondauno.com.ar\/index.php\/2020\/01\/20\/sergio-garcia-en-balneario-orense\/","title":{"rendered":"Sergio Garc\u00eda en Balneario Orense"},"content":{"rendered":"<div class=\"ondau-before-content_3\" style=\"margin-top: -30px;\" id=\"ondau-3374054909\"><a href=\"https:\/\/www.lps.com.ar\/\" aria-label=\"la-perse2\"><img loading=\"lazy\" decoding=\"async\" src=\"https:\/\/ondauno.com.ar\/wp-content\/uploads\/2021\/10\/la-perse2.jpg\" alt=\"\"  srcset=\"https:\/\/ondauno.com.ar\/wp-content\/uploads\/2021\/10\/la-perse2.jpg 1353w, https:\/\/ondauno.com.ar\/wp-content\/uploads\/2021\/10\/la-perse2-300x43.jpg 300w, https:\/\/ondauno.com.ar\/wp-content\/uploads\/2021\/10\/la-perse2-1024x148.jpg 1024w, https:\/\/ondauno.com.ar\/wp-content\/uploads\/2021\/10\/la-perse2-768x111.jpg 768w, https:\/\/ondauno.com.ar\/wp-content\/uploads\/2021\/10\/la-perse2-696x100.jpg 696w, https:\/\/ondauno.com.ar\/wp-content\/uploads\/2021\/10\/la-perse2-1068x154.jpg 1068w\" sizes=\"(max-width: 1353px) 100vw, 1353px\" class=\"no-lazyload\" width=\"1353\" height=\"195\"  style=\"display: inline-block;\" \/><\/a><\/div>\nLa Direcci\u00f3n de Cultura y Educaci\u00f3n de la Municipalidad de Tres Arroyos, invita a disfrutar este Mi\u00e9rcoles 22 de Enero a las 23 horas, del show de Sergio Garc\u00eda en el Parador Viraz\u00f3n de Balneario Orense.\n\n\n\n\nEl espect\u00e1culo de Sergio Garc\u00eda contin\u00faa con la programaci\u00f3n de la Direcci\u00f3n de Cultura en Balneario Orense, en esta ocasi\u00f3n con cl\u00e1sicos del g\u00e9nero tropical y otros, que hacen deleitar a su p\u00fablico en cada ocasi\u00f3n.\n\n\n\n\n\n\n","protected":false},"excerpt":{"rendered":"<p>La Direcci\u00f3n de Cultura y Educaci\u00f3n de la Municipalidad de Tres Arroyos, invita a disfrutar este Mi\u00e9rcoles 22 de Enero a las 23 horas, del show de Sergio Garc\u00eda en el Parador Viraz\u00f3n de Balneario Orense. El espect\u00e1culo de Sergio Garc\u00eda contin\u00faa con la programaci\u00f3n de la Direcci\u00f3n de Cultura en Balneario Orense, en esta [&hellip;]<\/p>\n","protected":false},"author":2,"featured_media":0,"comment_status":"open","ping_status":"open","sticky":false,"template":"","format":"standard","meta":{"tdm_status":"","tdm_grid_status":"","_jetpack_memberships_contains_paid_content":false,"footnotes":"","jetpack_publicize_message":"","jetpack_publicize_feature_enabled":true,"jetpack_social_post_already_shared":false,"jetpack_social_options":{"image_generator_settings":{"template":"highway","default_image_id":0,"font":"","enabled":false},"version":2}},"categories":[28],"tags":[],"class_list":{"0":"post-4852","1":"post","2":"type-post","3":"status-publish","4":"format-standard","6":"category-interes-general"},"yoast_head":"<!-- This site is optimized with the Yoast SEO plugin v22.7 - https:\/\/yoast.com\/wordpress\/plugins\/seo\/ -->\n<title>Sergio Garc\u00eda en Balneario Orense - 103.9 fm<\/title>\n<meta name=\"robots\" content=\"index, follow, max-snippet:-1, max-image-preview:large, max-video-preview:-1\" \/>\n<link rel=\"canonical\" href=\"https:\/\/ondauno.com.ar\/index.php\/2020\/01\/20\/sergio-garcia-en-balneario-orense\/\" \/>\n<meta property=\"og:locale\" content=\"es_ES\" \/>\n<meta property=\"og:type\" content=\"article\" \/>\n<meta property=\"og:title\" content=\"Sergio Garc\u00eda en Balneario Orense - 103.9 fm\" \/>\n<meta property=\"og:description\" content=\"La Direcci\u00f3n de Cultura y Educaci\u00f3n de la Municipalidad de Tres Arroyos, invita a disfrutar este Mi\u00e9rcoles 22 de Enero a las 23 horas, del show de Sergio Garc\u00eda en el Parador Viraz\u00f3n de Balneario Orense. El espect\u00e1culo de Sergio Garc\u00eda contin\u00faa con la programaci\u00f3n de la Direcci\u00f3n de Cultura en Balneario Orense, en esta [&hellip;]\" \/>\n<meta property=\"og:url\" content=\"https:\/\/ondauno.com.ar\/index.php\/2020\/01\/20\/sergio-garcia-en-balneario-orense\/\" \/>\n<meta property=\"og:site_name\" content=\"103.9 fm\" \/>\n<meta property=\"article:publisher\" content=\"https:\/\/www.facebook.com\/ondauno103.9\" \/>\n<meta property=\"article:published_time\" content=\"2020-01-20T14:26:03+00:00\" \/>\n<meta property=\"article:modified_time\" content=\"2020-01-20T14:26:36+00:00\" \/>\n<meta property=\"og:image\" content=\"https:\/\/ondauno.com.ar\/wp-content\/uploads\/2020\/01\/Sergio-Garcia-Virazon.png\" \/>\n\t<meta property=\"og:image:width\" content=\"800\" \/>\n\t<meta property=\"og:image:height\" content=\"800\" \/>\n\t<meta property=\"og:image:type\" content=\"image\/png\" \/>\n<meta name=\"author\" content=\"fernando garcia\" \/>\n<meta name=\"twitter:card\" content=\"summary_large_image\" \/>\n<meta name=\"twitter:label1\" content=\"Escrito por\" \/>\n\t<meta name=\"twitter:data1\" content=\"fernando garcia\" \/>\n<script type=\"application\/ld+json\" class=\"yoast-schema-graph\">{\"@context\":\"https:\/\/schema.org\",\"@graph\":[{\"@type\":\"WebPage\",\"@id\":\"https:\/\/ondauno.com.ar\/index.php\/2020\/01\/20\/sergio-garcia-en-balneario-orense\/\",\"url\":\"https:\/\/ondauno.com.ar\/index.php\/2020\/01\/20\/sergio-garcia-en-balneario-orense\/\",\"name\":\"Sergio Garc\u00eda en Balneario Orense - 103.9 fm\",\"isPartOf\":{\"@id\":\"https:\/\/ondauno.com.ar\/#website\"},\"datePublished\":\"2020-01-20T14:26:03+00:00\",\"dateModified\":\"2020-01-20T14:26:36+00:00\",\"author\":{\"@id\":\"https:\/\/ondauno.com.ar\/#\/schema\/person\/201d1b68e6c75e0fd396fe5f8af5d139\"},\"breadcrumb\":{\"@id\":\"https:\/\/ondauno.com.ar\/index.php\/2020\/01\/20\/sergio-garcia-en-balneario-orense\/#breadcrumb\"},\"inLanguage\":\"es-AR\",\"potentialAction\":[{\"@type\":\"ReadAction\",\"target\":[\"https:\/\/ondauno.com.ar\/index.php\/2020\/01\/20\/sergio-garcia-en-balneario-orense\/\"]}]},{\"@type\":\"BreadcrumbList\",\"@id\":\"https:\/\/ondauno.com.ar\/index.php\/2020\/01\/20\/sergio-garcia-en-balneario-orense\/#breadcrumb\",\"itemListElement\":[{\"@type\":\"ListItem\",\"position\":1,\"name\":\"Inicio\",\"item\":\"https:\/\/ondauno.com.ar\/\"},{\"@type\":\"ListItem\",\"position\":2,\"name\":\"Sergio Garc\u00eda en Balneario Orense\"}]},{\"@type\":\"WebSite\",\"@id\":\"https:\/\/ondauno.com.ar\/#website\",\"url\":\"https:\/\/ondauno.com.ar\/\",\"name\":\"103.9 fm\",\"description\":\"LA PRIMERA RADIO MULTIMEDIA DE TRES ARROYOS\",\"potentialAction\":[{\"@type\":\"SearchAction\",\"target\":{\"@type\":\"EntryPoint\",\"urlTemplate\":\"https:\/\/ondauno.com.ar\/?s={search_term_string}\"},\"query-input\":\"required name=search_term_string\"}],\"inLanguage\":\"es-AR\"},{\"@type\":\"Person\",\"@id\":\"https:\/\/ondauno.com.ar\/#\/schema\/person\/201d1b68e6c75e0fd396fe5f8af5d139\",\"name\":\"fernando garcia\",\"image\":{\"@type\":\"ImageObject\",\"inLanguage\":\"es-AR\",\"@id\":\"https:\/\/ondauno.com.ar\/#\/schema\/person\/image\/\",\"url\":\"https:\/\/secure.gravatar.com\/avatar\/5f7254642ad81272e79a2e69653cfdfc?s=96&d=mm&r=g\",\"contentUrl\":\"https:\/\/secure.gravatar.com\/avatar\/5f7254642ad81272e79a2e69653cfdfc?s=96&d=mm&r=g\",\"caption\":\"fernando garcia\"},\"url\":\"https:\/\/ondauno.com.ar\/index.php\/author\/ondaunoeditor\/\"}]}<\/script>\n<!-- \/ Yoast SEO plugin. -->","yoast_head_json":{"title":"Sergio Garc\u00eda en Balneario Orense - 103.9 fm","robots":{"index":"index","follow":"follow","max-snippet":"max-snippet:-1","max-image-preview":"max-image-preview:large","max-video-preview":"max-video-preview:-1"},"canonical":"https:\/\/ondauno.com.ar\/index.php\/2020\/01\/20\/sergio-garcia-en-balneario-orense\/","og_locale":"es_ES","og_type":"article","og_title":"Sergio Garc\u00eda en Balneario Orense - 103.9 fm","og_description":"La Direcci\u00f3n de Cultura y Educaci\u00f3n de la Municipalidad de Tres Arroyos, invita a disfrutar este Mi\u00e9rcoles 22 de Enero a las 23 horas, del show de Sergio Garc\u00eda en el Parador Viraz\u00f3n de Balneario Orense. El espect\u00e1culo de Sergio Garc\u00eda contin\u00faa con la programaci\u00f3n de la Direcci\u00f3n de Cultura en Balneario Orense, en esta [&hellip;]","og_url":"https:\/\/ondauno.com.ar\/index.php\/2020\/01\/20\/sergio-garcia-en-balneario-orense\/","og_site_name":"103.9 fm","article_publisher":"https:\/\/www.facebook.com\/ondauno103.9","article_published_time":"2020-01-20T14:26:03+00:00","article_modified_time":"2020-01-20T14:26:36+00:00","og_image":[{"width":800,"height":800,"url":"https:\/\/ondauno.com.ar\/wp-content\/uploads\/2020\/01\/Sergio-Garcia-Virazon.png","type":"image\/png"}],"author":"fernando garcia","twitter_card":"summary_large_image","twitter_misc":{"Escrito por":"fernando garcia"},"schema":{"@context":"https:\/\/schema.org","@graph":[{"@type":"WebPage","@id":"https:\/\/ondauno.com.ar\/index.php\/2020\/01\/20\/sergio-garcia-en-balneario-orense\/","url":"https:\/\/ondauno.com.ar\/index.php\/2020\/01\/20\/sergio-garcia-en-balneario-orense\/","name":"Sergio Garc\u00eda en Balneario Orense - 103.9 fm","isPartOf":{"@id":"https:\/\/ondauno.com.ar\/#website"},"datePublished":"2020-01-20T14:26:03+00:00","dateModified":"2020-01-20T14:26:36+00:00","author":{"@id":"https:\/\/ondauno.com.ar\/#\/schema\/person\/201d1b68e6c75e0fd396fe5f8af5d139"},"breadcrumb":{"@id":"https:\/\/ondauno.com.ar\/index.php\/2020\/01\/20\/sergio-garcia-en-balneario-orense\/#breadcrumb"},"inLanguage":"es-AR","potentialAction":[{"@type":"ReadAction","target":["https:\/\/ondauno.com.ar\/index.php\/2020\/01\/20\/sergio-garcia-en-balneario-orense\/"]}]},{"@type":"BreadcrumbList","@id":"https:\/\/ondauno.com.ar\/index.php\/2020\/01\/20\/sergio-garcia-en-balneario-orense\/#breadcrumb","itemListElement":[{"@type":"ListItem","position":1,"name":"Inicio","item":"https:\/\/ondauno.com.ar\/"},{"@type":"ListItem","position":2,"name":"Sergio Garc\u00eda en Balneario Orense"}]},{"@type":"WebSite","@id":"https:\/\/ondauno.com.ar\/#website","url":"https:\/\/ondauno.com.ar\/","name":"103.9 fm","description":"LA PRIMERA RADIO MULTIMEDIA DE TRES ARROYOS","potentialAction":[{"@type":"SearchAction","target":{"@type":"EntryPoint","urlTemplate":"https:\/\/ondauno.com.ar\/?s={search_term_string}"},"query-input":"required name=search_term_string"}],"inLanguage":"es-AR"},{"@type":"Person","@id":"https:\/\/ondauno.com.ar\/#\/schema\/person\/201d1b68e6c75e0fd396fe5f8af5d139","name":"fernando garcia","image":{"@type":"ImageObject","inLanguage":"es-AR","@id":"https:\/\/ondauno.com.ar\/#\/schema\/person\/image\/","url":"https:\/\/secure.gravatar.com\/avatar\/5f7254642ad81272e79a2e69653cfdfc?s=96&d=mm&r=g","contentUrl":"https:\/\/secure.gravatar.com\/avatar\/5f7254642ad81272e79a2e69653cfdfc?s=96&d=mm&r=g","caption":"fernando garcia"},"url":"https:\/\/ondauno.com.ar\/index.php\/author\/ondaunoeditor\/"}]}},"jetpack_publicize_connections":[],"jetpack_featured_media_url":"","jetpack_sharing_enabled":true,"_links":{"self":[{"href":"https:\/\/ondauno.com.ar\/index.php\/wp-json\/wp\/v2\/posts\/4852","targetHints":{"allow":["GET"]}}],"collection":[{"href":"https:\/\/ondauno.com.ar\/index.php\/wp-json\/wp\/v2\/posts"}],"about":[{"href":"https:\/\/ondauno.com.ar\/index.php\/wp-json\/wp\/v2\/types\/post"}],"author":[{"embeddable":true,"href":"https:\/\/ondauno.com.ar\/index.php\/wp-json\/wp\/v2\/users\/2"}],"replies":[{"embeddable":true,"href":"https:\/\/ondauno.com.ar\/index.php\/wp-json\/wp\/v2\/comments?post=4852"}],"version-history":[{"count":0,"href":"https:\/\/ondauno.com.ar\/index.php\/wp-json\/wp\/v2\/posts\/4852\/revisions"}],"wp:attachment":[{"href":"https:\/\/ondauno.com.ar\/index.php\/wp-json\/wp\/v2\/media?parent=4852"}],"wp:term":[{"taxonomy":"category","embeddable":true,"href":"https:\/\/ondauno.com.ar\/index.php\/wp-json\/wp\/v2\/categories?post=4852"},{"taxonomy":"post_tag","embeddable":true,"href":"https:\/\/ondauno.com.ar\/index.php\/wp-json\/wp\/v2\/tags?post=4852"}],"curies":[{"name":"wp","href":"https:\/\/api.w.org\/{rel}","templated":true}]}}