{"id":48452,"date":"2024-07-05T18:30:21","date_gmt":"2024-07-05T21:30:21","guid":{"rendered":"https:\/\/ondauno.com.ar\/?p=48452"},"modified":"2024-07-05T18:30:24","modified_gmt":"2024-07-05T21:30:24","slug":"se-vive-en-tres-arroyos-el-dia-mas-frio-del-ano-pero-podrian-venir-mas","status":"publish","type":"post","link":"https:\/\/ondauno.com.ar\/index.php\/2024\/07\/05\/se-vive-en-tres-arroyos-el-dia-mas-frio-del-ano-pero-podrian-venir-mas\/","title":{"rendered":"Se vive en Tres Arroyos el d\u00eda m\u00e1s fr\u00edo del a\u00f1o, pero podr\u00edan venir m\u00e1s"},"content":{"rendered":"<div class=\"ondau-before-content_3\" style=\"margin-top: -30px;\" id=\"ondau-122828943\"><a href=\"https:\/\/www.lps.com.ar\/\" aria-label=\"la-perse2\"><img loading=\"lazy\" decoding=\"async\" src=\"https:\/\/ondauno.com.ar\/wp-content\/uploads\/2021\/10\/la-perse2.jpg\" alt=\"\"  srcset=\"https:\/\/ondauno.com.ar\/wp-content\/uploads\/2021\/10\/la-perse2.jpg 1353w, https:\/\/ondauno.com.ar\/wp-content\/uploads\/2021\/10\/la-perse2-300x43.jpg 300w, https:\/\/ondauno.com.ar\/wp-content\/uploads\/2021\/10\/la-perse2-1024x148.jpg 1024w, https:\/\/ondauno.com.ar\/wp-content\/uploads\/2021\/10\/la-perse2-768x111.jpg 768w, https:\/\/ondauno.com.ar\/wp-content\/uploads\/2021\/10\/la-perse2-696x100.jpg 696w, https:\/\/ondauno.com.ar\/wp-content\/uploads\/2021\/10\/la-perse2-1068x154.jpg 1068w\" sizes=\"(max-width: 1353px) 100vw, 1353px\" class=\"no-lazyload\" width=\"1353\" height=\"195\"  style=\"display: inline-block;\" \/><\/a><\/div>\n<p>En Cosas que Pasan, Facundo Mart\u00ednez, observador meteorol\u00f3gico de la oficina local del Servicio Meteorol\u00f3gico Nacional, inform\u00f3 que este viernes se registr\u00f3 la temperatura m\u00ednima m\u00e1s baja del a\u00f1o hasta el momento en el partido de Tres Arroyos: 1,3 bajo cero.<br>Mart\u00ednez anticip\u00f3 que las condiciones fr\u00edas continuar\u00e1n en los pr\u00f3ximos d\u00edas, afectando no solo a la provincia de Buenos Aires, sino a todo el pa\u00eds, con m\u00ednimas que podr\u00edan descender hasta los 4 grados bajo cero y m\u00e1ximas de alrededor de 10 grados.<\/p>\n\n\n\n<p>Mart\u00ednez explic\u00f3 que estas condiciones son normales para la \u00e9poca invernal, influenciadas por la presencia de un aire polar.<\/p>\n\n\n\n<p><br>Aconsej\u00f3 a la poblaci\u00f3n tomar precauciones adicionales debido a la sensaci\u00f3n t\u00e9rmica que puede llegar a ser de hasta 4,6 bajo cero debido al viento, c\u00f3mo.la registrada este mismo viernes.<\/p>\n\n\n\n<figure class=\"wp-block-embed is-type-rich is-provider-gestor-del-servicio wp-block-embed-gestor-del-servicio wp-embed-aspect-16-9 wp-has-aspect-ratio\"><div class=\"wp-block-embed__wrapper\">\n<div class=\"youtube-embed\" data-video_id=\"OIcbW-jH-WA\"><iframe loading=\"lazy\" title=\"Onda Uno 103.9 en vivo\" width=\"696\" height=\"392\" data-src=\"https:\/\/www.youtube.com\/embed\/OIcbW-jH-WA?feature=oembed&#038;enablejsapi=1\" frameborder=\"0\" allow=\"accelerometer; autoplay; clipboard-write; encrypted-media; gyroscope; picture-in-picture; web-share\" referrerpolicy=\"strict-origin-when-cross-origin\" allowfullscreen src=\"data:image\/gif;base64,R0lGODlhAQABAAAAACH5BAEKAAEALAAAAAABAAEAAAICTAEAOw==\" class=\"lazyload\" data-load-mode=\"1\"><\/iframe><\/div>\n<\/div><\/figure>\n","protected":false},"excerpt":{"rendered":"<p>En Cosas que Pasan, Facundo Mart\u00ednez, observador meteorol\u00f3gico de la oficina local del Servicio Meteorol\u00f3gico Nacional, inform\u00f3 que este viernes se registr\u00f3 la temperatura m\u00ednima m\u00e1s baja del a\u00f1o hasta el momento en el partido de Tres Arroyos: 1,3 bajo cero.Mart\u00ednez anticip\u00f3 que las condiciones fr\u00edas continuar\u00e1n en los pr\u00f3ximos d\u00edas, afectando no solo a [&hellip;]<\/p>\n","protected":false},"author":1,"featured_media":0,"comment_status":"open","ping_status":"open","sticky":false,"template":"","format":"standard","meta":{"tdm_status":"","tdm_grid_status":"","_jetpack_memberships_contains_paid_content":false,"footnotes":"","jetpack_publicize_message":"","jetpack_publicize_feature_enabled":true,"jetpack_social_post_already_shared":false,"jetpack_social_options":{"image_generator_settings":{"template":"highway","default_image_id":0,"font":"","enabled":false},"version":2}},"categories":[2],"tags":[],"class_list":{"0":"post-48452","1":"post","2":"type-post","3":"status-publish","4":"format-standard","6":"category-locales"},"yoast_head":"<!-- This site is optimized with the Yoast SEO plugin v22.7 - https:\/\/yoast.com\/wordpress\/plugins\/seo\/ -->\n<title>Se vive en Tres Arroyos el d\u00eda m\u00e1s fr\u00edo del a\u00f1o, pero podr\u00edan venir m\u00e1s - 103.9 fm<\/title>\n<meta name=\"robots\" content=\"index, follow, max-snippet:-1, max-image-preview:large, max-video-preview:-1\" \/>\n<link rel=\"canonical\" href=\"https:\/\/ondauno.com.ar\/index.php\/2024\/07\/05\/se-vive-en-tres-arroyos-el-dia-mas-frio-del-ano-pero-podrian-venir-mas\/\" \/>\n<meta property=\"og:locale\" content=\"es_ES\" \/>\n<meta property=\"og:type\" content=\"article\" \/>\n<meta property=\"og:title\" content=\"Se vive en Tres Arroyos el d\u00eda m\u00e1s fr\u00edo del a\u00f1o, pero podr\u00edan venir m\u00e1s - 103.9 fm\" \/>\n<meta property=\"og:description\" content=\"En Cosas que Pasan, Facundo Mart\u00ednez, observador meteorol\u00f3gico de la oficina local del Servicio Meteorol\u00f3gico Nacional, inform\u00f3 que este viernes se registr\u00f3 la temperatura m\u00ednima m\u00e1s baja del a\u00f1o hasta el momento en el partido de Tres Arroyos: 1,3 bajo cero.Mart\u00ednez anticip\u00f3 que las condiciones fr\u00edas continuar\u00e1n en los pr\u00f3ximos d\u00edas, afectando no solo a [&hellip;]\" \/>\n<meta property=\"og:url\" content=\"https:\/\/ondauno.com.ar\/index.php\/2024\/07\/05\/se-vive-en-tres-arroyos-el-dia-mas-frio-del-ano-pero-podrian-venir-mas\/\" \/>\n<meta property=\"og:site_name\" content=\"103.9 fm\" \/>\n<meta property=\"article:publisher\" content=\"https:\/\/www.facebook.com\/ondauno103.9\" \/>\n<meta property=\"article:published_time\" content=\"2024-07-05T21:30:21+00:00\" \/>\n<meta property=\"article:modified_time\" content=\"2024-07-05T21:30:24+00:00\" \/>\n<meta property=\"og:image\" content=\"http:\/\/ondauno.com.ar\/wp-content\/uploads\/2021\/07\/cielo-frio.jpg\" \/>\n\t<meta property=\"og:image:width\" content=\"1000\" \/>\n\t<meta property=\"og:image:height\" content=\"600\" \/>\n\t<meta property=\"og:image:type\" content=\"image\/jpeg\" \/>\n<meta name=\"author\" content=\"OndaUno\" \/>\n<meta name=\"twitter:card\" content=\"summary_large_image\" \/>\n<meta name=\"twitter:label1\" content=\"Escrito por\" \/>\n\t<meta name=\"twitter:data1\" content=\"OndaUno\" \/>\n\t<meta name=\"twitter:label2\" content=\"Tiempo de lectura\" \/>\n\t<meta name=\"twitter:data2\" content=\"1 minuto\" \/>\n<script type=\"application\/ld+json\" class=\"yoast-schema-graph\">{\"@context\":\"https:\/\/schema.org\",\"@graph\":[{\"@type\":\"WebPage\",\"@id\":\"https:\/\/ondauno.com.ar\/index.php\/2024\/07\/05\/se-vive-en-tres-arroyos-el-dia-mas-frio-del-ano-pero-podrian-venir-mas\/\",\"url\":\"https:\/\/ondauno.com.ar\/index.php\/2024\/07\/05\/se-vive-en-tres-arroyos-el-dia-mas-frio-del-ano-pero-podrian-venir-mas\/\",\"name\":\"Se vive en Tres Arroyos el d\u00eda m\u00e1s fr\u00edo del a\u00f1o, pero podr\u00edan venir m\u00e1s - 103.9 fm\",\"isPartOf\":{\"@id\":\"https:\/\/ondauno.com.ar\/#website\"},\"datePublished\":\"2024-07-05T21:30:21+00:00\",\"dateModified\":\"2024-07-05T21:30:24+00:00\",\"author\":{\"@id\":\"https:\/\/ondauno.com.ar\/#\/schema\/person\/7ec851ddeceb4133d7d7132dc645714e\"},\"breadcrumb\":{\"@id\":\"https:\/\/ondauno.com.ar\/index.php\/2024\/07\/05\/se-vive-en-tres-arroyos-el-dia-mas-frio-del-ano-pero-podrian-venir-mas\/#breadcrumb\"},\"inLanguage\":\"es-AR\",\"potentialAction\":[{\"@type\":\"ReadAction\",\"target\":[\"https:\/\/ondauno.com.ar\/index.php\/2024\/07\/05\/se-vive-en-tres-arroyos-el-dia-mas-frio-del-ano-pero-podrian-venir-mas\/\"]}]},{\"@type\":\"BreadcrumbList\",\"@id\":\"https:\/\/ondauno.com.ar\/index.php\/2024\/07\/05\/se-vive-en-tres-arroyos-el-dia-mas-frio-del-ano-pero-podrian-venir-mas\/#breadcrumb\",\"itemListElement\":[{\"@type\":\"ListItem\",\"position\":1,\"name\":\"Inicio\",\"item\":\"https:\/\/ondauno.com.ar\/\"},{\"@type\":\"ListItem\",\"position\":2,\"name\":\"Se vive en Tres Arroyos el d\u00eda m\u00e1s fr\u00edo del a\u00f1o, pero podr\u00edan venir m\u00e1s\"}]},{\"@type\":\"WebSite\",\"@id\":\"https:\/\/ondauno.com.ar\/#website\",\"url\":\"https:\/\/ondauno.com.ar\/\",\"name\":\"103.9 fm\",\"description\":\"LA PRIMERA RADIO MULTIMEDIA DE TRES ARROYOS\",\"potentialAction\":[{\"@type\":\"SearchAction\",\"target\":{\"@type\":\"EntryPoint\",\"urlTemplate\":\"https:\/\/ondauno.com.ar\/?s={search_term_string}\"},\"query-input\":\"required name=search_term_string\"}],\"inLanguage\":\"es-AR\"},{\"@type\":\"Person\",\"@id\":\"https:\/\/ondauno.com.ar\/#\/schema\/person\/7ec851ddeceb4133d7d7132dc645714e\",\"name\":\"OndaUno\",\"image\":{\"@type\":\"ImageObject\",\"inLanguage\":\"es-AR\",\"@id\":\"https:\/\/ondauno.com.ar\/#\/schema\/person\/image\/\",\"url\":\"https:\/\/secure.gravatar.com\/avatar\/93b8009f0de7021f1feb2bd5b32fb9e8?s=96&d=mm&r=g\",\"contentUrl\":\"https:\/\/secure.gravatar.com\/avatar\/93b8009f0de7021f1feb2bd5b32fb9e8?s=96&d=mm&r=g\",\"caption\":\"OndaUno\"},\"url\":\"https:\/\/ondauno.com.ar\/index.php\/author\/ondauno\/\"}]}<\/script>\n<!-- \/ Yoast SEO plugin. -->","yoast_head_json":{"title":"Se vive en Tres Arroyos el d\u00eda m\u00e1s fr\u00edo del a\u00f1o, pero podr\u00edan venir m\u00e1s - 103.9 fm","robots":{"index":"index","follow":"follow","max-snippet":"max-snippet:-1","max-image-preview":"max-image-preview:large","max-video-preview":"max-video-preview:-1"},"canonical":"https:\/\/ondauno.com.ar\/index.php\/2024\/07\/05\/se-vive-en-tres-arroyos-el-dia-mas-frio-del-ano-pero-podrian-venir-mas\/","og_locale":"es_ES","og_type":"article","og_title":"Se vive en Tres Arroyos el d\u00eda m\u00e1s fr\u00edo del a\u00f1o, pero podr\u00edan venir m\u00e1s - 103.9 fm","og_description":"En Cosas que Pasan, Facundo Mart\u00ednez, observador meteorol\u00f3gico de la oficina local del Servicio Meteorol\u00f3gico Nacional, inform\u00f3 que este viernes se registr\u00f3 la temperatura m\u00ednima m\u00e1s baja del a\u00f1o hasta el momento en el partido de Tres Arroyos: 1,3 bajo cero.Mart\u00ednez anticip\u00f3 que las condiciones fr\u00edas continuar\u00e1n en los pr\u00f3ximos d\u00edas, afectando no solo a [&hellip;]","og_url":"https:\/\/ondauno.com.ar\/index.php\/2024\/07\/05\/se-vive-en-tres-arroyos-el-dia-mas-frio-del-ano-pero-podrian-venir-mas\/","og_site_name":"103.9 fm","article_publisher":"https:\/\/www.facebook.com\/ondauno103.9","article_published_time":"2024-07-05T21:30:21+00:00","article_modified_time":"2024-07-05T21:30:24+00:00","og_image":[{"width":1000,"height":600,"url":"http:\/\/ondauno.com.ar\/wp-content\/uploads\/2021\/07\/cielo-frio.jpg","type":"image\/jpeg"}],"author":"OndaUno","twitter_card":"summary_large_image","twitter_misc":{"Escrito por":"OndaUno","Tiempo de lectura":"1 minuto"},"schema":{"@context":"https:\/\/schema.org","@graph":[{"@type":"WebPage","@id":"https:\/\/ondauno.com.ar\/index.php\/2024\/07\/05\/se-vive-en-tres-arroyos-el-dia-mas-frio-del-ano-pero-podrian-venir-mas\/","url":"https:\/\/ondauno.com.ar\/index.php\/2024\/07\/05\/se-vive-en-tres-arroyos-el-dia-mas-frio-del-ano-pero-podrian-venir-mas\/","name":"Se vive en Tres Arroyos el d\u00eda m\u00e1s fr\u00edo del a\u00f1o, pero podr\u00edan venir m\u00e1s - 103.9 fm","isPartOf":{"@id":"https:\/\/ondauno.com.ar\/#website"},"datePublished":"2024-07-05T21:30:21+00:00","dateModified":"2024-07-05T21:30:24+00:00","author":{"@id":"https:\/\/ondauno.com.ar\/#\/schema\/person\/7ec851ddeceb4133d7d7132dc645714e"},"breadcrumb":{"@id":"https:\/\/ondauno.com.ar\/index.php\/2024\/07\/05\/se-vive-en-tres-arroyos-el-dia-mas-frio-del-ano-pero-podrian-venir-mas\/#breadcrumb"},"inLanguage":"es-AR","potentialAction":[{"@type":"ReadAction","target":["https:\/\/ondauno.com.ar\/index.php\/2024\/07\/05\/se-vive-en-tres-arroyos-el-dia-mas-frio-del-ano-pero-podrian-venir-mas\/"]}]},{"@type":"BreadcrumbList","@id":"https:\/\/ondauno.com.ar\/index.php\/2024\/07\/05\/se-vive-en-tres-arroyos-el-dia-mas-frio-del-ano-pero-podrian-venir-mas\/#breadcrumb","itemListElement":[{"@type":"ListItem","position":1,"name":"Inicio","item":"https:\/\/ondauno.com.ar\/"},{"@type":"ListItem","position":2,"name":"Se vive en Tres Arroyos el d\u00eda m\u00e1s fr\u00edo del a\u00f1o, pero podr\u00edan venir m\u00e1s"}]},{"@type":"WebSite","@id":"https:\/\/ondauno.com.ar\/#website","url":"https:\/\/ondauno.com.ar\/","name":"103.9 fm","description":"LA PRIMERA RADIO MULTIMEDIA DE TRES ARROYOS","potentialAction":[{"@type":"SearchAction","target":{"@type":"EntryPoint","urlTemplate":"https:\/\/ondauno.com.ar\/?s={search_term_string}"},"query-input":"required name=search_term_string"}],"inLanguage":"es-AR"},{"@type":"Person","@id":"https:\/\/ondauno.com.ar\/#\/schema\/person\/7ec851ddeceb4133d7d7132dc645714e","name":"OndaUno","image":{"@type":"ImageObject","inLanguage":"es-AR","@id":"https:\/\/ondauno.com.ar\/#\/schema\/person\/image\/","url":"https:\/\/secure.gravatar.com\/avatar\/93b8009f0de7021f1feb2bd5b32fb9e8?s=96&d=mm&r=g","contentUrl":"https:\/\/secure.gravatar.com\/avatar\/93b8009f0de7021f1feb2bd5b32fb9e8?s=96&d=mm&r=g","caption":"OndaUno"},"url":"https:\/\/ondauno.com.ar\/index.php\/author\/ondauno\/"}]}},"jetpack_publicize_connections":[],"jetpack_featured_media_url":"","jetpack_sharing_enabled":true,"_links":{"self":[{"href":"https:\/\/ondauno.com.ar\/index.php\/wp-json\/wp\/v2\/posts\/48452","targetHints":{"allow":["GET"]}}],"collection":[{"href":"https:\/\/ondauno.com.ar\/index.php\/wp-json\/wp\/v2\/posts"}],"about":[{"href":"https:\/\/ondauno.com.ar\/index.php\/wp-json\/wp\/v2\/types\/post"}],"author":[{"embeddable":true,"href":"https:\/\/ondauno.com.ar\/index.php\/wp-json\/wp\/v2\/users\/1"}],"replies":[{"embeddable":true,"href":"https:\/\/ondauno.com.ar\/index.php\/wp-json\/wp\/v2\/comments?post=48452"}],"version-history":[{"count":1,"href":"https:\/\/ondauno.com.ar\/index.php\/wp-json\/wp\/v2\/posts\/48452\/revisions"}],"predecessor-version":[{"id":48454,"href":"https:\/\/ondauno.com.ar\/index.php\/wp-json\/wp\/v2\/posts\/48452\/revisions\/48454"}],"wp:attachment":[{"href":"https:\/\/ondauno.com.ar\/index.php\/wp-json\/wp\/v2\/media?parent=48452"}],"wp:term":[{"taxonomy":"category","embeddable":true,"href":"https:\/\/ondauno.com.ar\/index.php\/wp-json\/wp\/v2\/categories?post=48452"},{"taxonomy":"post_tag","embeddable":true,"href":"https:\/\/ondauno.com.ar\/index.php\/wp-json\/wp\/v2\/tags?post=48452"}],"curies":[{"name":"wp","href":"https:\/\/api.w.org\/{rel}","templated":true}]}}