{"id":4842,"date":"2020-01-20T10:19:56","date_gmt":"2020-01-20T13:19:56","guid":{"rendered":"http:\/\/ondauno.com.ar\/?p=4842"},"modified":"2020-01-20T10:24:06","modified_gmt":"2020-01-20T13:24:06","slug":"resumen-de-noticias-de-genero","status":"publish","type":"post","link":"https:\/\/ondauno.com.ar\/index.php\/2020\/01\/20\/resumen-de-noticias-de-genero\/","title":{"rendered":"RESUMEN DE NOTICIAS DE G\u00c9NERO"},"content":{"rendered":"<div class=\"ondau-before-content_3\" style=\"margin-top: -30px;\" id=\"ondau-3242833067\"><a href=\"https:\/\/www.lps.com.ar\/\" aria-label=\"la-perse2\"><img loading=\"lazy\" decoding=\"async\" src=\"https:\/\/ondauno.com.ar\/wp-content\/uploads\/2021\/10\/la-perse2.jpg\" alt=\"\"  srcset=\"https:\/\/ondauno.com.ar\/wp-content\/uploads\/2021\/10\/la-perse2.jpg 1353w, https:\/\/ondauno.com.ar\/wp-content\/uploads\/2021\/10\/la-perse2-300x43.jpg 300w, https:\/\/ondauno.com.ar\/wp-content\/uploads\/2021\/10\/la-perse2-1024x148.jpg 1024w, https:\/\/ondauno.com.ar\/wp-content\/uploads\/2021\/10\/la-perse2-768x111.jpg 768w, https:\/\/ondauno.com.ar\/wp-content\/uploads\/2021\/10\/la-perse2-696x100.jpg 696w, https:\/\/ondauno.com.ar\/wp-content\/uploads\/2021\/10\/la-perse2-1068x154.jpg 1068w\" sizes=\"(max-width: 1353px) 100vw, 1353px\" class=\"no-lazyload\" width=\"1353\" height=\"195\"  style=\"display: inline-block;\" \/><\/a><\/div>\n<p><\/p>\n\n\n\n<p>SUMARIO<br \/>PROVINCIALES<\/p>\n\n\n\n<p>1. SE METI\u00d3 POR UNA VENTANA, ABUS\u00d3 DE LA HERMANA DE UN AMIGO Y LO ATRAPARON<\/p>\n\n\n\n<p>2.LA MINISTRA RAVERTA PUSO EN MARCHA EL CONSEJO PROVINCIAL DE COORDINACI\u00d3N DE POL\u00cdTICAS SOCIALES<\/p>\n\n\n\n<p>3. VIOLENCIA DE G\u00c9NERO EN BERISSO: LA DEJ\u00d3 TENDIDA EN EL PISO CON LA CABEZA SANGRANDO<\/p>\n\n\n\n<p>4. OFELIA FERN\u00c1NDEZ CRITIC\u00d3 A DIEGO PERETTI POR DEFENDER A PABLO RAGO: &#8220;DA\u00d1O ES SER VIOLADA&#8221;<\/p>\n\n\n\n<p>5. UNA CONCENTRACI\u00d3N Y UN BESO PARA REPUDIAR LA DISCRIMINACI\u00d3N EN OCEAN CLUB<\/p>\n\n\n\n<p>6. \u201cMUJERES INTENSAMENTE HABITADAS\u201d, DARLE TEATRALIDAD A LA MATERNIDAD DE HIJOS E HIJAS CON DISCAPACIDAD<br \/><\/p>\n\n\n\n<p>NACIONALES<\/p>\n\n\n\n<p>7. UNA MUJER MURI\u00d3 CALCINADA EN EL INTERIOR DE SU AUTO: DETUVIERON A SU PAREJA<\/p>\n\n\n\n<p>8. UN PATOVICA PROTAGONIZ\u00d3 UN HECHO DE VIOLENCIA DE G\u00c9NERO EN USHUAIA<\/p>\n\n\n\n<p>9. PARA EL FISCAL LOS RUGBIERS QUE MATARON A GOLPES A UN JOVEN ACTUARON CON &#8220;PREMEDITACI\u00d3N&#8221;<\/p>\n\n\n\n<p>10. IDEOLOG\u00cdA DEL MACHO RUGBIER<\/p>\n\n\n\n<p>11. FUERTE REPUDIO DE MISS BOLIVIA A CRIMEN EN VILLA GESELL: &#8220;QU\u00c9 FEO QUE ES ODIAR, PERO&#8230;&#8221;<\/p>\n\n\n\n<p><\/p>\n\n\n\n<p>INTERNACIONALES<\/p>\n\n\n\n<p>12. EVO MORALES ANUNCI\u00d3 A LOS CANDIDATOS PARA LAS ELECCIONES DEL 3 DE MAYO EN BOLIVIA<\/p>\n\n\n\n<p>LUIS ARCE-DAVID CHOQUEHUANCA, LA F\u00d3RMULA PRESIDENCIAL DEL MAS<br \/><\/p>\n\n\n\n<p>13. EL SECRETARIO DE ESTADO DE ESTADOS UNIDOS VOLVI\u00d3 A ACUSAR A LA ORGANIZACI\u00d3N POR EL ATENTADO A LA AMIA.<\/p>\n\n\n\n<p>MUERTE DE NISMAN: EL OPORTUNISMO DE MIKE POMPEO PARA HABLAR DE HEZBOLLAH<br \/><\/p>\n\n\n\n<p>14. ARGENTINO CONDENADO EN MACHU PICCHU POR DESTROZOS<br \/><\/p>\n\n\n\n<p>\u00a0PARA LEER<\/p>\n\n\n\n<p>15. <a href=\"https:\/\/www.pagina12.com.ar\/241936-el-verano-y-las-violencias-sobre-nuestros-cuerpos\">EL VERANO Y LAS VIOLENCIAS SOBRE NUESTROS CUERPOS<\/a><\/p>\n\n\n\n<p>POR <a href=\"https:\/\/www.pagina12.com.ar\/autores\/1345-sonia-tessa\">SONIA TESSA<\/a>&nbsp;<\/p>\n\n\n\n<p>16. <a href=\"https:\/\/feminacida.com.ar\/ser-o-no-ser-los-cuerpos-y-las-redes-sociales\/\">SER O NO SER: LOS CUERPOS Y LAS REDES SOCIALES<\/a><br \/><\/p>\n\n\n\n<p><br>DESARROLLO<\/p>\n\n\n\n<p>PROVINCIALES<\/p>\n\n\n\n<p>17. SE METI\u00d3 POR UNA VENTANA, ABUS\u00d3 DE LA HERMANA DE UN AMIGO Y LO ATRAPARON<\/p>\n\n\n\n<p>Sucedi\u00f3 en una vivienda del barrio Mosconi. El agresor, de 19 a\u00f1os, ingres\u00f3 al lugar encapuchado y atac\u00f3 a la adolescente. Luego, se dio a la fuga pero un llamado al 911 alert\u00f3 a la Polic\u00eda. Minutos m\u00e1s tarde, lograron dar con \u00e9l y detenerlo. Qued\u00f3 a disposici\u00f3n de la Justicia por &#8220;abuso sexual simple y violaci\u00f3n de domicilio&#8221;.<\/p>\n\n\n\n<p><a href=\"https:\/\/www.0221.com.ar\/nota\/2020-1-19-14-53-0-ensenada-se-metio-por-una-ventana-y-abuso-de-la-hermana-de-un-amigo\">https:\/\/www.0221.com.ar\/nota\/2020-1-19-14-53-0-ensenada-se-metio-por-una-ventana-y-abuso-de-la-hermana-de-un-amigo<\/a>&nbsp;<br \/><\/p>\n\n\n\n<p>18. LA MINISTRA RAVERTA PUSO EN MARCHA EL CONSEJO PROVINCIAL DE COORDINACI\u00d3N DE POL\u00cdTICAS SOCIALES<\/p>\n\n\n\n<p>La ministra de Desarrollo de la Comunidad,&nbsp;Fernanda Raverta, puso en marcha hoy el Consejo Provincial de Coordinaci\u00f3n de Pol\u00edticas Sociales con el objetivo de desarrollar un espacio para generar pol\u00edticas p\u00fablicas destinadas a mejorar la calidad de vida de las y los bonaerenses.<\/p>\n\n\n\n<p><a href=\"https:\/\/elteclado.com.ar\/nota\/7264\/la_ministra_raverta_puso_en_marcha_el_consejo_provincial_de_coordinacion_de_politicas_sociales\/\">https:\/\/elteclado.com.ar\/nota\/7264\/la_ministra_raverta_puso_en_marcha_el_consejo_provincial_de_coordinacion_de_politicas_sociales\/<\/a>&nbsp;<\/p>\n\n\n\n<p><\/p>\n\n\n\n<p>19. VIOLENCIA DE G\u00c9NERO EN BERISSO: LA DEJ\u00d3 TENDIDA EN EL PISO CON LA CABEZA SANGRANDO<br \/><\/p>\n\n\n\n<p>Un llamado al 911 alert\u00f3 a la polic\u00eda sobre un caso de violencia de g\u00e9nero en 128 entre 89 y 90 del barrio El Carmen de Berisso. Un hombre estaba golpeando a una mujer en la cabeza y la hab\u00eda dejado tendida en el piso, con una herida sangrante e inconsciente.&nbsp;<\/p>\n\n\n\n<p><a href=\"https:\/\/eleditorplatense.com.ar\/nota\/12798\/violencia_de_genero_en_berisso_la_dejo_tendida_en_el_piso_con_la_cabeza_sangrando\/\">https:\/\/eleditorplatense.com.ar\/nota\/12798\/violencia_de_genero_en_berisso_la_dejo_tendida_en_el_piso_con_la_cabeza_sangrando\/<\/a>&nbsp;<br \/><\/p>\n\n\n\n<p>20. OFELIA FERN\u00c1NDEZ CRITIC\u00d3 A DIEGO PERETTI POR DEFENDER A PABLO RAGO: &#8220;DA\u00d1O ES SER VIOLADA&#8221;<\/p>\n\n\n\n<p>La legisladora Ofelia Fern\u00e1ndez sali\u00f3 al cruce del actor Diego Peretti&nbsp;por respaldar a&nbsp;Pablo Rago, quien tiene dos denuncias de violaci\u00f3n en su contra. Peretti hab\u00eda calificado &nbsp;como \u201cdemasiado da\u00f1o\u201d lo que le estaban provocando a Rago la mediatizaci\u00f3n de estas situaciones de abuso. Frente a este comentario,&nbsp;Ofelia Fern\u00e1ndez&nbsp;lo cruz\u00f3 en Twitter: \u201cDa\u00f1o es ser violada\u201d, lanz\u00f3.&nbsp;<\/p>\n\n\n\n<p><a href=\"https:\/\/elteclado.com.ar\/nota\/7256\/ofelia_fernandez_critico_a_diego_peretti_por_defender_a_pablo_rago_dano_es_ser_violada\/\">https:\/\/elteclado.com.ar\/nota\/7256\/ofelia_fernandez_critico_a_diego_peretti_por_defender_a_pablo_rago_dano_es_ser_violada\/<\/a>&nbsp;<br \/><\/p>\n\n\n\n<p>21. UNA CONCENTRACI\u00d3N Y UN BESO PARA REPUDIAR LA DISCRIMINACI\u00d3N EN OCEAN CLUB<\/p>\n\n\n\n<p>A <a href=\"https:\/\/quedigital.com.ar\/sociedad\/los-discriminaron-en-un-balneario-de-mar-del-plata-por-hacer-escenas-de-gays\/\">dos semanas<\/a> de haber sido echados del balneario&nbsp;Ocean Club&nbsp;de Playa Grande&nbsp;por su condici\u00f3n sexual y por \u201chacer escenas de gays\u201d, Gustavo Posati y Mariano Dom\u00ednguez encabezaron este s\u00e1bado una&nbsp;concentraci\u00f3n y movilizaci\u00f3n en esa zona de Mar del Plata para&nbsp;repudiar la discriminaci\u00f3nsufrida y para exponer que todav\u00eda este tipo de actitudes se suceden en la sociedad.&nbsp;<\/p>\n\n\n\n<p><a href=\"http:\/\/quedigital.com.ar\/sociedad\/una-concentracion-y-un-beso-en-playa-grande-para-repudiar-la-discriminacion-en-ocean-club\/\">http:\/\/quedigital.com.ar\/sociedad\/una-concentracion-y-un-beso-en-playa-grande-para-repudiar-la-discriminacion-en-ocean-club\/<\/a>&nbsp;<br \/><\/p>\n\n\n\n<p>22. \u201cMUJERES INTENSAMENTE HABITADAS\u201d, DARLE TEATRALIDAD A LA MATERNIDAD DE HIJOS E HIJAS CON DISCAPACIDAD<\/p>\n\n\n\n<p>La inclusi\u00f3n se hace cada vez m\u00e1s visible para despojar una sociedad llena de prejuicios y tab\u00faes como lo pretende la obra teatral inclusiva&nbsp;\u201cMujeres intensamente habitadas\u201d, basada en el libro de Alfonsina Angelino y adaptada y dirigida por Gonzalo Ithurbide. La pieza cuenta con el apoyo y acompa\u00f1amiento del Programa de Discapacidad y Equiparaci\u00f3n de Oportunidades de la Secretar\u00eda de Bienestar de la Comunidad Universitaria de la Universidad Nacional de Mar del Plata (UNMdP) y la Comisi\u00f3n Universitaria sobre Discapacidad de la Universidad Nacional de La Plata.&nbsp;<br \/><\/p>\n\n\n\n<p>NACIONALES<\/p>\n\n\n\n<h1 class=\"wp-block-heading\">23. Una mujer muri\u00f3 calcinada en el interior de su auto: detuvieron a su pareja<\/h1>\n\n\n\n<p>Una mujer de 33 a\u00f1os muri\u00f3 calcinada en el interior de un autom\u00f3vil que se incendi\u00f3 en cercan\u00edas de lalocalidad santafesina de Alejandra, y tras el hecho fue detenida su pareja, de quien se sospecha pudo haber cometido un <a href=\"http:\/\/www.diariopopular.com.ar\/femicidio-a2031\">femicidio<\/a> y luego prendi\u00f3 fuego el veh\u00edculo para ocultar el hecho, informaron fuentes judiciales.&nbsp;<\/p>\n\n\n\n<p><a href=\"https:\/\/www.diariopopular.com.ar\/policiales\/una-mujer-murio-calcinada-el-interior-su-auto-detuvieron-su-pareja-n453296\">https:\/\/www.diariopopular.com.ar\/policiales\/una-mujer-murio-calcinada-el-interior-su-auto-detuvieron-su-pareja-n453296<\/a>&nbsp;<br \/><\/p>\n\n\n\n<p>24. UN PATOVICA PROTAGONIZ\u00d3 UN HECHO DE VIOLENCIA DE G\u00c9NERO EN USHUAIA<\/p>\n\n\n\n<p>Un hecho de <a href=\"http:\/\/www.minutouno.com\/violencia-genero-a684\">violencia de g\u00e9nero<\/a> se registr\u00f3 en un boliche de Ushuaia luego de que se viraliz\u00f3 un video en el que se ve a un&nbsp;patovica ahorcando a una chica. El miembro del equipo de seguridad public\u00f3 una disculpa desde su perfil de Facebook, busc\u00f3 deslindar a Nautico disco y a sus compa\u00f1eros, se puso a disposici\u00f3n de la Justicia, pero asegur\u00f3 que la v\u00edctima buscaba generar disturbios.&nbsp;<\/p>\n\n\n\n<p><a href=\"https:\/\/www.minutouno.com\/notas\/5077586-un-patovica-protagonizo-un-hecho-violencia-genero-ushuaia\">https:\/\/www.minutouno.com\/notas\/5077586-un-patovica-protagonizo-un-hecho-violencia-genero-ushuaia<\/a>&nbsp;<br \/><\/p>\n\n\n\n<p>25. PARA EL FISCAL LOS RUGBIERS QUE MATARON A GOLPES A UN JOVEN ACTUARON CON &#8220;PREMEDITACI\u00d3N&#8221;<\/p>\n\n\n\n<p>El fiscal que dispuso la aprehensi\u00f3n de 11 sospechosos por el crimen de un joven asesinado a golpes durante una pelea a la salida de un boliche en la localidad balnearia de <a href=\"https:\/\/www.cronica.com.ar\/tags\/Villa%20Gesell\">Villa Gesell<\/a> habl\u00f3 al aire de Cr\u00f3nica HD y consider\u00f3 este domingo que los agresores actuaron con &#8220;premeditaci\u00f3n&#8221; y asegur\u00f3 que dos de ellos &#8220;ultimaron&#8221; a la v\u00edctima cuando estaba &#8220;desmayada en el piso&#8221;.&nbsp;<\/p>\n\n\n\n<p><a href=\"https:\/\/www.cronica.com.ar\/policiales\/Para-el-fiscal-los-rugbiers-que-mataron-a-golpes-a-un-joven-actuaron-con-premeditacion-20200119-0029.html\">https:\/\/www.cronica.com.ar\/policiales\/Para-el-fiscal-los-rugbiers-que-mataron-a-golpes-a-un-joven-actuaron-con-premeditacion-20200119-0029.html<\/a>&nbsp;<br \/><\/p>\n\n\n\n<p>26. IDEOLOG\u00cdA DEL MACHO RUGBIER<\/p>\n\n\n\n<p>La tradici\u00f3n de \u00e9lite del rugby, nacida en las universidades victorianas del Reino Unido, se distingue del populacho futbolero de sangre mediterr\u00e1nea que cuestiona la autoridad o la injusticia.&nbsp;<\/p>\n\n\n\n<p><a href=\"https:\/\/www.infobae.com\/opinion\/2020\/01\/19\/ideologia-del-macho-rugbier\/\">https:\/\/www.infobae.com\/opinion\/2020\/01\/19\/ideologia-del-macho-rugbier\/<\/a>&nbsp;<br \/><\/p>\n\n\n\n<p>27. FUERTE REPUDIO DE MISS BOLIVIA A CRIMEN EN VILLA GESELL: &#8220;QU\u00c9 FEO QUE ES ODIAR, PERO\u2026&#8221;<\/p>\n\n\n\n<h3 class=\"wp-block-heading\">La cantante no qued\u00f3 ajena a las repercusiones de la feroz muerte de Fernando B\u00e1ez Sosa en Villa Gesell.<\/h3>\n\n\n\n<p><a href=\"https:\/\/www.minutouno.com\/notas\/5077508-fuerte-repudio-miss-bolivia-crimen-villa-gesell-que-feo-que-es-odiar-pero\">https:\/\/www.minutouno.com\/notas\/5077508-fuerte-repudio-miss-bolivia-crimen-villa-gesell-que-feo-que-es-odiar-pero<\/a>&nbsp;<br \/><\/p>\n\n\n\n<p>INTERNACIONALES<br \/><\/p>\n\n\n\n<p>28. EVO MORALES ANUNCI\u00d3 A LOS CANDIDATOS PARA LAS ELECCIONES DEL 3 DE MAYO EN BOLIVIA<\/p>\n\n\n\n<p>LUIS ARCE-DAVID CHOQUEHUANCA, LA F\u00d3RMULA PRESIDENCIAL DEL MAS<\/p>\n\n\n\n<p>Luego de un intenso debate, el Movimiento Al Socialismo (MAS) eligi\u00f3 a su f\u00f3rmula presidencial. El exministro de Econom\u00eda, Luis Arce, ser\u00e1 candidato a presidente en las elecciones del pr\u00f3ximo tres de mayo en Bolivia. Como candidato a vice lo acompa\u00f1ar\u00e1 el excanciller David Choquehuanca.&nbsp;El anuncio estuvo a cargo del presidente depuesto de Bolivia, Evo Morales, en una rueda de prensa desde el Hotel Bauen de la ciudad de Buenos Aires.&nbsp;<\/p>\n\n\n\n<p><a href=\"https:\/\/www.pagina12.com.ar\/242717-luis-arce-david-choquehuanca-la-formula-presidencial-del-mas\">https:\/\/www.pagina12.com.ar\/242717-luis-arce-david-choquehuanca-la-formula-presidencial-del-mas<\/a>&nbsp;<br \/><\/p>\n\n\n\n<p>29. EL SECRETARIO DE ESTADO DE ESTADOS UNIDOS VOLVI\u00d3 A ACUSAR A LA ORGANIZACI\u00d3N POR EL ATENTADO A LA AMIA.<\/p>\n\n\n\n<p>MUERTE DE NISMAN: EL OPORTUNISMO DE MIKE POMPEO PARA HABLAR DE HEZBOLLAH<\/p>\n\n\n\n<p>&#8220;En el quinto aniversario de la muerte del fiscal&nbsp;Alberto Nisman, recordamos el ataque de 1994 contra el centro jud\u00edo&nbsp;AMIA&nbsp;en Buenos Aires y su esfuerzo incansable para llevar a sus responsables a la Justicia&#8221;, sostuvo el funcionario a trav\u00e9s de su cuenta de Twitter.&nbsp;<\/p>\n\n\n\n<p><a href=\"https:\/\/www.pagina12.com.ar\/242510-muerte-de-nisman-el-oportunismo-de-mike-pompeo-para-hablar-d\">https:\/\/www.pagina12.com.ar\/242510-muerte-de-nisman-el-oportunismo-de-mike-pompeo-para-hablar-d<\/a>&nbsp;<\/p>\n\n\n\n<h1 class=\"wp-block-heading\">30. ARGENTINO CONDENADO EN MACHU PICCHU POR DESTROZOS<\/h1>\n\n\n\n<p>Se trata de Nahuel G\u00f3mez, quien gener\u00f3 roturas en el Templo del Sol. Deber\u00e1 pagar una multa de 196 soles m\u00e1s una cauci\u00f3n de otros 5 mil de reparaci\u00f3n civil.<\/p>\n\n\n\n<p><a href=\"https:\/\/www.diariopopular.com.ar\/general\/argentino-condenado-machu-picchu-destrozos-n453100\">https:\/\/www.diariopopular.com.ar\/general\/argentino-condenado-machu-picchu-destrozos-n453100<\/a>&nbsp;<br \/><\/p>\n\n\n\n<p>PARA LEER<br \/><\/p>\n\n\n\n<p>31. <a href=\"https:\/\/www.pagina12.com.ar\/241936-el-verano-y-las-violencias-sobre-nuestros-cuerpos\">EL VERANO Y LAS VIOLENCIAS SOBRE NUESTROS CUERPOS<\/a><\/p>\n\n\n\n<p>POR <a href=\"https:\/\/www.pagina12.com.ar\/autores\/1345-sonia-tessa\">SONIA TESSA<\/a>&nbsp;<\/p>\n\n\n\n<p>Diversi\u00f3n, delgadez, consumo, vida saludable \u2013nueva palabra m\u00e1gica- y disfrute vienen pegados en cualquier publicidad, publicaci\u00f3n y \u2013claro- conversaci\u00f3n que tenga por objeto eso que somos: nuestros cuerpos. Expuestos, observados, juzgados, expulsados o autoexclu\u00eddos por no cumplir con los par\u00e1metros de grosor, edad, disfrute obligado. No podr\u00e1n meterte en el molde a la fuerza como s\u00ed hizo la empresa Brahma con el bautismo compulsivo del supuesto goce de tomar cerveza. Pero el desprecio que talla la mirada de los otros, el ideal imposible de la piel lisa y sin grasa, todo eso se traduce en dolor y es una deuda constante de los feminismos para abrir zonas de goce que tampoco se vuelvan normativas.<\/p>\n\n\n\n<p>&nbsp;<a href=\"https:\/\/www.pagina12.com.ar\/241936-el-verano-y-las-violencias-sobre-nuestros-cuerpos\">https:\/\/www.pagina12.com.ar\/241936-el-verano-y-las-violencias-sobre-nuestros-cuerpos<\/a>&nbsp;<br \/><\/p>\n\n\n\n<p>32. <a href=\"https:\/\/feminacida.com.ar\/ser-o-no-ser-los-cuerpos-y-las-redes-sociales\/\">SER O NO SER: LOS CUERPOS Y LAS REDES SOCIALES<\/a><\/p>\n\n\n\n<h4 class=\"wp-block-heading\">La modelo Delfi Ferrari public\u00f3 en su Instagram una foto de ella en donde se la nota muy delgada y una fan le coment\u00f3 debajo que iba a dejar de comer hasta tener un cuerpo como el suyo. Ella le da un like y le responde con un coraz\u00f3n. El debate se abre en las redes sociales, y la pregunta que resuena en Feminacida es: \u00bfHasta d\u00f3nde aguantan nuestros cuerpos?<\/h4>\n\n\n\n<p><a href=\"https:\/\/feminacida.com.ar\/ser-o-no-ser-los-cuerpos-y-las-redes-sociales\/\">https:\/\/feminacida.com.ar\/ser-o-no-ser-los-cuerpos-y-las-redes-sociales\/<\/a>&nbsp;<br \/><\/p>\n\n\n\n<p><a href=\"https:\/\/www.facebook.com\/esteladiazministra\/\">https:\/\/www.facebook.com\/esteladiazministra\/<\/a><\/p>\n\n\n\n<p><a href=\"https:\/\/www.instagram.com\/estelaediaz\/\">https:\/\/www.instagram.com\/estelaediaz\/<br \/><\/a><a href=\"https:\/\/twitter.com\/EstelaDiaz63\">https:\/\/twitter.com\/EstelaDiaz63<\/a>&nbsp;<\/p>\n\n\n\n<p><\/p>\n","protected":false},"excerpt":{"rendered":"<p>SUMARIOPROVINCIALES 1. SE METI\u00d3 POR UNA VENTANA, ABUS\u00d3 DE LA HERMANA DE UN AMIGO Y LO ATRAPARON 2.LA MINISTRA RAVERTA PUSO EN MARCHA EL CONSEJO PROVINCIAL DE COORDINACI\u00d3N DE POL\u00cdTICAS SOCIALES 3. VIOLENCIA DE G\u00c9NERO EN BERISSO: LA DEJ\u00d3 TENDIDA EN EL PISO CON LA CABEZA SANGRANDO 4. OFELIA FERN\u00c1NDEZ CRITIC\u00d3 A DIEGO PERETTI POR [&hellip;]<\/p>\n","protected":false},"author":2,"featured_media":0,"comment_status":"open","ping_status":"open","sticky":false,"template":"","format":"standard","meta":{"tdm_status":"","tdm_grid_status":"","_jetpack_memberships_contains_paid_content":false,"footnotes":"","jetpack_publicize_message":"","jetpack_publicize_feature_enabled":true,"jetpack_social_post_already_shared":false,"jetpack_social_options":{"image_generator_settings":{"template":"highway","default_image_id":0,"font":"","enabled":false},"version":2}},"categories":[3,1],"tags":[],"class_list":{"0":"post-4842","1":"post","2":"type-post","3":"status-publish","4":"format-standard","6":"category-nacionales","7":"category-sin-categoria"},"yoast_head":"<!-- This site is optimized with the Yoast SEO plugin v22.7 - https:\/\/yoast.com\/wordpress\/plugins\/seo\/ -->\n<title>RESUMEN DE NOTICIAS DE G\u00c9NERO - 103.9 fm<\/title>\n<meta name=\"robots\" content=\"index, follow, max-snippet:-1, max-image-preview:large, max-video-preview:-1\" \/>\n<link rel=\"canonical\" href=\"https:\/\/ondauno.com.ar\/index.php\/2020\/01\/20\/resumen-de-noticias-de-genero\/\" \/>\n<meta property=\"og:locale\" content=\"es_ES\" \/>\n<meta property=\"og:type\" content=\"article\" \/>\n<meta property=\"og:title\" content=\"RESUMEN DE NOTICIAS DE G\u00c9NERO - 103.9 fm\" \/>\n<meta property=\"og:description\" content=\"SUMARIOPROVINCIALES 1. SE METI\u00d3 POR UNA VENTANA, ABUS\u00d3 DE LA HERMANA DE UN AMIGO Y LO ATRAPARON 2.LA MINISTRA RAVERTA PUSO EN MARCHA EL CONSEJO PROVINCIAL DE COORDINACI\u00d3N DE POL\u00cdTICAS SOCIALES 3. VIOLENCIA DE G\u00c9NERO EN BERISSO: LA DEJ\u00d3 TENDIDA EN EL PISO CON LA CABEZA SANGRANDO 4. OFELIA FERN\u00c1NDEZ CRITIC\u00d3 A DIEGO PERETTI POR [&hellip;]\" \/>\n<meta property=\"og:url\" content=\"https:\/\/ondauno.com.ar\/index.php\/2020\/01\/20\/resumen-de-noticias-de-genero\/\" \/>\n<meta property=\"og:site_name\" content=\"103.9 fm\" \/>\n<meta property=\"article:publisher\" content=\"https:\/\/www.facebook.com\/ondauno103.9\" \/>\n<meta property=\"article:published_time\" content=\"2020-01-20T13:19:56+00:00\" \/>\n<meta property=\"article:modified_time\" content=\"2020-01-20T13:24:06+00:00\" \/>\n<meta name=\"author\" content=\"fernando garcia\" \/>\n<meta name=\"twitter:card\" content=\"summary_large_image\" \/>\n<meta name=\"twitter:label1\" content=\"Escrito por\" \/>\n\t<meta name=\"twitter:data1\" content=\"fernando garcia\" \/>\n\t<meta name=\"twitter:label2\" content=\"Tiempo de lectura\" \/>\n\t<meta name=\"twitter:data2\" content=\"8 minutos\" \/>\n<script type=\"application\/ld+json\" class=\"yoast-schema-graph\">{\"@context\":\"https:\/\/schema.org\",\"@graph\":[{\"@type\":\"WebPage\",\"@id\":\"https:\/\/ondauno.com.ar\/index.php\/2020\/01\/20\/resumen-de-noticias-de-genero\/\",\"url\":\"https:\/\/ondauno.com.ar\/index.php\/2020\/01\/20\/resumen-de-noticias-de-genero\/\",\"name\":\"RESUMEN DE NOTICIAS DE G\u00c9NERO - 103.9 fm\",\"isPartOf\":{\"@id\":\"https:\/\/ondauno.com.ar\/#website\"},\"datePublished\":\"2020-01-20T13:19:56+00:00\",\"dateModified\":\"2020-01-20T13:24:06+00:00\",\"author\":{\"@id\":\"https:\/\/ondauno.com.ar\/#\/schema\/person\/201d1b68e6c75e0fd396fe5f8af5d139\"},\"breadcrumb\":{\"@id\":\"https:\/\/ondauno.com.ar\/index.php\/2020\/01\/20\/resumen-de-noticias-de-genero\/#breadcrumb\"},\"inLanguage\":\"es-AR\",\"potentialAction\":[{\"@type\":\"ReadAction\",\"target\":[\"https:\/\/ondauno.com.ar\/index.php\/2020\/01\/20\/resumen-de-noticias-de-genero\/\"]}]},{\"@type\":\"BreadcrumbList\",\"@id\":\"https:\/\/ondauno.com.ar\/index.php\/2020\/01\/20\/resumen-de-noticias-de-genero\/#breadcrumb\",\"itemListElement\":[{\"@type\":\"ListItem\",\"position\":1,\"name\":\"Inicio\",\"item\":\"https:\/\/ondauno.com.ar\/\"},{\"@type\":\"ListItem\",\"position\":2,\"name\":\"RESUMEN DE NOTICIAS DE G\u00c9NERO\"}]},{\"@type\":\"WebSite\",\"@id\":\"https:\/\/ondauno.com.ar\/#website\",\"url\":\"https:\/\/ondauno.com.ar\/\",\"name\":\"103.9 fm\",\"description\":\"LA PRIMERA RADIO MULTIMEDIA DE TRES ARROYOS\",\"potentialAction\":[{\"@type\":\"SearchAction\",\"target\":{\"@type\":\"EntryPoint\",\"urlTemplate\":\"https:\/\/ondauno.com.ar\/?s={search_term_string}\"},\"query-input\":\"required name=search_term_string\"}],\"inLanguage\":\"es-AR\"},{\"@type\":\"Person\",\"@id\":\"https:\/\/ondauno.com.ar\/#\/schema\/person\/201d1b68e6c75e0fd396fe5f8af5d139\",\"name\":\"fernando garcia\",\"image\":{\"@type\":\"ImageObject\",\"inLanguage\":\"es-AR\",\"@id\":\"https:\/\/ondauno.com.ar\/#\/schema\/person\/image\/\",\"url\":\"https:\/\/secure.gravatar.com\/avatar\/5f7254642ad81272e79a2e69653cfdfc?s=96&d=mm&r=g\",\"contentUrl\":\"https:\/\/secure.gravatar.com\/avatar\/5f7254642ad81272e79a2e69653cfdfc?s=96&d=mm&r=g\",\"caption\":\"fernando garcia\"},\"url\":\"https:\/\/ondauno.com.ar\/index.php\/author\/ondaunoeditor\/\"}]}<\/script>\n<!-- \/ Yoast SEO plugin. -->","yoast_head_json":{"title":"RESUMEN DE NOTICIAS DE G\u00c9NERO - 103.9 fm","robots":{"index":"index","follow":"follow","max-snippet":"max-snippet:-1","max-image-preview":"max-image-preview:large","max-video-preview":"max-video-preview:-1"},"canonical":"https:\/\/ondauno.com.ar\/index.php\/2020\/01\/20\/resumen-de-noticias-de-genero\/","og_locale":"es_ES","og_type":"article","og_title":"RESUMEN DE NOTICIAS DE G\u00c9NERO - 103.9 fm","og_description":"SUMARIOPROVINCIALES 1. SE METI\u00d3 POR UNA VENTANA, ABUS\u00d3 DE LA HERMANA DE UN AMIGO Y LO ATRAPARON 2.LA MINISTRA RAVERTA PUSO EN MARCHA EL CONSEJO PROVINCIAL DE COORDINACI\u00d3N DE POL\u00cdTICAS SOCIALES 3. VIOLENCIA DE G\u00c9NERO EN BERISSO: LA DEJ\u00d3 TENDIDA EN EL PISO CON LA CABEZA SANGRANDO 4. OFELIA FERN\u00c1NDEZ CRITIC\u00d3 A DIEGO PERETTI POR [&hellip;]","og_url":"https:\/\/ondauno.com.ar\/index.php\/2020\/01\/20\/resumen-de-noticias-de-genero\/","og_site_name":"103.9 fm","article_publisher":"https:\/\/www.facebook.com\/ondauno103.9","article_published_time":"2020-01-20T13:19:56+00:00","article_modified_time":"2020-01-20T13:24:06+00:00","author":"fernando garcia","twitter_card":"summary_large_image","twitter_misc":{"Escrito por":"fernando garcia","Tiempo de lectura":"8 minutos"},"schema":{"@context":"https:\/\/schema.org","@graph":[{"@type":"WebPage","@id":"https:\/\/ondauno.com.ar\/index.php\/2020\/01\/20\/resumen-de-noticias-de-genero\/","url":"https:\/\/ondauno.com.ar\/index.php\/2020\/01\/20\/resumen-de-noticias-de-genero\/","name":"RESUMEN DE NOTICIAS DE G\u00c9NERO - 103.9 fm","isPartOf":{"@id":"https:\/\/ondauno.com.ar\/#website"},"datePublished":"2020-01-20T13:19:56+00:00","dateModified":"2020-01-20T13:24:06+00:00","author":{"@id":"https:\/\/ondauno.com.ar\/#\/schema\/person\/201d1b68e6c75e0fd396fe5f8af5d139"},"breadcrumb":{"@id":"https:\/\/ondauno.com.ar\/index.php\/2020\/01\/20\/resumen-de-noticias-de-genero\/#breadcrumb"},"inLanguage":"es-AR","potentialAction":[{"@type":"ReadAction","target":["https:\/\/ondauno.com.ar\/index.php\/2020\/01\/20\/resumen-de-noticias-de-genero\/"]}]},{"@type":"BreadcrumbList","@id":"https:\/\/ondauno.com.ar\/index.php\/2020\/01\/20\/resumen-de-noticias-de-genero\/#breadcrumb","itemListElement":[{"@type":"ListItem","position":1,"name":"Inicio","item":"https:\/\/ondauno.com.ar\/"},{"@type":"ListItem","position":2,"name":"RESUMEN DE NOTICIAS DE G\u00c9NERO"}]},{"@type":"WebSite","@id":"https:\/\/ondauno.com.ar\/#website","url":"https:\/\/ondauno.com.ar\/","name":"103.9 fm","description":"LA PRIMERA RADIO MULTIMEDIA DE TRES ARROYOS","potentialAction":[{"@type":"SearchAction","target":{"@type":"EntryPoint","urlTemplate":"https:\/\/ondauno.com.ar\/?s={search_term_string}"},"query-input":"required name=search_term_string"}],"inLanguage":"es-AR"},{"@type":"Person","@id":"https:\/\/ondauno.com.ar\/#\/schema\/person\/201d1b68e6c75e0fd396fe5f8af5d139","name":"fernando garcia","image":{"@type":"ImageObject","inLanguage":"es-AR","@id":"https:\/\/ondauno.com.ar\/#\/schema\/person\/image\/","url":"https:\/\/secure.gravatar.com\/avatar\/5f7254642ad81272e79a2e69653cfdfc?s=96&d=mm&r=g","contentUrl":"https:\/\/secure.gravatar.com\/avatar\/5f7254642ad81272e79a2e69653cfdfc?s=96&d=mm&r=g","caption":"fernando garcia"},"url":"https:\/\/ondauno.com.ar\/index.php\/author\/ondaunoeditor\/"}]}},"jetpack_publicize_connections":[],"jetpack_featured_media_url":"","jetpack_sharing_enabled":true,"_links":{"self":[{"href":"https:\/\/ondauno.com.ar\/index.php\/wp-json\/wp\/v2\/posts\/4842","targetHints":{"allow":["GET"]}}],"collection":[{"href":"https:\/\/ondauno.com.ar\/index.php\/wp-json\/wp\/v2\/posts"}],"about":[{"href":"https:\/\/ondauno.com.ar\/index.php\/wp-json\/wp\/v2\/types\/post"}],"author":[{"embeddable":true,"href":"https:\/\/ondauno.com.ar\/index.php\/wp-json\/wp\/v2\/users\/2"}],"replies":[{"embeddable":true,"href":"https:\/\/ondauno.com.ar\/index.php\/wp-json\/wp\/v2\/comments?post=4842"}],"version-history":[{"count":0,"href":"https:\/\/ondauno.com.ar\/index.php\/wp-json\/wp\/v2\/posts\/4842\/revisions"}],"wp:attachment":[{"href":"https:\/\/ondauno.com.ar\/index.php\/wp-json\/wp\/v2\/media?parent=4842"}],"wp:term":[{"taxonomy":"category","embeddable":true,"href":"https:\/\/ondauno.com.ar\/index.php\/wp-json\/wp\/v2\/categories?post=4842"},{"taxonomy":"post_tag","embeddable":true,"href":"https:\/\/ondauno.com.ar\/index.php\/wp-json\/wp\/v2\/tags?post=4842"}],"curies":[{"name":"wp","href":"https:\/\/api.w.org\/{rel}","templated":true}]}}