{"id":48405,"date":"2024-07-04T21:53:25","date_gmt":"2024-07-05T00:53:25","guid":{"rendered":"https:\/\/ondauno.com.ar\/?p=48405"},"modified":"2024-07-04T21:53:46","modified_gmt":"2024-07-05T00:53:46","slug":"primer-encuentro-de-legisladores-de-buenos-aires-y-la-pampa-con-el-objetivo-de-potenciar-la-integracion-regional","status":"publish","type":"post","link":"https:\/\/ondauno.com.ar\/index.php\/2024\/07\/04\/primer-encuentro-de-legisladores-de-buenos-aires-y-la-pampa-con-el-objetivo-de-potenciar-la-integracion-regional\/","title":{"rendered":"Primer encuentro de legisladores de Buenos Aires y La Pampa con el objetivo de potenciar la integraci\u00f3n regional"},"content":{"rendered":"<div class=\"ondau-before-content_3\" style=\"margin-top: -30px;\" id=\"ondau-2154014569\"><a href=\"https:\/\/www.lps.com.ar\/\" aria-label=\"la-perse2\"><img loading=\"lazy\" decoding=\"async\" src=\"https:\/\/ondauno.com.ar\/wp-content\/uploads\/2021\/10\/la-perse2.jpg\" alt=\"\"  srcset=\"https:\/\/ondauno.com.ar\/wp-content\/uploads\/2021\/10\/la-perse2.jpg 1353w, https:\/\/ondauno.com.ar\/wp-content\/uploads\/2021\/10\/la-perse2-300x43.jpg 300w, https:\/\/ondauno.com.ar\/wp-content\/uploads\/2021\/10\/la-perse2-1024x148.jpg 1024w, https:\/\/ondauno.com.ar\/wp-content\/uploads\/2021\/10\/la-perse2-768x111.jpg 768w, https:\/\/ondauno.com.ar\/wp-content\/uploads\/2021\/10\/la-perse2-696x100.jpg 696w, https:\/\/ondauno.com.ar\/wp-content\/uploads\/2021\/10\/la-perse2-1068x154.jpg 1068w\" sizes=\"(max-width: 1353px) 100vw, 1353px\" class=\"no-lazyload\" width=\"1353\" height=\"195\"  style=\"display: inline-block;\" \/><\/a><\/div>\n<p><em>Emiliano Balb\u00edn diputado radical<\/em><\/p>\n\n\n\n<p>En esta oportunidad la reuni\u00f3n ser\u00e1 para impulsar las obras de la Autov\u00eda de la Ruta 5. El encuentro surgi\u00f3 a ra\u00edz de las conversaciones que hace tiempo vienen manteniendo los legisladores de la Sexta con los de La Pampa, en este tema y otros, que tienen que ver con el desarrollo y la producci\u00f3n. \u201cEs importante que sumemos nuestros esfuerzos en pos de esta obra, fundamental para el desarrollo de la regi\u00f3n y la Provincia\u201d, dijeron los legisladores Nerina Neumann Losada y Emiliano Balb\u00edn, quienes participar\u00e1n del encuentro.<\/p>\n\n\n\n<p>El pr\u00f3ximo viernes 5 de julio a las 17 horas se llevar\u00e1 a cabo una reuni\u00f3n de legisladores de Buenos Aires y La Pampa, con el prop\u00f3sito de gestionar la continuidad de la Autov\u00eda Ruta 5. El encuentro tendr\u00e1 lugar en la Sala del Pensamiento de la C\u00e1mara de Diputados de Santa Rosa, La Pampa.<\/p>\n\n\n\n<p>Este encuentro marcar\u00e1 la primera ocasi\u00f3n en que legisladores de ambas provincias se re\u00fanan para tratar conjuntamente los problemas derivados de la paralizaci\u00f3n de las obras en la Ruta 5. Diversos sectores ya realizaron movilizaciones para exigir la reactivaci\u00f3n de esta obra crucial.<\/p>\n\n\n\n<p>Al respecto, el diputado radical Emiliano Balb\u00edn, se\u00f1al\u00f3 que \u201clograr la construcci\u00f3n de la autov\u00eda de la Ruta 5 es fundamental para quienes somos del norte de la Sexta secci\u00f3n electoral, por eso estamos trabajando conjuntamente con Guillermo Pacheco y Sof\u00eda Gambier, ex y actual intendente de Pellegrini, y Luciano Spinolo, intendente de Tres Lomas. El trabajo que viene realizando con seriedad el grupo de autoconvocados hay que acompa\u00f1arlo y apoyarlo\u201d.<\/p>\n\n\n\n<p>Y en el mismo sentido agreg\u00f3: \u201cadem\u00e1s del tr\u00e1nsito de personas y producci\u00f3n agropecuaria de una importante regi\u00f3n de la Argentina, la Ruta 5 es unos de los corredores viales m\u00e1s importantes entre AMBA y Vaca Muerta. Toda la arena utilizada para el fraking en el yacimiento neuquino pasa por esta ruta, por eso debemos trabajar en conjunto y potenciar la integraci\u00f3n entre el sudoeste bonaerense y La Pampa\u201d.<\/p>\n\n\n\n<p>Por su parte, la senadora del bloque UCR + Cambio Federal, Nerina Neumann Losada, indic\u00f3: \u201cparalelamente y de forma complementaria, y a ra\u00edz del v\u00ednculo iniciado en la Uni\u00f3n de Parlamentarios del Mercosur, junto a legisladores pampeanos nos encontramos trabajando en potenciar corredores bioce\u00e1nicos, utilizando el paso Internacional Pehuenche, mediante rutas de Mendoza y La Pampa. De esa forma podr\u00edamos unir cuatro puertos chilenos con el puerto de Bah\u00eda Blanca, y con la Ruta 5 los puertos fluviales bonaerenses\u201d.<\/p>\n\n\n\n<p>\u201cLa regi\u00f3n del sudoeste bonaerense que represento tiene quinientos kil\u00f3metros compartidos con La Pampa, muchas de nuestra localidades est\u00e1n integradas a localidades pampeanos por encontrarse a poca distancia, as\u00ed que considero que este es un inicio de trabajo conjunto que continuar\u00e1 con otras problem\u00e1ticas en com\u00fan\u201d, finaliz\u00f3 diciendo la senadora.<\/p>\n\n\n\n<p>La Ruta 5 es esencial para el desarrollo econ\u00f3mico y social de Buenos Aires y La Pampa. Sin embargo, su estado actual presenta serias dificultades para el tr\u00e1nsito vehicular, generando riesgos para la seguridad de los usuarios y frenando el crecimiento de la regi\u00f3n.<\/p>\n\n\n\n<p>La agenda de la reuni\u00f3n:<\/p>\n\n\n\n<p>-Situaci\u00f3n actual de la Ruta 5.<\/p>\n\n\n\n<p>-Impacto de la Ruta 5 en el desarrollo econ\u00f3mico y social de La Pampa y Buenos Aires.<\/p>\n\n\n\n<p>-Necesidad de la Autov\u00eda Ruta 5.<\/p>\n\n\n\n<p>-Posibles soluciones para la concreci\u00f3n de la Autov\u00eda Ruta 5.<\/p>\n\n\n\n<p>-Rol de los legisladores en la gesti\u00f3n de la Autov\u00eda Ruta 5.<\/p>\n","protected":false},"excerpt":{"rendered":"<p>Emiliano Balb\u00edn diputado radical En esta oportunidad la reuni\u00f3n ser\u00e1 para impulsar las obras de la Autov\u00eda de la Ruta 5. El encuentro surgi\u00f3 a ra\u00edz de las conversaciones que hace tiempo vienen manteniendo los legisladores de la Sexta con los de La Pampa, en este tema y otros, que tienen que ver con el [&hellip;]<\/p>\n","protected":false},"author":1,"featured_media":0,"comment_status":"open","ping_status":"open","sticky":false,"template":"","format":"standard","meta":{"tdm_status":"","tdm_grid_status":"","_jetpack_memberships_contains_paid_content":false,"footnotes":"","jetpack_publicize_message":"","jetpack_publicize_feature_enabled":true,"jetpack_social_post_already_shared":false,"jetpack_social_options":{"image_generator_settings":{"template":"highway","default_image_id":0,"font":"","enabled":false},"version":2}},"categories":[30],"tags":[],"class_list":{"0":"post-48405","1":"post","2":"type-post","3":"status-publish","4":"format-standard","6":"category-provinciales"},"yoast_head":"<!-- This site is optimized with the Yoast SEO plugin v22.7 - https:\/\/yoast.com\/wordpress\/plugins\/seo\/ -->\n<title>Primer encuentro de legisladores de Buenos Aires y La Pampa con el objetivo de potenciar la integraci\u00f3n regional - 103.9 fm<\/title>\n<meta name=\"robots\" content=\"index, follow, max-snippet:-1, max-image-preview:large, max-video-preview:-1\" \/>\n<link rel=\"canonical\" href=\"https:\/\/ondauno.com.ar\/index.php\/2024\/07\/04\/primer-encuentro-de-legisladores-de-buenos-aires-y-la-pampa-con-el-objetivo-de-potenciar-la-integracion-regional\/\" \/>\n<meta property=\"og:locale\" content=\"es_ES\" \/>\n<meta property=\"og:type\" content=\"article\" \/>\n<meta property=\"og:title\" content=\"Primer encuentro de legisladores de Buenos Aires y La Pampa con el objetivo de potenciar la integraci\u00f3n regional - 103.9 fm\" \/>\n<meta property=\"og:description\" content=\"Emiliano Balb\u00edn diputado radical En esta oportunidad la reuni\u00f3n ser\u00e1 para impulsar las obras de la Autov\u00eda de la Ruta 5. El encuentro surgi\u00f3 a ra\u00edz de las conversaciones que hace tiempo vienen manteniendo los legisladores de la Sexta con los de La Pampa, en este tema y otros, que tienen que ver con el [&hellip;]\" \/>\n<meta property=\"og:url\" content=\"https:\/\/ondauno.com.ar\/index.php\/2024\/07\/04\/primer-encuentro-de-legisladores-de-buenos-aires-y-la-pampa-con-el-objetivo-de-potenciar-la-integracion-regional\/\" \/>\n<meta property=\"og:site_name\" content=\"103.9 fm\" \/>\n<meta property=\"article:publisher\" content=\"https:\/\/www.facebook.com\/ondauno103.9\" \/>\n<meta property=\"article:published_time\" content=\"2024-07-05T00:53:25+00:00\" \/>\n<meta property=\"article:modified_time\" content=\"2024-07-05T00:53:46+00:00\" \/>\n<meta property=\"og:image\" content=\"http:\/\/ondauno.com.ar\/wp-content\/uploads\/2021\/10\/balbin-banca.jpeg\" \/>\n\t<meta property=\"og:image:width\" content=\"880\" \/>\n\t<meta property=\"og:image:height\" content=\"493\" \/>\n\t<meta property=\"og:image:type\" content=\"image\/jpeg\" \/>\n<meta name=\"author\" content=\"OndaUno\" \/>\n<meta name=\"twitter:card\" content=\"summary_large_image\" \/>\n<meta name=\"twitter:label1\" content=\"Escrito por\" \/>\n\t<meta name=\"twitter:data1\" content=\"OndaUno\" \/>\n\t<meta name=\"twitter:label2\" content=\"Tiempo de lectura\" \/>\n\t<meta name=\"twitter:data2\" content=\"3 minutos\" \/>\n<script type=\"application\/ld+json\" class=\"yoast-schema-graph\">{\"@context\":\"https:\/\/schema.org\",\"@graph\":[{\"@type\":\"WebPage\",\"@id\":\"https:\/\/ondauno.com.ar\/index.php\/2024\/07\/04\/primer-encuentro-de-legisladores-de-buenos-aires-y-la-pampa-con-el-objetivo-de-potenciar-la-integracion-regional\/\",\"url\":\"https:\/\/ondauno.com.ar\/index.php\/2024\/07\/04\/primer-encuentro-de-legisladores-de-buenos-aires-y-la-pampa-con-el-objetivo-de-potenciar-la-integracion-regional\/\",\"name\":\"Primer encuentro de legisladores de Buenos Aires y La Pampa con el objetivo de potenciar la integraci\u00f3n regional - 103.9 fm\",\"isPartOf\":{\"@id\":\"https:\/\/ondauno.com.ar\/#website\"},\"datePublished\":\"2024-07-05T00:53:25+00:00\",\"dateModified\":\"2024-07-05T00:53:46+00:00\",\"author\":{\"@id\":\"https:\/\/ondauno.com.ar\/#\/schema\/person\/7ec851ddeceb4133d7d7132dc645714e\"},\"breadcrumb\":{\"@id\":\"https:\/\/ondauno.com.ar\/index.php\/2024\/07\/04\/primer-encuentro-de-legisladores-de-buenos-aires-y-la-pampa-con-el-objetivo-de-potenciar-la-integracion-regional\/#breadcrumb\"},\"inLanguage\":\"es-AR\",\"potentialAction\":[{\"@type\":\"ReadAction\",\"target\":[\"https:\/\/ondauno.com.ar\/index.php\/2024\/07\/04\/primer-encuentro-de-legisladores-de-buenos-aires-y-la-pampa-con-el-objetivo-de-potenciar-la-integracion-regional\/\"]}]},{\"@type\":\"BreadcrumbList\",\"@id\":\"https:\/\/ondauno.com.ar\/index.php\/2024\/07\/04\/primer-encuentro-de-legisladores-de-buenos-aires-y-la-pampa-con-el-objetivo-de-potenciar-la-integracion-regional\/#breadcrumb\",\"itemListElement\":[{\"@type\":\"ListItem\",\"position\":1,\"name\":\"Inicio\",\"item\":\"https:\/\/ondauno.com.ar\/\"},{\"@type\":\"ListItem\",\"position\":2,\"name\":\"Primer encuentro de legisladores de Buenos Aires y La Pampa con el objetivo de potenciar la integraci\u00f3n regional\"}]},{\"@type\":\"WebSite\",\"@id\":\"https:\/\/ondauno.com.ar\/#website\",\"url\":\"https:\/\/ondauno.com.ar\/\",\"name\":\"103.9 fm\",\"description\":\"LA PRIMERA RADIO MULTIMEDIA DE TRES ARROYOS\",\"potentialAction\":[{\"@type\":\"SearchAction\",\"target\":{\"@type\":\"EntryPoint\",\"urlTemplate\":\"https:\/\/ondauno.com.ar\/?s={search_term_string}\"},\"query-input\":\"required name=search_term_string\"}],\"inLanguage\":\"es-AR\"},{\"@type\":\"Person\",\"@id\":\"https:\/\/ondauno.com.ar\/#\/schema\/person\/7ec851ddeceb4133d7d7132dc645714e\",\"name\":\"OndaUno\",\"image\":{\"@type\":\"ImageObject\",\"inLanguage\":\"es-AR\",\"@id\":\"https:\/\/ondauno.com.ar\/#\/schema\/person\/image\/\",\"url\":\"https:\/\/secure.gravatar.com\/avatar\/93b8009f0de7021f1feb2bd5b32fb9e8?s=96&d=mm&r=g\",\"contentUrl\":\"https:\/\/secure.gravatar.com\/avatar\/93b8009f0de7021f1feb2bd5b32fb9e8?s=96&d=mm&r=g\",\"caption\":\"OndaUno\"},\"url\":\"https:\/\/ondauno.com.ar\/index.php\/author\/ondauno\/\"}]}<\/script>\n<!-- \/ Yoast SEO plugin. -->","yoast_head_json":{"title":"Primer encuentro de legisladores de Buenos Aires y La Pampa con el objetivo de potenciar la integraci\u00f3n regional - 103.9 fm","robots":{"index":"index","follow":"follow","max-snippet":"max-snippet:-1","max-image-preview":"max-image-preview:large","max-video-preview":"max-video-preview:-1"},"canonical":"https:\/\/ondauno.com.ar\/index.php\/2024\/07\/04\/primer-encuentro-de-legisladores-de-buenos-aires-y-la-pampa-con-el-objetivo-de-potenciar-la-integracion-regional\/","og_locale":"es_ES","og_type":"article","og_title":"Primer encuentro de legisladores de Buenos Aires y La Pampa con el objetivo de potenciar la integraci\u00f3n regional - 103.9 fm","og_description":"Emiliano Balb\u00edn diputado radical En esta oportunidad la reuni\u00f3n ser\u00e1 para impulsar las obras de la Autov\u00eda de la Ruta 5. El encuentro surgi\u00f3 a ra\u00edz de las conversaciones que hace tiempo vienen manteniendo los legisladores de la Sexta con los de La Pampa, en este tema y otros, que tienen que ver con el [&hellip;]","og_url":"https:\/\/ondauno.com.ar\/index.php\/2024\/07\/04\/primer-encuentro-de-legisladores-de-buenos-aires-y-la-pampa-con-el-objetivo-de-potenciar-la-integracion-regional\/","og_site_name":"103.9 fm","article_publisher":"https:\/\/www.facebook.com\/ondauno103.9","article_published_time":"2024-07-05T00:53:25+00:00","article_modified_time":"2024-07-05T00:53:46+00:00","og_image":[{"width":880,"height":493,"url":"http:\/\/ondauno.com.ar\/wp-content\/uploads\/2021\/10\/balbin-banca.jpeg","type":"image\/jpeg"}],"author":"OndaUno","twitter_card":"summary_large_image","twitter_misc":{"Escrito por":"OndaUno","Tiempo de lectura":"3 minutos"},"schema":{"@context":"https:\/\/schema.org","@graph":[{"@type":"WebPage","@id":"https:\/\/ondauno.com.ar\/index.php\/2024\/07\/04\/primer-encuentro-de-legisladores-de-buenos-aires-y-la-pampa-con-el-objetivo-de-potenciar-la-integracion-regional\/","url":"https:\/\/ondauno.com.ar\/index.php\/2024\/07\/04\/primer-encuentro-de-legisladores-de-buenos-aires-y-la-pampa-con-el-objetivo-de-potenciar-la-integracion-regional\/","name":"Primer encuentro de legisladores de Buenos Aires y La Pampa con el objetivo de potenciar la integraci\u00f3n regional - 103.9 fm","isPartOf":{"@id":"https:\/\/ondauno.com.ar\/#website"},"datePublished":"2024-07-05T00:53:25+00:00","dateModified":"2024-07-05T00:53:46+00:00","author":{"@id":"https:\/\/ondauno.com.ar\/#\/schema\/person\/7ec851ddeceb4133d7d7132dc645714e"},"breadcrumb":{"@id":"https:\/\/ondauno.com.ar\/index.php\/2024\/07\/04\/primer-encuentro-de-legisladores-de-buenos-aires-y-la-pampa-con-el-objetivo-de-potenciar-la-integracion-regional\/#breadcrumb"},"inLanguage":"es-AR","potentialAction":[{"@type":"ReadAction","target":["https:\/\/ondauno.com.ar\/index.php\/2024\/07\/04\/primer-encuentro-de-legisladores-de-buenos-aires-y-la-pampa-con-el-objetivo-de-potenciar-la-integracion-regional\/"]}]},{"@type":"BreadcrumbList","@id":"https:\/\/ondauno.com.ar\/index.php\/2024\/07\/04\/primer-encuentro-de-legisladores-de-buenos-aires-y-la-pampa-con-el-objetivo-de-potenciar-la-integracion-regional\/#breadcrumb","itemListElement":[{"@type":"ListItem","position":1,"name":"Inicio","item":"https:\/\/ondauno.com.ar\/"},{"@type":"ListItem","position":2,"name":"Primer encuentro de legisladores de Buenos Aires y La Pampa con el objetivo de potenciar la integraci\u00f3n regional"}]},{"@type":"WebSite","@id":"https:\/\/ondauno.com.ar\/#website","url":"https:\/\/ondauno.com.ar\/","name":"103.9 fm","description":"LA PRIMERA RADIO MULTIMEDIA DE TRES ARROYOS","potentialAction":[{"@type":"SearchAction","target":{"@type":"EntryPoint","urlTemplate":"https:\/\/ondauno.com.ar\/?s={search_term_string}"},"query-input":"required name=search_term_string"}],"inLanguage":"es-AR"},{"@type":"Person","@id":"https:\/\/ondauno.com.ar\/#\/schema\/person\/7ec851ddeceb4133d7d7132dc645714e","name":"OndaUno","image":{"@type":"ImageObject","inLanguage":"es-AR","@id":"https:\/\/ondauno.com.ar\/#\/schema\/person\/image\/","url":"https:\/\/secure.gravatar.com\/avatar\/93b8009f0de7021f1feb2bd5b32fb9e8?s=96&d=mm&r=g","contentUrl":"https:\/\/secure.gravatar.com\/avatar\/93b8009f0de7021f1feb2bd5b32fb9e8?s=96&d=mm&r=g","caption":"OndaUno"},"url":"https:\/\/ondauno.com.ar\/index.php\/author\/ondauno\/"}]}},"jetpack_publicize_connections":[],"jetpack_featured_media_url":"","jetpack_sharing_enabled":true,"_links":{"self":[{"href":"https:\/\/ondauno.com.ar\/index.php\/wp-json\/wp\/v2\/posts\/48405","targetHints":{"allow":["GET"]}}],"collection":[{"href":"https:\/\/ondauno.com.ar\/index.php\/wp-json\/wp\/v2\/posts"}],"about":[{"href":"https:\/\/ondauno.com.ar\/index.php\/wp-json\/wp\/v2\/types\/post"}],"author":[{"embeddable":true,"href":"https:\/\/ondauno.com.ar\/index.php\/wp-json\/wp\/v2\/users\/1"}],"replies":[{"embeddable":true,"href":"https:\/\/ondauno.com.ar\/index.php\/wp-json\/wp\/v2\/comments?post=48405"}],"version-history":[{"count":2,"href":"https:\/\/ondauno.com.ar\/index.php\/wp-json\/wp\/v2\/posts\/48405\/revisions"}],"predecessor-version":[{"id":48407,"href":"https:\/\/ondauno.com.ar\/index.php\/wp-json\/wp\/v2\/posts\/48405\/revisions\/48407"}],"wp:attachment":[{"href":"https:\/\/ondauno.com.ar\/index.php\/wp-json\/wp\/v2\/media?parent=48405"}],"wp:term":[{"taxonomy":"category","embeddable":true,"href":"https:\/\/ondauno.com.ar\/index.php\/wp-json\/wp\/v2\/categories?post=48405"},{"taxonomy":"post_tag","embeddable":true,"href":"https:\/\/ondauno.com.ar\/index.php\/wp-json\/wp\/v2\/tags?post=48405"}],"curies":[{"name":"wp","href":"https:\/\/api.w.org\/{rel}","templated":true}]}}