{"id":48377,"date":"2024-07-03T20:23:29","date_gmt":"2024-07-03T23:23:29","guid":{"rendered":"https:\/\/ondauno.com.ar\/?p=48377"},"modified":"2024-07-03T20:23:49","modified_gmt":"2024-07-03T23:23:49","slug":"bertoncello-no-podia-sancionar-a-alguien-injustamente-y-luego-mirarlo-a-la-cara","status":"publish","type":"post","link":"https:\/\/ondauno.com.ar\/index.php\/2024\/07\/03\/bertoncello-no-podia-sancionar-a-alguien-injustamente-y-luego-mirarlo-a-la-cara\/","title":{"rendered":"Bertoncello: \u201cNo pod\u00eda sancionar a alguien injustamente y luego mirarlo a la cara&#8221;"},"content":{"rendered":"<div class=\"ondau-before-content_3\" style=\"margin-top: -30px;\" id=\"ondau-3979201023\"><a href=\"https:\/\/www.lps.com.ar\/\" aria-label=\"la-perse2\"><img loading=\"lazy\" decoding=\"async\" src=\"https:\/\/ondauno.com.ar\/wp-content\/uploads\/2021\/10\/la-perse2.jpg\" alt=\"\"  srcset=\"https:\/\/ondauno.com.ar\/wp-content\/uploads\/2021\/10\/la-perse2.jpg 1353w, https:\/\/ondauno.com.ar\/wp-content\/uploads\/2021\/10\/la-perse2-300x43.jpg 300w, https:\/\/ondauno.com.ar\/wp-content\/uploads\/2021\/10\/la-perse2-1024x148.jpg 1024w, https:\/\/ondauno.com.ar\/wp-content\/uploads\/2021\/10\/la-perse2-768x111.jpg 768w, https:\/\/ondauno.com.ar\/wp-content\/uploads\/2021\/10\/la-perse2-696x100.jpg 696w, https:\/\/ondauno.com.ar\/wp-content\/uploads\/2021\/10\/la-perse2-1068x154.jpg 1068w\" sizes=\"(max-width: 1353px) 100vw, 1353px\" class=\"no-lazyload\" width=\"1353\" height=\"195\"  style=\"display: inline-block;\" \/><\/a><\/div>\n<p class=\"has-small-font-size\"><strong><em>Sergio Bertoncello en Cosas que pasan<\/em><\/strong><\/p>\n\n\n\n<p>En Cosas que Pasan, el guardavidas y ex coordinador de playas durante la gesti\u00f3n del ex intendente Carlos S\u00e1nchez, Sergio Bertoncello, habl\u00f3 sobre sus expectativas por volver a ser convocado para trabajar en la seguridad de los ba\u00f1istas en los destinos tur\u00edsticos del distrito de Tres Arroyos.<\/p>\n\n\n\n<p><br>Recientemente un fallo de la justicia marplatense determin\u00f3 que el municipio deber\u00e1 volver a convocarlo, despu\u00e9s que la administraci\u00f3n municipal anterior no lo hiciera con lo cual termin\u00f3 desvincul\u00e1ndolo del equipo de guardavidas, desde la temporada 2021.<\/p>\n\n\n\n<p><br>No obstante Bertoncello deber\u00e1 participar \u2013como todo guardavidas- de la rev\u00e1lida que se hace todos los a\u00f1os y habilita a los rescatistas a ser contratados por la comuna.<\/p>\n\n\n\n<p><br>Record\u00f3 que fue convocado por el gobierno anterior, a partir de su experiencia como jefe de guardavidas en Reta y tambi\u00e9n fuera del pa\u00eds, y que tom\u00f3 el cargo con la decisi\u00f3n de alinear el servicio a la Ley de Guardavidas 14798.<\/p>\n\n\n\n<p><br>Bertoncello explic\u00f3 que en el pasado se pagaban cantidades excesivas de horas extras a los guardavidas, lo que llev\u00f3 desde su funci\u00f3n como coordinador a buscar soluciones para contratar m\u00e1s personal y as\u00ed reducir las horas extras.<\/p>\n\n\n\n<p><br>&#8220;Lo que hice fue reducir las horas extras para dar la posibilidad a m\u00e1s personas de tener un empleo en verano y formar nuevo personal,&#8221; coment\u00f3 Bertoncello.<\/p>\n\n\n\n<p><br>El plan de seguridad acu\u00e1tica fue otro tema central en la entrevista. Seg\u00fan Bertoncello, este plan es fundamental para cubrir adecuadamente las zonas de ba\u00f1o, y fue implementado en respuesta a un pedido del gobierno de ese momento. Sin embargo, la implementaci\u00f3n del plan no estuvo exenta de conflictos.<\/p>\n\n\n\n<p>El exguardavidas tambi\u00e9n revel\u00f3 que hubo desacuerdos con la administraci\u00f3n, lo que llev\u00f3 a su desvinculaci\u00f3n.<br>&#8220;Me sancionaron por decisiones que tom\u00e9, pero prefer\u00ed actuar con justicia. No pod\u00eda sancionar a alguien injustamente y luego mirarlo a la cara&#8221;, afirm\u00f3 en relaci\u00f3n a una orden que le hab\u00eda dado el ex intendente Carlos S\u00e1nchez contra un guardavidas al que se le hab\u00eda quedado la camioneta sobre un cangrejal en las playas de Dunamar.<\/p>\n\n\n\n<p><br>Desde su salida en 2021, el cargo de coordinaci\u00f3n de playas no ha sido ocupado nuevamente.<br>En sus declaraciones tambi\u00e9n observ\u00f3 diferencias en la gesti\u00f3n de la administraci\u00f3n actual, a cargo del intendente Pablo Garate, de la que dijo que parece ser m\u00e1s abierta al di\u00e1logo en comparaci\u00f3n con la anterior.<\/p>\n","protected":false},"excerpt":{"rendered":"<p>Sergio Bertoncello en Cosas que pasan En Cosas que Pasan, el guardavidas y ex coordinador de playas durante la gesti\u00f3n del ex intendente Carlos S\u00e1nchez, Sergio Bertoncello, habl\u00f3 sobre sus expectativas por volver a ser convocado para trabajar en la seguridad de los ba\u00f1istas en los destinos tur\u00edsticos del distrito de Tres Arroyos. Recientemente un [&hellip;]<\/p>\n","protected":false},"author":1,"featured_media":48378,"comment_status":"open","ping_status":"open","sticky":false,"template":"","format":"standard","meta":{"tdm_status":"","tdm_grid_status":"","_jetpack_memberships_contains_paid_content":false,"footnotes":"","jetpack_publicize_message":"","jetpack_publicize_feature_enabled":true,"jetpack_social_post_already_shared":false,"jetpack_social_options":{"image_generator_settings":{"template":"highway","default_image_id":0,"font":"","enabled":false},"version":2}},"categories":[2],"tags":[],"class_list":{"0":"post-48377","1":"post","2":"type-post","3":"status-publish","4":"format-standard","5":"has-post-thumbnail","7":"category-locales"},"yoast_head":"<!-- This site is optimized with the Yoast SEO plugin v22.7 - https:\/\/yoast.com\/wordpress\/plugins\/seo\/ -->\n<title>Bertoncello: \u201cNo pod\u00eda sancionar a alguien injustamente y luego mirarlo a la cara&quot; - 103.9 fm<\/title>\n<meta name=\"robots\" content=\"index, follow, max-snippet:-1, max-image-preview:large, max-video-preview:-1\" \/>\n<link rel=\"canonical\" href=\"https:\/\/ondauno.com.ar\/index.php\/2024\/07\/03\/bertoncello-no-podia-sancionar-a-alguien-injustamente-y-luego-mirarlo-a-la-cara\/\" \/>\n<meta property=\"og:locale\" content=\"es_ES\" \/>\n<meta property=\"og:type\" content=\"article\" \/>\n<meta property=\"og:title\" content=\"Bertoncello: \u201cNo pod\u00eda sancionar a alguien injustamente y luego mirarlo a la cara&quot; - 103.9 fm\" \/>\n<meta property=\"og:description\" content=\"Sergio Bertoncello en Cosas que pasan En Cosas que Pasan, el guardavidas y ex coordinador de playas durante la gesti\u00f3n del ex intendente Carlos S\u00e1nchez, Sergio Bertoncello, habl\u00f3 sobre sus expectativas por volver a ser convocado para trabajar en la seguridad de los ba\u00f1istas en los destinos tur\u00edsticos del distrito de Tres Arroyos. Recientemente un [&hellip;]\" \/>\n<meta property=\"og:url\" content=\"https:\/\/ondauno.com.ar\/index.php\/2024\/07\/03\/bertoncello-no-podia-sancionar-a-alguien-injustamente-y-luego-mirarlo-a-la-cara\/\" \/>\n<meta property=\"og:site_name\" content=\"103.9 fm\" \/>\n<meta property=\"article:publisher\" content=\"https:\/\/www.facebook.com\/ondauno103.9\" \/>\n<meta property=\"article:published_time\" content=\"2024-07-03T23:23:29+00:00\" \/>\n<meta property=\"article:modified_time\" content=\"2024-07-03T23:23:49+00:00\" \/>\n<meta property=\"og:image\" content=\"http:\/\/ondauno.com.ar\/wp-content\/uploads\/2024\/07\/WhatsApp-Image-2024-07-03-at-19.51.47.jpeg\" \/>\n\t<meta property=\"og:image:width\" content=\"1600\" \/>\n\t<meta property=\"og:image:height\" content=\"1204\" \/>\n\t<meta property=\"og:image:type\" content=\"image\/jpeg\" \/>\n<meta name=\"author\" content=\"OndaUno\" \/>\n<meta name=\"twitter:card\" content=\"summary_large_image\" \/>\n<meta name=\"twitter:label1\" content=\"Escrito por\" \/>\n\t<meta name=\"twitter:data1\" content=\"OndaUno\" \/>\n\t<meta name=\"twitter:label2\" content=\"Tiempo de lectura\" \/>\n\t<meta name=\"twitter:data2\" content=\"3 minutos\" \/>\n<script type=\"application\/ld+json\" class=\"yoast-schema-graph\">{\"@context\":\"https:\/\/schema.org\",\"@graph\":[{\"@type\":\"WebPage\",\"@id\":\"https:\/\/ondauno.com.ar\/index.php\/2024\/07\/03\/bertoncello-no-podia-sancionar-a-alguien-injustamente-y-luego-mirarlo-a-la-cara\/\",\"url\":\"https:\/\/ondauno.com.ar\/index.php\/2024\/07\/03\/bertoncello-no-podia-sancionar-a-alguien-injustamente-y-luego-mirarlo-a-la-cara\/\",\"name\":\"Bertoncello: \u201cNo pod\u00eda sancionar a alguien injustamente y luego mirarlo a la cara\\\" - 103.9 fm\",\"isPartOf\":{\"@id\":\"https:\/\/ondauno.com.ar\/#website\"},\"primaryImageOfPage\":{\"@id\":\"https:\/\/ondauno.com.ar\/index.php\/2024\/07\/03\/bertoncello-no-podia-sancionar-a-alguien-injustamente-y-luego-mirarlo-a-la-cara\/#primaryimage\"},\"image\":{\"@id\":\"https:\/\/ondauno.com.ar\/index.php\/2024\/07\/03\/bertoncello-no-podia-sancionar-a-alguien-injustamente-y-luego-mirarlo-a-la-cara\/#primaryimage\"},\"thumbnailUrl\":\"https:\/\/ondauno.com.ar\/wp-content\/uploads\/2024\/07\/WhatsApp-Image-2024-07-03-at-19.51.47.jpeg\",\"datePublished\":\"2024-07-03T23:23:29+00:00\",\"dateModified\":\"2024-07-03T23:23:49+00:00\",\"author\":{\"@id\":\"https:\/\/ondauno.com.ar\/#\/schema\/person\/7ec851ddeceb4133d7d7132dc645714e\"},\"breadcrumb\":{\"@id\":\"https:\/\/ondauno.com.ar\/index.php\/2024\/07\/03\/bertoncello-no-podia-sancionar-a-alguien-injustamente-y-luego-mirarlo-a-la-cara\/#breadcrumb\"},\"inLanguage\":\"es-AR\",\"potentialAction\":[{\"@type\":\"ReadAction\",\"target\":[\"https:\/\/ondauno.com.ar\/index.php\/2024\/07\/03\/bertoncello-no-podia-sancionar-a-alguien-injustamente-y-luego-mirarlo-a-la-cara\/\"]}]},{\"@type\":\"ImageObject\",\"inLanguage\":\"es-AR\",\"@id\":\"https:\/\/ondauno.com.ar\/index.php\/2024\/07\/03\/bertoncello-no-podia-sancionar-a-alguien-injustamente-y-luego-mirarlo-a-la-cara\/#primaryimage\",\"url\":\"https:\/\/ondauno.com.ar\/wp-content\/uploads\/2024\/07\/WhatsApp-Image-2024-07-03-at-19.51.47.jpeg\",\"contentUrl\":\"https:\/\/ondauno.com.ar\/wp-content\/uploads\/2024\/07\/WhatsApp-Image-2024-07-03-at-19.51.47.jpeg\",\"width\":1600,\"height\":1204},{\"@type\":\"BreadcrumbList\",\"@id\":\"https:\/\/ondauno.com.ar\/index.php\/2024\/07\/03\/bertoncello-no-podia-sancionar-a-alguien-injustamente-y-luego-mirarlo-a-la-cara\/#breadcrumb\",\"itemListElement\":[{\"@type\":\"ListItem\",\"position\":1,\"name\":\"Inicio\",\"item\":\"https:\/\/ondauno.com.ar\/\"},{\"@type\":\"ListItem\",\"position\":2,\"name\":\"Bertoncello: \u201cNo pod\u00eda sancionar a alguien injustamente y luego mirarlo a la cara&#8221;\"}]},{\"@type\":\"WebSite\",\"@id\":\"https:\/\/ondauno.com.ar\/#website\",\"url\":\"https:\/\/ondauno.com.ar\/\",\"name\":\"103.9 fm\",\"description\":\"LA PRIMERA RADIO MULTIMEDIA DE TRES ARROYOS\",\"potentialAction\":[{\"@type\":\"SearchAction\",\"target\":{\"@type\":\"EntryPoint\",\"urlTemplate\":\"https:\/\/ondauno.com.ar\/?s={search_term_string}\"},\"query-input\":\"required name=search_term_string\"}],\"inLanguage\":\"es-AR\"},{\"@type\":\"Person\",\"@id\":\"https:\/\/ondauno.com.ar\/#\/schema\/person\/7ec851ddeceb4133d7d7132dc645714e\",\"name\":\"OndaUno\",\"image\":{\"@type\":\"ImageObject\",\"inLanguage\":\"es-AR\",\"@id\":\"https:\/\/ondauno.com.ar\/#\/schema\/person\/image\/\",\"url\":\"https:\/\/secure.gravatar.com\/avatar\/93b8009f0de7021f1feb2bd5b32fb9e8?s=96&d=mm&r=g\",\"contentUrl\":\"https:\/\/secure.gravatar.com\/avatar\/93b8009f0de7021f1feb2bd5b32fb9e8?s=96&d=mm&r=g\",\"caption\":\"OndaUno\"},\"url\":\"https:\/\/ondauno.com.ar\/index.php\/author\/ondauno\/\"}]}<\/script>\n<!-- \/ Yoast SEO plugin. -->","yoast_head_json":{"title":"Bertoncello: \u201cNo pod\u00eda sancionar a alguien injustamente y luego mirarlo a la cara\" - 103.9 fm","robots":{"index":"index","follow":"follow","max-snippet":"max-snippet:-1","max-image-preview":"max-image-preview:large","max-video-preview":"max-video-preview:-1"},"canonical":"https:\/\/ondauno.com.ar\/index.php\/2024\/07\/03\/bertoncello-no-podia-sancionar-a-alguien-injustamente-y-luego-mirarlo-a-la-cara\/","og_locale":"es_ES","og_type":"article","og_title":"Bertoncello: \u201cNo pod\u00eda sancionar a alguien injustamente y luego mirarlo a la cara\" - 103.9 fm","og_description":"Sergio Bertoncello en Cosas que pasan En Cosas que Pasan, el guardavidas y ex coordinador de playas durante la gesti\u00f3n del ex intendente Carlos S\u00e1nchez, Sergio Bertoncello, habl\u00f3 sobre sus expectativas por volver a ser convocado para trabajar en la seguridad de los ba\u00f1istas en los destinos tur\u00edsticos del distrito de Tres Arroyos. Recientemente un [&hellip;]","og_url":"https:\/\/ondauno.com.ar\/index.php\/2024\/07\/03\/bertoncello-no-podia-sancionar-a-alguien-injustamente-y-luego-mirarlo-a-la-cara\/","og_site_name":"103.9 fm","article_publisher":"https:\/\/www.facebook.com\/ondauno103.9","article_published_time":"2024-07-03T23:23:29+00:00","article_modified_time":"2024-07-03T23:23:49+00:00","og_image":[{"width":1600,"height":1204,"url":"http:\/\/ondauno.com.ar\/wp-content\/uploads\/2024\/07\/WhatsApp-Image-2024-07-03-at-19.51.47.jpeg","type":"image\/jpeg"}],"author":"OndaUno","twitter_card":"summary_large_image","twitter_misc":{"Escrito por":"OndaUno","Tiempo de lectura":"3 minutos"},"schema":{"@context":"https:\/\/schema.org","@graph":[{"@type":"WebPage","@id":"https:\/\/ondauno.com.ar\/index.php\/2024\/07\/03\/bertoncello-no-podia-sancionar-a-alguien-injustamente-y-luego-mirarlo-a-la-cara\/","url":"https:\/\/ondauno.com.ar\/index.php\/2024\/07\/03\/bertoncello-no-podia-sancionar-a-alguien-injustamente-y-luego-mirarlo-a-la-cara\/","name":"Bertoncello: \u201cNo pod\u00eda sancionar a alguien injustamente y luego mirarlo a la cara\" - 103.9 fm","isPartOf":{"@id":"https:\/\/ondauno.com.ar\/#website"},"primaryImageOfPage":{"@id":"https:\/\/ondauno.com.ar\/index.php\/2024\/07\/03\/bertoncello-no-podia-sancionar-a-alguien-injustamente-y-luego-mirarlo-a-la-cara\/#primaryimage"},"image":{"@id":"https:\/\/ondauno.com.ar\/index.php\/2024\/07\/03\/bertoncello-no-podia-sancionar-a-alguien-injustamente-y-luego-mirarlo-a-la-cara\/#primaryimage"},"thumbnailUrl":"https:\/\/ondauno.com.ar\/wp-content\/uploads\/2024\/07\/WhatsApp-Image-2024-07-03-at-19.51.47.jpeg","datePublished":"2024-07-03T23:23:29+00:00","dateModified":"2024-07-03T23:23:49+00:00","author":{"@id":"https:\/\/ondauno.com.ar\/#\/schema\/person\/7ec851ddeceb4133d7d7132dc645714e"},"breadcrumb":{"@id":"https:\/\/ondauno.com.ar\/index.php\/2024\/07\/03\/bertoncello-no-podia-sancionar-a-alguien-injustamente-y-luego-mirarlo-a-la-cara\/#breadcrumb"},"inLanguage":"es-AR","potentialAction":[{"@type":"ReadAction","target":["https:\/\/ondauno.com.ar\/index.php\/2024\/07\/03\/bertoncello-no-podia-sancionar-a-alguien-injustamente-y-luego-mirarlo-a-la-cara\/"]}]},{"@type":"ImageObject","inLanguage":"es-AR","@id":"https:\/\/ondauno.com.ar\/index.php\/2024\/07\/03\/bertoncello-no-podia-sancionar-a-alguien-injustamente-y-luego-mirarlo-a-la-cara\/#primaryimage","url":"https:\/\/ondauno.com.ar\/wp-content\/uploads\/2024\/07\/WhatsApp-Image-2024-07-03-at-19.51.47.jpeg","contentUrl":"https:\/\/ondauno.com.ar\/wp-content\/uploads\/2024\/07\/WhatsApp-Image-2024-07-03-at-19.51.47.jpeg","width":1600,"height":1204},{"@type":"BreadcrumbList","@id":"https:\/\/ondauno.com.ar\/index.php\/2024\/07\/03\/bertoncello-no-podia-sancionar-a-alguien-injustamente-y-luego-mirarlo-a-la-cara\/#breadcrumb","itemListElement":[{"@type":"ListItem","position":1,"name":"Inicio","item":"https:\/\/ondauno.com.ar\/"},{"@type":"ListItem","position":2,"name":"Bertoncello: \u201cNo pod\u00eda sancionar a alguien injustamente y luego mirarlo a la cara&#8221;"}]},{"@type":"WebSite","@id":"https:\/\/ondauno.com.ar\/#website","url":"https:\/\/ondauno.com.ar\/","name":"103.9 fm","description":"LA PRIMERA RADIO MULTIMEDIA DE TRES ARROYOS","potentialAction":[{"@type":"SearchAction","target":{"@type":"EntryPoint","urlTemplate":"https:\/\/ondauno.com.ar\/?s={search_term_string}"},"query-input":"required name=search_term_string"}],"inLanguage":"es-AR"},{"@type":"Person","@id":"https:\/\/ondauno.com.ar\/#\/schema\/person\/7ec851ddeceb4133d7d7132dc645714e","name":"OndaUno","image":{"@type":"ImageObject","inLanguage":"es-AR","@id":"https:\/\/ondauno.com.ar\/#\/schema\/person\/image\/","url":"https:\/\/secure.gravatar.com\/avatar\/93b8009f0de7021f1feb2bd5b32fb9e8?s=96&d=mm&r=g","contentUrl":"https:\/\/secure.gravatar.com\/avatar\/93b8009f0de7021f1feb2bd5b32fb9e8?s=96&d=mm&r=g","caption":"OndaUno"},"url":"https:\/\/ondauno.com.ar\/index.php\/author\/ondauno\/"}]}},"jetpack_publicize_connections":[],"jetpack_featured_media_url":"https:\/\/ondauno.com.ar\/wp-content\/uploads\/2024\/07\/WhatsApp-Image-2024-07-03-at-19.51.47.jpeg","jetpack_sharing_enabled":true,"_links":{"self":[{"href":"https:\/\/ondauno.com.ar\/index.php\/wp-json\/wp\/v2\/posts\/48377","targetHints":{"allow":["GET"]}}],"collection":[{"href":"https:\/\/ondauno.com.ar\/index.php\/wp-json\/wp\/v2\/posts"}],"about":[{"href":"https:\/\/ondauno.com.ar\/index.php\/wp-json\/wp\/v2\/types\/post"}],"author":[{"embeddable":true,"href":"https:\/\/ondauno.com.ar\/index.php\/wp-json\/wp\/v2\/users\/1"}],"replies":[{"embeddable":true,"href":"https:\/\/ondauno.com.ar\/index.php\/wp-json\/wp\/v2\/comments?post=48377"}],"version-history":[{"count":2,"href":"https:\/\/ondauno.com.ar\/index.php\/wp-json\/wp\/v2\/posts\/48377\/revisions"}],"predecessor-version":[{"id":48380,"href":"https:\/\/ondauno.com.ar\/index.php\/wp-json\/wp\/v2\/posts\/48377\/revisions\/48380"}],"wp:featuredmedia":[{"embeddable":true,"href":"https:\/\/ondauno.com.ar\/index.php\/wp-json\/wp\/v2\/media\/48378"}],"wp:attachment":[{"href":"https:\/\/ondauno.com.ar\/index.php\/wp-json\/wp\/v2\/media?parent=48377"}],"wp:term":[{"taxonomy":"category","embeddable":true,"href":"https:\/\/ondauno.com.ar\/index.php\/wp-json\/wp\/v2\/categories?post=48377"},{"taxonomy":"post_tag","embeddable":true,"href":"https:\/\/ondauno.com.ar\/index.php\/wp-json\/wp\/v2\/tags?post=48377"}],"curies":[{"name":"wp","href":"https:\/\/api.w.org\/{rel}","templated":true}]}}