{"id":47933,"date":"2024-06-14T13:11:16","date_gmt":"2024-06-14T16:11:16","guid":{"rendered":"https:\/\/ondauno.com.ar\/?p=47933"},"modified":"2024-06-14T13:11:19","modified_gmt":"2024-06-14T16:11:19","slug":"propuesta-de-ordenanza-para-emergencia-de-tierras","status":"publish","type":"post","link":"https:\/\/ondauno.com.ar\/index.php\/2024\/06\/14\/propuesta-de-ordenanza-para-emergencia-de-tierras\/","title":{"rendered":"Propuesta de Ordenanza para Emergencia de Tierras"},"content":{"rendered":"<div class=\"ondau-before-content_3\" style=\"margin-top: -30px;\" id=\"ondau-3109521154\"><a href=\"https:\/\/www.lps.com.ar\/\" aria-label=\"la-perse2\"><img loading=\"lazy\" decoding=\"async\" src=\"https:\/\/ondauno.com.ar\/wp-content\/uploads\/2021\/10\/la-perse2.jpg\" alt=\"\"  srcset=\"https:\/\/ondauno.com.ar\/wp-content\/uploads\/2021\/10\/la-perse2.jpg 1353w, https:\/\/ondauno.com.ar\/wp-content\/uploads\/2021\/10\/la-perse2-300x43.jpg 300w, https:\/\/ondauno.com.ar\/wp-content\/uploads\/2021\/10\/la-perse2-1024x148.jpg 1024w, https:\/\/ondauno.com.ar\/wp-content\/uploads\/2021\/10\/la-perse2-768x111.jpg 768w, https:\/\/ondauno.com.ar\/wp-content\/uploads\/2021\/10\/la-perse2-696x100.jpg 696w, https:\/\/ondauno.com.ar\/wp-content\/uploads\/2021\/10\/la-perse2-1068x154.jpg 1068w\" sizes=\"(max-width: 1353px) 100vw, 1353px\" class=\"no-lazyload\" width=\"1353\" height=\"195\"  style=\"display: inline-block;\" \/><\/a><\/div>\n<p>En una reciente rueda de prensa, se abord\u00f3 la presentaci\u00f3n de un proyecto de ordenanza en Tres Arroyos que busca declarar la emergencia de tierras en el distrito. Este proyecto, promovido por el Consejo Municipal de Banco de Tierras, tiene como objetivo facilitar el acceso a lotes para los vecinos y vecinas, especialmente en un contexto de creciente demanda y necesidad social.<\/p>\n\n\n\n<p><strong>Detalles del Proyecto:<\/strong><\/p>\n\n\n\n<ol class=\"wp-block-list\">\n<li><strong>Acceso a Lotes:<\/strong> La propuesta pretende ofrecer terrenos a familias con empleo formal que puedan pagar una cuota, permiti\u00e9ndoles comenzar a construir sus viviendas. Tambi\u00e9n se considera la demanda social de quienes, sin poder adquisitivo suficiente, necesitan acceder a tierra de manera accesible.<\/li>\n\n\n\n<li><strong>Situaciones Recientes:<\/strong> La iniciativa responde a problemas recientes y a una ausencia prolongada de pol\u00edticas municipales que faciliten la accesibilidad a lotes. Durante mucho tiempo, la inversi\u00f3n privada en desarrollos inmobiliarios no estuvo acompa\u00f1ada de pol\u00edticas p\u00fablicas que beneficien a los sectores m\u00e1s necesitados.<\/li>\n\n\n\n<li><strong>Participaci\u00f3n y Consenso:<\/strong> El proyecto busca generar consenso entre los distintos bloques del Consejo Deliberante. Se han mantenido reuniones con miembros de la oposici\u00f3n para discutir y ajustar el proyecto antes de su tratamiento en la comisi\u00f3n legislativa, con la meta de aprobarlo el 27 de junio.<\/li>\n\n\n\n<li><strong>Terrenos Disponibles:<\/strong> El municipio cuenta con varios terrenos provenientes de plusval\u00edas, prescripciones administrativas y terrenos abandonados que han sido traspasados al municipio. Estos terrenos ser\u00e1n utilizados para desarrollar el programa de lote accesible.<\/li>\n\n\n\n<li><strong>Aspectos Legales:<\/strong> Se enfatiza que cualquier actividad ilegal relacionada con la toma de terrenos ser\u00e1 sancionada. Se insta a los vecinos a confiar en el proceso legal y en las soluciones que se est\u00e1n implementando.<\/li>\n<\/ol>\n\n\n\n<p><strong>Comentarios de las Autoridades:<\/strong><\/p>\n\n\n\n<ul class=\"wp-block-list\">\n<li><strong>Pablo (Intendente):<\/strong> Subray\u00f3 la importancia de este proyecto como un primer paso para resolver problemas hist\u00f3ricos de acceso a la tierra en Tres Arroyos. Pidi\u00f3 a los vecinos paciencia y confianza en las autoridades municipales.<\/li>\n\n\n\n<li><strong>Adolfo Olivera (Vicepresidente del Consejo Deliberante):<\/strong> Destac\u00f3 la necesidad de una herramienta \u00e1gil y efectiva para enfrentar la crisis de tierras y facilitar el acceso r\u00e1pido a los terrenos para los ciudadanos.<\/li>\n\n\n\n<li><strong>Federico Brand\u00e1n (Oficina de Tierras):<\/strong> Aclar\u00f3 que hay suficientes terrenos disponibles para iniciar el programa y que se est\u00e1n ultimando detalles administrativos para asegurar la titularidad municipal sobre estos terrenos.<\/li>\n<\/ul>\n\n\n\n<p>Este proyecto de ordenanza representa un esfuerzo significativo para abordar la crisis de tierras en Tres Arroyos, buscando un equilibrio entre la inversi\u00f3n privada y las necesidades de la poblaci\u00f3n local. Se espera que, con el apoyo de todos los bloques, el proyecto pueda ser aprobado y r\u00e1pidamente implementado.<\/p>\n\n\n\n<p class=\"has-text-align-left\"><strong><em>El Municipio busca soluciones a la crisis habitacional: elevan proyecto para declarar la emergencia de tierras<\/em><\/strong><\/p>\n\n\n\n<p><em>El contexto econ\u00f3mico del pa\u00eds, la ausencia de una pol\u00edtica municipal por a\u00f1os de accesibilidad a lotes para familias de vecinos y vecinas de Tres Arroyos, adem\u00e1s de la crisis que afecta al humor social, los alquileres y el d\u00eda a d\u00eda hacen que sea necesario determinar la emergencia territorial y habitacional municipal para tener r\u00e1pidas soluciones y ponerlas para el bien de la comunidad.<\/em><\/p>\n\n\n\n<p><em>El municipio, atento a la necesidad de muchos vecinos tresarroyenses, trabaja en un proyecto para declarar la Emergencia de Tierras, un paso que permitir\u00eda que se pueda acceder a terrenos que no pagan impuestos y municipalizarlos para poder disponer y comenzar a solucionar la b\u00fasqueda de tierras de los tresarroyenses. Este proceso se llevar\u00e1 a cabo de forma transparente asegurando que los vecinos puedan obtener terrenos cumpliendo con todos los procedimientos legales necesarios.<\/em><\/p>\n\n\n\n<p><em>Este proyecto que busca crear una pol\u00edtica m\u00e1s igualitaria de tierras ser\u00e1 elevado al Concejo Deliberante.<\/em><\/p>\n\n\n\n<p><\/p>\n","protected":false},"excerpt":{"rendered":"<p>En una reciente rueda de prensa, se abord\u00f3 la presentaci\u00f3n de un proyecto de ordenanza en Tres Arroyos que busca declarar la emergencia de tierras en el distrito. Este proyecto, promovido por el Consejo Municipal de Banco de Tierras, tiene como objetivo facilitar el acceso a lotes para los vecinos y vecinas, especialmente en un [&hellip;]<\/p>\n","protected":false},"author":1,"featured_media":47934,"comment_status":"open","ping_status":"open","sticky":false,"template":"","format":"standard","meta":{"tdm_status":"","tdm_grid_status":"","_jetpack_memberships_contains_paid_content":false,"footnotes":"","jetpack_publicize_message":"","jetpack_publicize_feature_enabled":true,"jetpack_social_post_already_shared":false,"jetpack_social_options":{"image_generator_settings":{"template":"highway","default_image_id":0,"font":"","enabled":false},"version":2}},"categories":[2],"tags":[],"class_list":{"0":"post-47933","1":"post","2":"type-post","3":"status-publish","4":"format-standard","5":"has-post-thumbnail","7":"category-locales"},"yoast_head":"<!-- This site is optimized with the Yoast SEO plugin v22.7 - https:\/\/yoast.com\/wordpress\/plugins\/seo\/ -->\n<title>Propuesta de Ordenanza para Emergencia de Tierras - 103.9 fm<\/title>\n<meta name=\"robots\" content=\"index, follow, max-snippet:-1, max-image-preview:large, max-video-preview:-1\" \/>\n<link rel=\"canonical\" href=\"https:\/\/ondauno.com.ar\/index.php\/2024\/06\/14\/propuesta-de-ordenanza-para-emergencia-de-tierras\/\" \/>\n<meta property=\"og:locale\" content=\"es_ES\" \/>\n<meta property=\"og:type\" content=\"article\" \/>\n<meta property=\"og:title\" content=\"Propuesta de Ordenanza para Emergencia de Tierras - 103.9 fm\" \/>\n<meta property=\"og:description\" content=\"En una reciente rueda de prensa, se abord\u00f3 la presentaci\u00f3n de un proyecto de ordenanza en Tres Arroyos que busca declarar la emergencia de tierras en el distrito. Este proyecto, promovido por el Consejo Municipal de Banco de Tierras, tiene como objetivo facilitar el acceso a lotes para los vecinos y vecinas, especialmente en un [&hellip;]\" \/>\n<meta property=\"og:url\" content=\"https:\/\/ondauno.com.ar\/index.php\/2024\/06\/14\/propuesta-de-ordenanza-para-emergencia-de-tierras\/\" \/>\n<meta property=\"og:site_name\" content=\"103.9 fm\" \/>\n<meta property=\"article:publisher\" content=\"https:\/\/www.facebook.com\/ondauno103.9\" \/>\n<meta property=\"article:published_time\" content=\"2024-06-14T16:11:16+00:00\" \/>\n<meta property=\"article:modified_time\" content=\"2024-06-14T16:11:19+00:00\" \/>\n<meta property=\"og:image\" content=\"http:\/\/ondauno.com.ar\/wp-content\/uploads\/2024\/06\/WhatsApp-Image-2024-06-14-at-12.48.08-1.jpeg\" \/>\n\t<meta property=\"og:image:width\" content=\"1280\" \/>\n\t<meta property=\"og:image:height\" content=\"960\" \/>\n\t<meta property=\"og:image:type\" content=\"image\/jpeg\" \/>\n<meta name=\"author\" content=\"OndaUno\" \/>\n<meta name=\"twitter:card\" content=\"summary_large_image\" \/>\n<meta name=\"twitter:label1\" content=\"Escrito por\" \/>\n\t<meta name=\"twitter:data1\" content=\"OndaUno\" \/>\n\t<meta name=\"twitter:label2\" content=\"Tiempo de lectura\" \/>\n\t<meta name=\"twitter:data2\" content=\"3 minutos\" \/>\n<script type=\"application\/ld+json\" class=\"yoast-schema-graph\">{\"@context\":\"https:\/\/schema.org\",\"@graph\":[{\"@type\":\"WebPage\",\"@id\":\"https:\/\/ondauno.com.ar\/index.php\/2024\/06\/14\/propuesta-de-ordenanza-para-emergencia-de-tierras\/\",\"url\":\"https:\/\/ondauno.com.ar\/index.php\/2024\/06\/14\/propuesta-de-ordenanza-para-emergencia-de-tierras\/\",\"name\":\"Propuesta de Ordenanza para Emergencia de Tierras - 103.9 fm\",\"isPartOf\":{\"@id\":\"https:\/\/ondauno.com.ar\/#website\"},\"primaryImageOfPage\":{\"@id\":\"https:\/\/ondauno.com.ar\/index.php\/2024\/06\/14\/propuesta-de-ordenanza-para-emergencia-de-tierras\/#primaryimage\"},\"image\":{\"@id\":\"https:\/\/ondauno.com.ar\/index.php\/2024\/06\/14\/propuesta-de-ordenanza-para-emergencia-de-tierras\/#primaryimage\"},\"thumbnailUrl\":\"https:\/\/ondauno.com.ar\/wp-content\/uploads\/2024\/06\/WhatsApp-Image-2024-06-14-at-12.48.08-1.jpeg\",\"datePublished\":\"2024-06-14T16:11:16+00:00\",\"dateModified\":\"2024-06-14T16:11:19+00:00\",\"author\":{\"@id\":\"https:\/\/ondauno.com.ar\/#\/schema\/person\/7ec851ddeceb4133d7d7132dc645714e\"},\"breadcrumb\":{\"@id\":\"https:\/\/ondauno.com.ar\/index.php\/2024\/06\/14\/propuesta-de-ordenanza-para-emergencia-de-tierras\/#breadcrumb\"},\"inLanguage\":\"es-AR\",\"potentialAction\":[{\"@type\":\"ReadAction\",\"target\":[\"https:\/\/ondauno.com.ar\/index.php\/2024\/06\/14\/propuesta-de-ordenanza-para-emergencia-de-tierras\/\"]}]},{\"@type\":\"ImageObject\",\"inLanguage\":\"es-AR\",\"@id\":\"https:\/\/ondauno.com.ar\/index.php\/2024\/06\/14\/propuesta-de-ordenanza-para-emergencia-de-tierras\/#primaryimage\",\"url\":\"https:\/\/ondauno.com.ar\/wp-content\/uploads\/2024\/06\/WhatsApp-Image-2024-06-14-at-12.48.08-1.jpeg\",\"contentUrl\":\"https:\/\/ondauno.com.ar\/wp-content\/uploads\/2024\/06\/WhatsApp-Image-2024-06-14-at-12.48.08-1.jpeg\",\"width\":1280,\"height\":960},{\"@type\":\"BreadcrumbList\",\"@id\":\"https:\/\/ondauno.com.ar\/index.php\/2024\/06\/14\/propuesta-de-ordenanza-para-emergencia-de-tierras\/#breadcrumb\",\"itemListElement\":[{\"@type\":\"ListItem\",\"position\":1,\"name\":\"Inicio\",\"item\":\"https:\/\/ondauno.com.ar\/\"},{\"@type\":\"ListItem\",\"position\":2,\"name\":\"Propuesta de Ordenanza para Emergencia de Tierras\"}]},{\"@type\":\"WebSite\",\"@id\":\"https:\/\/ondauno.com.ar\/#website\",\"url\":\"https:\/\/ondauno.com.ar\/\",\"name\":\"103.9 fm\",\"description\":\"LA PRIMERA RADIO MULTIMEDIA DE TRES ARROYOS\",\"potentialAction\":[{\"@type\":\"SearchAction\",\"target\":{\"@type\":\"EntryPoint\",\"urlTemplate\":\"https:\/\/ondauno.com.ar\/?s={search_term_string}\"},\"query-input\":\"required name=search_term_string\"}],\"inLanguage\":\"es-AR\"},{\"@type\":\"Person\",\"@id\":\"https:\/\/ondauno.com.ar\/#\/schema\/person\/7ec851ddeceb4133d7d7132dc645714e\",\"name\":\"OndaUno\",\"image\":{\"@type\":\"ImageObject\",\"inLanguage\":\"es-AR\",\"@id\":\"https:\/\/ondauno.com.ar\/#\/schema\/person\/image\/\",\"url\":\"https:\/\/secure.gravatar.com\/avatar\/93b8009f0de7021f1feb2bd5b32fb9e8?s=96&d=mm&r=g\",\"contentUrl\":\"https:\/\/secure.gravatar.com\/avatar\/93b8009f0de7021f1feb2bd5b32fb9e8?s=96&d=mm&r=g\",\"caption\":\"OndaUno\"},\"url\":\"https:\/\/ondauno.com.ar\/index.php\/author\/ondauno\/\"}]}<\/script>\n<!-- \/ Yoast SEO plugin. -->","yoast_head_json":{"title":"Propuesta de Ordenanza para Emergencia de Tierras - 103.9 fm","robots":{"index":"index","follow":"follow","max-snippet":"max-snippet:-1","max-image-preview":"max-image-preview:large","max-video-preview":"max-video-preview:-1"},"canonical":"https:\/\/ondauno.com.ar\/index.php\/2024\/06\/14\/propuesta-de-ordenanza-para-emergencia-de-tierras\/","og_locale":"es_ES","og_type":"article","og_title":"Propuesta de Ordenanza para Emergencia de Tierras - 103.9 fm","og_description":"En una reciente rueda de prensa, se abord\u00f3 la presentaci\u00f3n de un proyecto de ordenanza en Tres Arroyos que busca declarar la emergencia de tierras en el distrito. Este proyecto, promovido por el Consejo Municipal de Banco de Tierras, tiene como objetivo facilitar el acceso a lotes para los vecinos y vecinas, especialmente en un [&hellip;]","og_url":"https:\/\/ondauno.com.ar\/index.php\/2024\/06\/14\/propuesta-de-ordenanza-para-emergencia-de-tierras\/","og_site_name":"103.9 fm","article_publisher":"https:\/\/www.facebook.com\/ondauno103.9","article_published_time":"2024-06-14T16:11:16+00:00","article_modified_time":"2024-06-14T16:11:19+00:00","og_image":[{"width":1280,"height":960,"url":"http:\/\/ondauno.com.ar\/wp-content\/uploads\/2024\/06\/WhatsApp-Image-2024-06-14-at-12.48.08-1.jpeg","type":"image\/jpeg"}],"author":"OndaUno","twitter_card":"summary_large_image","twitter_misc":{"Escrito por":"OndaUno","Tiempo de lectura":"3 minutos"},"schema":{"@context":"https:\/\/schema.org","@graph":[{"@type":"WebPage","@id":"https:\/\/ondauno.com.ar\/index.php\/2024\/06\/14\/propuesta-de-ordenanza-para-emergencia-de-tierras\/","url":"https:\/\/ondauno.com.ar\/index.php\/2024\/06\/14\/propuesta-de-ordenanza-para-emergencia-de-tierras\/","name":"Propuesta de Ordenanza para Emergencia de Tierras - 103.9 fm","isPartOf":{"@id":"https:\/\/ondauno.com.ar\/#website"},"primaryImageOfPage":{"@id":"https:\/\/ondauno.com.ar\/index.php\/2024\/06\/14\/propuesta-de-ordenanza-para-emergencia-de-tierras\/#primaryimage"},"image":{"@id":"https:\/\/ondauno.com.ar\/index.php\/2024\/06\/14\/propuesta-de-ordenanza-para-emergencia-de-tierras\/#primaryimage"},"thumbnailUrl":"https:\/\/ondauno.com.ar\/wp-content\/uploads\/2024\/06\/WhatsApp-Image-2024-06-14-at-12.48.08-1.jpeg","datePublished":"2024-06-14T16:11:16+00:00","dateModified":"2024-06-14T16:11:19+00:00","author":{"@id":"https:\/\/ondauno.com.ar\/#\/schema\/person\/7ec851ddeceb4133d7d7132dc645714e"},"breadcrumb":{"@id":"https:\/\/ondauno.com.ar\/index.php\/2024\/06\/14\/propuesta-de-ordenanza-para-emergencia-de-tierras\/#breadcrumb"},"inLanguage":"es-AR","potentialAction":[{"@type":"ReadAction","target":["https:\/\/ondauno.com.ar\/index.php\/2024\/06\/14\/propuesta-de-ordenanza-para-emergencia-de-tierras\/"]}]},{"@type":"ImageObject","inLanguage":"es-AR","@id":"https:\/\/ondauno.com.ar\/index.php\/2024\/06\/14\/propuesta-de-ordenanza-para-emergencia-de-tierras\/#primaryimage","url":"https:\/\/ondauno.com.ar\/wp-content\/uploads\/2024\/06\/WhatsApp-Image-2024-06-14-at-12.48.08-1.jpeg","contentUrl":"https:\/\/ondauno.com.ar\/wp-content\/uploads\/2024\/06\/WhatsApp-Image-2024-06-14-at-12.48.08-1.jpeg","width":1280,"height":960},{"@type":"BreadcrumbList","@id":"https:\/\/ondauno.com.ar\/index.php\/2024\/06\/14\/propuesta-de-ordenanza-para-emergencia-de-tierras\/#breadcrumb","itemListElement":[{"@type":"ListItem","position":1,"name":"Inicio","item":"https:\/\/ondauno.com.ar\/"},{"@type":"ListItem","position":2,"name":"Propuesta de Ordenanza para Emergencia de Tierras"}]},{"@type":"WebSite","@id":"https:\/\/ondauno.com.ar\/#website","url":"https:\/\/ondauno.com.ar\/","name":"103.9 fm","description":"LA PRIMERA RADIO MULTIMEDIA DE TRES ARROYOS","potentialAction":[{"@type":"SearchAction","target":{"@type":"EntryPoint","urlTemplate":"https:\/\/ondauno.com.ar\/?s={search_term_string}"},"query-input":"required name=search_term_string"}],"inLanguage":"es-AR"},{"@type":"Person","@id":"https:\/\/ondauno.com.ar\/#\/schema\/person\/7ec851ddeceb4133d7d7132dc645714e","name":"OndaUno","image":{"@type":"ImageObject","inLanguage":"es-AR","@id":"https:\/\/ondauno.com.ar\/#\/schema\/person\/image\/","url":"https:\/\/secure.gravatar.com\/avatar\/93b8009f0de7021f1feb2bd5b32fb9e8?s=96&d=mm&r=g","contentUrl":"https:\/\/secure.gravatar.com\/avatar\/93b8009f0de7021f1feb2bd5b32fb9e8?s=96&d=mm&r=g","caption":"OndaUno"},"url":"https:\/\/ondauno.com.ar\/index.php\/author\/ondauno\/"}]}},"jetpack_publicize_connections":[],"jetpack_featured_media_url":"https:\/\/ondauno.com.ar\/wp-content\/uploads\/2024\/06\/WhatsApp-Image-2024-06-14-at-12.48.08-1.jpeg","jetpack_sharing_enabled":true,"_links":{"self":[{"href":"https:\/\/ondauno.com.ar\/index.php\/wp-json\/wp\/v2\/posts\/47933","targetHints":{"allow":["GET"]}}],"collection":[{"href":"https:\/\/ondauno.com.ar\/index.php\/wp-json\/wp\/v2\/posts"}],"about":[{"href":"https:\/\/ondauno.com.ar\/index.php\/wp-json\/wp\/v2\/types\/post"}],"author":[{"embeddable":true,"href":"https:\/\/ondauno.com.ar\/index.php\/wp-json\/wp\/v2\/users\/1"}],"replies":[{"embeddable":true,"href":"https:\/\/ondauno.com.ar\/index.php\/wp-json\/wp\/v2\/comments?post=47933"}],"version-history":[{"count":1,"href":"https:\/\/ondauno.com.ar\/index.php\/wp-json\/wp\/v2\/posts\/47933\/revisions"}],"predecessor-version":[{"id":47935,"href":"https:\/\/ondauno.com.ar\/index.php\/wp-json\/wp\/v2\/posts\/47933\/revisions\/47935"}],"wp:featuredmedia":[{"embeddable":true,"href":"https:\/\/ondauno.com.ar\/index.php\/wp-json\/wp\/v2\/media\/47934"}],"wp:attachment":[{"href":"https:\/\/ondauno.com.ar\/index.php\/wp-json\/wp\/v2\/media?parent=47933"}],"wp:term":[{"taxonomy":"category","embeddable":true,"href":"https:\/\/ondauno.com.ar\/index.php\/wp-json\/wp\/v2\/categories?post=47933"},{"taxonomy":"post_tag","embeddable":true,"href":"https:\/\/ondauno.com.ar\/index.php\/wp-json\/wp\/v2\/tags?post=47933"}],"curies":[{"name":"wp","href":"https:\/\/api.w.org\/{rel}","templated":true}]}}