{"id":4791,"date":"2020-01-17T13:01:43","date_gmt":"2020-01-17T16:01:43","guid":{"rendered":"http:\/\/ondauno.com.ar\/?p=4791"},"modified":"2020-01-17T13:01:51","modified_gmt":"2020-01-17T16:01:51","slug":"la-canasta-basica-de-alimento-aumento-el-3-06-por-ciento-durante-la-1-quincena-del-mes-de-enero","status":"publish","type":"post","link":"https:\/\/ondauno.com.ar\/index.php\/2020\/01\/17\/la-canasta-basica-de-alimento-aumento-el-3-06-por-ciento-durante-la-1-quincena-del-mes-de-enero\/","title":{"rendered":"La canasta b\u00e1sica de alimento aument\u00f3 el 3.06 por ciento durante la 1\u00b0 quincena del mes de enero."},"content":{"rendered":"<div class=\"ondau-before-content_3\" style=\"margin-top: -30px;\" id=\"ondau-1380320214\"><a href=\"https:\/\/www.lps.com.ar\/\" aria-label=\"la-perse2\"><img loading=\"lazy\" decoding=\"async\" src=\"https:\/\/ondauno.com.ar\/wp-content\/uploads\/2021\/10\/la-perse2.jpg\" alt=\"\"  srcset=\"https:\/\/ondauno.com.ar\/wp-content\/uploads\/2021\/10\/la-perse2.jpg 1353w, https:\/\/ondauno.com.ar\/wp-content\/uploads\/2021\/10\/la-perse2-300x43.jpg 300w, https:\/\/ondauno.com.ar\/wp-content\/uploads\/2021\/10\/la-perse2-1024x148.jpg 1024w, https:\/\/ondauno.com.ar\/wp-content\/uploads\/2021\/10\/la-perse2-768x111.jpg 768w, https:\/\/ondauno.com.ar\/wp-content\/uploads\/2021\/10\/la-perse2-696x100.jpg 696w, https:\/\/ondauno.com.ar\/wp-content\/uploads\/2021\/10\/la-perse2-1068x154.jpg 1068w\" sizes=\"(max-width: 1353px) 100vw, 1353px\" class=\"no-lazyload\" width=\"1353\" height=\"195\"  style=\"display: inline-block;\" \/><\/a><\/div>\n<p> El representante legal de\u00a0<strong>Consumidores Libres\u00a0Dr.\u00a0H\u00e9ctor Polino<\/strong>, inform\u00f3 hoy que, seg\u00fan un relevamiento efectuado por la entidad en supermercados y negocios minoristas de la ciudad de Buenos Aires<strong>,\u00a0el precio de los 38 art\u00edculos de la llamada \u201ccanasta b\u00e1sica de alimentos\u201d\u00a0tuvo un aumento del 3.06 por ciento durante la 1\u00b0 quincena del mes de enero.<\/strong>\u00a0\u00a0\u00a0\u00a0\u00a0\u00a0<\/p>\n\n\n\n<p>\u00a0\u00a0El seguimiento efectuado, se llev\u00f3 a cabo en los supermercados COTO y PLAZA VEA y en centros de abastecimiento de los barrios de La Boca, Caballito, Liniers y Pompeya.\u00a0\u00a0\u00a0\u00a0\u00a0 \u00a0<strong>NOTA\u00a0\u00a0\u00a0\u00a0\u00a0\u00a0 Los 8 art\u00edculos que figuran marcados en color forman parte del listado de los 310 art\u00edculos de \u201cprecios cuidados\u201d.\u00a0\u00a0\u00a0 \u00a0\u00a0\u00a0\u00a0En la 1\u00b0 quincena del mes de enero del a\u00f1o 2019, el aumento de esta canasta b\u00e1sica de alimentos fue del 1.92%.\u00a0\u00a0\u00a0\u00a0\u00a0\u00a0\u00a0 Es decir, que en la 1\u00b0 quincena de enero 2020 hubo un aumento del 1.14% en relaci\u00f3n al mismo per\u00edodo del a\u00f1o anterior.\u00a0\u00a0\u00a0\u00a0\u00a0\u00a0\u00a0\u00a0\u00a0\u00a0\u00a0\u00a0\u00a0\u00a0\u00a0\u00a0\u00a0\u00a0 \u00a0PRODUCTOS QUE SUBIERON\u00a0\u00a0 (31)PRODUCTO\u00a0\u00a0\u00a0\u00a0\u00a0\u00a0\u00a0\u00a0\u00a0\u00a0\u00a0\u00a0\u00a0\u00a0\u00a0\u00a0\u00a0\u00a0\u00a0% AUMENTO<\/strong><\/p>\n\n\n\n<table class=\"wp-block-table\"><tbody><tr><td>PICADA COMUN 1 K<\/td><td><strong>&nbsp;&nbsp;&nbsp;&nbsp;&nbsp;&nbsp;&nbsp;&nbsp;&nbsp;&nbsp;&nbsp;&nbsp;&nbsp;19,13<\/strong><\/td><\/tr><tr><td>TE TARAGUI -50 SAQUITOS<\/td><td><strong>&nbsp;&nbsp;&nbsp;&nbsp;&nbsp;&nbsp;&nbsp;&nbsp;&nbsp;&nbsp;&nbsp;&nbsp;&nbsp;12,71<\/strong><\/td><\/tr><tr><td>NARANJA POR KG<\/td><td><strong>&nbsp;&nbsp;&nbsp;&nbsp;&nbsp;&nbsp;&nbsp;&nbsp;&nbsp;&nbsp;&nbsp;&nbsp;&nbsp;12,43<\/strong><\/td><\/tr><tr><td>POLLO 1 K<\/td><td><strong>&nbsp;&nbsp;&nbsp;&nbsp;&nbsp;&nbsp;&nbsp;&nbsp;&nbsp;&nbsp;&nbsp;&nbsp;&nbsp;11,79<\/strong><\/td><\/tr><tr><td>POLENTA MAGICA 3\/4 K<\/td><td><strong>&nbsp;&nbsp;&nbsp;&nbsp;&nbsp;&nbsp;&nbsp;&nbsp;&nbsp;&nbsp;&nbsp;&nbsp;&nbsp;10,47<\/strong><\/td><\/tr><tr><td>ARROZ FINO ALA KG.<\/td><td><strong>&nbsp;&nbsp;&nbsp;&nbsp;&nbsp;&nbsp;&nbsp;&nbsp;&nbsp;&nbsp;&nbsp;&nbsp;&nbsp;10,36<\/strong><\/td><\/tr><tr><td>HUEVOS COLOR 12 UNID.<\/td><td><strong>&nbsp;&nbsp;&nbsp;&nbsp;&nbsp;&nbsp;&nbsp;&nbsp;&nbsp;&nbsp;&nbsp;&nbsp;&nbsp;&nbsp;&nbsp;7,61<\/strong><\/td><\/tr><tr><td>ACEITE COCINERO 1,5 L<\/td><td><strong>&nbsp;&nbsp;&nbsp;&nbsp;&nbsp;&nbsp;&nbsp;&nbsp;&nbsp;&nbsp;&nbsp;&nbsp;&nbsp;&nbsp;&nbsp;6,56<\/strong><\/td><\/tr><tr><td>FILET MERLUZA FRES. KG<\/td><td><strong>&nbsp;&nbsp;&nbsp;&nbsp;&nbsp;&nbsp;&nbsp;&nbsp;&nbsp;&nbsp;&nbsp;&nbsp;&nbsp;&nbsp;&nbsp;6,45<\/strong><\/td><\/tr><tr><td>AZUCAR LEDESMA KG<\/td><td><strong>&nbsp;&nbsp;&nbsp;&nbsp;&nbsp;&nbsp;&nbsp;&nbsp;&nbsp;&nbsp;&nbsp;&nbsp;&nbsp;&nbsp;&nbsp;6,14<\/strong><\/td><\/tr><tr><td>BANANA POR KG.<\/td><td><strong>&nbsp;&nbsp;&nbsp;&nbsp;&nbsp;&nbsp;&nbsp;&nbsp;&nbsp;&nbsp;&nbsp;&nbsp;&nbsp;&nbsp;&nbsp;6,13<\/strong><\/td><\/tr><tr><td>CAF\u00c9 LA MORENITA 1\/4 KG.<\/td><td><strong>&nbsp;&nbsp;&nbsp;&nbsp;&nbsp;&nbsp;&nbsp;&nbsp;&nbsp;&nbsp;&nbsp;&nbsp;&nbsp;&nbsp;&nbsp;5,90<\/strong><\/td><\/tr><tr><td>YERBA MATE TARAGUI&nbsp;&nbsp;KG<\/td><td><strong>&nbsp;&nbsp;&nbsp;&nbsp;&nbsp;&nbsp;&nbsp;&nbsp;&nbsp;&nbsp;&nbsp;&nbsp;&nbsp;&nbsp;&nbsp;4,56<\/strong><\/td><\/tr><tr><td>FIDEOS MATARAZZO1\/2kg<\/td><td><strong>&nbsp;&nbsp;&nbsp;&nbsp;&nbsp;&nbsp;&nbsp;&nbsp;&nbsp;&nbsp;&nbsp;&nbsp;&nbsp;&nbsp;&nbsp;3,75<\/strong><\/td><\/tr><tr><td>FALDA 1 K<\/td><td><strong>&nbsp;&nbsp;&nbsp;&nbsp;&nbsp;&nbsp;&nbsp;&nbsp;&nbsp;&nbsp;&nbsp;&nbsp;&nbsp;&nbsp;&nbsp;3,66<\/strong><\/td><\/tr><tr><td>JABON POLVO granby 800gr<\/td><td><strong>&nbsp;&nbsp;&nbsp;&nbsp;&nbsp;&nbsp;&nbsp;&nbsp;&nbsp;&nbsp;&nbsp;&nbsp;&nbsp;&nbsp;&nbsp;3,27<\/strong><\/td><\/tr><tr><td>MERM.L\/CAMPAGN.454 grs.<\/td><td><strong>&nbsp;&nbsp;&nbsp;&nbsp;&nbsp;&nbsp;&nbsp;&nbsp;&nbsp;&nbsp;&nbsp;&nbsp;&nbsp;&nbsp;&nbsp;3,11<\/strong><\/td><\/tr><tr><td>SAL FINA CELUSAL 500G.<\/td><td><strong>&nbsp;&nbsp;&nbsp;&nbsp;&nbsp;&nbsp;&nbsp;&nbsp;&nbsp;&nbsp;&nbsp;&nbsp;&nbsp;&nbsp;&nbsp;2,52<\/strong><\/td><\/tr><tr><td>ASADO 1K<\/td><td><strong>&nbsp;&nbsp;&nbsp;&nbsp;&nbsp;&nbsp;&nbsp;&nbsp;&nbsp;&nbsp;&nbsp;&nbsp;&nbsp;&nbsp;&nbsp;2,30<\/strong><\/td><\/tr><tr><td>HARINA L.FAVOR.0000- KG.<\/td><td><strong>&nbsp;&nbsp;&nbsp;&nbsp;&nbsp;&nbsp;&nbsp;&nbsp;&nbsp;&nbsp;&nbsp;&nbsp;&nbsp;&nbsp;&nbsp;1,81<\/strong><\/td><\/tr><tr><td>PAN COMUN POR KG.<\/td><td><strong>&nbsp;&nbsp;&nbsp;&nbsp;&nbsp;&nbsp;&nbsp;&nbsp;&nbsp;&nbsp;&nbsp;&nbsp;&nbsp;&nbsp;&nbsp;1,65<\/strong><\/td><\/tr><tr><td>JABON LUX TOC.125 grs.<\/td><td><strong>&nbsp;&nbsp;&nbsp;&nbsp;&nbsp;&nbsp;&nbsp;&nbsp;&nbsp;&nbsp;&nbsp;&nbsp;&nbsp;&nbsp;&nbsp;1,62<\/strong><\/td><\/tr><tr><td>BOLA DE LOMO 1 K<\/td><td><strong>&nbsp;&nbsp;&nbsp;&nbsp;&nbsp;&nbsp;&nbsp;&nbsp;&nbsp;&nbsp;&nbsp;&nbsp;&nbsp;&nbsp;&nbsp;0,98<\/strong><\/td><\/tr><tr><td>LECHE SERENIS.POTE LIT.<\/td><td><strong>&nbsp;&nbsp;&nbsp;&nbsp;&nbsp;&nbsp;&nbsp;&nbsp;&nbsp;&nbsp;&nbsp;&nbsp;&nbsp;&nbsp;&nbsp;0,97<\/strong><\/td><\/tr><tr><td>MANTECA SANCOR 200 GRS.<\/td><td><strong>&nbsp;&nbsp;&nbsp;&nbsp;&nbsp;&nbsp;&nbsp;&nbsp;&nbsp;&nbsp;&nbsp;&nbsp;&nbsp;&nbsp;&nbsp;0,81<\/strong><\/td><\/tr><tr><td>TAPA&nbsp;<a href=\"http:\/\/empan.la\/\" target=\"_blank\" rel=\"noreferrer noopener\">EMPAN.LA<\/a>&nbsp;SALT.12 U<\/td><td><strong>&nbsp;&nbsp;&nbsp;&nbsp;&nbsp;&nbsp;&nbsp;&nbsp;&nbsp;&nbsp;&nbsp;&nbsp;&nbsp;&nbsp;&nbsp;0,78<\/strong><\/td><\/tr><tr><td>DETERG.ALA 1250ml vajilla<\/td><td><strong>&nbsp;&nbsp;&nbsp;&nbsp;&nbsp;&nbsp;&nbsp;&nbsp;&nbsp;&nbsp;&nbsp;&nbsp;&nbsp;&nbsp;&nbsp;0,71<\/strong><\/td><\/tr><tr><td>QUESO P\/SALUT KG.SANCOR<\/td><td><strong>&nbsp;&nbsp;&nbsp;&nbsp;&nbsp;&nbsp;&nbsp;&nbsp;&nbsp;&nbsp;&nbsp;&nbsp;&nbsp;&nbsp;&nbsp;0,63<\/strong><\/td><\/tr><tr><td>AGUA S\/GAS VILLAV.1,5 L<\/td><td><strong>&nbsp;&nbsp;&nbsp;&nbsp;&nbsp;&nbsp;&nbsp;&nbsp;&nbsp;&nbsp;&nbsp;&nbsp;&nbsp;&nbsp;&nbsp;0,44<\/strong><\/td><\/tr><tr><td>PAPA NEGRA POR KG<\/td><td><strong>&nbsp;&nbsp;&nbsp;&nbsp;&nbsp;&nbsp;&nbsp;&nbsp;&nbsp;&nbsp;&nbsp;&nbsp;&nbsp;&nbsp;&nbsp;0,07<\/strong><\/td><\/tr><tr><td>MANZANA POR KG<\/td><td><strong>&nbsp;&nbsp;&nbsp;&nbsp;&nbsp;&nbsp;&nbsp;&nbsp;&nbsp;&nbsp;&nbsp;&nbsp;&nbsp;&nbsp;&nbsp;0,02<\/strong><\/td><\/tr><\/tbody><\/table>\n\n\n\n<p><strong>&nbsp;&nbsp;&nbsp;&nbsp;&nbsp;&nbsp;&nbsp; &nbsp;&nbsp;&nbsp;&nbsp;PRODUCTOS QUE BAJARON&nbsp; (6)<\/strong><strong>&nbsp;&nbsp;&nbsp;&nbsp;&nbsp;&nbsp;&nbsp;&nbsp;&nbsp;&nbsp;&nbsp;<\/strong><strong>&nbsp;&nbsp;&nbsp;&nbsp;&nbsp;&nbsp;&nbsp;&nbsp;&nbsp;&nbsp;&nbsp; PRODUCTO&nbsp;&nbsp;&nbsp;&nbsp;&nbsp;&nbsp;&nbsp;&nbsp;&nbsp;&nbsp;&nbsp;&nbsp;&nbsp;&nbsp;&nbsp;&nbsp;&nbsp;&nbsp;&nbsp;&nbsp;&nbsp;&nbsp;&nbsp;%&nbsp;&nbsp;&nbsp; BAJA<\/strong><\/p>\n\n\n\n<table class=\"wp-block-table\"><tbody><tr><td>CEBOLLA POR KG<\/td><td><strong>&nbsp;&nbsp;&nbsp;&nbsp;&nbsp;&nbsp;&nbsp;&nbsp;&nbsp;&nbsp;&nbsp;-17,83<\/strong><\/td><\/tr><tr><td>ZAPALLO ANCO POR KG.<\/td><td><strong>&nbsp;&nbsp;&nbsp;&nbsp;&nbsp;&nbsp;&nbsp;&nbsp;&nbsp;&nbsp;&nbsp;&nbsp;&nbsp;&nbsp;-9,53<\/strong><\/td><\/tr><tr><td>TOMATE PERITA POR KG<\/td><td><strong>&nbsp;&nbsp;&nbsp;&nbsp;&nbsp;&nbsp;&nbsp;&nbsp;&nbsp;&nbsp;&nbsp;&nbsp;&nbsp;&nbsp;-8,86<\/strong><\/td><\/tr><tr><td>CARNAZA 1 K<\/td><td><strong>&nbsp;&nbsp;&nbsp;&nbsp;&nbsp;&nbsp;&nbsp;&nbsp;&nbsp;&nbsp;&nbsp;&nbsp;&nbsp;&nbsp;-0,73<\/strong><\/td><\/tr><tr><td>ACELGA POR KG.<\/td><td><strong>&nbsp;&nbsp;&nbsp;&nbsp;&nbsp;&nbsp;&nbsp;&nbsp;&nbsp;&nbsp;&nbsp;&nbsp;&nbsp;&nbsp;-0,53<\/strong><\/td><\/tr><tr><td>PALETA O ROAST BEEF 1 K<\/td><td><strong>&nbsp;&nbsp;&nbsp;&nbsp;&nbsp;&nbsp;&nbsp;&nbsp;&nbsp;&nbsp;&nbsp;&nbsp;&nbsp;&nbsp;-0,13<\/strong><\/td><\/tr><\/tbody><\/table>\n\n\n\n<p><strong>&nbsp;&nbsp;&nbsp; &nbsp;&nbsp;&nbsp;&nbsp;<\/strong><strong>&nbsp;&nbsp;&nbsp;&nbsp;&nbsp;&nbsp;&nbsp;&nbsp;&nbsp;&nbsp;PRODUCTOS QUE NO REGISTRARON VARIACI\u00d3N&nbsp; (1)<\/strong>&nbsp;&nbsp;SALC.PATYVIENA 6 UNID.\n\n<\/p>\n","protected":false},"excerpt":{"rendered":"<p>El representante legal de\u00a0Consumidores Libres\u00a0Dr.\u00a0H\u00e9ctor Polino, inform\u00f3 hoy que, seg\u00fan un relevamiento efectuado por la entidad en supermercados y negocios minoristas de la ciudad de Buenos Aires,\u00a0el precio de los 38 art\u00edculos de la llamada \u201ccanasta b\u00e1sica de alimentos\u201d\u00a0tuvo un aumento del 3.06 por ciento durante la 1\u00b0 quincena del mes de enero.\u00a0\u00a0\u00a0\u00a0\u00a0\u00a0 \u00a0\u00a0El seguimiento [&hellip;]<\/p>\n","protected":false},"author":2,"featured_media":0,"comment_status":"open","ping_status":"open","sticky":false,"template":"","format":"standard","meta":{"tdm_status":"","tdm_grid_status":"","_jetpack_memberships_contains_paid_content":false,"footnotes":"","jetpack_publicize_message":"","jetpack_publicize_feature_enabled":true,"jetpack_social_post_already_shared":false,"jetpack_social_options":{"image_generator_settings":{"template":"highway","default_image_id":0,"font":"","enabled":false},"version":2}},"categories":[3],"tags":[],"class_list":{"0":"post-4791","1":"post","2":"type-post","3":"status-publish","4":"format-standard","6":"category-nacionales"},"yoast_head":"<!-- This site is optimized with the Yoast SEO plugin v22.7 - https:\/\/yoast.com\/wordpress\/plugins\/seo\/ -->\n<title>La canasta b\u00e1sica de alimento aument\u00f3 el 3.06 por ciento durante la 1\u00b0 quincena del mes de enero. - 103.9 fm<\/title>\n<meta name=\"robots\" content=\"index, follow, max-snippet:-1, max-image-preview:large, max-video-preview:-1\" \/>\n<link rel=\"canonical\" href=\"https:\/\/ondauno.com.ar\/index.php\/2020\/01\/17\/la-canasta-basica-de-alimento-aumento-el-3-06-por-ciento-durante-la-1-quincena-del-mes-de-enero\/\" \/>\n<meta property=\"og:locale\" content=\"es_ES\" \/>\n<meta property=\"og:type\" content=\"article\" \/>\n<meta property=\"og:title\" content=\"La canasta b\u00e1sica de alimento aument\u00f3 el 3.06 por ciento durante la 1\u00b0 quincena del mes de enero. - 103.9 fm\" \/>\n<meta property=\"og:description\" content=\"El representante legal de\u00a0Consumidores Libres\u00a0Dr.\u00a0H\u00e9ctor Polino, inform\u00f3 hoy que, seg\u00fan un relevamiento efectuado por la entidad en supermercados y negocios minoristas de la ciudad de Buenos Aires,\u00a0el precio de los 38 art\u00edculos de la llamada \u201ccanasta b\u00e1sica de alimentos\u201d\u00a0tuvo un aumento del 3.06 por ciento durante la 1\u00b0 quincena del mes de enero.\u00a0\u00a0\u00a0\u00a0\u00a0\u00a0 \u00a0\u00a0El seguimiento [&hellip;]\" \/>\n<meta property=\"og:url\" content=\"https:\/\/ondauno.com.ar\/index.php\/2020\/01\/17\/la-canasta-basica-de-alimento-aumento-el-3-06-por-ciento-durante-la-1-quincena-del-mes-de-enero\/\" \/>\n<meta property=\"og:site_name\" content=\"103.9 fm\" \/>\n<meta property=\"article:publisher\" content=\"https:\/\/www.facebook.com\/ondauno103.9\" \/>\n<meta property=\"article:published_time\" content=\"2020-01-17T16:01:43+00:00\" \/>\n<meta property=\"article:modified_time\" content=\"2020-01-17T16:01:51+00:00\" \/>\n<meta property=\"og:image\" content=\"https:\/\/ondauno.com.ar\/wp-content\/uploads\/2019\/12\/se\u00f1ora-y-los-precios.jpg\" \/>\n\t<meta property=\"og:image:width\" content=\"921\" \/>\n\t<meta property=\"og:image:height\" content=\"527\" \/>\n\t<meta property=\"og:image:type\" content=\"image\/jpeg\" \/>\n<meta name=\"author\" content=\"fernando garcia\" \/>\n<meta name=\"twitter:card\" content=\"summary_large_image\" \/>\n<meta name=\"twitter:label1\" content=\"Escrito por\" \/>\n\t<meta name=\"twitter:data1\" content=\"fernando garcia\" \/>\n\t<meta name=\"twitter:label2\" content=\"Tiempo de lectura\" \/>\n\t<meta name=\"twitter:data2\" content=\"5 minutos\" \/>\n<script type=\"application\/ld+json\" class=\"yoast-schema-graph\">{\"@context\":\"https:\/\/schema.org\",\"@graph\":[{\"@type\":\"WebPage\",\"@id\":\"https:\/\/ondauno.com.ar\/index.php\/2020\/01\/17\/la-canasta-basica-de-alimento-aumento-el-3-06-por-ciento-durante-la-1-quincena-del-mes-de-enero\/\",\"url\":\"https:\/\/ondauno.com.ar\/index.php\/2020\/01\/17\/la-canasta-basica-de-alimento-aumento-el-3-06-por-ciento-durante-la-1-quincena-del-mes-de-enero\/\",\"name\":\"La canasta b\u00e1sica de alimento aument\u00f3 el 3.06 por ciento durante la 1\u00b0 quincena del mes de enero. - 103.9 fm\",\"isPartOf\":{\"@id\":\"https:\/\/ondauno.com.ar\/#website\"},\"datePublished\":\"2020-01-17T16:01:43+00:00\",\"dateModified\":\"2020-01-17T16:01:51+00:00\",\"author\":{\"@id\":\"https:\/\/ondauno.com.ar\/#\/schema\/person\/201d1b68e6c75e0fd396fe5f8af5d139\"},\"breadcrumb\":{\"@id\":\"https:\/\/ondauno.com.ar\/index.php\/2020\/01\/17\/la-canasta-basica-de-alimento-aumento-el-3-06-por-ciento-durante-la-1-quincena-del-mes-de-enero\/#breadcrumb\"},\"inLanguage\":\"es-AR\",\"potentialAction\":[{\"@type\":\"ReadAction\",\"target\":[\"https:\/\/ondauno.com.ar\/index.php\/2020\/01\/17\/la-canasta-basica-de-alimento-aumento-el-3-06-por-ciento-durante-la-1-quincena-del-mes-de-enero\/\"]}]},{\"@type\":\"BreadcrumbList\",\"@id\":\"https:\/\/ondauno.com.ar\/index.php\/2020\/01\/17\/la-canasta-basica-de-alimento-aumento-el-3-06-por-ciento-durante-la-1-quincena-del-mes-de-enero\/#breadcrumb\",\"itemListElement\":[{\"@type\":\"ListItem\",\"position\":1,\"name\":\"Inicio\",\"item\":\"https:\/\/ondauno.com.ar\/\"},{\"@type\":\"ListItem\",\"position\":2,\"name\":\"La canasta b\u00e1sica de alimento aument\u00f3 el 3.06 por ciento durante la 1\u00b0 quincena del mes de enero.\"}]},{\"@type\":\"WebSite\",\"@id\":\"https:\/\/ondauno.com.ar\/#website\",\"url\":\"https:\/\/ondauno.com.ar\/\",\"name\":\"103.9 fm\",\"description\":\"LA PRIMERA RADIO MULTIMEDIA DE TRES ARROYOS\",\"potentialAction\":[{\"@type\":\"SearchAction\",\"target\":{\"@type\":\"EntryPoint\",\"urlTemplate\":\"https:\/\/ondauno.com.ar\/?s={search_term_string}\"},\"query-input\":\"required name=search_term_string\"}],\"inLanguage\":\"es-AR\"},{\"@type\":\"Person\",\"@id\":\"https:\/\/ondauno.com.ar\/#\/schema\/person\/201d1b68e6c75e0fd396fe5f8af5d139\",\"name\":\"fernando garcia\",\"image\":{\"@type\":\"ImageObject\",\"inLanguage\":\"es-AR\",\"@id\":\"https:\/\/ondauno.com.ar\/#\/schema\/person\/image\/\",\"url\":\"https:\/\/secure.gravatar.com\/avatar\/5f7254642ad81272e79a2e69653cfdfc?s=96&d=mm&r=g\",\"contentUrl\":\"https:\/\/secure.gravatar.com\/avatar\/5f7254642ad81272e79a2e69653cfdfc?s=96&d=mm&r=g\",\"caption\":\"fernando garcia\"},\"url\":\"https:\/\/ondauno.com.ar\/index.php\/author\/ondaunoeditor\/\"}]}<\/script>\n<!-- \/ Yoast SEO plugin. -->","yoast_head_json":{"title":"La canasta b\u00e1sica de alimento aument\u00f3 el 3.06 por ciento durante la 1\u00b0 quincena del mes de enero. - 103.9 fm","robots":{"index":"index","follow":"follow","max-snippet":"max-snippet:-1","max-image-preview":"max-image-preview:large","max-video-preview":"max-video-preview:-1"},"canonical":"https:\/\/ondauno.com.ar\/index.php\/2020\/01\/17\/la-canasta-basica-de-alimento-aumento-el-3-06-por-ciento-durante-la-1-quincena-del-mes-de-enero\/","og_locale":"es_ES","og_type":"article","og_title":"La canasta b\u00e1sica de alimento aument\u00f3 el 3.06 por ciento durante la 1\u00b0 quincena del mes de enero. - 103.9 fm","og_description":"El representante legal de\u00a0Consumidores Libres\u00a0Dr.\u00a0H\u00e9ctor Polino, inform\u00f3 hoy que, seg\u00fan un relevamiento efectuado por la entidad en supermercados y negocios minoristas de la ciudad de Buenos Aires,\u00a0el precio de los 38 art\u00edculos de la llamada \u201ccanasta b\u00e1sica de alimentos\u201d\u00a0tuvo un aumento del 3.06 por ciento durante la 1\u00b0 quincena del mes de enero.\u00a0\u00a0\u00a0\u00a0\u00a0\u00a0 \u00a0\u00a0El seguimiento [&hellip;]","og_url":"https:\/\/ondauno.com.ar\/index.php\/2020\/01\/17\/la-canasta-basica-de-alimento-aumento-el-3-06-por-ciento-durante-la-1-quincena-del-mes-de-enero\/","og_site_name":"103.9 fm","article_publisher":"https:\/\/www.facebook.com\/ondauno103.9","article_published_time":"2020-01-17T16:01:43+00:00","article_modified_time":"2020-01-17T16:01:51+00:00","og_image":[{"width":921,"height":527,"url":"https:\/\/ondauno.com.ar\/wp-content\/uploads\/2019\/12\/se\u00f1ora-y-los-precios.jpg","type":"image\/jpeg"}],"author":"fernando garcia","twitter_card":"summary_large_image","twitter_misc":{"Escrito por":"fernando garcia","Tiempo de lectura":"5 minutos"},"schema":{"@context":"https:\/\/schema.org","@graph":[{"@type":"WebPage","@id":"https:\/\/ondauno.com.ar\/index.php\/2020\/01\/17\/la-canasta-basica-de-alimento-aumento-el-3-06-por-ciento-durante-la-1-quincena-del-mes-de-enero\/","url":"https:\/\/ondauno.com.ar\/index.php\/2020\/01\/17\/la-canasta-basica-de-alimento-aumento-el-3-06-por-ciento-durante-la-1-quincena-del-mes-de-enero\/","name":"La canasta b\u00e1sica de alimento aument\u00f3 el 3.06 por ciento durante la 1\u00b0 quincena del mes de enero. - 103.9 fm","isPartOf":{"@id":"https:\/\/ondauno.com.ar\/#website"},"datePublished":"2020-01-17T16:01:43+00:00","dateModified":"2020-01-17T16:01:51+00:00","author":{"@id":"https:\/\/ondauno.com.ar\/#\/schema\/person\/201d1b68e6c75e0fd396fe5f8af5d139"},"breadcrumb":{"@id":"https:\/\/ondauno.com.ar\/index.php\/2020\/01\/17\/la-canasta-basica-de-alimento-aumento-el-3-06-por-ciento-durante-la-1-quincena-del-mes-de-enero\/#breadcrumb"},"inLanguage":"es-AR","potentialAction":[{"@type":"ReadAction","target":["https:\/\/ondauno.com.ar\/index.php\/2020\/01\/17\/la-canasta-basica-de-alimento-aumento-el-3-06-por-ciento-durante-la-1-quincena-del-mes-de-enero\/"]}]},{"@type":"BreadcrumbList","@id":"https:\/\/ondauno.com.ar\/index.php\/2020\/01\/17\/la-canasta-basica-de-alimento-aumento-el-3-06-por-ciento-durante-la-1-quincena-del-mes-de-enero\/#breadcrumb","itemListElement":[{"@type":"ListItem","position":1,"name":"Inicio","item":"https:\/\/ondauno.com.ar\/"},{"@type":"ListItem","position":2,"name":"La canasta b\u00e1sica de alimento aument\u00f3 el 3.06 por ciento durante la 1\u00b0 quincena del mes de enero."}]},{"@type":"WebSite","@id":"https:\/\/ondauno.com.ar\/#website","url":"https:\/\/ondauno.com.ar\/","name":"103.9 fm","description":"LA PRIMERA RADIO MULTIMEDIA DE TRES ARROYOS","potentialAction":[{"@type":"SearchAction","target":{"@type":"EntryPoint","urlTemplate":"https:\/\/ondauno.com.ar\/?s={search_term_string}"},"query-input":"required name=search_term_string"}],"inLanguage":"es-AR"},{"@type":"Person","@id":"https:\/\/ondauno.com.ar\/#\/schema\/person\/201d1b68e6c75e0fd396fe5f8af5d139","name":"fernando garcia","image":{"@type":"ImageObject","inLanguage":"es-AR","@id":"https:\/\/ondauno.com.ar\/#\/schema\/person\/image\/","url":"https:\/\/secure.gravatar.com\/avatar\/5f7254642ad81272e79a2e69653cfdfc?s=96&d=mm&r=g","contentUrl":"https:\/\/secure.gravatar.com\/avatar\/5f7254642ad81272e79a2e69653cfdfc?s=96&d=mm&r=g","caption":"fernando garcia"},"url":"https:\/\/ondauno.com.ar\/index.php\/author\/ondaunoeditor\/"}]}},"jetpack_publicize_connections":[],"jetpack_featured_media_url":"","jetpack_sharing_enabled":true,"_links":{"self":[{"href":"https:\/\/ondauno.com.ar\/index.php\/wp-json\/wp\/v2\/posts\/4791","targetHints":{"allow":["GET"]}}],"collection":[{"href":"https:\/\/ondauno.com.ar\/index.php\/wp-json\/wp\/v2\/posts"}],"about":[{"href":"https:\/\/ondauno.com.ar\/index.php\/wp-json\/wp\/v2\/types\/post"}],"author":[{"embeddable":true,"href":"https:\/\/ondauno.com.ar\/index.php\/wp-json\/wp\/v2\/users\/2"}],"replies":[{"embeddable":true,"href":"https:\/\/ondauno.com.ar\/index.php\/wp-json\/wp\/v2\/comments?post=4791"}],"version-history":[{"count":0,"href":"https:\/\/ondauno.com.ar\/index.php\/wp-json\/wp\/v2\/posts\/4791\/revisions"}],"wp:attachment":[{"href":"https:\/\/ondauno.com.ar\/index.php\/wp-json\/wp\/v2\/media?parent=4791"}],"wp:term":[{"taxonomy":"category","embeddable":true,"href":"https:\/\/ondauno.com.ar\/index.php\/wp-json\/wp\/v2\/categories?post=4791"},{"taxonomy":"post_tag","embeddable":true,"href":"https:\/\/ondauno.com.ar\/index.php\/wp-json\/wp\/v2\/tags?post=4791"}],"curies":[{"name":"wp","href":"https:\/\/api.w.org\/{rel}","templated":true}]}}