{"id":4765,"date":"2020-01-16T22:54:25","date_gmt":"2020-01-17T01:54:25","guid":{"rendered":"http:\/\/ondauno.com.ar\/?p=4765"},"modified":"2020-01-16T22:55:16","modified_gmt":"2020-01-17T01:55:16","slug":"kicillof-se-reunio-con-katopodis-para-definir-un-plan-de-obras-publicas","status":"publish","type":"post","link":"https:\/\/ondauno.com.ar\/index.php\/2020\/01\/16\/kicillof-se-reunio-con-katopodis-para-definir-un-plan-de-obras-publicas\/","title":{"rendered":"Kicillof se reuni\u00f3 con Katopodis para definir un plan de obras p\u00fablicas"},"content":{"rendered":"<div class=\"ondau-before-content_3\" style=\"margin-top: -30px;\" id=\"ondau-3996816671\"><a href=\"https:\/\/www.lps.com.ar\/\" aria-label=\"la-perse2\"><img loading=\"lazy\" decoding=\"async\" src=\"https:\/\/ondauno.com.ar\/wp-content\/uploads\/2021\/10\/la-perse2.jpg\" alt=\"\"  srcset=\"https:\/\/ondauno.com.ar\/wp-content\/uploads\/2021\/10\/la-perse2.jpg 1353w, https:\/\/ondauno.com.ar\/wp-content\/uploads\/2021\/10\/la-perse2-300x43.jpg 300w, https:\/\/ondauno.com.ar\/wp-content\/uploads\/2021\/10\/la-perse2-1024x148.jpg 1024w, https:\/\/ondauno.com.ar\/wp-content\/uploads\/2021\/10\/la-perse2-768x111.jpg 768w, https:\/\/ondauno.com.ar\/wp-content\/uploads\/2021\/10\/la-perse2-696x100.jpg 696w, https:\/\/ondauno.com.ar\/wp-content\/uploads\/2021\/10\/la-perse2-1068x154.jpg 1068w\" sizes=\"(max-width: 1353px) 100vw, 1353px\" class=\"no-lazyload\" width=\"1353\" height=\"195\"  style=\"display: inline-block;\" \/><\/a><\/div>\nEl gobernador de la provincia de Buenos Aires, Axel Kicillof, mantuvo un encuentro esta tarde con el ministro de Obras P\u00fablicas de la Naci\u00f3n, Gabriel Katopodis, y su par de Infraestructura y Servicios P\u00fablicos bonaerense, Agust\u00edn Simone, con el fin de analizar el estado actual de la obra p\u00fablica y dise\u00f1ar un plan articulado.\u00a0\n\n\n\n\n\u201cLas urgencias son muchas, hay compromiso y decisi\u00f3n pol\u00edtica de trabajar en materia de infraestructura con Naci\u00f3n y cada uno de los municipios para ir dando respuestas a los problemas que hoy tiene la Provincia\u201d, asegur\u00f3 el Gobernador.En tanto, Katopodis expres\u00f3: \u201cCon Axel vamos a trabajar hombro con hombro para poner a la provincia de Buenos Aires y a la Argentina de pie. Y lo vamos a hacer articulando prioridades para generar empleo y mejorar la vida de todas y todos los bonaerenses\u201d.Por su parte, Simone sostuvo que el \u201c2019 fue un muy mal a\u00f1o para la obra p\u00fablica\u201d y dijo que \u201chay miles de millones de pesos en obras paradas o atrasadas que dejaron de recibir pagos\u201d.\u00a0 El Ministro explic\u00f3 que \u201cla inflaci\u00f3n de estos \u00faltimos a\u00f1os trajo muchos problemas porque hay que actualizar los montos de los proyectos\u201d.Durante la reuni\u00f3n, el Gobernador y los ministros coincidieron en la importancia del trabajo coordinado para reactivar el presupuesto en materia de obra p\u00fablica y avanzar en \u00e1reas compartidas que necesitan de un esfuerzo en conjunto.\n\n\n\n\n<figure class=\"wp-block-image size-large\"><img decoding=\"async\" data-src=\"http:\/\/ondauno.com.ar\/wp-content\/uploads\/2020\/01\/img_73084455652405970663560-1024x683.jpg\" alt=\"\" class=\"wp-image-4763 lazyload\" src=\"data:image\/gif;base64,R0lGODlhAQABAAAAACH5BAEKAAEALAAAAAABAAEAAAICTAEAOw==\" style=\"--smush-placeholder-width: 1024px; --smush-placeholder-aspect-ratio: 1024\/683;\" \/><noscript><img decoding=\"async\" src=\"http:\/\/ondauno.com.ar\/wp-content\/uploads\/2020\/01\/img_73084455652405970663560-1024x683.jpg\" alt=\"\" class=\"wp-image-4763\"\/><\/noscript><\/figure>\n","protected":false},"excerpt":{"rendered":"<p>El gobernador de la provincia de Buenos Aires, Axel Kicillof, mantuvo un encuentro esta tarde con el ministro de Obras P\u00fablicas de la Naci\u00f3n, Gabriel Katopodis, y su par de Infraestructura y Servicios P\u00fablicos bonaerense, Agust\u00edn Simone, con el fin de analizar el estado actual de la obra p\u00fablica y dise\u00f1ar un plan articulado.\u00a0 \u201cLas [&hellip;]<\/p>\n","protected":false},"author":2,"featured_media":0,"comment_status":"open","ping_status":"open","sticky":false,"template":"","format":"standard","meta":{"tdm_status":"","tdm_grid_status":"","_jetpack_memberships_contains_paid_content":false,"footnotes":"","jetpack_publicize_message":"","jetpack_publicize_feature_enabled":true,"jetpack_social_post_already_shared":false,"jetpack_social_options":{"image_generator_settings":{"template":"highway","default_image_id":0,"font":"","enabled":false},"version":2}},"categories":[30],"tags":[],"class_list":{"0":"post-4765","1":"post","2":"type-post","3":"status-publish","4":"format-standard","6":"category-provinciales"},"yoast_head":"<!-- This site is optimized with the Yoast SEO plugin v22.7 - https:\/\/yoast.com\/wordpress\/plugins\/seo\/ -->\n<title>Kicillof se reuni\u00f3 con Katopodis para definir un plan de obras p\u00fablicas - 103.9 fm<\/title>\n<meta name=\"robots\" content=\"index, follow, max-snippet:-1, max-image-preview:large, max-video-preview:-1\" \/>\n<link rel=\"canonical\" href=\"https:\/\/ondauno.com.ar\/index.php\/2020\/01\/16\/kicillof-se-reunio-con-katopodis-para-definir-un-plan-de-obras-publicas\/\" \/>\n<meta property=\"og:locale\" content=\"es_ES\" \/>\n<meta property=\"og:type\" content=\"article\" \/>\n<meta property=\"og:title\" content=\"Kicillof se reuni\u00f3 con Katopodis para definir un plan de obras p\u00fablicas - 103.9 fm\" \/>\n<meta property=\"og:description\" content=\"El gobernador de la provincia de Buenos Aires, Axel Kicillof, mantuvo un encuentro esta tarde con el ministro de Obras P\u00fablicas de la Naci\u00f3n, Gabriel Katopodis, y su par de Infraestructura y Servicios P\u00fablicos bonaerense, Agust\u00edn Simone, con el fin de analizar el estado actual de la obra p\u00fablica y dise\u00f1ar un plan articulado.\u00a0 \u201cLas [&hellip;]\" \/>\n<meta property=\"og:url\" content=\"https:\/\/ondauno.com.ar\/index.php\/2020\/01\/16\/kicillof-se-reunio-con-katopodis-para-definir-un-plan-de-obras-publicas\/\" \/>\n<meta property=\"og:site_name\" content=\"103.9 fm\" \/>\n<meta property=\"article:publisher\" content=\"https:\/\/www.facebook.com\/ondauno103.9\" \/>\n<meta property=\"article:published_time\" content=\"2020-01-17T01:54:25+00:00\" \/>\n<meta property=\"article:modified_time\" content=\"2020-01-17T01:55:16+00:00\" \/>\n<meta property=\"og:image\" content=\"https:\/\/ondauno.com.ar\/wp-content\/uploads\/2020\/01\/IMG_7335-1024x683.jpg\" \/>\n\t<meta property=\"og:image:width\" content=\"1024\" \/>\n\t<meta property=\"og:image:height\" content=\"683\" \/>\n\t<meta property=\"og:image:type\" content=\"image\/jpeg\" \/>\n<meta name=\"author\" content=\"fernando garcia\" \/>\n<meta name=\"twitter:card\" content=\"summary_large_image\" \/>\n<meta name=\"twitter:label1\" content=\"Escrito por\" \/>\n\t<meta name=\"twitter:data1\" content=\"fernando garcia\" \/>\n\t<meta name=\"twitter:label2\" content=\"Tiempo de lectura\" \/>\n\t<meta name=\"twitter:data2\" content=\"1 minuto\" \/>\n<script type=\"application\/ld+json\" class=\"yoast-schema-graph\">{\"@context\":\"https:\/\/schema.org\",\"@graph\":[{\"@type\":\"WebPage\",\"@id\":\"https:\/\/ondauno.com.ar\/index.php\/2020\/01\/16\/kicillof-se-reunio-con-katopodis-para-definir-un-plan-de-obras-publicas\/\",\"url\":\"https:\/\/ondauno.com.ar\/index.php\/2020\/01\/16\/kicillof-se-reunio-con-katopodis-para-definir-un-plan-de-obras-publicas\/\",\"name\":\"Kicillof se reuni\u00f3 con Katopodis para definir un plan de obras p\u00fablicas - 103.9 fm\",\"isPartOf\":{\"@id\":\"https:\/\/ondauno.com.ar\/#website\"},\"primaryImageOfPage\":{\"@id\":\"https:\/\/ondauno.com.ar\/index.php\/2020\/01\/16\/kicillof-se-reunio-con-katopodis-para-definir-un-plan-de-obras-publicas\/#primaryimage\"},\"image\":{\"@id\":\"https:\/\/ondauno.com.ar\/index.php\/2020\/01\/16\/kicillof-se-reunio-con-katopodis-para-definir-un-plan-de-obras-publicas\/#primaryimage\"},\"thumbnailUrl\":\"http:\/\/ondauno.com.ar\/wp-content\/uploads\/2020\/01\/img_73084455652405970663560-1024x683.jpg\",\"datePublished\":\"2020-01-17T01:54:25+00:00\",\"dateModified\":\"2020-01-17T01:55:16+00:00\",\"author\":{\"@id\":\"https:\/\/ondauno.com.ar\/#\/schema\/person\/201d1b68e6c75e0fd396fe5f8af5d139\"},\"breadcrumb\":{\"@id\":\"https:\/\/ondauno.com.ar\/index.php\/2020\/01\/16\/kicillof-se-reunio-con-katopodis-para-definir-un-plan-de-obras-publicas\/#breadcrumb\"},\"inLanguage\":\"es-AR\",\"potentialAction\":[{\"@type\":\"ReadAction\",\"target\":[\"https:\/\/ondauno.com.ar\/index.php\/2020\/01\/16\/kicillof-se-reunio-con-katopodis-para-definir-un-plan-de-obras-publicas\/\"]}]},{\"@type\":\"ImageObject\",\"inLanguage\":\"es-AR\",\"@id\":\"https:\/\/ondauno.com.ar\/index.php\/2020\/01\/16\/kicillof-se-reunio-con-katopodis-para-definir-un-plan-de-obras-publicas\/#primaryimage\",\"url\":\"\",\"contentUrl\":\"\"},{\"@type\":\"BreadcrumbList\",\"@id\":\"https:\/\/ondauno.com.ar\/index.php\/2020\/01\/16\/kicillof-se-reunio-con-katopodis-para-definir-un-plan-de-obras-publicas\/#breadcrumb\",\"itemListElement\":[{\"@type\":\"ListItem\",\"position\":1,\"name\":\"Inicio\",\"item\":\"https:\/\/ondauno.com.ar\/\"},{\"@type\":\"ListItem\",\"position\":2,\"name\":\"Kicillof se reuni\u00f3 con Katopodis para definir un plan de obras p\u00fablicas\"}]},{\"@type\":\"WebSite\",\"@id\":\"https:\/\/ondauno.com.ar\/#website\",\"url\":\"https:\/\/ondauno.com.ar\/\",\"name\":\"103.9 fm\",\"description\":\"LA PRIMERA RADIO MULTIMEDIA DE TRES ARROYOS\",\"potentialAction\":[{\"@type\":\"SearchAction\",\"target\":{\"@type\":\"EntryPoint\",\"urlTemplate\":\"https:\/\/ondauno.com.ar\/?s={search_term_string}\"},\"query-input\":\"required name=search_term_string\"}],\"inLanguage\":\"es-AR\"},{\"@type\":\"Person\",\"@id\":\"https:\/\/ondauno.com.ar\/#\/schema\/person\/201d1b68e6c75e0fd396fe5f8af5d139\",\"name\":\"fernando garcia\",\"image\":{\"@type\":\"ImageObject\",\"inLanguage\":\"es-AR\",\"@id\":\"https:\/\/ondauno.com.ar\/#\/schema\/person\/image\/\",\"url\":\"https:\/\/secure.gravatar.com\/avatar\/5f7254642ad81272e79a2e69653cfdfc?s=96&d=mm&r=g\",\"contentUrl\":\"https:\/\/secure.gravatar.com\/avatar\/5f7254642ad81272e79a2e69653cfdfc?s=96&d=mm&r=g\",\"caption\":\"fernando garcia\"},\"url\":\"https:\/\/ondauno.com.ar\/index.php\/author\/ondaunoeditor\/\"}]}<\/script>\n<!-- \/ Yoast SEO plugin. -->","yoast_head_json":{"title":"Kicillof se reuni\u00f3 con Katopodis para definir un plan de obras p\u00fablicas - 103.9 fm","robots":{"index":"index","follow":"follow","max-snippet":"max-snippet:-1","max-image-preview":"max-image-preview:large","max-video-preview":"max-video-preview:-1"},"canonical":"https:\/\/ondauno.com.ar\/index.php\/2020\/01\/16\/kicillof-se-reunio-con-katopodis-para-definir-un-plan-de-obras-publicas\/","og_locale":"es_ES","og_type":"article","og_title":"Kicillof se reuni\u00f3 con Katopodis para definir un plan de obras p\u00fablicas - 103.9 fm","og_description":"El gobernador de la provincia de Buenos Aires, Axel Kicillof, mantuvo un encuentro esta tarde con el ministro de Obras P\u00fablicas de la Naci\u00f3n, Gabriel Katopodis, y su par de Infraestructura y Servicios P\u00fablicos bonaerense, Agust\u00edn Simone, con el fin de analizar el estado actual de la obra p\u00fablica y dise\u00f1ar un plan articulado.\u00a0 \u201cLas [&hellip;]","og_url":"https:\/\/ondauno.com.ar\/index.php\/2020\/01\/16\/kicillof-se-reunio-con-katopodis-para-definir-un-plan-de-obras-publicas\/","og_site_name":"103.9 fm","article_publisher":"https:\/\/www.facebook.com\/ondauno103.9","article_published_time":"2020-01-17T01:54:25+00:00","article_modified_time":"2020-01-17T01:55:16+00:00","og_image":[{"width":1024,"height":683,"url":"https:\/\/ondauno.com.ar\/wp-content\/uploads\/2020\/01\/IMG_7335-1024x683.jpg","type":"image\/jpeg"}],"author":"fernando garcia","twitter_card":"summary_large_image","twitter_misc":{"Escrito por":"fernando garcia","Tiempo de lectura":"1 minuto"},"schema":{"@context":"https:\/\/schema.org","@graph":[{"@type":"WebPage","@id":"https:\/\/ondauno.com.ar\/index.php\/2020\/01\/16\/kicillof-se-reunio-con-katopodis-para-definir-un-plan-de-obras-publicas\/","url":"https:\/\/ondauno.com.ar\/index.php\/2020\/01\/16\/kicillof-se-reunio-con-katopodis-para-definir-un-plan-de-obras-publicas\/","name":"Kicillof se reuni\u00f3 con Katopodis para definir un plan de obras p\u00fablicas - 103.9 fm","isPartOf":{"@id":"https:\/\/ondauno.com.ar\/#website"},"primaryImageOfPage":{"@id":"https:\/\/ondauno.com.ar\/index.php\/2020\/01\/16\/kicillof-se-reunio-con-katopodis-para-definir-un-plan-de-obras-publicas\/#primaryimage"},"image":{"@id":"https:\/\/ondauno.com.ar\/index.php\/2020\/01\/16\/kicillof-se-reunio-con-katopodis-para-definir-un-plan-de-obras-publicas\/#primaryimage"},"thumbnailUrl":"http:\/\/ondauno.com.ar\/wp-content\/uploads\/2020\/01\/img_73084455652405970663560-1024x683.jpg","datePublished":"2020-01-17T01:54:25+00:00","dateModified":"2020-01-17T01:55:16+00:00","author":{"@id":"https:\/\/ondauno.com.ar\/#\/schema\/person\/201d1b68e6c75e0fd396fe5f8af5d139"},"breadcrumb":{"@id":"https:\/\/ondauno.com.ar\/index.php\/2020\/01\/16\/kicillof-se-reunio-con-katopodis-para-definir-un-plan-de-obras-publicas\/#breadcrumb"},"inLanguage":"es-AR","potentialAction":[{"@type":"ReadAction","target":["https:\/\/ondauno.com.ar\/index.php\/2020\/01\/16\/kicillof-se-reunio-con-katopodis-para-definir-un-plan-de-obras-publicas\/"]}]},{"@type":"ImageObject","inLanguage":"es-AR","@id":"https:\/\/ondauno.com.ar\/index.php\/2020\/01\/16\/kicillof-se-reunio-con-katopodis-para-definir-un-plan-de-obras-publicas\/#primaryimage","url":"","contentUrl":""},{"@type":"BreadcrumbList","@id":"https:\/\/ondauno.com.ar\/index.php\/2020\/01\/16\/kicillof-se-reunio-con-katopodis-para-definir-un-plan-de-obras-publicas\/#breadcrumb","itemListElement":[{"@type":"ListItem","position":1,"name":"Inicio","item":"https:\/\/ondauno.com.ar\/"},{"@type":"ListItem","position":2,"name":"Kicillof se reuni\u00f3 con Katopodis para definir un plan de obras p\u00fablicas"}]},{"@type":"WebSite","@id":"https:\/\/ondauno.com.ar\/#website","url":"https:\/\/ondauno.com.ar\/","name":"103.9 fm","description":"LA PRIMERA RADIO MULTIMEDIA DE TRES ARROYOS","potentialAction":[{"@type":"SearchAction","target":{"@type":"EntryPoint","urlTemplate":"https:\/\/ondauno.com.ar\/?s={search_term_string}"},"query-input":"required name=search_term_string"}],"inLanguage":"es-AR"},{"@type":"Person","@id":"https:\/\/ondauno.com.ar\/#\/schema\/person\/201d1b68e6c75e0fd396fe5f8af5d139","name":"fernando garcia","image":{"@type":"ImageObject","inLanguage":"es-AR","@id":"https:\/\/ondauno.com.ar\/#\/schema\/person\/image\/","url":"https:\/\/secure.gravatar.com\/avatar\/5f7254642ad81272e79a2e69653cfdfc?s=96&d=mm&r=g","contentUrl":"https:\/\/secure.gravatar.com\/avatar\/5f7254642ad81272e79a2e69653cfdfc?s=96&d=mm&r=g","caption":"fernando garcia"},"url":"https:\/\/ondauno.com.ar\/index.php\/author\/ondaunoeditor\/"}]}},"jetpack_publicize_connections":[],"jetpack_featured_media_url":"","jetpack_sharing_enabled":true,"_links":{"self":[{"href":"https:\/\/ondauno.com.ar\/index.php\/wp-json\/wp\/v2\/posts\/4765","targetHints":{"allow":["GET"]}}],"collection":[{"href":"https:\/\/ondauno.com.ar\/index.php\/wp-json\/wp\/v2\/posts"}],"about":[{"href":"https:\/\/ondauno.com.ar\/index.php\/wp-json\/wp\/v2\/types\/post"}],"author":[{"embeddable":true,"href":"https:\/\/ondauno.com.ar\/index.php\/wp-json\/wp\/v2\/users\/2"}],"replies":[{"embeddable":true,"href":"https:\/\/ondauno.com.ar\/index.php\/wp-json\/wp\/v2\/comments?post=4765"}],"version-history":[{"count":0,"href":"https:\/\/ondauno.com.ar\/index.php\/wp-json\/wp\/v2\/posts\/4765\/revisions"}],"wp:attachment":[{"href":"https:\/\/ondauno.com.ar\/index.php\/wp-json\/wp\/v2\/media?parent=4765"}],"wp:term":[{"taxonomy":"category","embeddable":true,"href":"https:\/\/ondauno.com.ar\/index.php\/wp-json\/wp\/v2\/categories?post=4765"},{"taxonomy":"post_tag","embeddable":true,"href":"https:\/\/ondauno.com.ar\/index.php\/wp-json\/wp\/v2\/tags?post=4765"}],"curies":[{"name":"wp","href":"https:\/\/api.w.org\/{rel}","templated":true}]}}