{"id":4733,"date":"2020-01-16T15:49:16","date_gmt":"2020-01-16T18:49:16","guid":{"rendered":"http:\/\/ondauno.com.ar\/?p=4733"},"modified":"2020-01-16T15:49:24","modified_gmt":"2020-01-16T18:49:24","slug":"el-intendente-carlos-sanchez-recorrio-orense","status":"publish","type":"post","link":"https:\/\/ondauno.com.ar\/index.php\/2020\/01\/16\/el-intendente-carlos-sanchez-recorrio-orense\/","title":{"rendered":"El intendente Carlos S\u00e1nchez recorri\u00f3 Orense"},"content":{"rendered":"<div class=\"ondau-before-content_3\" style=\"margin-top: -30px;\" id=\"ondau-1256836860\"><a href=\"https:\/\/www.lps.com.ar\/\" aria-label=\"la-perse2\"><img loading=\"lazy\" decoding=\"async\" src=\"https:\/\/ondauno.com.ar\/wp-content\/uploads\/2021\/10\/la-perse2.jpg\" alt=\"\"  srcset=\"https:\/\/ondauno.com.ar\/wp-content\/uploads\/2021\/10\/la-perse2.jpg 1353w, https:\/\/ondauno.com.ar\/wp-content\/uploads\/2021\/10\/la-perse2-300x43.jpg 300w, https:\/\/ondauno.com.ar\/wp-content\/uploads\/2021\/10\/la-perse2-1024x148.jpg 1024w, https:\/\/ondauno.com.ar\/wp-content\/uploads\/2021\/10\/la-perse2-768x111.jpg 768w, https:\/\/ondauno.com.ar\/wp-content\/uploads\/2021\/10\/la-perse2-696x100.jpg 696w, https:\/\/ondauno.com.ar\/wp-content\/uploads\/2021\/10\/la-perse2-1068x154.jpg 1068w\" sizes=\"(max-width: 1353px) 100vw, 1353px\" class=\"no-lazyload\" width=\"1353\" height=\"195\"  style=\"display: inline-block;\" \/><\/a><\/div>\n<p class=\"MsoNormal\">Este jueves, Orense fue el escenario elegido para las cl\u00e1sicas visitas del jefe comunal.\n\n\n\n\n<figure class=\"wp-block-image\"><img decoding=\"async\" data-src=\"http:\/\/ondauno.com.ar\/wp-content\/uploads\/2020\/01\/orense11105489748.jpg\" alt=\"\" class=\"wp-image-4732 lazyload\" src=\"data:image\/gif;base64,R0lGODlhAQABAAAAACH5BAEKAAEALAAAAAABAAEAAAICTAEAOw==\" \/><noscript><img decoding=\"async\" src=\"http:\/\/ondauno.com.ar\/wp-content\/uploads\/2020\/01\/orense11105489748.jpg\" alt=\"\" class=\"wp-image-4732\"\/><\/noscript><\/figure>\n\n\n\n<p class=\"MsoNormal\">Acompa\u00f1ado por el concejal Francisco Aramberri y el Director de Turismo Juli\u00e1n Lamberti, Carlos S\u00e1nchez fue recibido por el Delegado local, Eduardo Pecker y juntos emprendieron el recorrido.\n\n\n\n\n<p class=\"MsoNormal\">La primera parada fue \u201cLa Casita de Hurtado\u201d en donde funciona la biblioteca. All\u00ed quien est\u00e1 a cargo, Ana Mar\u00eda Keergaard, interioriz\u00f3 a los presentes sobre las tareas comunitarias que en el lugar se desarrollan.\n\n\n\n\n<p class=\"MsoNormal\">En contacto con las Asociaciones de Fomento, estando presente el Secretario Diego Valbuena de Villa Balneario Orense, el Intendente se comprometi\u00f3 a elevar el proyecto ante autoridades provinciales sobre la obtenci\u00f3n&nbsp;de agua corriente para el balneario. Un trabajo que requiere un plan de trabajo en conjunto entre el municipio y las entidades locales.\n\n\n\n\n<p class=\"MsoNormal\">En otros proyectos a corto plazo, se establecieron tareas para la creaci\u00f3n de nuevos espacios destinados a \u00e1reas como cultura, deportes y turismo; que aprovechando la presencia de Lamberti, se pusieron en consideraci\u00f3n&nbsp;varias consultas relacionadas a las concesiones de los paradores.\n\n\n\n\n<p class=\"MsoNormal\">Por su parte miembros de la Asociaci\u00f3n de Fomento de Orense expusieron las necesidades que los vecinos reclaman como es la iluminaci\u00f3n de calles, las reformas en el tendido de gas de la unidad sanitaria y la instalaci\u00f3n&nbsp;de cordones cunetas.\n\n\n\n\n<p class=\"MsoNormal\">Con la presencia del Intendente S\u00e1nchez y los funcionarios municipales en Orense, despu\u00e9s de su paso por Reta y Claromec\u00f3, se cumple con la iniciativa de cada a\u00f1o que es visitar las localidades costeras de Tres&nbsp;Arroyos, tomando contacto directo con sus delegados, vecinos y entidades.\n\n\n\n\n\n\n","protected":false},"excerpt":{"rendered":"<p>Este jueves, Orense fue el escenario elegido para las cl\u00e1sicas visitas del jefe comunal. Acompa\u00f1ado por el concejal Francisco Aramberri y el Director de Turismo Juli\u00e1n Lamberti, Carlos S\u00e1nchez fue recibido por el Delegado local, Eduardo Pecker y juntos emprendieron el recorrido. La primera parada fue \u201cLa Casita de Hurtado\u201d en donde funciona la biblioteca. [&hellip;]<\/p>\n","protected":false},"author":2,"featured_media":0,"comment_status":"open","ping_status":"open","sticky":false,"template":"","format":"standard","meta":{"tdm_status":"","tdm_grid_status":"","_jetpack_memberships_contains_paid_content":false,"footnotes":"","jetpack_publicize_message":"","jetpack_publicize_feature_enabled":true,"jetpack_social_post_already_shared":false,"jetpack_social_options":{"image_generator_settings":{"template":"highway","default_image_id":0,"font":"","enabled":false},"version":2}},"categories":[35],"tags":[],"class_list":{"0":"post-4733","1":"post","2":"type-post","3":"status-publish","4":"format-standard","6":"category-regionales"},"yoast_head":"<!-- This site is optimized with the Yoast SEO plugin v22.7 - https:\/\/yoast.com\/wordpress\/plugins\/seo\/ -->\n<title>El intendente Carlos S\u00e1nchez recorri\u00f3 Orense - 103.9 fm<\/title>\n<meta name=\"robots\" content=\"index, follow, max-snippet:-1, max-image-preview:large, max-video-preview:-1\" \/>\n<link rel=\"canonical\" href=\"https:\/\/ondauno.com.ar\/index.php\/2020\/01\/16\/el-intendente-carlos-sanchez-recorrio-orense\/\" \/>\n<meta property=\"og:locale\" content=\"es_ES\" \/>\n<meta property=\"og:type\" content=\"article\" \/>\n<meta property=\"og:title\" content=\"El intendente Carlos S\u00e1nchez recorri\u00f3 Orense - 103.9 fm\" \/>\n<meta property=\"og:description\" content=\"Este jueves, Orense fue el escenario elegido para las cl\u00e1sicas visitas del jefe comunal. Acompa\u00f1ado por el concejal Francisco Aramberri y el Director de Turismo Juli\u00e1n Lamberti, Carlos S\u00e1nchez fue recibido por el Delegado local, Eduardo Pecker y juntos emprendieron el recorrido. La primera parada fue \u201cLa Casita de Hurtado\u201d en donde funciona la biblioteca. [&hellip;]\" \/>\n<meta property=\"og:url\" content=\"https:\/\/ondauno.com.ar\/index.php\/2020\/01\/16\/el-intendente-carlos-sanchez-recorrio-orense\/\" \/>\n<meta property=\"og:site_name\" content=\"103.9 fm\" \/>\n<meta property=\"article:publisher\" content=\"https:\/\/www.facebook.com\/ondauno103.9\" \/>\n<meta property=\"article:published_time\" content=\"2020-01-16T18:49:16+00:00\" \/>\n<meta property=\"article:modified_time\" content=\"2020-01-16T18:49:24+00:00\" \/>\n<meta property=\"og:image\" content=\"http:\/\/ondauno.com.ar\/wp-content\/uploads\/2020\/01\/orense11105489748.jpg\" \/>\n<meta name=\"author\" content=\"fernando garcia\" \/>\n<meta name=\"twitter:card\" content=\"summary_large_image\" \/>\n<meta name=\"twitter:label1\" content=\"Escrito por\" \/>\n\t<meta name=\"twitter:data1\" content=\"fernando garcia\" \/>\n\t<meta name=\"twitter:label2\" content=\"Tiempo de lectura\" \/>\n\t<meta name=\"twitter:data2\" content=\"1 minuto\" \/>\n<script type=\"application\/ld+json\" class=\"yoast-schema-graph\">{\"@context\":\"https:\/\/schema.org\",\"@graph\":[{\"@type\":\"WebPage\",\"@id\":\"https:\/\/ondauno.com.ar\/index.php\/2020\/01\/16\/el-intendente-carlos-sanchez-recorrio-orense\/\",\"url\":\"https:\/\/ondauno.com.ar\/index.php\/2020\/01\/16\/el-intendente-carlos-sanchez-recorrio-orense\/\",\"name\":\"El intendente Carlos S\u00e1nchez recorri\u00f3 Orense - 103.9 fm\",\"isPartOf\":{\"@id\":\"https:\/\/ondauno.com.ar\/#website\"},\"primaryImageOfPage\":{\"@id\":\"https:\/\/ondauno.com.ar\/index.php\/2020\/01\/16\/el-intendente-carlos-sanchez-recorrio-orense\/#primaryimage\"},\"image\":{\"@id\":\"https:\/\/ondauno.com.ar\/index.php\/2020\/01\/16\/el-intendente-carlos-sanchez-recorrio-orense\/#primaryimage\"},\"thumbnailUrl\":\"http:\/\/ondauno.com.ar\/wp-content\/uploads\/2020\/01\/orense11105489748.jpg\",\"datePublished\":\"2020-01-16T18:49:16+00:00\",\"dateModified\":\"2020-01-16T18:49:24+00:00\",\"author\":{\"@id\":\"https:\/\/ondauno.com.ar\/#\/schema\/person\/201d1b68e6c75e0fd396fe5f8af5d139\"},\"breadcrumb\":{\"@id\":\"https:\/\/ondauno.com.ar\/index.php\/2020\/01\/16\/el-intendente-carlos-sanchez-recorrio-orense\/#breadcrumb\"},\"inLanguage\":\"es-AR\",\"potentialAction\":[{\"@type\":\"ReadAction\",\"target\":[\"https:\/\/ondauno.com.ar\/index.php\/2020\/01\/16\/el-intendente-carlos-sanchez-recorrio-orense\/\"]}]},{\"@type\":\"ImageObject\",\"inLanguage\":\"es-AR\",\"@id\":\"https:\/\/ondauno.com.ar\/index.php\/2020\/01\/16\/el-intendente-carlos-sanchez-recorrio-orense\/#primaryimage\",\"url\":\"\",\"contentUrl\":\"\"},{\"@type\":\"BreadcrumbList\",\"@id\":\"https:\/\/ondauno.com.ar\/index.php\/2020\/01\/16\/el-intendente-carlos-sanchez-recorrio-orense\/#breadcrumb\",\"itemListElement\":[{\"@type\":\"ListItem\",\"position\":1,\"name\":\"Inicio\",\"item\":\"https:\/\/ondauno.com.ar\/\"},{\"@type\":\"ListItem\",\"position\":2,\"name\":\"El intendente Carlos S\u00e1nchez recorri\u00f3 Orense\"}]},{\"@type\":\"WebSite\",\"@id\":\"https:\/\/ondauno.com.ar\/#website\",\"url\":\"https:\/\/ondauno.com.ar\/\",\"name\":\"103.9 fm\",\"description\":\"LA PRIMERA RADIO MULTIMEDIA DE TRES ARROYOS\",\"potentialAction\":[{\"@type\":\"SearchAction\",\"target\":{\"@type\":\"EntryPoint\",\"urlTemplate\":\"https:\/\/ondauno.com.ar\/?s={search_term_string}\"},\"query-input\":\"required name=search_term_string\"}],\"inLanguage\":\"es-AR\"},{\"@type\":\"Person\",\"@id\":\"https:\/\/ondauno.com.ar\/#\/schema\/person\/201d1b68e6c75e0fd396fe5f8af5d139\",\"name\":\"fernando garcia\",\"image\":{\"@type\":\"ImageObject\",\"inLanguage\":\"es-AR\",\"@id\":\"https:\/\/ondauno.com.ar\/#\/schema\/person\/image\/\",\"url\":\"https:\/\/secure.gravatar.com\/avatar\/5f7254642ad81272e79a2e69653cfdfc?s=96&d=mm&r=g\",\"contentUrl\":\"https:\/\/secure.gravatar.com\/avatar\/5f7254642ad81272e79a2e69653cfdfc?s=96&d=mm&r=g\",\"caption\":\"fernando garcia\"},\"url\":\"https:\/\/ondauno.com.ar\/index.php\/author\/ondaunoeditor\/\"}]}<\/script>\n<!-- \/ Yoast SEO plugin. -->","yoast_head_json":{"title":"El intendente Carlos S\u00e1nchez recorri\u00f3 Orense - 103.9 fm","robots":{"index":"index","follow":"follow","max-snippet":"max-snippet:-1","max-image-preview":"max-image-preview:large","max-video-preview":"max-video-preview:-1"},"canonical":"https:\/\/ondauno.com.ar\/index.php\/2020\/01\/16\/el-intendente-carlos-sanchez-recorrio-orense\/","og_locale":"es_ES","og_type":"article","og_title":"El intendente Carlos S\u00e1nchez recorri\u00f3 Orense - 103.9 fm","og_description":"Este jueves, Orense fue el escenario elegido para las cl\u00e1sicas visitas del jefe comunal. Acompa\u00f1ado por el concejal Francisco Aramberri y el Director de Turismo Juli\u00e1n Lamberti, Carlos S\u00e1nchez fue recibido por el Delegado local, Eduardo Pecker y juntos emprendieron el recorrido. La primera parada fue \u201cLa Casita de Hurtado\u201d en donde funciona la biblioteca. [&hellip;]","og_url":"https:\/\/ondauno.com.ar\/index.php\/2020\/01\/16\/el-intendente-carlos-sanchez-recorrio-orense\/","og_site_name":"103.9 fm","article_publisher":"https:\/\/www.facebook.com\/ondauno103.9","article_published_time":"2020-01-16T18:49:16+00:00","article_modified_time":"2020-01-16T18:49:24+00:00","og_image":[{"url":"http:\/\/ondauno.com.ar\/wp-content\/uploads\/2020\/01\/orense11105489748.jpg"}],"author":"fernando garcia","twitter_card":"summary_large_image","twitter_misc":{"Escrito por":"fernando garcia","Tiempo de lectura":"1 minuto"},"schema":{"@context":"https:\/\/schema.org","@graph":[{"@type":"WebPage","@id":"https:\/\/ondauno.com.ar\/index.php\/2020\/01\/16\/el-intendente-carlos-sanchez-recorrio-orense\/","url":"https:\/\/ondauno.com.ar\/index.php\/2020\/01\/16\/el-intendente-carlos-sanchez-recorrio-orense\/","name":"El intendente Carlos S\u00e1nchez recorri\u00f3 Orense - 103.9 fm","isPartOf":{"@id":"https:\/\/ondauno.com.ar\/#website"},"primaryImageOfPage":{"@id":"https:\/\/ondauno.com.ar\/index.php\/2020\/01\/16\/el-intendente-carlos-sanchez-recorrio-orense\/#primaryimage"},"image":{"@id":"https:\/\/ondauno.com.ar\/index.php\/2020\/01\/16\/el-intendente-carlos-sanchez-recorrio-orense\/#primaryimage"},"thumbnailUrl":"http:\/\/ondauno.com.ar\/wp-content\/uploads\/2020\/01\/orense11105489748.jpg","datePublished":"2020-01-16T18:49:16+00:00","dateModified":"2020-01-16T18:49:24+00:00","author":{"@id":"https:\/\/ondauno.com.ar\/#\/schema\/person\/201d1b68e6c75e0fd396fe5f8af5d139"},"breadcrumb":{"@id":"https:\/\/ondauno.com.ar\/index.php\/2020\/01\/16\/el-intendente-carlos-sanchez-recorrio-orense\/#breadcrumb"},"inLanguage":"es-AR","potentialAction":[{"@type":"ReadAction","target":["https:\/\/ondauno.com.ar\/index.php\/2020\/01\/16\/el-intendente-carlos-sanchez-recorrio-orense\/"]}]},{"@type":"ImageObject","inLanguage":"es-AR","@id":"https:\/\/ondauno.com.ar\/index.php\/2020\/01\/16\/el-intendente-carlos-sanchez-recorrio-orense\/#primaryimage","url":"","contentUrl":""},{"@type":"BreadcrumbList","@id":"https:\/\/ondauno.com.ar\/index.php\/2020\/01\/16\/el-intendente-carlos-sanchez-recorrio-orense\/#breadcrumb","itemListElement":[{"@type":"ListItem","position":1,"name":"Inicio","item":"https:\/\/ondauno.com.ar\/"},{"@type":"ListItem","position":2,"name":"El intendente Carlos S\u00e1nchez recorri\u00f3 Orense"}]},{"@type":"WebSite","@id":"https:\/\/ondauno.com.ar\/#website","url":"https:\/\/ondauno.com.ar\/","name":"103.9 fm","description":"LA PRIMERA RADIO MULTIMEDIA DE TRES ARROYOS","potentialAction":[{"@type":"SearchAction","target":{"@type":"EntryPoint","urlTemplate":"https:\/\/ondauno.com.ar\/?s={search_term_string}"},"query-input":"required name=search_term_string"}],"inLanguage":"es-AR"},{"@type":"Person","@id":"https:\/\/ondauno.com.ar\/#\/schema\/person\/201d1b68e6c75e0fd396fe5f8af5d139","name":"fernando garcia","image":{"@type":"ImageObject","inLanguage":"es-AR","@id":"https:\/\/ondauno.com.ar\/#\/schema\/person\/image\/","url":"https:\/\/secure.gravatar.com\/avatar\/5f7254642ad81272e79a2e69653cfdfc?s=96&d=mm&r=g","contentUrl":"https:\/\/secure.gravatar.com\/avatar\/5f7254642ad81272e79a2e69653cfdfc?s=96&d=mm&r=g","caption":"fernando garcia"},"url":"https:\/\/ondauno.com.ar\/index.php\/author\/ondaunoeditor\/"}]}},"jetpack_publicize_connections":[],"jetpack_featured_media_url":"","jetpack_sharing_enabled":true,"_links":{"self":[{"href":"https:\/\/ondauno.com.ar\/index.php\/wp-json\/wp\/v2\/posts\/4733","targetHints":{"allow":["GET"]}}],"collection":[{"href":"https:\/\/ondauno.com.ar\/index.php\/wp-json\/wp\/v2\/posts"}],"about":[{"href":"https:\/\/ondauno.com.ar\/index.php\/wp-json\/wp\/v2\/types\/post"}],"author":[{"embeddable":true,"href":"https:\/\/ondauno.com.ar\/index.php\/wp-json\/wp\/v2\/users\/2"}],"replies":[{"embeddable":true,"href":"https:\/\/ondauno.com.ar\/index.php\/wp-json\/wp\/v2\/comments?post=4733"}],"version-history":[{"count":0,"href":"https:\/\/ondauno.com.ar\/index.php\/wp-json\/wp\/v2\/posts\/4733\/revisions"}],"wp:attachment":[{"href":"https:\/\/ondauno.com.ar\/index.php\/wp-json\/wp\/v2\/media?parent=4733"}],"wp:term":[{"taxonomy":"category","embeddable":true,"href":"https:\/\/ondauno.com.ar\/index.php\/wp-json\/wp\/v2\/categories?post=4733"},{"taxonomy":"post_tag","embeddable":true,"href":"https:\/\/ondauno.com.ar\/index.php\/wp-json\/wp\/v2\/tags?post=4733"}],"curies":[{"name":"wp","href":"https:\/\/api.w.org\/{rel}","templated":true}]}}