{"id":4729,"date":"2020-01-16T15:45:40","date_gmt":"2020-01-16T18:45:40","guid":{"rendered":"http:\/\/ondauno.com.ar\/?p=4729"},"modified":"2020-01-16T15:46:27","modified_gmt":"2020-01-16T18:46:27","slug":"carrera-desafio-aniversario-corre-x-el-hospi","status":"publish","type":"post","link":"https:\/\/ondauno.com.ar\/index.php\/2020\/01\/16\/carrera-desafio-aniversario-corre-x-el-hospi\/","title":{"rendered":"Carrera Desafio Aniversario, \u201cCorre X el Hospi\u201d"},"content":{"rendered":"<div class=\"ondau-before-content_3\" style=\"margin-top: -30px;\" id=\"ondau-114992931\"><a href=\"https:\/\/www.lps.com.ar\/\" aria-label=\"la-perse2\"><img loading=\"lazy\" decoding=\"async\" src=\"https:\/\/ondauno.com.ar\/wp-content\/uploads\/2021\/10\/la-perse2.jpg\" alt=\"\"  srcset=\"https:\/\/ondauno.com.ar\/wp-content\/uploads\/2021\/10\/la-perse2.jpg 1353w, https:\/\/ondauno.com.ar\/wp-content\/uploads\/2021\/10\/la-perse2-300x43.jpg 300w, https:\/\/ondauno.com.ar\/wp-content\/uploads\/2021\/10\/la-perse2-1024x148.jpg 1024w, https:\/\/ondauno.com.ar\/wp-content\/uploads\/2021\/10\/la-perse2-768x111.jpg 768w, https:\/\/ondauno.com.ar\/wp-content\/uploads\/2021\/10\/la-perse2-696x100.jpg 696w, https:\/\/ondauno.com.ar\/wp-content\/uploads\/2021\/10\/la-perse2-1068x154.jpg 1068w\" sizes=\"(max-width: 1353px) 100vw, 1353px\" class=\"no-lazyload\" width=\"1353\" height=\"195\"  style=\"display: inline-block;\" \/><\/a><\/div>\nEl evento deportivo anual, Desafio Aniversario que en su segunda edici\u00f3n ser\u00e1 a total beneficio del Centro Municipal de Salud del Pdo. de Tres Arroyos. Ser\u00e1 el 26 de Abril en Plaza San Mart\u00edn.<br \/>Hoy se presento en conferencia de prensa el desafio aniversario \u201cCorre X el Hospi\u201d<br \/>El Desaf\u00edo Aniversario, que en su segunda edici\u00f3n se denomin\u00f3, Corre por el Hospi y se realizar\u00e1 a total beneficio del Centro Municipal de Salud del Pdo. De Tres Arroyos, a partir de una idea presentada y gestionada por el Consejo de Administraci\u00f3n de la instituci\u00f3n&nbsp;de salud y con la organizaci\u00f3n integral de la Direcci\u00f3n Deportes de la Municipalidad de Tres Arroyos, gracias a la inmediata adhesi\u00f3n de su Director Prof. Guillermo Orsil\u00ed.&nbsp;<br \/>En conferencia de prensa, desarrollada en el Polideportivo Municipal, el Director de Deportes, Guillermo Orsili, el Director del Centro de Salud, Lic. Diego Rodr\u00edguez, miembros del Consejo de Administraci\u00f3n de la instituci\u00f3n y Lucas Durando representante deLa Perseverancia Seguros, una de las empresas auspiciantes, brindaron detalles del evento e invitaron a los corredores a inscribirse y a la poblaci\u00f3n a compartir la jornada deportiva y cultural a realizarse el 26 de abril desde las 10 horas en la Plaza SanMartin. Corre X el Hospi tendr\u00e1 como protagonistas la carrera de 10 km- 5 km- caminata recreativa y pruebas de atletismo infantil.<br \/>Adem\u00e1s habr\u00e1 para compartir con el p\u00fablico que acompa\u00f1e a los corredores, espacios de salud, h\u00e1bitos y control de n\u00fameros saludables. Cierre con entrega de premios y espect\u00e1culo central.<br \/>Programa:<br \/>\u2022 DESAFIO ANIVERSARIO: CORRE X EL HOSPI<br \/>Fecha:26 de Abril de 2020-Plaza San Martin a partir de 8 hs.<br \/>Programa:\n\n\n\n\no S\u00e1bado 25\/4:<br \/>\uf0a7 16 a 20 hs- Hall Municipalidad Tres Arroyos- Inscripci\u00f3n personal y entrega de kits<br \/>o Domingo 26\/4:<br \/>\uf0a7 08:00 a 09:30 hs. &#8211; Hall Municipalidad Tres Arroyos- Inscripciones y entrega de Kit<br \/>\uf0a7 09:45 hs \u2013 Charla T\u00e9cnica en lugar de largada<br \/>\uf0a7 10:00 hs &#8211; Largada 10 k y 5 k.- Caminata recreativa 3k.<br \/>\uf0a7 11:00 hs &#8211; Largada pruebas infantiles.<br \/>\uf0a7 30 hs \u2013 Premiaci\u00f3n.<br \/>\uf0a7 Espect\u00e1culo de cierre.\n\n\n\n\nCONSULTAS:<br \/>\u2022 Direcci\u00f3n Municipal de Deportes: en el Polideportivo Municipal &#8211; La Rioja 100.<br \/>\u2022 Te. fijo:<a href=\"tel:+542983423811\">(02983) 423811-<\/a>&nbsp;correo electr\u00f3nico:&nbsp;<a href=\"mailto:de******@tr*********.ar\" data-original-string=\"wUpmJkYvbEtX1g6hzzzEiZCZ\/8kx4M+yK8SotnUwN1Q=\" title=\"This contact has been encoded by Anti-Spam by CleanTalk. Click to decode. To finish the decoding make sure that JavaScript is enabled in your browser.\"><span \n                data-original-string=\"wUpmJkYvbEtX1g6hzzzEiZCZ\/8kx4M+yK8SotnUwN1Q=\"\n                class=\"apbct-email-encoder\"\n                title=\"This contact has been encoded by Anti-Spam by CleanTalk. Click to decode. To finish the decoding make sure that JavaScript is enabled in your browser.\">de******@tr*********.ar<\/span><\/a><br \/>INSCRIPCI\u00d3N:<br \/>\u2022 En la web&nbsp;<a href=\"http:\/\/tresarroyos.gov.ar\/deportes\/\">tresarroyos.gov.ar\/deportes\/<\/a><a href=\"http:\/\/www.codigoaventura.com.ar\/\">http:\/\/www.codigoaventura.com.ar<\/a><br \/>\u2022 Los valores estipulados para la inscripci\u00f3n son los siguientes:<br \/>Competencia 10 k: $ 600- competencia 5 k: $ 400 \u2013 caminata 3K: $200.-\n\n\n\n\n\n\n","protected":false},"excerpt":{"rendered":"<p>El evento deportivo anual, Desafio Aniversario que en su segunda edici\u00f3n ser\u00e1 a total beneficio del Centro Municipal de Salud del Pdo. de Tres Arroyos. Ser\u00e1 el 26 de Abril en Plaza San Mart\u00edn.Hoy se presento en conferencia de prensa el desafio aniversario \u201cCorre X el Hospi\u201dEl Desaf\u00edo Aniversario, que en su segunda edici\u00f3n se [&hellip;]<\/p>\n","protected":false},"author":2,"featured_media":0,"comment_status":"open","ping_status":"open","sticky":false,"template":"","format":"standard","meta":{"tdm_status":"","tdm_grid_status":"","_jetpack_memberships_contains_paid_content":false,"footnotes":"","jetpack_publicize_message":"","jetpack_publicize_feature_enabled":true,"jetpack_social_post_already_shared":false,"jetpack_social_options":{"image_generator_settings":{"template":"highway","default_image_id":0,"font":"","enabled":false},"version":2}},"categories":[2],"tags":[],"class_list":{"0":"post-4729","1":"post","2":"type-post","3":"status-publish","4":"format-standard","6":"category-locales"},"yoast_head":"<!-- This site is optimized with the Yoast SEO plugin v22.7 - https:\/\/yoast.com\/wordpress\/plugins\/seo\/ -->\n<title>Carrera Desafio Aniversario, \u201cCorre X el Hospi\u201d - 103.9 fm<\/title>\n<meta name=\"robots\" content=\"index, follow, max-snippet:-1, max-image-preview:large, max-video-preview:-1\" \/>\n<link rel=\"canonical\" href=\"https:\/\/ondauno.com.ar\/index.php\/2020\/01\/16\/carrera-desafio-aniversario-corre-x-el-hospi\/\" \/>\n<meta property=\"og:locale\" content=\"es_ES\" \/>\n<meta property=\"og:type\" content=\"article\" \/>\n<meta property=\"og:title\" content=\"Carrera Desafio Aniversario, \u201cCorre X el Hospi\u201d - 103.9 fm\" \/>\n<meta property=\"og:description\" content=\"El evento deportivo anual, Desafio Aniversario que en su segunda edici\u00f3n ser\u00e1 a total beneficio del Centro Municipal de Salud del Pdo. de Tres Arroyos. Ser\u00e1 el 26 de Abril en Plaza San Mart\u00edn.Hoy se presento en conferencia de prensa el desafio aniversario \u201cCorre X el Hospi\u201dEl Desaf\u00edo Aniversario, que en su segunda edici\u00f3n se [&hellip;]\" \/>\n<meta property=\"og:url\" content=\"https:\/\/ondauno.com.ar\/index.php\/2020\/01\/16\/carrera-desafio-aniversario-corre-x-el-hospi\/\" \/>\n<meta property=\"og:site_name\" content=\"103.9 fm\" \/>\n<meta property=\"article:publisher\" content=\"https:\/\/www.facebook.com\/ondauno103.9\" \/>\n<meta property=\"article:published_time\" content=\"2020-01-16T18:45:40+00:00\" \/>\n<meta property=\"article:modified_time\" content=\"2020-01-16T18:46:27+00:00\" \/>\n<meta name=\"author\" content=\"fernando garcia\" \/>\n<meta name=\"twitter:card\" content=\"summary_large_image\" \/>\n<meta name=\"twitter:label1\" content=\"Escrito por\" \/>\n\t<meta name=\"twitter:data1\" content=\"fernando garcia\" \/>\n\t<meta name=\"twitter:label2\" content=\"Tiempo de lectura\" \/>\n\t<meta name=\"twitter:data2\" content=\"2 minutos\" \/>\n<script type=\"application\/ld+json\" class=\"yoast-schema-graph\">{\"@context\":\"https:\/\/schema.org\",\"@graph\":[{\"@type\":\"WebPage\",\"@id\":\"https:\/\/ondauno.com.ar\/index.php\/2020\/01\/16\/carrera-desafio-aniversario-corre-x-el-hospi\/\",\"url\":\"https:\/\/ondauno.com.ar\/index.php\/2020\/01\/16\/carrera-desafio-aniversario-corre-x-el-hospi\/\",\"name\":\"Carrera Desafio Aniversario, \u201cCorre X el Hospi\u201d - 103.9 fm\",\"isPartOf\":{\"@id\":\"https:\/\/ondauno.com.ar\/#website\"},\"datePublished\":\"2020-01-16T18:45:40+00:00\",\"dateModified\":\"2020-01-16T18:46:27+00:00\",\"author\":{\"@id\":\"https:\/\/ondauno.com.ar\/#\/schema\/person\/201d1b68e6c75e0fd396fe5f8af5d139\"},\"breadcrumb\":{\"@id\":\"https:\/\/ondauno.com.ar\/index.php\/2020\/01\/16\/carrera-desafio-aniversario-corre-x-el-hospi\/#breadcrumb\"},\"inLanguage\":\"es-AR\",\"potentialAction\":[{\"@type\":\"ReadAction\",\"target\":[\"https:\/\/ondauno.com.ar\/index.php\/2020\/01\/16\/carrera-desafio-aniversario-corre-x-el-hospi\/\"]}]},{\"@type\":\"BreadcrumbList\",\"@id\":\"https:\/\/ondauno.com.ar\/index.php\/2020\/01\/16\/carrera-desafio-aniversario-corre-x-el-hospi\/#breadcrumb\",\"itemListElement\":[{\"@type\":\"ListItem\",\"position\":1,\"name\":\"Inicio\",\"item\":\"https:\/\/ondauno.com.ar\/\"},{\"@type\":\"ListItem\",\"position\":2,\"name\":\"Carrera Desafio Aniversario, \u201cCorre X el Hospi\u201d\"}]},{\"@type\":\"WebSite\",\"@id\":\"https:\/\/ondauno.com.ar\/#website\",\"url\":\"https:\/\/ondauno.com.ar\/\",\"name\":\"103.9 fm\",\"description\":\"LA PRIMERA RADIO MULTIMEDIA DE TRES ARROYOS\",\"potentialAction\":[{\"@type\":\"SearchAction\",\"target\":{\"@type\":\"EntryPoint\",\"urlTemplate\":\"https:\/\/ondauno.com.ar\/?s={search_term_string}\"},\"query-input\":\"required name=search_term_string\"}],\"inLanguage\":\"es-AR\"},{\"@type\":\"Person\",\"@id\":\"https:\/\/ondauno.com.ar\/#\/schema\/person\/201d1b68e6c75e0fd396fe5f8af5d139\",\"name\":\"fernando garcia\",\"image\":{\"@type\":\"ImageObject\",\"inLanguage\":\"es-AR\",\"@id\":\"https:\/\/ondauno.com.ar\/#\/schema\/person\/image\/\",\"url\":\"https:\/\/secure.gravatar.com\/avatar\/5f7254642ad81272e79a2e69653cfdfc?s=96&d=mm&r=g\",\"contentUrl\":\"https:\/\/secure.gravatar.com\/avatar\/5f7254642ad81272e79a2e69653cfdfc?s=96&d=mm&r=g\",\"caption\":\"fernando garcia\"},\"url\":\"https:\/\/ondauno.com.ar\/index.php\/author\/ondaunoeditor\/\"}]}<\/script>\n<!-- \/ Yoast SEO plugin. -->","yoast_head_json":{"title":"Carrera Desafio Aniversario, \u201cCorre X el Hospi\u201d - 103.9 fm","robots":{"index":"index","follow":"follow","max-snippet":"max-snippet:-1","max-image-preview":"max-image-preview:large","max-video-preview":"max-video-preview:-1"},"canonical":"https:\/\/ondauno.com.ar\/index.php\/2020\/01\/16\/carrera-desafio-aniversario-corre-x-el-hospi\/","og_locale":"es_ES","og_type":"article","og_title":"Carrera Desafio Aniversario, \u201cCorre X el Hospi\u201d - 103.9 fm","og_description":"El evento deportivo anual, Desafio Aniversario que en su segunda edici\u00f3n ser\u00e1 a total beneficio del Centro Municipal de Salud del Pdo. de Tres Arroyos. Ser\u00e1 el 26 de Abril en Plaza San Mart\u00edn.Hoy se presento en conferencia de prensa el desafio aniversario \u201cCorre X el Hospi\u201dEl Desaf\u00edo Aniversario, que en su segunda edici\u00f3n se [&hellip;]","og_url":"https:\/\/ondauno.com.ar\/index.php\/2020\/01\/16\/carrera-desafio-aniversario-corre-x-el-hospi\/","og_site_name":"103.9 fm","article_publisher":"https:\/\/www.facebook.com\/ondauno103.9","article_published_time":"2020-01-16T18:45:40+00:00","article_modified_time":"2020-01-16T18:46:27+00:00","author":"fernando garcia","twitter_card":"summary_large_image","twitter_misc":{"Escrito por":"fernando garcia","Tiempo de lectura":"2 minutos"},"schema":{"@context":"https:\/\/schema.org","@graph":[{"@type":"WebPage","@id":"https:\/\/ondauno.com.ar\/index.php\/2020\/01\/16\/carrera-desafio-aniversario-corre-x-el-hospi\/","url":"https:\/\/ondauno.com.ar\/index.php\/2020\/01\/16\/carrera-desafio-aniversario-corre-x-el-hospi\/","name":"Carrera Desafio Aniversario, \u201cCorre X el Hospi\u201d - 103.9 fm","isPartOf":{"@id":"https:\/\/ondauno.com.ar\/#website"},"datePublished":"2020-01-16T18:45:40+00:00","dateModified":"2020-01-16T18:46:27+00:00","author":{"@id":"https:\/\/ondauno.com.ar\/#\/schema\/person\/201d1b68e6c75e0fd396fe5f8af5d139"},"breadcrumb":{"@id":"https:\/\/ondauno.com.ar\/index.php\/2020\/01\/16\/carrera-desafio-aniversario-corre-x-el-hospi\/#breadcrumb"},"inLanguage":"es-AR","potentialAction":[{"@type":"ReadAction","target":["https:\/\/ondauno.com.ar\/index.php\/2020\/01\/16\/carrera-desafio-aniversario-corre-x-el-hospi\/"]}]},{"@type":"BreadcrumbList","@id":"https:\/\/ondauno.com.ar\/index.php\/2020\/01\/16\/carrera-desafio-aniversario-corre-x-el-hospi\/#breadcrumb","itemListElement":[{"@type":"ListItem","position":1,"name":"Inicio","item":"https:\/\/ondauno.com.ar\/"},{"@type":"ListItem","position":2,"name":"Carrera Desafio Aniversario, \u201cCorre X el Hospi\u201d"}]},{"@type":"WebSite","@id":"https:\/\/ondauno.com.ar\/#website","url":"https:\/\/ondauno.com.ar\/","name":"103.9 fm","description":"LA PRIMERA RADIO MULTIMEDIA DE TRES ARROYOS","potentialAction":[{"@type":"SearchAction","target":{"@type":"EntryPoint","urlTemplate":"https:\/\/ondauno.com.ar\/?s={search_term_string}"},"query-input":"required name=search_term_string"}],"inLanguage":"es-AR"},{"@type":"Person","@id":"https:\/\/ondauno.com.ar\/#\/schema\/person\/201d1b68e6c75e0fd396fe5f8af5d139","name":"fernando garcia","image":{"@type":"ImageObject","inLanguage":"es-AR","@id":"https:\/\/ondauno.com.ar\/#\/schema\/person\/image\/","url":"https:\/\/secure.gravatar.com\/avatar\/5f7254642ad81272e79a2e69653cfdfc?s=96&d=mm&r=g","contentUrl":"https:\/\/secure.gravatar.com\/avatar\/5f7254642ad81272e79a2e69653cfdfc?s=96&d=mm&r=g","caption":"fernando garcia"},"url":"https:\/\/ondauno.com.ar\/index.php\/author\/ondaunoeditor\/"}]}},"jetpack_publicize_connections":[],"jetpack_featured_media_url":"","jetpack_sharing_enabled":true,"_links":{"self":[{"href":"https:\/\/ondauno.com.ar\/index.php\/wp-json\/wp\/v2\/posts\/4729","targetHints":{"allow":["GET"]}}],"collection":[{"href":"https:\/\/ondauno.com.ar\/index.php\/wp-json\/wp\/v2\/posts"}],"about":[{"href":"https:\/\/ondauno.com.ar\/index.php\/wp-json\/wp\/v2\/types\/post"}],"author":[{"embeddable":true,"href":"https:\/\/ondauno.com.ar\/index.php\/wp-json\/wp\/v2\/users\/2"}],"replies":[{"embeddable":true,"href":"https:\/\/ondauno.com.ar\/index.php\/wp-json\/wp\/v2\/comments?post=4729"}],"version-history":[{"count":0,"href":"https:\/\/ondauno.com.ar\/index.php\/wp-json\/wp\/v2\/posts\/4729\/revisions"}],"wp:attachment":[{"href":"https:\/\/ondauno.com.ar\/index.php\/wp-json\/wp\/v2\/media?parent=4729"}],"wp:term":[{"taxonomy":"category","embeddable":true,"href":"https:\/\/ondauno.com.ar\/index.php\/wp-json\/wp\/v2\/categories?post=4729"},{"taxonomy":"post_tag","embeddable":true,"href":"https:\/\/ondauno.com.ar\/index.php\/wp-json\/wp\/v2\/tags?post=4729"}],"curies":[{"name":"wp","href":"https:\/\/api.w.org\/{rel}","templated":true}]}}