{"id":4714,"date":"2020-01-15T21:22:42","date_gmt":"2020-01-16T00:22:42","guid":{"rendered":"http:\/\/ondauno.com.ar\/?p=4714"},"modified":"2020-01-15T21:27:34","modified_gmt":"2020-01-16T00:27:34","slug":"budapest-trio-el-viernes-en-la-siciliana","status":"publish","type":"post","link":"https:\/\/ondauno.com.ar\/index.php\/2020\/01\/15\/budapest-trio-el-viernes-en-la-siciliana\/","title":{"rendered":"Budapest Tr\u00edo el viernes en La Siciliana"},"content":{"rendered":"<div class=\"ondau-before-content_3\" style=\"margin-top: -30px;\" id=\"ondau-1263102541\"><a href=\"https:\/\/www.lps.com.ar\/\" aria-label=\"la-perse2\"><img loading=\"lazy\" decoding=\"async\" src=\"https:\/\/ondauno.com.ar\/wp-content\/uploads\/2021\/10\/la-perse2.jpg\" alt=\"\"  srcset=\"https:\/\/ondauno.com.ar\/wp-content\/uploads\/2021\/10\/la-perse2.jpg 1353w, https:\/\/ondauno.com.ar\/wp-content\/uploads\/2021\/10\/la-perse2-300x43.jpg 300w, https:\/\/ondauno.com.ar\/wp-content\/uploads\/2021\/10\/la-perse2-1024x148.jpg 1024w, https:\/\/ondauno.com.ar\/wp-content\/uploads\/2021\/10\/la-perse2-768x111.jpg 768w, https:\/\/ondauno.com.ar\/wp-content\/uploads\/2021\/10\/la-perse2-696x100.jpg 696w, https:\/\/ondauno.com.ar\/wp-content\/uploads\/2021\/10\/la-perse2-1068x154.jpg 1068w\" sizes=\"(max-width: 1353px) 100vw, 1353px\" class=\"no-lazyload\" width=\"1353\" height=\"195\"  style=\"display: inline-block;\" \/><\/a><\/div>\n<p>En MODO M\u00daSICA, Mauricio Ju\u00e1rez entrevist\u00f3 a Emanuel V\u00e1zquez parte de BUDAPEST TR\u00cdO que cont\u00f3 algunos detalles del espect\u00e1culo que presentar\u00e1n desde las 23.30 horas en la Cervecer\u00eda La Siciliana el pr\u00f3ximo viernes.<\/p>\n\n\n\n<p>Budapest Tr\u00edo est\u00e1 conformado por: Gustavo Reiner &#8220;Ruso&#8221; en GUITARRA Y VOZ , Emanuel  &#8220;EL VASCO&#8221; V\u00e1zquez en BAJO Y COROS y Juan Manuel &#8220;CHICHO&#8221; Ghizzoni en bater\u00eda y coros.<\/p>\n\n\n\n<p>Facu &#8220;GALGO&#8221; De La Piedra es el MANAGER<\/p>\n\n\n\n<figure class=\"wp-block-audio\"><audio controls src=\"http:\/\/ondauno.com.ar\/wp-content\/uploads\/2020\/01\/media.io_WhatsApp-Audio-2020-01-15-at-20.23.57-2.mp3\"><\/audio><\/figure>\n\n\n\n<figure class=\"wp-block-audio\"><audio controls src=\"http:\/\/ondauno.com.ar\/wp-content\/uploads\/2020\/01\/media.io_WhatsApp-Audio-2020-01-15-at-20.05.42.mp3\"><\/audio><\/figure>\n\n\n\n<figure class=\"wp-block-image\"><img decoding=\"async\" data-src=\"http:\/\/ondauno.com.ar\/wp-content\/uploads\/2020\/01\/WhatsApp-Image-2020-01-15-at-20.53.07-1024x576.jpeg\" alt=\"\" class=\"wp-image-4715 lazyload\" src=\"data:image\/gif;base64,R0lGODlhAQABAAAAACH5BAEKAAEALAAAAAABAAEAAAICTAEAOw==\" style=\"--smush-placeholder-width: 1024px; --smush-placeholder-aspect-ratio: 1024\/576;\" \/><noscript><img decoding=\"async\" src=\"http:\/\/ondauno.com.ar\/wp-content\/uploads\/2020\/01\/WhatsApp-Image-2020-01-15-at-20.53.07-1024x576.jpeg\" alt=\"\" class=\"wp-image-4715\"\/><\/noscript><\/figure>\n\n\n\n<figure class=\"wp-block-image\"><img decoding=\"async\" data-src=\"http:\/\/ondauno.com.ar\/wp-content\/uploads\/2020\/01\/WhatsApp-Image-2020-01-15-at-20.53.08-1-1024x576.jpeg\" alt=\"\" class=\"wp-image-4716 lazyload\" src=\"data:image\/gif;base64,R0lGODlhAQABAAAAACH5BAEKAAEALAAAAAABAAEAAAICTAEAOw==\" style=\"--smush-placeholder-width: 1024px; --smush-placeholder-aspect-ratio: 1024\/576;\" \/><noscript><img decoding=\"async\" src=\"http:\/\/ondauno.com.ar\/wp-content\/uploads\/2020\/01\/WhatsApp-Image-2020-01-15-at-20.53.08-1-1024x576.jpeg\" alt=\"\" class=\"wp-image-4716\"\/><\/noscript><\/figure>\n","protected":false},"excerpt":{"rendered":"<p>En MODO M\u00daSICA, Mauricio Ju\u00e1rez entrevist\u00f3 a Emanuel V\u00e1zquez parte de BUDAPEST TR\u00cdO que cont\u00f3 algunos detalles del espect\u00e1culo que presentar\u00e1n desde las 23.30 horas en la Cervecer\u00eda La Siciliana el pr\u00f3ximo viernes. Budapest Tr\u00edo est\u00e1 conformado por: Gustavo Reiner &#8220;Ruso&#8221; en GUITARRA Y VOZ , Emanuel &#8220;EL VASCO&#8221; V\u00e1zquez en BAJO Y COROS y [&hellip;]<\/p>\n","protected":false},"author":2,"featured_media":0,"comment_status":"open","ping_status":"open","sticky":false,"template":"","format":"standard","meta":{"tdm_status":"","tdm_grid_status":"","_jetpack_memberships_contains_paid_content":false,"footnotes":"","jetpack_publicize_message":"","jetpack_publicize_feature_enabled":true,"jetpack_social_post_already_shared":false,"jetpack_social_options":{"image_generator_settings":{"template":"highway","default_image_id":0,"font":"","enabled":false},"version":2}},"categories":[28],"tags":[],"class_list":{"0":"post-4714","1":"post","2":"type-post","3":"status-publish","4":"format-standard","6":"category-interes-general"},"yoast_head":"<!-- This site is optimized with the Yoast SEO plugin v22.7 - https:\/\/yoast.com\/wordpress\/plugins\/seo\/ -->\n<title>Budapest Tr\u00edo el viernes en La Siciliana - 103.9 fm<\/title>\n<meta name=\"robots\" content=\"index, follow, max-snippet:-1, max-image-preview:large, max-video-preview:-1\" \/>\n<link rel=\"canonical\" href=\"https:\/\/ondauno.com.ar\/index.php\/2020\/01\/15\/budapest-trio-el-viernes-en-la-siciliana\/\" \/>\n<meta property=\"og:locale\" content=\"es_ES\" \/>\n<meta property=\"og:type\" content=\"article\" \/>\n<meta property=\"og:title\" content=\"Budapest Tr\u00edo el viernes en La Siciliana - 103.9 fm\" \/>\n<meta property=\"og:description\" content=\"En MODO M\u00daSICA, Mauricio Ju\u00e1rez entrevist\u00f3 a Emanuel V\u00e1zquez parte de BUDAPEST TR\u00cdO que cont\u00f3 algunos detalles del espect\u00e1culo que presentar\u00e1n desde las 23.30 horas en la Cervecer\u00eda La Siciliana el pr\u00f3ximo viernes. Budapest Tr\u00edo est\u00e1 conformado por: Gustavo Reiner &#8220;Ruso&#8221; en GUITARRA Y VOZ , Emanuel &#8220;EL VASCO&#8221; V\u00e1zquez en BAJO Y COROS y [&hellip;]\" \/>\n<meta property=\"og:url\" content=\"https:\/\/ondauno.com.ar\/index.php\/2020\/01\/15\/budapest-trio-el-viernes-en-la-siciliana\/\" \/>\n<meta property=\"og:site_name\" content=\"103.9 fm\" \/>\n<meta property=\"article:publisher\" content=\"https:\/\/www.facebook.com\/ondauno103.9\" \/>\n<meta property=\"article:published_time\" content=\"2020-01-16T00:22:42+00:00\" \/>\n<meta property=\"article:modified_time\" content=\"2020-01-16T00:27:34+00:00\" \/>\n<meta property=\"og:image\" content=\"https:\/\/ondauno.com.ar\/wp-content\/uploads\/2020\/01\/WhatsApp-Image-2020-01-15-at-20.53.08.jpeg\" \/>\n\t<meta property=\"og:image:width\" content=\"1280\" \/>\n\t<meta property=\"og:image:height\" content=\"853\" \/>\n\t<meta property=\"og:image:type\" content=\"image\/jpeg\" \/>\n<meta name=\"author\" content=\"fernando garcia\" \/>\n<meta name=\"twitter:card\" content=\"summary_large_image\" \/>\n<meta name=\"twitter:label1\" content=\"Escrito por\" \/>\n\t<meta name=\"twitter:data1\" content=\"fernando garcia\" \/>\n<script type=\"application\/ld+json\" class=\"yoast-schema-graph\">{\"@context\":\"https:\/\/schema.org\",\"@graph\":[{\"@type\":\"WebPage\",\"@id\":\"https:\/\/ondauno.com.ar\/index.php\/2020\/01\/15\/budapest-trio-el-viernes-en-la-siciliana\/\",\"url\":\"https:\/\/ondauno.com.ar\/index.php\/2020\/01\/15\/budapest-trio-el-viernes-en-la-siciliana\/\",\"name\":\"Budapest Tr\u00edo el viernes en La Siciliana - 103.9 fm\",\"isPartOf\":{\"@id\":\"https:\/\/ondauno.com.ar\/#website\"},\"primaryImageOfPage\":{\"@id\":\"https:\/\/ondauno.com.ar\/index.php\/2020\/01\/15\/budapest-trio-el-viernes-en-la-siciliana\/#primaryimage\"},\"image\":{\"@id\":\"https:\/\/ondauno.com.ar\/index.php\/2020\/01\/15\/budapest-trio-el-viernes-en-la-siciliana\/#primaryimage\"},\"thumbnailUrl\":\"http:\/\/ondauno.com.ar\/wp-content\/uploads\/2020\/01\/WhatsApp-Image-2020-01-15-at-20.53.07-1024x576.jpeg\",\"datePublished\":\"2020-01-16T00:22:42+00:00\",\"dateModified\":\"2020-01-16T00:27:34+00:00\",\"author\":{\"@id\":\"https:\/\/ondauno.com.ar\/#\/schema\/person\/201d1b68e6c75e0fd396fe5f8af5d139\"},\"breadcrumb\":{\"@id\":\"https:\/\/ondauno.com.ar\/index.php\/2020\/01\/15\/budapest-trio-el-viernes-en-la-siciliana\/#breadcrumb\"},\"inLanguage\":\"es-AR\",\"potentialAction\":[{\"@type\":\"ReadAction\",\"target\":[\"https:\/\/ondauno.com.ar\/index.php\/2020\/01\/15\/budapest-trio-el-viernes-en-la-siciliana\/\"]}]},{\"@type\":\"ImageObject\",\"inLanguage\":\"es-AR\",\"@id\":\"https:\/\/ondauno.com.ar\/index.php\/2020\/01\/15\/budapest-trio-el-viernes-en-la-siciliana\/#primaryimage\",\"url\":\"\",\"contentUrl\":\"\"},{\"@type\":\"BreadcrumbList\",\"@id\":\"https:\/\/ondauno.com.ar\/index.php\/2020\/01\/15\/budapest-trio-el-viernes-en-la-siciliana\/#breadcrumb\",\"itemListElement\":[{\"@type\":\"ListItem\",\"position\":1,\"name\":\"Inicio\",\"item\":\"https:\/\/ondauno.com.ar\/\"},{\"@type\":\"ListItem\",\"position\":2,\"name\":\"Budapest Tr\u00edo el viernes en La Siciliana\"}]},{\"@type\":\"WebSite\",\"@id\":\"https:\/\/ondauno.com.ar\/#website\",\"url\":\"https:\/\/ondauno.com.ar\/\",\"name\":\"103.9 fm\",\"description\":\"LA PRIMERA RADIO MULTIMEDIA DE TRES ARROYOS\",\"potentialAction\":[{\"@type\":\"SearchAction\",\"target\":{\"@type\":\"EntryPoint\",\"urlTemplate\":\"https:\/\/ondauno.com.ar\/?s={search_term_string}\"},\"query-input\":\"required name=search_term_string\"}],\"inLanguage\":\"es-AR\"},{\"@type\":\"Person\",\"@id\":\"https:\/\/ondauno.com.ar\/#\/schema\/person\/201d1b68e6c75e0fd396fe5f8af5d139\",\"name\":\"fernando garcia\",\"image\":{\"@type\":\"ImageObject\",\"inLanguage\":\"es-AR\",\"@id\":\"https:\/\/ondauno.com.ar\/#\/schema\/person\/image\/\",\"url\":\"https:\/\/secure.gravatar.com\/avatar\/5f7254642ad81272e79a2e69653cfdfc?s=96&d=mm&r=g\",\"contentUrl\":\"https:\/\/secure.gravatar.com\/avatar\/5f7254642ad81272e79a2e69653cfdfc?s=96&d=mm&r=g\",\"caption\":\"fernando garcia\"},\"url\":\"https:\/\/ondauno.com.ar\/index.php\/author\/ondaunoeditor\/\"}]}<\/script>\n<!-- \/ Yoast SEO plugin. -->","yoast_head_json":{"title":"Budapest Tr\u00edo el viernes en La Siciliana - 103.9 fm","robots":{"index":"index","follow":"follow","max-snippet":"max-snippet:-1","max-image-preview":"max-image-preview:large","max-video-preview":"max-video-preview:-1"},"canonical":"https:\/\/ondauno.com.ar\/index.php\/2020\/01\/15\/budapest-trio-el-viernes-en-la-siciliana\/","og_locale":"es_ES","og_type":"article","og_title":"Budapest Tr\u00edo el viernes en La Siciliana - 103.9 fm","og_description":"En MODO M\u00daSICA, Mauricio Ju\u00e1rez entrevist\u00f3 a Emanuel V\u00e1zquez parte de BUDAPEST TR\u00cdO que cont\u00f3 algunos detalles del espect\u00e1culo que presentar\u00e1n desde las 23.30 horas en la Cervecer\u00eda La Siciliana el pr\u00f3ximo viernes. Budapest Tr\u00edo est\u00e1 conformado por: Gustavo Reiner &#8220;Ruso&#8221; en GUITARRA Y VOZ , Emanuel &#8220;EL VASCO&#8221; V\u00e1zquez en BAJO Y COROS y [&hellip;]","og_url":"https:\/\/ondauno.com.ar\/index.php\/2020\/01\/15\/budapest-trio-el-viernes-en-la-siciliana\/","og_site_name":"103.9 fm","article_publisher":"https:\/\/www.facebook.com\/ondauno103.9","article_published_time":"2020-01-16T00:22:42+00:00","article_modified_time":"2020-01-16T00:27:34+00:00","og_image":[{"width":1280,"height":853,"url":"https:\/\/ondauno.com.ar\/wp-content\/uploads\/2020\/01\/WhatsApp-Image-2020-01-15-at-20.53.08.jpeg","type":"image\/jpeg"}],"author":"fernando garcia","twitter_card":"summary_large_image","twitter_misc":{"Escrito por":"fernando garcia"},"schema":{"@context":"https:\/\/schema.org","@graph":[{"@type":"WebPage","@id":"https:\/\/ondauno.com.ar\/index.php\/2020\/01\/15\/budapest-trio-el-viernes-en-la-siciliana\/","url":"https:\/\/ondauno.com.ar\/index.php\/2020\/01\/15\/budapest-trio-el-viernes-en-la-siciliana\/","name":"Budapest Tr\u00edo el viernes en La Siciliana - 103.9 fm","isPartOf":{"@id":"https:\/\/ondauno.com.ar\/#website"},"primaryImageOfPage":{"@id":"https:\/\/ondauno.com.ar\/index.php\/2020\/01\/15\/budapest-trio-el-viernes-en-la-siciliana\/#primaryimage"},"image":{"@id":"https:\/\/ondauno.com.ar\/index.php\/2020\/01\/15\/budapest-trio-el-viernes-en-la-siciliana\/#primaryimage"},"thumbnailUrl":"http:\/\/ondauno.com.ar\/wp-content\/uploads\/2020\/01\/WhatsApp-Image-2020-01-15-at-20.53.07-1024x576.jpeg","datePublished":"2020-01-16T00:22:42+00:00","dateModified":"2020-01-16T00:27:34+00:00","author":{"@id":"https:\/\/ondauno.com.ar\/#\/schema\/person\/201d1b68e6c75e0fd396fe5f8af5d139"},"breadcrumb":{"@id":"https:\/\/ondauno.com.ar\/index.php\/2020\/01\/15\/budapest-trio-el-viernes-en-la-siciliana\/#breadcrumb"},"inLanguage":"es-AR","potentialAction":[{"@type":"ReadAction","target":["https:\/\/ondauno.com.ar\/index.php\/2020\/01\/15\/budapest-trio-el-viernes-en-la-siciliana\/"]}]},{"@type":"ImageObject","inLanguage":"es-AR","@id":"https:\/\/ondauno.com.ar\/index.php\/2020\/01\/15\/budapest-trio-el-viernes-en-la-siciliana\/#primaryimage","url":"","contentUrl":""},{"@type":"BreadcrumbList","@id":"https:\/\/ondauno.com.ar\/index.php\/2020\/01\/15\/budapest-trio-el-viernes-en-la-siciliana\/#breadcrumb","itemListElement":[{"@type":"ListItem","position":1,"name":"Inicio","item":"https:\/\/ondauno.com.ar\/"},{"@type":"ListItem","position":2,"name":"Budapest Tr\u00edo el viernes en La Siciliana"}]},{"@type":"WebSite","@id":"https:\/\/ondauno.com.ar\/#website","url":"https:\/\/ondauno.com.ar\/","name":"103.9 fm","description":"LA PRIMERA RADIO MULTIMEDIA DE TRES ARROYOS","potentialAction":[{"@type":"SearchAction","target":{"@type":"EntryPoint","urlTemplate":"https:\/\/ondauno.com.ar\/?s={search_term_string}"},"query-input":"required name=search_term_string"}],"inLanguage":"es-AR"},{"@type":"Person","@id":"https:\/\/ondauno.com.ar\/#\/schema\/person\/201d1b68e6c75e0fd396fe5f8af5d139","name":"fernando garcia","image":{"@type":"ImageObject","inLanguage":"es-AR","@id":"https:\/\/ondauno.com.ar\/#\/schema\/person\/image\/","url":"https:\/\/secure.gravatar.com\/avatar\/5f7254642ad81272e79a2e69653cfdfc?s=96&d=mm&r=g","contentUrl":"https:\/\/secure.gravatar.com\/avatar\/5f7254642ad81272e79a2e69653cfdfc?s=96&d=mm&r=g","caption":"fernando garcia"},"url":"https:\/\/ondauno.com.ar\/index.php\/author\/ondaunoeditor\/"}]}},"jetpack_publicize_connections":[],"jetpack_featured_media_url":"","jetpack_sharing_enabled":true,"_links":{"self":[{"href":"https:\/\/ondauno.com.ar\/index.php\/wp-json\/wp\/v2\/posts\/4714","targetHints":{"allow":["GET"]}}],"collection":[{"href":"https:\/\/ondauno.com.ar\/index.php\/wp-json\/wp\/v2\/posts"}],"about":[{"href":"https:\/\/ondauno.com.ar\/index.php\/wp-json\/wp\/v2\/types\/post"}],"author":[{"embeddable":true,"href":"https:\/\/ondauno.com.ar\/index.php\/wp-json\/wp\/v2\/users\/2"}],"replies":[{"embeddable":true,"href":"https:\/\/ondauno.com.ar\/index.php\/wp-json\/wp\/v2\/comments?post=4714"}],"version-history":[{"count":0,"href":"https:\/\/ondauno.com.ar\/index.php\/wp-json\/wp\/v2\/posts\/4714\/revisions"}],"wp:attachment":[{"href":"https:\/\/ondauno.com.ar\/index.php\/wp-json\/wp\/v2\/media?parent=4714"}],"wp:term":[{"taxonomy":"category","embeddable":true,"href":"https:\/\/ondauno.com.ar\/index.php\/wp-json\/wp\/v2\/categories?post=4714"},{"taxonomy":"post_tag","embeddable":true,"href":"https:\/\/ondauno.com.ar\/index.php\/wp-json\/wp\/v2\/tags?post=4714"}],"curies":[{"name":"wp","href":"https:\/\/api.w.org\/{rel}","templated":true}]}}