{"id":4702,"date":"2020-01-15T21:07:18","date_gmt":"2020-01-16T00:07:18","guid":{"rendered":"http:\/\/ondauno.com.ar\/?p=4702"},"modified":"2020-01-16T12:52:07","modified_gmt":"2020-01-16T15:52:07","slug":"esteban-julian-y-sergio-pessina-manana-en-quelaromeco","status":"publish","type":"post","link":"https:\/\/ondauno.com.ar\/index.php\/2020\/01\/15\/esteban-julian-y-sergio-pessina-manana-en-quelaromeco\/","title":{"rendered":"Esteban Juli\u00e1n y Sergio Pessina ma\u00f1ana en el Centro Cultural La Casona"},"content":{"rendered":"<div class=\"ondau-before-content_3\" style=\"margin-top: -30px;\" id=\"ondau-1868412111\"><a href=\"https:\/\/www.lps.com.ar\/\" aria-label=\"la-perse2\"><img loading=\"lazy\" decoding=\"async\" src=\"https:\/\/ondauno.com.ar\/wp-content\/uploads\/2021\/10\/la-perse2.jpg\" alt=\"\"  srcset=\"https:\/\/ondauno.com.ar\/wp-content\/uploads\/2021\/10\/la-perse2.jpg 1353w, https:\/\/ondauno.com.ar\/wp-content\/uploads\/2021\/10\/la-perse2-300x43.jpg 300w, https:\/\/ondauno.com.ar\/wp-content\/uploads\/2021\/10\/la-perse2-1024x148.jpg 1024w, https:\/\/ondauno.com.ar\/wp-content\/uploads\/2021\/10\/la-perse2-768x111.jpg 768w, https:\/\/ondauno.com.ar\/wp-content\/uploads\/2021\/10\/la-perse2-696x100.jpg 696w, https:\/\/ondauno.com.ar\/wp-content\/uploads\/2021\/10\/la-perse2-1068x154.jpg 1068w\" sizes=\"(max-width: 1353px) 100vw, 1353px\" class=\"no-lazyload\" width=\"1353\" height=\"195\"  style=\"display: inline-block;\" \/><\/a><\/div>\n<p><\/p>\n\n\n\n<p>Este jueves en el Centro Cultural La Casona el d\u00fao integrado por Esteban Juli\u00e1n en voz y Sergio Pessina en guitarra, con su show de tango<\/p>\n\n\n\n<figure class=\"wp-block-image\"><img decoding=\"async\" data-src=\"http:\/\/ondauno.com.ar\/wp-content\/uploads\/2020\/01\/WhatsApp-Image-2020-01-05-at-21.59.50-1024x768.jpeg\" alt=\"\" class=\"wp-image-4703 lazyload\" src=\"data:image\/gif;base64,R0lGODlhAQABAAAAACH5BAEKAAEALAAAAAABAAEAAAICTAEAOw==\" style=\"--smush-placeholder-width: 1024px; --smush-placeholder-aspect-ratio: 1024\/768;\" \/><noscript><img decoding=\"async\" src=\"http:\/\/ondauno.com.ar\/wp-content\/uploads\/2020\/01\/WhatsApp-Image-2020-01-05-at-21.59.50-1024x768.jpeg\" alt=\"\" class=\"wp-image-4703\"\/><\/noscript><\/figure>\n\n\n\n<p>Los dos extraordinarios artistas, unidos por una misma pasi\u00f3n tanguera presentar\u00e1n un repertorio que los representa, la m\u00fasica ciudadana en este Verano 2020 en La Casona. <\/p>\n\n\n\n<p>El artista local Esteban Juli\u00e1n particip\u00f3 esta tarde del programa MODO M\u00daSICA conducido por Mauricio Ju\u00e1rez y habl\u00f3 de su pasi\u00f3n por el tango, la m\u00fasica que lo acompa\u00f1a desde su infancia, la que sinti\u00f3 en su hogar  y luego perfeccion\u00f3 con grandes maestros.<\/p>\n\n\n\n<p>Su paso por distintos espect\u00e1culos capitalinos como el de An\u00edbal Pachano y el momento en el que el mismo Mariano Mores le dijo: &#8220;Pibe, con vos sent\u00ed la letra y viv\u00ed el tango&#8221;.<\/p>\n","protected":false},"excerpt":{"rendered":"<p>Este jueves en el Centro Cultural La Casona el d\u00fao integrado por Esteban Juli\u00e1n en voz y Sergio Pessina en guitarra, con su show de tango Los dos extraordinarios artistas, unidos por una misma pasi\u00f3n tanguera presentar\u00e1n un repertorio que los representa, la m\u00fasica ciudadana en este Verano 2020 en La Casona. El artista local [&hellip;]<\/p>\n","protected":false},"author":2,"featured_media":0,"comment_status":"open","ping_status":"open","sticky":false,"template":"","format":"standard","meta":{"tdm_status":"","tdm_grid_status":"","_jetpack_memberships_contains_paid_content":false,"footnotes":"","jetpack_publicize_message":"","jetpack_publicize_feature_enabled":true,"jetpack_social_post_already_shared":false,"jetpack_social_options":{"image_generator_settings":{"template":"highway","default_image_id":0,"font":"","enabled":false},"version":2}},"categories":[28],"tags":[],"class_list":{"0":"post-4702","1":"post","2":"type-post","3":"status-publish","4":"format-standard","6":"category-interes-general"},"yoast_head":"<!-- This site is optimized with the Yoast SEO plugin v22.7 - https:\/\/yoast.com\/wordpress\/plugins\/seo\/ -->\n<title>Esteban Juli\u00e1n y Sergio Pessina ma\u00f1ana en el Centro Cultural La Casona - 103.9 fm<\/title>\n<meta name=\"robots\" content=\"index, follow, max-snippet:-1, max-image-preview:large, max-video-preview:-1\" \/>\n<link rel=\"canonical\" href=\"https:\/\/ondauno.com.ar\/index.php\/2020\/01\/15\/esteban-julian-y-sergio-pessina-manana-en-quelaromeco\/\" \/>\n<meta property=\"og:locale\" content=\"es_ES\" \/>\n<meta property=\"og:type\" content=\"article\" \/>\n<meta property=\"og:title\" content=\"Esteban Juli\u00e1n y Sergio Pessina ma\u00f1ana en el Centro Cultural La Casona - 103.9 fm\" \/>\n<meta property=\"og:description\" content=\"Este jueves en el Centro Cultural La Casona el d\u00fao integrado por Esteban Juli\u00e1n en voz y Sergio Pessina en guitarra, con su show de tango Los dos extraordinarios artistas, unidos por una misma pasi\u00f3n tanguera presentar\u00e1n un repertorio que los representa, la m\u00fasica ciudadana en este Verano 2020 en La Casona. El artista local [&hellip;]\" \/>\n<meta property=\"og:url\" content=\"https:\/\/ondauno.com.ar\/index.php\/2020\/01\/15\/esteban-julian-y-sergio-pessina-manana-en-quelaromeco\/\" \/>\n<meta property=\"og:site_name\" content=\"103.9 fm\" \/>\n<meta property=\"article:publisher\" content=\"https:\/\/www.facebook.com\/ondauno103.9\" \/>\n<meta property=\"article:published_time\" content=\"2020-01-16T00:07:18+00:00\" \/>\n<meta property=\"article:modified_time\" content=\"2020-01-16T15:52:07+00:00\" \/>\n<meta property=\"og:image\" content=\"https:\/\/ondauno.com.ar\/wp-content\/uploads\/2020\/01\/WhatsApp-Image-2020-01-15-at-19.43.39.jpeg\" \/>\n\t<meta property=\"og:image:width\" content=\"1032\" \/>\n\t<meta property=\"og:image:height\" content=\"581\" \/>\n\t<meta property=\"og:image:type\" content=\"image\/jpeg\" \/>\n<meta name=\"author\" content=\"fernando garcia\" \/>\n<meta name=\"twitter:card\" content=\"summary_large_image\" \/>\n<meta name=\"twitter:label1\" content=\"Escrito por\" \/>\n\t<meta name=\"twitter:data1\" content=\"fernando garcia\" \/>\n\t<meta name=\"twitter:label2\" content=\"Tiempo de lectura\" \/>\n\t<meta name=\"twitter:data2\" content=\"1 minuto\" \/>\n<script type=\"application\/ld+json\" class=\"yoast-schema-graph\">{\"@context\":\"https:\/\/schema.org\",\"@graph\":[{\"@type\":\"WebPage\",\"@id\":\"https:\/\/ondauno.com.ar\/index.php\/2020\/01\/15\/esteban-julian-y-sergio-pessina-manana-en-quelaromeco\/\",\"url\":\"https:\/\/ondauno.com.ar\/index.php\/2020\/01\/15\/esteban-julian-y-sergio-pessina-manana-en-quelaromeco\/\",\"name\":\"Esteban Juli\u00e1n y Sergio Pessina ma\u00f1ana en el Centro Cultural La Casona - 103.9 fm\",\"isPartOf\":{\"@id\":\"https:\/\/ondauno.com.ar\/#website\"},\"primaryImageOfPage\":{\"@id\":\"https:\/\/ondauno.com.ar\/index.php\/2020\/01\/15\/esteban-julian-y-sergio-pessina-manana-en-quelaromeco\/#primaryimage\"},\"image\":{\"@id\":\"https:\/\/ondauno.com.ar\/index.php\/2020\/01\/15\/esteban-julian-y-sergio-pessina-manana-en-quelaromeco\/#primaryimage\"},\"thumbnailUrl\":\"http:\/\/ondauno.com.ar\/wp-content\/uploads\/2020\/01\/WhatsApp-Image-2020-01-05-at-21.59.50-1024x768.jpeg\",\"datePublished\":\"2020-01-16T00:07:18+00:00\",\"dateModified\":\"2020-01-16T15:52:07+00:00\",\"author\":{\"@id\":\"https:\/\/ondauno.com.ar\/#\/schema\/person\/201d1b68e6c75e0fd396fe5f8af5d139\"},\"breadcrumb\":{\"@id\":\"https:\/\/ondauno.com.ar\/index.php\/2020\/01\/15\/esteban-julian-y-sergio-pessina-manana-en-quelaromeco\/#breadcrumb\"},\"inLanguage\":\"es-AR\",\"potentialAction\":[{\"@type\":\"ReadAction\",\"target\":[\"https:\/\/ondauno.com.ar\/index.php\/2020\/01\/15\/esteban-julian-y-sergio-pessina-manana-en-quelaromeco\/\"]}]},{\"@type\":\"ImageObject\",\"inLanguage\":\"es-AR\",\"@id\":\"https:\/\/ondauno.com.ar\/index.php\/2020\/01\/15\/esteban-julian-y-sergio-pessina-manana-en-quelaromeco\/#primaryimage\",\"url\":\"\",\"contentUrl\":\"\"},{\"@type\":\"BreadcrumbList\",\"@id\":\"https:\/\/ondauno.com.ar\/index.php\/2020\/01\/15\/esteban-julian-y-sergio-pessina-manana-en-quelaromeco\/#breadcrumb\",\"itemListElement\":[{\"@type\":\"ListItem\",\"position\":1,\"name\":\"Inicio\",\"item\":\"https:\/\/ondauno.com.ar\/\"},{\"@type\":\"ListItem\",\"position\":2,\"name\":\"Esteban Juli\u00e1n y Sergio Pessina ma\u00f1ana en el Centro Cultural La Casona\"}]},{\"@type\":\"WebSite\",\"@id\":\"https:\/\/ondauno.com.ar\/#website\",\"url\":\"https:\/\/ondauno.com.ar\/\",\"name\":\"103.9 fm\",\"description\":\"LA PRIMERA RADIO MULTIMEDIA DE TRES ARROYOS\",\"potentialAction\":[{\"@type\":\"SearchAction\",\"target\":{\"@type\":\"EntryPoint\",\"urlTemplate\":\"https:\/\/ondauno.com.ar\/?s={search_term_string}\"},\"query-input\":\"required name=search_term_string\"}],\"inLanguage\":\"es-AR\"},{\"@type\":\"Person\",\"@id\":\"https:\/\/ondauno.com.ar\/#\/schema\/person\/201d1b68e6c75e0fd396fe5f8af5d139\",\"name\":\"fernando garcia\",\"image\":{\"@type\":\"ImageObject\",\"inLanguage\":\"es-AR\",\"@id\":\"https:\/\/ondauno.com.ar\/#\/schema\/person\/image\/\",\"url\":\"https:\/\/secure.gravatar.com\/avatar\/5f7254642ad81272e79a2e69653cfdfc?s=96&d=mm&r=g\",\"contentUrl\":\"https:\/\/secure.gravatar.com\/avatar\/5f7254642ad81272e79a2e69653cfdfc?s=96&d=mm&r=g\",\"caption\":\"fernando garcia\"},\"url\":\"https:\/\/ondauno.com.ar\/index.php\/author\/ondaunoeditor\/\"}]}<\/script>\n<!-- \/ Yoast SEO plugin. -->","yoast_head_json":{"title":"Esteban Juli\u00e1n y Sergio Pessina ma\u00f1ana en el Centro Cultural La Casona - 103.9 fm","robots":{"index":"index","follow":"follow","max-snippet":"max-snippet:-1","max-image-preview":"max-image-preview:large","max-video-preview":"max-video-preview:-1"},"canonical":"https:\/\/ondauno.com.ar\/index.php\/2020\/01\/15\/esteban-julian-y-sergio-pessina-manana-en-quelaromeco\/","og_locale":"es_ES","og_type":"article","og_title":"Esteban Juli\u00e1n y Sergio Pessina ma\u00f1ana en el Centro Cultural La Casona - 103.9 fm","og_description":"Este jueves en el Centro Cultural La Casona el d\u00fao integrado por Esteban Juli\u00e1n en voz y Sergio Pessina en guitarra, con su show de tango Los dos extraordinarios artistas, unidos por una misma pasi\u00f3n tanguera presentar\u00e1n un repertorio que los representa, la m\u00fasica ciudadana en este Verano 2020 en La Casona. El artista local [&hellip;]","og_url":"https:\/\/ondauno.com.ar\/index.php\/2020\/01\/15\/esteban-julian-y-sergio-pessina-manana-en-quelaromeco\/","og_site_name":"103.9 fm","article_publisher":"https:\/\/www.facebook.com\/ondauno103.9","article_published_time":"2020-01-16T00:07:18+00:00","article_modified_time":"2020-01-16T15:52:07+00:00","og_image":[{"width":1032,"height":581,"url":"https:\/\/ondauno.com.ar\/wp-content\/uploads\/2020\/01\/WhatsApp-Image-2020-01-15-at-19.43.39.jpeg","type":"image\/jpeg"}],"author":"fernando garcia","twitter_card":"summary_large_image","twitter_misc":{"Escrito por":"fernando garcia","Tiempo de lectura":"1 minuto"},"schema":{"@context":"https:\/\/schema.org","@graph":[{"@type":"WebPage","@id":"https:\/\/ondauno.com.ar\/index.php\/2020\/01\/15\/esteban-julian-y-sergio-pessina-manana-en-quelaromeco\/","url":"https:\/\/ondauno.com.ar\/index.php\/2020\/01\/15\/esteban-julian-y-sergio-pessina-manana-en-quelaromeco\/","name":"Esteban Juli\u00e1n y Sergio Pessina ma\u00f1ana en el Centro Cultural La Casona - 103.9 fm","isPartOf":{"@id":"https:\/\/ondauno.com.ar\/#website"},"primaryImageOfPage":{"@id":"https:\/\/ondauno.com.ar\/index.php\/2020\/01\/15\/esteban-julian-y-sergio-pessina-manana-en-quelaromeco\/#primaryimage"},"image":{"@id":"https:\/\/ondauno.com.ar\/index.php\/2020\/01\/15\/esteban-julian-y-sergio-pessina-manana-en-quelaromeco\/#primaryimage"},"thumbnailUrl":"http:\/\/ondauno.com.ar\/wp-content\/uploads\/2020\/01\/WhatsApp-Image-2020-01-05-at-21.59.50-1024x768.jpeg","datePublished":"2020-01-16T00:07:18+00:00","dateModified":"2020-01-16T15:52:07+00:00","author":{"@id":"https:\/\/ondauno.com.ar\/#\/schema\/person\/201d1b68e6c75e0fd396fe5f8af5d139"},"breadcrumb":{"@id":"https:\/\/ondauno.com.ar\/index.php\/2020\/01\/15\/esteban-julian-y-sergio-pessina-manana-en-quelaromeco\/#breadcrumb"},"inLanguage":"es-AR","potentialAction":[{"@type":"ReadAction","target":["https:\/\/ondauno.com.ar\/index.php\/2020\/01\/15\/esteban-julian-y-sergio-pessina-manana-en-quelaromeco\/"]}]},{"@type":"ImageObject","inLanguage":"es-AR","@id":"https:\/\/ondauno.com.ar\/index.php\/2020\/01\/15\/esteban-julian-y-sergio-pessina-manana-en-quelaromeco\/#primaryimage","url":"","contentUrl":""},{"@type":"BreadcrumbList","@id":"https:\/\/ondauno.com.ar\/index.php\/2020\/01\/15\/esteban-julian-y-sergio-pessina-manana-en-quelaromeco\/#breadcrumb","itemListElement":[{"@type":"ListItem","position":1,"name":"Inicio","item":"https:\/\/ondauno.com.ar\/"},{"@type":"ListItem","position":2,"name":"Esteban Juli\u00e1n y Sergio Pessina ma\u00f1ana en el Centro Cultural La Casona"}]},{"@type":"WebSite","@id":"https:\/\/ondauno.com.ar\/#website","url":"https:\/\/ondauno.com.ar\/","name":"103.9 fm","description":"LA PRIMERA RADIO MULTIMEDIA DE TRES ARROYOS","potentialAction":[{"@type":"SearchAction","target":{"@type":"EntryPoint","urlTemplate":"https:\/\/ondauno.com.ar\/?s={search_term_string}"},"query-input":"required name=search_term_string"}],"inLanguage":"es-AR"},{"@type":"Person","@id":"https:\/\/ondauno.com.ar\/#\/schema\/person\/201d1b68e6c75e0fd396fe5f8af5d139","name":"fernando garcia","image":{"@type":"ImageObject","inLanguage":"es-AR","@id":"https:\/\/ondauno.com.ar\/#\/schema\/person\/image\/","url":"https:\/\/secure.gravatar.com\/avatar\/5f7254642ad81272e79a2e69653cfdfc?s=96&d=mm&r=g","contentUrl":"https:\/\/secure.gravatar.com\/avatar\/5f7254642ad81272e79a2e69653cfdfc?s=96&d=mm&r=g","caption":"fernando garcia"},"url":"https:\/\/ondauno.com.ar\/index.php\/author\/ondaunoeditor\/"}]}},"jetpack_publicize_connections":[],"jetpack_featured_media_url":"","jetpack_sharing_enabled":true,"_links":{"self":[{"href":"https:\/\/ondauno.com.ar\/index.php\/wp-json\/wp\/v2\/posts\/4702","targetHints":{"allow":["GET"]}}],"collection":[{"href":"https:\/\/ondauno.com.ar\/index.php\/wp-json\/wp\/v2\/posts"}],"about":[{"href":"https:\/\/ondauno.com.ar\/index.php\/wp-json\/wp\/v2\/types\/post"}],"author":[{"embeddable":true,"href":"https:\/\/ondauno.com.ar\/index.php\/wp-json\/wp\/v2\/users\/2"}],"replies":[{"embeddable":true,"href":"https:\/\/ondauno.com.ar\/index.php\/wp-json\/wp\/v2\/comments?post=4702"}],"version-history":[{"count":0,"href":"https:\/\/ondauno.com.ar\/index.php\/wp-json\/wp\/v2\/posts\/4702\/revisions"}],"wp:attachment":[{"href":"https:\/\/ondauno.com.ar\/index.php\/wp-json\/wp\/v2\/media?parent=4702"}],"wp:term":[{"taxonomy":"category","embeddable":true,"href":"https:\/\/ondauno.com.ar\/index.php\/wp-json\/wp\/v2\/categories?post=4702"},{"taxonomy":"post_tag","embeddable":true,"href":"https:\/\/ondauno.com.ar\/index.php\/wp-json\/wp\/v2\/tags?post=4702"}],"curies":[{"name":"wp","href":"https:\/\/api.w.org\/{rel}","templated":true}]}}