{"id":4699,"date":"2020-01-15T19:10:56","date_gmt":"2020-01-15T22:10:56","guid":{"rendered":"http:\/\/ondauno.com.ar\/?p=4699"},"modified":"2020-01-15T19:11:03","modified_gmt":"2020-01-15T22:11:03","slug":"tiran-desde-un-helicoptero-un-animal-hacia-la-pileta-del-dueno-de-etiqueta-negra","status":"publish","type":"post","link":"https:\/\/ondauno.com.ar\/index.php\/2020\/01\/15\/tiran-desde-un-helicoptero-un-animal-hacia-la-pileta-del-dueno-de-etiqueta-negra\/","title":{"rendered":"Tiran desde un helic\u00f3ptero un animal hacia la pileta del due\u00f1o de Etiqueta Negra"},"content":{"rendered":"<div class=\"ondau-before-content_3\" style=\"margin-top: -30px;\" id=\"ondau-1761462689\"><a href=\"https:\/\/www.lps.com.ar\/\" aria-label=\"la-perse2\"><img loading=\"lazy\" decoding=\"async\" src=\"https:\/\/ondauno.com.ar\/wp-content\/uploads\/2021\/10\/la-perse2.jpg\" alt=\"\"  srcset=\"https:\/\/ondauno.com.ar\/wp-content\/uploads\/2021\/10\/la-perse2.jpg 1353w, https:\/\/ondauno.com.ar\/wp-content\/uploads\/2021\/10\/la-perse2-300x43.jpg 300w, https:\/\/ondauno.com.ar\/wp-content\/uploads\/2021\/10\/la-perse2-1024x148.jpg 1024w, https:\/\/ondauno.com.ar\/wp-content\/uploads\/2021\/10\/la-perse2-768x111.jpg 768w, https:\/\/ondauno.com.ar\/wp-content\/uploads\/2021\/10\/la-perse2-696x100.jpg 696w, https:\/\/ondauno.com.ar\/wp-content\/uploads\/2021\/10\/la-perse2-1068x154.jpg 1068w\" sizes=\"(max-width: 1353px) 100vw, 1353px\" class=\"no-lazyload\" width=\"1353\" height=\"195\"  style=\"display: inline-block;\" \/><\/a><\/div>\n<p>Fuente INFOBAE<\/p>\n\n\n\n<p>Un pol\u00e9mico hecho tuvo lugar en<strong>&nbsp;Jos\u00e9 Ignacio, Uruguay.&nbsp;<\/strong>Fue en la casa del reconocido empresario, due\u00f1o de la exclusiva marca de ropa Etiqueta Negra,&nbsp;<strong>Federico \u00c1lvarez Castillo,&nbsp;<\/strong>ubicada en un barrio cerrado.&nbsp;<a href=\"https:\/\/www.infobae.com\/sociedad\/2020\/01\/15\/polemica-en-jose-ignacio-por-el-animal-que-tiraron-desde-un-helicoptero-el-video-lo-filme-yo-aseguro-el-dueno-de-etiqueta-negra\/\" target=\"_blank\" rel=\"noreferrer noopener\"><strong>Desde un helic\u00f3ptero tiraron un animal a la pileta de la casa<\/strong><\/a><strong>.<\/strong>&nbsp;El momento fue registrado en&nbsp;<a href=\"https:\/\/www.infobae.com\/sociedad\/2020\/01\/15\/polemica-en-jose-ignacio-por-el-animal-que-tiraron-desde-un-helicoptero-el-video-lo-filme-yo-aseguro-el-dueno-de-etiqueta-negra\/\" target=\"_blank\" rel=\"noreferrer noopener\">un video<\/a>&nbsp;que grab\u00f3 el due\u00f1o desde el patio.<\/p>\n\n\n\n<p>En la filmaci\u00f3n se ve c\u00f3mo un cordero \u2013seg\u00fan se\u00f1al\u00f3 el propio \u00c1lvarez Castillo\u2013 fue lanzado desde m\u00e1s de 30 metros de altura a la pileta. El animal impacta en forma violenta en el agua y la pileta rebalsa al instante.&nbsp;<strong>La reacci\u00f3n de quienes tomaron las im\u00e1genes y est\u00e1n dentro del inmueble no es de sorpresa; todo lo contrario, coinciden en una carcajada.<\/strong><\/p>\n\n\n\n<p><strong>Infobae&nbsp;<\/strong>se contact\u00f3 con \u00c1lvarez Castillo. En una breve declaraci\u00f3n, confirm\u00f3 que las im\u00e1genes fueron registradas por \u00e9l y aclar\u00f3 que no estaba al tanto de lo que estaba sucediendo. Su esposa, la modelo&nbsp;<strong>Lara Bernasconi<\/strong>, se refiri\u00f3 en el mismo sentido en redes sociales y&nbsp;<a href=\"https:\/\/www.infobae.com\/sociedad\/2020\/01\/15\/la-palabra-de-lara-bernasconi-por-el-animal-que-tiraron-a-su-pileta-desde-un-helicoptero-tenemos-la-consciencia-super-tranquila\/\" target=\"_blank\" rel=\"noreferrer noopener\">en una entrevista difundida este mi\u00e9rcoles<\/a>&nbsp;en&nbsp;<em>Los \u00e1ngeles de la ma\u00f1ana<\/em>: \u201cNosotros somos las v\u00edctimas\u201d.<\/p>\n\n\n\n<p>Anoche, luego de que se viralizara la grabaci\u00f3n y que el t\u00e9rmino \u201cEtiqueta Negra\u201d se convirtiera en\u00a0<em>trending topic<\/em>\u00a0como consecuencia de las cr\u00edticas a este repudiable suceso, la marca textil difundi\u00f3 un comunicado firmado por su due\u00f1o. <strong>\u201c<\/strong><a rel=\"noreferrer noopener\" href=\"https:\/\/www.infobae.com\/sociedad\/2020\/01\/15\/polemica-en-jose-ignacio-por-el-animal-que-tiraron-desde-un-helicoptero-el-video-lo-filme-yo-aseguro-el-dueno-de-etiqueta-negra\/\" target=\"_blank\"><strong>Quiero repudiar este hecho de vandalismo del cual fuimos v\u00edctimas mi familia y yo\u201d, indic\u00f3<\/strong><\/a><strong>.<\/strong><\/p>\n\n\n\n<p>Y agreg\u00f3: \u201c<strong>Al momento del hecho nos encontr\u00e1bamos dentro del hogar cuando sentimos un fuerte ruido en el jard\u00edn; al salir percibimos el acto aberrante que nos llev\u00f3 a un gran desconcierto por una broma de muy mal gusto<\/strong>\u201d.<\/p>\n\n\n\n<p>Sin embargo, seg\u00fan pudo reconstruir&nbsp;<strong>Infobae<\/strong>,&nbsp;<strong>la familia sabe qu\u00e9 fue lo que ocurri\u00f3 y tiene indicios claros sobre la identidad del hombre que ejecut\u00f3 el desagradable chiste<\/strong>.<\/p>\n\n\n\n<p>El hecho comenz\u00f3 a gestarse durante una conversaci\u00f3n informal que mantuvo el hombre de negocios con un amigo,&nbsp;<strong>otro empresario que no solo suele veranear en Punta del Este, sino que tiene m\u00faltiples inversiones en la ciudad de Carmelo.<\/strong><\/p>\n\n\n\n<p>Palabras m\u00e1s, palabras menos, el interlocutor invit\u00f3 al due\u00f1o de la firma textil y a su familia a compartir una comida. \u201c<strong>Junt\u00e9monos, hagamos un cordero, quedate tranquilo que yo lo consigo y te lo mando en Uber<\/strong>\u201d, prometi\u00f3. \u00c1lvarez Castillo acept\u00f3 la propuesta. No era algo nuevo para ellos: quienes conocen a los protagonistas de esta historia dicen que ya hab\u00edan compartido otras comilonas durante la temporada estival.<\/p>\n\n\n\n<p>\u201c\u00bfC\u00f3mo me lo vas a mandar por Uber?\u201d, repregunt\u00f3 el anfitri\u00f3n de la velada. \u201c<strong>Vos quedate tranquilo, que yo ahora te lo llevo en Uber<\/strong>\u201d, le contestaron. Por el tono de la voz que oy\u00f3 y por la confianza que los une,&nbsp;<strong>\u00c1lvarez Castillo sospech\u00f3 que su amigo estaba preparando una de sus habituales bromas<\/strong>.<\/p>\n\n\n\n<p>Algunas horas despu\u00e9s descubri\u00f3 de qu\u00e9 se trataba, pero no lo tom\u00f3 de sorpresa:&nbsp;<strong>de las im\u00e1genes se desprende que tuvo tiempo de tomar su tel\u00e9fono celular y grabar toda la secuencia<\/strong>. El registro, que se viraliz\u00f3 en redes sociales y en aplicaciones de chat como WhatsApp, fue tomado desde el inmueble y la reacci\u00f3n de los que estaban all\u00ed no fue la de personas que estaban asustadas.&nbsp;<strong>\u00c1lvarez Castillo sabe qui\u00e9n le arroj\u00f3 un cordero por la cabeza, pero por ahora<\/strong>&nbsp;<strong>opera una suerte de pacto de silencio entre ellos para proteger su identidad<\/strong>.<\/p>\n\n\n\n<p>Aparentemente, la desagradable idea no es nueva.&nbsp;<strong>Hay testigos que indican que el mismo helic\u00f3ptero estuvo involucrado este a\u00f1o en una maniobra similar en el jard\u00edn de un empresario brasile\u00f1o que vacaciona en el Este uruguayo<\/strong>.<\/p>\n","protected":false},"excerpt":{"rendered":"<p>Fuente INFOBAE Un pol\u00e9mico hecho tuvo lugar en&nbsp;Jos\u00e9 Ignacio, Uruguay.&nbsp;Fue en la casa del reconocido empresario, due\u00f1o de la exclusiva marca de ropa Etiqueta Negra,&nbsp;Federico \u00c1lvarez Castillo,&nbsp;ubicada en un barrio cerrado.&nbsp;Desde un helic\u00f3ptero tiraron un animal a la pileta de la casa.&nbsp;El momento fue registrado en&nbsp;un video&nbsp;que grab\u00f3 el due\u00f1o desde el patio. En la [&hellip;]<\/p>\n","protected":false},"author":2,"featured_media":0,"comment_status":"open","ping_status":"open","sticky":false,"template":"","format":"standard","meta":{"tdm_status":"","tdm_grid_status":"","_jetpack_memberships_contains_paid_content":false,"footnotes":"","jetpack_publicize_message":"","jetpack_publicize_feature_enabled":true,"jetpack_social_post_already_shared":false,"jetpack_social_options":{"image_generator_settings":{"template":"highway","default_image_id":0,"font":"","enabled":false},"version":2}},"categories":[3],"tags":[],"class_list":{"0":"post-4699","1":"post","2":"type-post","3":"status-publish","4":"format-standard","6":"category-nacionales"},"yoast_head":"<!-- This site is optimized with the Yoast SEO plugin v22.7 - https:\/\/yoast.com\/wordpress\/plugins\/seo\/ -->\n<title>Tiran desde un helic\u00f3ptero un animal hacia la pileta del due\u00f1o de Etiqueta Negra - 103.9 fm<\/title>\n<meta name=\"robots\" content=\"index, follow, max-snippet:-1, max-image-preview:large, max-video-preview:-1\" \/>\n<link rel=\"canonical\" href=\"https:\/\/ondauno.com.ar\/index.php\/2020\/01\/15\/tiran-desde-un-helicoptero-un-animal-hacia-la-pileta-del-dueno-de-etiqueta-negra\/\" \/>\n<meta property=\"og:locale\" content=\"es_ES\" \/>\n<meta property=\"og:type\" content=\"article\" \/>\n<meta property=\"og:title\" content=\"Tiran desde un helic\u00f3ptero un animal hacia la pileta del due\u00f1o de Etiqueta Negra - 103.9 fm\" \/>\n<meta property=\"og:description\" content=\"Fuente INFOBAE Un pol\u00e9mico hecho tuvo lugar en&nbsp;Jos\u00e9 Ignacio, Uruguay.&nbsp;Fue en la casa del reconocido empresario, due\u00f1o de la exclusiva marca de ropa Etiqueta Negra,&nbsp;Federico \u00c1lvarez Castillo,&nbsp;ubicada en un barrio cerrado.&nbsp;Desde un helic\u00f3ptero tiraron un animal a la pileta de la casa.&nbsp;El momento fue registrado en&nbsp;un video&nbsp;que grab\u00f3 el due\u00f1o desde el patio. En la [&hellip;]\" \/>\n<meta property=\"og:url\" content=\"https:\/\/ondauno.com.ar\/index.php\/2020\/01\/15\/tiran-desde-un-helicoptero-un-animal-hacia-la-pileta-del-dueno-de-etiqueta-negra\/\" \/>\n<meta property=\"og:site_name\" content=\"103.9 fm\" \/>\n<meta property=\"article:publisher\" content=\"https:\/\/www.facebook.com\/ondauno103.9\" \/>\n<meta property=\"article:published_time\" content=\"2020-01-15T22:10:56+00:00\" \/>\n<meta property=\"article:modified_time\" content=\"2020-01-15T22:11:03+00:00\" \/>\n<meta property=\"og:image\" content=\"https:\/\/ondauno.com.ar\/wp-content\/uploads\/2020\/01\/0001615765.jpg\" \/>\n\t<meta property=\"og:image:width\" content=\"1200\" \/>\n\t<meta property=\"og:image:height\" content=\"659\" \/>\n\t<meta property=\"og:image:type\" content=\"image\/jpeg\" \/>\n<meta name=\"author\" content=\"fernando garcia\" \/>\n<meta name=\"twitter:card\" content=\"summary_large_image\" \/>\n<meta name=\"twitter:label1\" content=\"Escrito por\" \/>\n\t<meta name=\"twitter:data1\" content=\"fernando garcia\" \/>\n\t<meta name=\"twitter:label2\" content=\"Tiempo de lectura\" \/>\n\t<meta name=\"twitter:data2\" content=\"3 minutos\" \/>\n<script type=\"application\/ld+json\" class=\"yoast-schema-graph\">{\"@context\":\"https:\/\/schema.org\",\"@graph\":[{\"@type\":\"WebPage\",\"@id\":\"https:\/\/ondauno.com.ar\/index.php\/2020\/01\/15\/tiran-desde-un-helicoptero-un-animal-hacia-la-pileta-del-dueno-de-etiqueta-negra\/\",\"url\":\"https:\/\/ondauno.com.ar\/index.php\/2020\/01\/15\/tiran-desde-un-helicoptero-un-animal-hacia-la-pileta-del-dueno-de-etiqueta-negra\/\",\"name\":\"Tiran desde un helic\u00f3ptero un animal hacia la pileta del due\u00f1o de Etiqueta Negra - 103.9 fm\",\"isPartOf\":{\"@id\":\"https:\/\/ondauno.com.ar\/#website\"},\"datePublished\":\"2020-01-15T22:10:56+00:00\",\"dateModified\":\"2020-01-15T22:11:03+00:00\",\"author\":{\"@id\":\"https:\/\/ondauno.com.ar\/#\/schema\/person\/201d1b68e6c75e0fd396fe5f8af5d139\"},\"breadcrumb\":{\"@id\":\"https:\/\/ondauno.com.ar\/index.php\/2020\/01\/15\/tiran-desde-un-helicoptero-un-animal-hacia-la-pileta-del-dueno-de-etiqueta-negra\/#breadcrumb\"},\"inLanguage\":\"es-AR\",\"potentialAction\":[{\"@type\":\"ReadAction\",\"target\":[\"https:\/\/ondauno.com.ar\/index.php\/2020\/01\/15\/tiran-desde-un-helicoptero-un-animal-hacia-la-pileta-del-dueno-de-etiqueta-negra\/\"]}]},{\"@type\":\"BreadcrumbList\",\"@id\":\"https:\/\/ondauno.com.ar\/index.php\/2020\/01\/15\/tiran-desde-un-helicoptero-un-animal-hacia-la-pileta-del-dueno-de-etiqueta-negra\/#breadcrumb\",\"itemListElement\":[{\"@type\":\"ListItem\",\"position\":1,\"name\":\"Inicio\",\"item\":\"https:\/\/ondauno.com.ar\/\"},{\"@type\":\"ListItem\",\"position\":2,\"name\":\"Tiran desde un helic\u00f3ptero un animal hacia la pileta del due\u00f1o de Etiqueta Negra\"}]},{\"@type\":\"WebSite\",\"@id\":\"https:\/\/ondauno.com.ar\/#website\",\"url\":\"https:\/\/ondauno.com.ar\/\",\"name\":\"103.9 fm\",\"description\":\"LA PRIMERA RADIO MULTIMEDIA DE TRES ARROYOS\",\"potentialAction\":[{\"@type\":\"SearchAction\",\"target\":{\"@type\":\"EntryPoint\",\"urlTemplate\":\"https:\/\/ondauno.com.ar\/?s={search_term_string}\"},\"query-input\":\"required name=search_term_string\"}],\"inLanguage\":\"es-AR\"},{\"@type\":\"Person\",\"@id\":\"https:\/\/ondauno.com.ar\/#\/schema\/person\/201d1b68e6c75e0fd396fe5f8af5d139\",\"name\":\"fernando garcia\",\"image\":{\"@type\":\"ImageObject\",\"inLanguage\":\"es-AR\",\"@id\":\"https:\/\/ondauno.com.ar\/#\/schema\/person\/image\/\",\"url\":\"https:\/\/secure.gravatar.com\/avatar\/5f7254642ad81272e79a2e69653cfdfc?s=96&d=mm&r=g\",\"contentUrl\":\"https:\/\/secure.gravatar.com\/avatar\/5f7254642ad81272e79a2e69653cfdfc?s=96&d=mm&r=g\",\"caption\":\"fernando garcia\"},\"url\":\"https:\/\/ondauno.com.ar\/index.php\/author\/ondaunoeditor\/\"}]}<\/script>\n<!-- \/ Yoast SEO plugin. -->","yoast_head_json":{"title":"Tiran desde un helic\u00f3ptero un animal hacia la pileta del due\u00f1o de Etiqueta Negra - 103.9 fm","robots":{"index":"index","follow":"follow","max-snippet":"max-snippet:-1","max-image-preview":"max-image-preview:large","max-video-preview":"max-video-preview:-1"},"canonical":"https:\/\/ondauno.com.ar\/index.php\/2020\/01\/15\/tiran-desde-un-helicoptero-un-animal-hacia-la-pileta-del-dueno-de-etiqueta-negra\/","og_locale":"es_ES","og_type":"article","og_title":"Tiran desde un helic\u00f3ptero un animal hacia la pileta del due\u00f1o de Etiqueta Negra - 103.9 fm","og_description":"Fuente INFOBAE Un pol\u00e9mico hecho tuvo lugar en&nbsp;Jos\u00e9 Ignacio, Uruguay.&nbsp;Fue en la casa del reconocido empresario, due\u00f1o de la exclusiva marca de ropa Etiqueta Negra,&nbsp;Federico \u00c1lvarez Castillo,&nbsp;ubicada en un barrio cerrado.&nbsp;Desde un helic\u00f3ptero tiraron un animal a la pileta de la casa.&nbsp;El momento fue registrado en&nbsp;un video&nbsp;que grab\u00f3 el due\u00f1o desde el patio. En la [&hellip;]","og_url":"https:\/\/ondauno.com.ar\/index.php\/2020\/01\/15\/tiran-desde-un-helicoptero-un-animal-hacia-la-pileta-del-dueno-de-etiqueta-negra\/","og_site_name":"103.9 fm","article_publisher":"https:\/\/www.facebook.com\/ondauno103.9","article_published_time":"2020-01-15T22:10:56+00:00","article_modified_time":"2020-01-15T22:11:03+00:00","og_image":[{"width":1200,"height":659,"url":"https:\/\/ondauno.com.ar\/wp-content\/uploads\/2020\/01\/0001615765.jpg","type":"image\/jpeg"}],"author":"fernando garcia","twitter_card":"summary_large_image","twitter_misc":{"Escrito por":"fernando garcia","Tiempo de lectura":"3 minutos"},"schema":{"@context":"https:\/\/schema.org","@graph":[{"@type":"WebPage","@id":"https:\/\/ondauno.com.ar\/index.php\/2020\/01\/15\/tiran-desde-un-helicoptero-un-animal-hacia-la-pileta-del-dueno-de-etiqueta-negra\/","url":"https:\/\/ondauno.com.ar\/index.php\/2020\/01\/15\/tiran-desde-un-helicoptero-un-animal-hacia-la-pileta-del-dueno-de-etiqueta-negra\/","name":"Tiran desde un helic\u00f3ptero un animal hacia la pileta del due\u00f1o de Etiqueta Negra - 103.9 fm","isPartOf":{"@id":"https:\/\/ondauno.com.ar\/#website"},"datePublished":"2020-01-15T22:10:56+00:00","dateModified":"2020-01-15T22:11:03+00:00","author":{"@id":"https:\/\/ondauno.com.ar\/#\/schema\/person\/201d1b68e6c75e0fd396fe5f8af5d139"},"breadcrumb":{"@id":"https:\/\/ondauno.com.ar\/index.php\/2020\/01\/15\/tiran-desde-un-helicoptero-un-animal-hacia-la-pileta-del-dueno-de-etiqueta-negra\/#breadcrumb"},"inLanguage":"es-AR","potentialAction":[{"@type":"ReadAction","target":["https:\/\/ondauno.com.ar\/index.php\/2020\/01\/15\/tiran-desde-un-helicoptero-un-animal-hacia-la-pileta-del-dueno-de-etiqueta-negra\/"]}]},{"@type":"BreadcrumbList","@id":"https:\/\/ondauno.com.ar\/index.php\/2020\/01\/15\/tiran-desde-un-helicoptero-un-animal-hacia-la-pileta-del-dueno-de-etiqueta-negra\/#breadcrumb","itemListElement":[{"@type":"ListItem","position":1,"name":"Inicio","item":"https:\/\/ondauno.com.ar\/"},{"@type":"ListItem","position":2,"name":"Tiran desde un helic\u00f3ptero un animal hacia la pileta del due\u00f1o de Etiqueta Negra"}]},{"@type":"WebSite","@id":"https:\/\/ondauno.com.ar\/#website","url":"https:\/\/ondauno.com.ar\/","name":"103.9 fm","description":"LA PRIMERA RADIO MULTIMEDIA DE TRES ARROYOS","potentialAction":[{"@type":"SearchAction","target":{"@type":"EntryPoint","urlTemplate":"https:\/\/ondauno.com.ar\/?s={search_term_string}"},"query-input":"required name=search_term_string"}],"inLanguage":"es-AR"},{"@type":"Person","@id":"https:\/\/ondauno.com.ar\/#\/schema\/person\/201d1b68e6c75e0fd396fe5f8af5d139","name":"fernando garcia","image":{"@type":"ImageObject","inLanguage":"es-AR","@id":"https:\/\/ondauno.com.ar\/#\/schema\/person\/image\/","url":"https:\/\/secure.gravatar.com\/avatar\/5f7254642ad81272e79a2e69653cfdfc?s=96&d=mm&r=g","contentUrl":"https:\/\/secure.gravatar.com\/avatar\/5f7254642ad81272e79a2e69653cfdfc?s=96&d=mm&r=g","caption":"fernando garcia"},"url":"https:\/\/ondauno.com.ar\/index.php\/author\/ondaunoeditor\/"}]}},"jetpack_publicize_connections":[],"jetpack_featured_media_url":"","jetpack_sharing_enabled":true,"_links":{"self":[{"href":"https:\/\/ondauno.com.ar\/index.php\/wp-json\/wp\/v2\/posts\/4699","targetHints":{"allow":["GET"]}}],"collection":[{"href":"https:\/\/ondauno.com.ar\/index.php\/wp-json\/wp\/v2\/posts"}],"about":[{"href":"https:\/\/ondauno.com.ar\/index.php\/wp-json\/wp\/v2\/types\/post"}],"author":[{"embeddable":true,"href":"https:\/\/ondauno.com.ar\/index.php\/wp-json\/wp\/v2\/users\/2"}],"replies":[{"embeddable":true,"href":"https:\/\/ondauno.com.ar\/index.php\/wp-json\/wp\/v2\/comments?post=4699"}],"version-history":[{"count":0,"href":"https:\/\/ondauno.com.ar\/index.php\/wp-json\/wp\/v2\/posts\/4699\/revisions"}],"wp:attachment":[{"href":"https:\/\/ondauno.com.ar\/index.php\/wp-json\/wp\/v2\/media?parent=4699"}],"wp:term":[{"taxonomy":"category","embeddable":true,"href":"https:\/\/ondauno.com.ar\/index.php\/wp-json\/wp\/v2\/categories?post=4699"},{"taxonomy":"post_tag","embeddable":true,"href":"https:\/\/ondauno.com.ar\/index.php\/wp-json\/wp\/v2\/tags?post=4699"}],"curies":[{"name":"wp","href":"https:\/\/api.w.org\/{rel}","templated":true}]}}