{"id":46057,"date":"2024-04-05T16:13:33","date_gmt":"2024-04-05T19:13:33","guid":{"rendered":"https:\/\/ondauno.com.ar\/?p=46057"},"modified":"2024-04-05T16:13:35","modified_gmt":"2024-04-05T19:13:35","slug":"manana-movida-deportiva-con-un-toque-social-el-municipio-apoya-a-tito-lemos-en-su-pelea-internacional","status":"publish","type":"post","link":"https:\/\/ondauno.com.ar\/index.php\/2024\/04\/05\/manana-movida-deportiva-con-un-toque-social-el-municipio-apoya-a-tito-lemos-en-su-pelea-internacional\/","title":{"rendered":"Ma\u00f1ana: movida deportiva con un toque social: el municipio apoya a Tito Lemos en su pelea internacional"},"content":{"rendered":"<div class=\"ondau-before-content_3\" style=\"margin-top: -30px;\" id=\"ondau-962026638\"><a href=\"https:\/\/www.lps.com.ar\/\" aria-label=\"la-perse2\"><img loading=\"lazy\" decoding=\"async\" src=\"https:\/\/ondauno.com.ar\/wp-content\/uploads\/2021\/10\/la-perse2.jpg\" alt=\"\"  srcset=\"https:\/\/ondauno.com.ar\/wp-content\/uploads\/2021\/10\/la-perse2.jpg 1353w, https:\/\/ondauno.com.ar\/wp-content\/uploads\/2021\/10\/la-perse2-300x43.jpg 300w, https:\/\/ondauno.com.ar\/wp-content\/uploads\/2021\/10\/la-perse2-1024x148.jpg 1024w, https:\/\/ondauno.com.ar\/wp-content\/uploads\/2021\/10\/la-perse2-768x111.jpg 768w, https:\/\/ondauno.com.ar\/wp-content\/uploads\/2021\/10\/la-perse2-696x100.jpg 696w, https:\/\/ondauno.com.ar\/wp-content\/uploads\/2021\/10\/la-perse2-1068x154.jpg 1068w\" sizes=\"(max-width: 1353px) 100vw, 1353px\" class=\"no-lazyload\" width=\"1353\" height=\"195\"  style=\"display: inline-block;\" \/><\/a><\/div>\n<p>Ma\u00f1ana, el polideportivo se convertir\u00e1 en el epicentro de una emocionante movilizaci\u00f3n que resalta la importancia de la colaboraci\u00f3n entre la Escuela de Boxeo Siglo XXI, dirigida por Mario Cepeda, la Direcci\u00f3n de Deportes y la Direcci\u00f3n de Juventud.  <\/p>\n\n\n\n<p>Con el firme respaldo del municipio, esta iniciativa busca destacar el valor del trabajo conjunto en pos del desarrollo integral de la comunidad. En esta ocasi\u00f3n, el enfoque est\u00e1 en el talentoso deportista local Tito Lemos, quien se prepara para representar a nuestra ciudad a nivel internacional. <\/p>\n\n\n\n<figure class=\"wp-block-embed is-type-rich is-provider-gestor-del-servicio wp-block-embed-gestor-del-servicio wp-embed-aspect-16-9 wp-has-aspect-ratio\"><div class=\"wp-block-embed__wrapper\">\n<div class=\"youtube-embed\" data-video_id=\"C1_ZelPNfVw\"><iframe loading=\"lazy\" title=\"el municipio apoya a Tito Lemos en su pelea internacional\" width=\"696\" height=\"392\" data-src=\"https:\/\/www.youtube.com\/embed\/C1_ZelPNfVw?feature=oembed&#038;enablejsapi=1\" frameborder=\"0\" allow=\"accelerometer; autoplay; clipboard-write; encrypted-media; gyroscope; picture-in-picture; web-share\" referrerpolicy=\"strict-origin-when-cross-origin\" allowfullscreen src=\"data:image\/gif;base64,R0lGODlhAQABAAAAACH5BAEKAAEALAAAAAABAAEAAAICTAEAOw==\" class=\"lazyload\" data-load-mode=\"1\"><\/iframe><\/div>\n<\/div><\/figure>\n\n\n\n<p>El apoyo del municipio y de las escuelas de boxeo locales a Lemos es un testimonio del compromiso con el deporte tresarroyense y el reconocimiento al esfuerzo y dedicaci\u00f3n de nuestros atletas.  <\/p>\n\n\n\n<p>La movida deportiva contar\u00e1 con la participaci\u00f3n de figuras del boxeo local, as\u00ed como con la presencia de autoridades municipales comprometidas con el impulso del deporte y el bienestar comunitario, aprovechando la ocasi\u00f3n para fortalecer a las instituciones, ya que lo recaudado con el valor de la entrada se destinar\u00e1 al jard\u00edn Frutillitas. <\/p>\n\n\n\n<p>Los vecinos, adem\u00e1s, tendr\u00e1n la posibilidad de ver la pelea, que no ser\u00e1 transmitida en la televisi\u00f3n abierta, del El\u00e9ctrico Lemos vs Hitchings en pantalla grande. De esta forma, se brinda la posibilidad a m\u00e1s vecinos de poder disfrutar el show deportivo.  <\/p>\n\n\n\n<p>El encuentro ser\u00e1 este S\u00e1bado 06 de abril, lugar de encuentro, Polideportivo Municipal a las 20:00 hs, el valor de la entrada es de $1.000 y habr\u00e1 servicio de cantina.  <\/p>\n\n\n\n<p>\u00a1Acompa\u00f1anos en esta jornada dedicada al deporte y la solidaridad!<\/p>\n","protected":false},"excerpt":{"rendered":"<p>Ma\u00f1ana, el polideportivo se convertir\u00e1 en el epicentro de una emocionante movilizaci\u00f3n que resalta la importancia de la colaboraci\u00f3n entre la Escuela de Boxeo Siglo XXI, dirigida por Mario Cepeda, la Direcci\u00f3n de Deportes y la Direcci\u00f3n de Juventud. Con el firme respaldo del municipio, esta iniciativa busca destacar el valor del trabajo conjunto en [&hellip;]<\/p>\n","protected":false},"author":1,"featured_media":46059,"comment_status":"open","ping_status":"open","sticky":false,"template":"","format":"standard","meta":{"tdm_status":"","tdm_grid_status":"","_jetpack_memberships_contains_paid_content":false,"footnotes":"","jetpack_publicize_message":"","jetpack_publicize_feature_enabled":true,"jetpack_social_post_already_shared":true,"jetpack_social_options":{"image_generator_settings":{"template":"highway","default_image_id":0,"font":"","enabled":false},"version":2}},"categories":[2],"tags":[],"class_list":{"0":"post-46057","1":"post","2":"type-post","3":"status-publish","4":"format-standard","5":"has-post-thumbnail","7":"category-locales"},"yoast_head":"<!-- This site is optimized with the Yoast SEO plugin v22.7 - https:\/\/yoast.com\/wordpress\/plugins\/seo\/ -->\n<title>Ma\u00f1ana: movida deportiva con un toque social: el municipio apoya a Tito Lemos en su pelea internacional - 103.9 fm<\/title>\n<meta name=\"robots\" content=\"index, follow, max-snippet:-1, max-image-preview:large, max-video-preview:-1\" \/>\n<link rel=\"canonical\" href=\"https:\/\/ondauno.com.ar\/index.php\/2024\/04\/05\/manana-movida-deportiva-con-un-toque-social-el-municipio-apoya-a-tito-lemos-en-su-pelea-internacional\/\" \/>\n<meta property=\"og:locale\" content=\"es_ES\" \/>\n<meta property=\"og:type\" content=\"article\" \/>\n<meta property=\"og:title\" content=\"Ma\u00f1ana: movida deportiva con un toque social: el municipio apoya a Tito Lemos en su pelea internacional - 103.9 fm\" \/>\n<meta property=\"og:description\" content=\"Ma\u00f1ana, el polideportivo se convertir\u00e1 en el epicentro de una emocionante movilizaci\u00f3n que resalta la importancia de la colaboraci\u00f3n entre la Escuela de Boxeo Siglo XXI, dirigida por Mario Cepeda, la Direcci\u00f3n de Deportes y la Direcci\u00f3n de Juventud. Con el firme respaldo del municipio, esta iniciativa busca destacar el valor del trabajo conjunto en [&hellip;]\" \/>\n<meta property=\"og:url\" content=\"https:\/\/ondauno.com.ar\/index.php\/2024\/04\/05\/manana-movida-deportiva-con-un-toque-social-el-municipio-apoya-a-tito-lemos-en-su-pelea-internacional\/\" \/>\n<meta property=\"og:site_name\" content=\"103.9 fm\" \/>\n<meta property=\"article:publisher\" content=\"https:\/\/www.facebook.com\/ondauno103.9\" \/>\n<meta property=\"article:published_time\" content=\"2024-04-05T19:13:33+00:00\" \/>\n<meta property=\"article:modified_time\" content=\"2024-04-05T19:13:35+00:00\" \/>\n<meta property=\"og:image\" content=\"https:\/\/ondauno.com.ar\/wp-content\/uploads\/2024\/04\/Tito-Lemos-1140x675-1.jpg\" \/>\n\t<meta property=\"og:image:width\" content=\"1140\" \/>\n\t<meta property=\"og:image:height\" content=\"675\" \/>\n\t<meta property=\"og:image:type\" content=\"image\/jpeg\" \/>\n<meta name=\"author\" content=\"OndaUno\" \/>\n<meta name=\"twitter:card\" content=\"summary_large_image\" \/>\n<meta name=\"twitter:label1\" content=\"Escrito por\" \/>\n\t<meta name=\"twitter:data1\" content=\"OndaUno\" \/>\n\t<meta name=\"twitter:label2\" content=\"Tiempo de lectura\" \/>\n\t<meta name=\"twitter:data2\" content=\"1 minuto\" \/>\n<script type=\"application\/ld+json\" class=\"yoast-schema-graph\">{\"@context\":\"https:\/\/schema.org\",\"@graph\":[{\"@type\":\"WebPage\",\"@id\":\"https:\/\/ondauno.com.ar\/index.php\/2024\/04\/05\/manana-movida-deportiva-con-un-toque-social-el-municipio-apoya-a-tito-lemos-en-su-pelea-internacional\/\",\"url\":\"https:\/\/ondauno.com.ar\/index.php\/2024\/04\/05\/manana-movida-deportiva-con-un-toque-social-el-municipio-apoya-a-tito-lemos-en-su-pelea-internacional\/\",\"name\":\"Ma\u00f1ana: movida deportiva con un toque social: el municipio apoya a Tito Lemos en su pelea internacional - 103.9 fm\",\"isPartOf\":{\"@id\":\"https:\/\/ondauno.com.ar\/#website\"},\"primaryImageOfPage\":{\"@id\":\"https:\/\/ondauno.com.ar\/index.php\/2024\/04\/05\/manana-movida-deportiva-con-un-toque-social-el-municipio-apoya-a-tito-lemos-en-su-pelea-internacional\/#primaryimage\"},\"image\":{\"@id\":\"https:\/\/ondauno.com.ar\/index.php\/2024\/04\/05\/manana-movida-deportiva-con-un-toque-social-el-municipio-apoya-a-tito-lemos-en-su-pelea-internacional\/#primaryimage\"},\"thumbnailUrl\":\"https:\/\/ondauno.com.ar\/wp-content\/uploads\/2024\/04\/Tito-Lemos-1140x675-1.jpg\",\"datePublished\":\"2024-04-05T19:13:33+00:00\",\"dateModified\":\"2024-04-05T19:13:35+00:00\",\"author\":{\"@id\":\"https:\/\/ondauno.com.ar\/#\/schema\/person\/7ec851ddeceb4133d7d7132dc645714e\"},\"breadcrumb\":{\"@id\":\"https:\/\/ondauno.com.ar\/index.php\/2024\/04\/05\/manana-movida-deportiva-con-un-toque-social-el-municipio-apoya-a-tito-lemos-en-su-pelea-internacional\/#breadcrumb\"},\"inLanguage\":\"es-AR\",\"potentialAction\":[{\"@type\":\"ReadAction\",\"target\":[\"https:\/\/ondauno.com.ar\/index.php\/2024\/04\/05\/manana-movida-deportiva-con-un-toque-social-el-municipio-apoya-a-tito-lemos-en-su-pelea-internacional\/\"]}]},{\"@type\":\"ImageObject\",\"inLanguage\":\"es-AR\",\"@id\":\"https:\/\/ondauno.com.ar\/index.php\/2024\/04\/05\/manana-movida-deportiva-con-un-toque-social-el-municipio-apoya-a-tito-lemos-en-su-pelea-internacional\/#primaryimage\",\"url\":\"https:\/\/ondauno.com.ar\/wp-content\/uploads\/2024\/04\/Tito-Lemos-1140x675-1.jpg\",\"contentUrl\":\"https:\/\/ondauno.com.ar\/wp-content\/uploads\/2024\/04\/Tito-Lemos-1140x675-1.jpg\",\"width\":1140,\"height\":675},{\"@type\":\"BreadcrumbList\",\"@id\":\"https:\/\/ondauno.com.ar\/index.php\/2024\/04\/05\/manana-movida-deportiva-con-un-toque-social-el-municipio-apoya-a-tito-lemos-en-su-pelea-internacional\/#breadcrumb\",\"itemListElement\":[{\"@type\":\"ListItem\",\"position\":1,\"name\":\"Inicio\",\"item\":\"https:\/\/ondauno.com.ar\/\"},{\"@type\":\"ListItem\",\"position\":2,\"name\":\"Ma\u00f1ana: movida deportiva con un toque social: el municipio apoya a Tito Lemos en su pelea internacional\"}]},{\"@type\":\"WebSite\",\"@id\":\"https:\/\/ondauno.com.ar\/#website\",\"url\":\"https:\/\/ondauno.com.ar\/\",\"name\":\"103.9 fm\",\"description\":\"LA PRIMERA RADIO MULTIMEDIA DE TRES ARROYOS\",\"potentialAction\":[{\"@type\":\"SearchAction\",\"target\":{\"@type\":\"EntryPoint\",\"urlTemplate\":\"https:\/\/ondauno.com.ar\/?s={search_term_string}\"},\"query-input\":\"required name=search_term_string\"}],\"inLanguage\":\"es-AR\"},{\"@type\":\"Person\",\"@id\":\"https:\/\/ondauno.com.ar\/#\/schema\/person\/7ec851ddeceb4133d7d7132dc645714e\",\"name\":\"OndaUno\",\"image\":{\"@type\":\"ImageObject\",\"inLanguage\":\"es-AR\",\"@id\":\"https:\/\/ondauno.com.ar\/#\/schema\/person\/image\/\",\"url\":\"https:\/\/secure.gravatar.com\/avatar\/93b8009f0de7021f1feb2bd5b32fb9e8?s=96&d=mm&r=g\",\"contentUrl\":\"https:\/\/secure.gravatar.com\/avatar\/93b8009f0de7021f1feb2bd5b32fb9e8?s=96&d=mm&r=g\",\"caption\":\"OndaUno\"},\"url\":\"https:\/\/ondauno.com.ar\/index.php\/author\/ondauno\/\"}]}<\/script>\n<!-- \/ Yoast SEO plugin. -->","yoast_head_json":{"title":"Ma\u00f1ana: movida deportiva con un toque social: el municipio apoya a Tito Lemos en su pelea internacional - 103.9 fm","robots":{"index":"index","follow":"follow","max-snippet":"max-snippet:-1","max-image-preview":"max-image-preview:large","max-video-preview":"max-video-preview:-1"},"canonical":"https:\/\/ondauno.com.ar\/index.php\/2024\/04\/05\/manana-movida-deportiva-con-un-toque-social-el-municipio-apoya-a-tito-lemos-en-su-pelea-internacional\/","og_locale":"es_ES","og_type":"article","og_title":"Ma\u00f1ana: movida deportiva con un toque social: el municipio apoya a Tito Lemos en su pelea internacional - 103.9 fm","og_description":"Ma\u00f1ana, el polideportivo se convertir\u00e1 en el epicentro de una emocionante movilizaci\u00f3n que resalta la importancia de la colaboraci\u00f3n entre la Escuela de Boxeo Siglo XXI, dirigida por Mario Cepeda, la Direcci\u00f3n de Deportes y la Direcci\u00f3n de Juventud. Con el firme respaldo del municipio, esta iniciativa busca destacar el valor del trabajo conjunto en [&hellip;]","og_url":"https:\/\/ondauno.com.ar\/index.php\/2024\/04\/05\/manana-movida-deportiva-con-un-toque-social-el-municipio-apoya-a-tito-lemos-en-su-pelea-internacional\/","og_site_name":"103.9 fm","article_publisher":"https:\/\/www.facebook.com\/ondauno103.9","article_published_time":"2024-04-05T19:13:33+00:00","article_modified_time":"2024-04-05T19:13:35+00:00","og_image":[{"width":1140,"height":675,"url":"https:\/\/ondauno.com.ar\/wp-content\/uploads\/2024\/04\/Tito-Lemos-1140x675-1.jpg","type":"image\/jpeg"}],"author":"OndaUno","twitter_card":"summary_large_image","twitter_misc":{"Escrito por":"OndaUno","Tiempo de lectura":"1 minuto"},"schema":{"@context":"https:\/\/schema.org","@graph":[{"@type":"WebPage","@id":"https:\/\/ondauno.com.ar\/index.php\/2024\/04\/05\/manana-movida-deportiva-con-un-toque-social-el-municipio-apoya-a-tito-lemos-en-su-pelea-internacional\/","url":"https:\/\/ondauno.com.ar\/index.php\/2024\/04\/05\/manana-movida-deportiva-con-un-toque-social-el-municipio-apoya-a-tito-lemos-en-su-pelea-internacional\/","name":"Ma\u00f1ana: movida deportiva con un toque social: el municipio apoya a Tito Lemos en su pelea internacional - 103.9 fm","isPartOf":{"@id":"https:\/\/ondauno.com.ar\/#website"},"primaryImageOfPage":{"@id":"https:\/\/ondauno.com.ar\/index.php\/2024\/04\/05\/manana-movida-deportiva-con-un-toque-social-el-municipio-apoya-a-tito-lemos-en-su-pelea-internacional\/#primaryimage"},"image":{"@id":"https:\/\/ondauno.com.ar\/index.php\/2024\/04\/05\/manana-movida-deportiva-con-un-toque-social-el-municipio-apoya-a-tito-lemos-en-su-pelea-internacional\/#primaryimage"},"thumbnailUrl":"https:\/\/ondauno.com.ar\/wp-content\/uploads\/2024\/04\/Tito-Lemos-1140x675-1.jpg","datePublished":"2024-04-05T19:13:33+00:00","dateModified":"2024-04-05T19:13:35+00:00","author":{"@id":"https:\/\/ondauno.com.ar\/#\/schema\/person\/7ec851ddeceb4133d7d7132dc645714e"},"breadcrumb":{"@id":"https:\/\/ondauno.com.ar\/index.php\/2024\/04\/05\/manana-movida-deportiva-con-un-toque-social-el-municipio-apoya-a-tito-lemos-en-su-pelea-internacional\/#breadcrumb"},"inLanguage":"es-AR","potentialAction":[{"@type":"ReadAction","target":["https:\/\/ondauno.com.ar\/index.php\/2024\/04\/05\/manana-movida-deportiva-con-un-toque-social-el-municipio-apoya-a-tito-lemos-en-su-pelea-internacional\/"]}]},{"@type":"ImageObject","inLanguage":"es-AR","@id":"https:\/\/ondauno.com.ar\/index.php\/2024\/04\/05\/manana-movida-deportiva-con-un-toque-social-el-municipio-apoya-a-tito-lemos-en-su-pelea-internacional\/#primaryimage","url":"https:\/\/ondauno.com.ar\/wp-content\/uploads\/2024\/04\/Tito-Lemos-1140x675-1.jpg","contentUrl":"https:\/\/ondauno.com.ar\/wp-content\/uploads\/2024\/04\/Tito-Lemos-1140x675-1.jpg","width":1140,"height":675},{"@type":"BreadcrumbList","@id":"https:\/\/ondauno.com.ar\/index.php\/2024\/04\/05\/manana-movida-deportiva-con-un-toque-social-el-municipio-apoya-a-tito-lemos-en-su-pelea-internacional\/#breadcrumb","itemListElement":[{"@type":"ListItem","position":1,"name":"Inicio","item":"https:\/\/ondauno.com.ar\/"},{"@type":"ListItem","position":2,"name":"Ma\u00f1ana: movida deportiva con un toque social: el municipio apoya a Tito Lemos en su pelea internacional"}]},{"@type":"WebSite","@id":"https:\/\/ondauno.com.ar\/#website","url":"https:\/\/ondauno.com.ar\/","name":"103.9 fm","description":"LA PRIMERA RADIO MULTIMEDIA DE TRES ARROYOS","potentialAction":[{"@type":"SearchAction","target":{"@type":"EntryPoint","urlTemplate":"https:\/\/ondauno.com.ar\/?s={search_term_string}"},"query-input":"required name=search_term_string"}],"inLanguage":"es-AR"},{"@type":"Person","@id":"https:\/\/ondauno.com.ar\/#\/schema\/person\/7ec851ddeceb4133d7d7132dc645714e","name":"OndaUno","image":{"@type":"ImageObject","inLanguage":"es-AR","@id":"https:\/\/ondauno.com.ar\/#\/schema\/person\/image\/","url":"https:\/\/secure.gravatar.com\/avatar\/93b8009f0de7021f1feb2bd5b32fb9e8?s=96&d=mm&r=g","contentUrl":"https:\/\/secure.gravatar.com\/avatar\/93b8009f0de7021f1feb2bd5b32fb9e8?s=96&d=mm&r=g","caption":"OndaUno"},"url":"https:\/\/ondauno.com.ar\/index.php\/author\/ondauno\/"}]}},"jetpack_publicize_connections":[],"jetpack_featured_media_url":"https:\/\/ondauno.com.ar\/wp-content\/uploads\/2024\/04\/Tito-Lemos-1140x675-1.jpg","jetpack_sharing_enabled":true,"_links":{"self":[{"href":"https:\/\/ondauno.com.ar\/index.php\/wp-json\/wp\/v2\/posts\/46057","targetHints":{"allow":["GET"]}}],"collection":[{"href":"https:\/\/ondauno.com.ar\/index.php\/wp-json\/wp\/v2\/posts"}],"about":[{"href":"https:\/\/ondauno.com.ar\/index.php\/wp-json\/wp\/v2\/types\/post"}],"author":[{"embeddable":true,"href":"https:\/\/ondauno.com.ar\/index.php\/wp-json\/wp\/v2\/users\/1"}],"replies":[{"embeddable":true,"href":"https:\/\/ondauno.com.ar\/index.php\/wp-json\/wp\/v2\/comments?post=46057"}],"version-history":[{"count":1,"href":"https:\/\/ondauno.com.ar\/index.php\/wp-json\/wp\/v2\/posts\/46057\/revisions"}],"predecessor-version":[{"id":46060,"href":"https:\/\/ondauno.com.ar\/index.php\/wp-json\/wp\/v2\/posts\/46057\/revisions\/46060"}],"wp:featuredmedia":[{"embeddable":true,"href":"https:\/\/ondauno.com.ar\/index.php\/wp-json\/wp\/v2\/media\/46059"}],"wp:attachment":[{"href":"https:\/\/ondauno.com.ar\/index.php\/wp-json\/wp\/v2\/media?parent=46057"}],"wp:term":[{"taxonomy":"category","embeddable":true,"href":"https:\/\/ondauno.com.ar\/index.php\/wp-json\/wp\/v2\/categories?post=46057"},{"taxonomy":"post_tag","embeddable":true,"href":"https:\/\/ondauno.com.ar\/index.php\/wp-json\/wp\/v2\/tags?post=46057"}],"curies":[{"name":"wp","href":"https:\/\/api.w.org\/{rel}","templated":true}]}}