{"id":45916,"date":"2024-03-30T11:45:45","date_gmt":"2024-03-30T14:45:45","guid":{"rendered":"https:\/\/ondauno.com.ar\/?p=45916"},"modified":"2024-03-30T11:45:47","modified_gmt":"2024-03-30T14:45:47","slug":"tragico-accidente-colision-deja-una-persona-herida-y-posteriormente-fallecida","status":"publish","type":"post","link":"https:\/\/ondauno.com.ar\/index.php\/2024\/03\/30\/tragico-accidente-colision-deja-una-persona-herida-y-posteriormente-fallecida\/","title":{"rendered":"Tr\u00e1gico accidente: colisi\u00f3n deja una persona herida y posteriormente fallecida"},"content":{"rendered":"<div class=\"ondau-before-content_3\" style=\"margin-top: -30px;\" id=\"ondau-1960177242\"><a href=\"https:\/\/www.lps.com.ar\/\" aria-label=\"la-perse2\"><img loading=\"lazy\" decoding=\"async\" src=\"https:\/\/ondauno.com.ar\/wp-content\/uploads\/2021\/10\/la-perse2.jpg\" alt=\"\"  srcset=\"https:\/\/ondauno.com.ar\/wp-content\/uploads\/2021\/10\/la-perse2.jpg 1353w, https:\/\/ondauno.com.ar\/wp-content\/uploads\/2021\/10\/la-perse2-300x43.jpg 300w, https:\/\/ondauno.com.ar\/wp-content\/uploads\/2021\/10\/la-perse2-1024x148.jpg 1024w, https:\/\/ondauno.com.ar\/wp-content\/uploads\/2021\/10\/la-perse2-768x111.jpg 768w, https:\/\/ondauno.com.ar\/wp-content\/uploads\/2021\/10\/la-perse2-696x100.jpg 696w, https:\/\/ondauno.com.ar\/wp-content\/uploads\/2021\/10\/la-perse2-1068x154.jpg 1068w\" sizes=\"(max-width: 1353px) 100vw, 1353px\" class=\"no-lazyload\" width=\"1353\" height=\"195\"  style=\"display: inline-block;\" \/><\/a><\/div>\n<p>El pasado 29 de marzo de 2024, alrededor de la 01:40 de la madrugada, la polic\u00eda respondi\u00f3 r\u00e1pidamente a un llamado de emergencia al 911 que reportaba un accidente en la Avenida Alem N\u00b0 55. En el lugar, se hab\u00eda producido una colisi\u00f3n entre una Toyota Hilux, manejada por Herrera Fausto Manuel (33), y una Zanella 110cc con patente A-033-WJI, conducida por Carrizo Ignacio Omar (66).<\/p>\n\n\n\n<p>Como resultado de la colisi\u00f3n, el se\u00f1or Carrizo Ignacio Omar sufri\u00f3 lesiones en su pierna derecha, siendo atendido en el lugar por personal m\u00e9dico de una ambulancia que se encontraba en el sitio. Posteriormente, fue trasladado al nosocomio local a cargo de la Dra. Mulder para recibir atenci\u00f3n m\u00e9dica.<\/p>\n\n\n\n<p>La situaci\u00f3n gener\u00f3 conmoci\u00f3n en la zona y r\u00e1pidamente se realizaron las actuaciones correspondientes por parte de la Polic\u00eda Cient\u00edfica, que traslad\u00f3 los veh\u00edculos involucrados para realizar pericias de rigor. La instrucci\u00f3n de este hecho est\u00e1 a cargo de la UFIJ N\u00b0 16, bajo la direcci\u00f3n del Dr. Lopazzo.<\/p>\n\n\n\n<p>Se solicita la colaboraci\u00f3n de posibles testigos presenciales del accidente para que brinden su testimonio en sede policial, con el fin de esclarecer las circunstancias de este incidente y determinar las responsabilidades correspondientes.<\/p>\n\n\n\n<p>Aproximadamente a las 05:00, personal policial se dirigi\u00f3 al nosocomio local para obtener informaci\u00f3n sobre el estado de salud de la v\u00edctima del accidente, Ignacio Omar Carrizo. Tras entrevistarse con el m\u00e9dico terapista, el Dr. Figueroa, se recibi\u00f3 la devastadora noticia de que el se\u00f1or Carrizo hab\u00eda sufrido un paro card\u00edaco que provoc\u00f3 su fallecimiento.<\/p>\n\n\n\n<p>Las autoridades judiciales de la Unidad Funcional de Instrucci\u00f3n y Juicio N\u00b0 16 del Departamento Judicial de Bah\u00eda Blanca, con sede en Ts.As, fueron notificadas de inmediato, disponiendo las diligencias correspondientes para esclarecer lo ocurrido.<\/p>\n","protected":false},"excerpt":{"rendered":"<p>El pasado 29 de marzo de 2024, alrededor de la 01:40 de la madrugada, la polic\u00eda respondi\u00f3 r\u00e1pidamente a un llamado de emergencia al 911 que reportaba un accidente en la Avenida Alem N\u00b0 55. En el lugar, se hab\u00eda producido una colisi\u00f3n entre una Toyota Hilux, manejada por Herrera Fausto Manuel (33), y una [&hellip;]<\/p>\n","protected":false},"author":1,"featured_media":45917,"comment_status":"open","ping_status":"open","sticky":false,"template":"","format":"standard","meta":{"tdm_status":"","tdm_grid_status":"","_jetpack_memberships_contains_paid_content":false,"footnotes":"","jetpack_publicize_message":"","jetpack_publicize_feature_enabled":true,"jetpack_social_post_already_shared":true,"jetpack_social_options":{"image_generator_settings":{"template":"highway","default_image_id":0,"font":"","enabled":false},"version":2}},"categories":[29],"tags":[],"class_list":{"0":"post-45916","1":"post","2":"type-post","3":"status-publish","4":"format-standard","5":"has-post-thumbnail","7":"category-policiales"},"yoast_head":"<!-- This site is optimized with the Yoast SEO plugin v22.7 - https:\/\/yoast.com\/wordpress\/plugins\/seo\/ -->\n<title>Tr\u00e1gico accidente: colisi\u00f3n deja una persona herida y posteriormente fallecida - 103.9 fm<\/title>\n<meta name=\"robots\" content=\"index, follow, max-snippet:-1, max-image-preview:large, max-video-preview:-1\" \/>\n<link rel=\"canonical\" href=\"https:\/\/ondauno.com.ar\/index.php\/2024\/03\/30\/tragico-accidente-colision-deja-una-persona-herida-y-posteriormente-fallecida\/\" \/>\n<meta property=\"og:locale\" content=\"es_ES\" \/>\n<meta property=\"og:type\" content=\"article\" \/>\n<meta property=\"og:title\" content=\"Tr\u00e1gico accidente: colisi\u00f3n deja una persona herida y posteriormente fallecida - 103.9 fm\" \/>\n<meta property=\"og:description\" content=\"El pasado 29 de marzo de 2024, alrededor de la 01:40 de la madrugada, la polic\u00eda respondi\u00f3 r\u00e1pidamente a un llamado de emergencia al 911 que reportaba un accidente en la Avenida Alem N\u00b0 55. En el lugar, se hab\u00eda producido una colisi\u00f3n entre una Toyota Hilux, manejada por Herrera Fausto Manuel (33), y una [&hellip;]\" \/>\n<meta property=\"og:url\" content=\"https:\/\/ondauno.com.ar\/index.php\/2024\/03\/30\/tragico-accidente-colision-deja-una-persona-herida-y-posteriormente-fallecida\/\" \/>\n<meta property=\"og:site_name\" content=\"103.9 fm\" \/>\n<meta property=\"article:publisher\" content=\"https:\/\/www.facebook.com\/ondauno103.9\" \/>\n<meta property=\"article:published_time\" content=\"2024-03-30T14:45:45+00:00\" \/>\n<meta property=\"article:modified_time\" content=\"2024-03-30T14:45:47+00:00\" \/>\n<meta property=\"og:image\" content=\"https:\/\/ondauno.com.ar\/wp-content\/uploads\/2024\/03\/WhatsApp-Image-2024-03-30-at-02.20.39.jpeg\" \/>\n\t<meta property=\"og:image:width\" content=\"1280\" \/>\n\t<meta property=\"og:image:height\" content=\"720\" \/>\n\t<meta property=\"og:image:type\" content=\"image\/jpeg\" \/>\n<meta name=\"author\" content=\"OndaUno\" \/>\n<meta name=\"twitter:card\" content=\"summary_large_image\" \/>\n<meta name=\"twitter:label1\" content=\"Escrito por\" \/>\n\t<meta name=\"twitter:data1\" content=\"OndaUno\" \/>\n\t<meta name=\"twitter:label2\" content=\"Tiempo de lectura\" \/>\n\t<meta name=\"twitter:data2\" content=\"2 minutos\" \/>\n<script type=\"application\/ld+json\" class=\"yoast-schema-graph\">{\"@context\":\"https:\/\/schema.org\",\"@graph\":[{\"@type\":\"WebPage\",\"@id\":\"https:\/\/ondauno.com.ar\/index.php\/2024\/03\/30\/tragico-accidente-colision-deja-una-persona-herida-y-posteriormente-fallecida\/\",\"url\":\"https:\/\/ondauno.com.ar\/index.php\/2024\/03\/30\/tragico-accidente-colision-deja-una-persona-herida-y-posteriormente-fallecida\/\",\"name\":\"Tr\u00e1gico accidente: colisi\u00f3n deja una persona herida y posteriormente fallecida - 103.9 fm\",\"isPartOf\":{\"@id\":\"https:\/\/ondauno.com.ar\/#website\"},\"primaryImageOfPage\":{\"@id\":\"https:\/\/ondauno.com.ar\/index.php\/2024\/03\/30\/tragico-accidente-colision-deja-una-persona-herida-y-posteriormente-fallecida\/#primaryimage\"},\"image\":{\"@id\":\"https:\/\/ondauno.com.ar\/index.php\/2024\/03\/30\/tragico-accidente-colision-deja-una-persona-herida-y-posteriormente-fallecida\/#primaryimage\"},\"thumbnailUrl\":\"https:\/\/ondauno.com.ar\/wp-content\/uploads\/2024\/03\/WhatsApp-Image-2024-03-30-at-02.20.39.jpeg\",\"datePublished\":\"2024-03-30T14:45:45+00:00\",\"dateModified\":\"2024-03-30T14:45:47+00:00\",\"author\":{\"@id\":\"https:\/\/ondauno.com.ar\/#\/schema\/person\/7ec851ddeceb4133d7d7132dc645714e\"},\"breadcrumb\":{\"@id\":\"https:\/\/ondauno.com.ar\/index.php\/2024\/03\/30\/tragico-accidente-colision-deja-una-persona-herida-y-posteriormente-fallecida\/#breadcrumb\"},\"inLanguage\":\"es-AR\",\"potentialAction\":[{\"@type\":\"ReadAction\",\"target\":[\"https:\/\/ondauno.com.ar\/index.php\/2024\/03\/30\/tragico-accidente-colision-deja-una-persona-herida-y-posteriormente-fallecida\/\"]}]},{\"@type\":\"ImageObject\",\"inLanguage\":\"es-AR\",\"@id\":\"https:\/\/ondauno.com.ar\/index.php\/2024\/03\/30\/tragico-accidente-colision-deja-una-persona-herida-y-posteriormente-fallecida\/#primaryimage\",\"url\":\"https:\/\/ondauno.com.ar\/wp-content\/uploads\/2024\/03\/WhatsApp-Image-2024-03-30-at-02.20.39.jpeg\",\"contentUrl\":\"https:\/\/ondauno.com.ar\/wp-content\/uploads\/2024\/03\/WhatsApp-Image-2024-03-30-at-02.20.39.jpeg\",\"width\":1280,\"height\":720},{\"@type\":\"BreadcrumbList\",\"@id\":\"https:\/\/ondauno.com.ar\/index.php\/2024\/03\/30\/tragico-accidente-colision-deja-una-persona-herida-y-posteriormente-fallecida\/#breadcrumb\",\"itemListElement\":[{\"@type\":\"ListItem\",\"position\":1,\"name\":\"Inicio\",\"item\":\"https:\/\/ondauno.com.ar\/\"},{\"@type\":\"ListItem\",\"position\":2,\"name\":\"Tr\u00e1gico accidente: colisi\u00f3n deja una persona herida y posteriormente fallecida\"}]},{\"@type\":\"WebSite\",\"@id\":\"https:\/\/ondauno.com.ar\/#website\",\"url\":\"https:\/\/ondauno.com.ar\/\",\"name\":\"103.9 fm\",\"description\":\"LA PRIMERA RADIO MULTIMEDIA DE TRES ARROYOS\",\"potentialAction\":[{\"@type\":\"SearchAction\",\"target\":{\"@type\":\"EntryPoint\",\"urlTemplate\":\"https:\/\/ondauno.com.ar\/?s={search_term_string}\"},\"query-input\":\"required name=search_term_string\"}],\"inLanguage\":\"es-AR\"},{\"@type\":\"Person\",\"@id\":\"https:\/\/ondauno.com.ar\/#\/schema\/person\/7ec851ddeceb4133d7d7132dc645714e\",\"name\":\"OndaUno\",\"image\":{\"@type\":\"ImageObject\",\"inLanguage\":\"es-AR\",\"@id\":\"https:\/\/ondauno.com.ar\/#\/schema\/person\/image\/\",\"url\":\"https:\/\/secure.gravatar.com\/avatar\/93b8009f0de7021f1feb2bd5b32fb9e8?s=96&d=mm&r=g\",\"contentUrl\":\"https:\/\/secure.gravatar.com\/avatar\/93b8009f0de7021f1feb2bd5b32fb9e8?s=96&d=mm&r=g\",\"caption\":\"OndaUno\"},\"url\":\"https:\/\/ondauno.com.ar\/index.php\/author\/ondauno\/\"}]}<\/script>\n<!-- \/ Yoast SEO plugin. -->","yoast_head_json":{"title":"Tr\u00e1gico accidente: colisi\u00f3n deja una persona herida y posteriormente fallecida - 103.9 fm","robots":{"index":"index","follow":"follow","max-snippet":"max-snippet:-1","max-image-preview":"max-image-preview:large","max-video-preview":"max-video-preview:-1"},"canonical":"https:\/\/ondauno.com.ar\/index.php\/2024\/03\/30\/tragico-accidente-colision-deja-una-persona-herida-y-posteriormente-fallecida\/","og_locale":"es_ES","og_type":"article","og_title":"Tr\u00e1gico accidente: colisi\u00f3n deja una persona herida y posteriormente fallecida - 103.9 fm","og_description":"El pasado 29 de marzo de 2024, alrededor de la 01:40 de la madrugada, la polic\u00eda respondi\u00f3 r\u00e1pidamente a un llamado de emergencia al 911 que reportaba un accidente en la Avenida Alem N\u00b0 55. En el lugar, se hab\u00eda producido una colisi\u00f3n entre una Toyota Hilux, manejada por Herrera Fausto Manuel (33), y una [&hellip;]","og_url":"https:\/\/ondauno.com.ar\/index.php\/2024\/03\/30\/tragico-accidente-colision-deja-una-persona-herida-y-posteriormente-fallecida\/","og_site_name":"103.9 fm","article_publisher":"https:\/\/www.facebook.com\/ondauno103.9","article_published_time":"2024-03-30T14:45:45+00:00","article_modified_time":"2024-03-30T14:45:47+00:00","og_image":[{"width":1280,"height":720,"url":"https:\/\/ondauno.com.ar\/wp-content\/uploads\/2024\/03\/WhatsApp-Image-2024-03-30-at-02.20.39.jpeg","type":"image\/jpeg"}],"author":"OndaUno","twitter_card":"summary_large_image","twitter_misc":{"Escrito por":"OndaUno","Tiempo de lectura":"2 minutos"},"schema":{"@context":"https:\/\/schema.org","@graph":[{"@type":"WebPage","@id":"https:\/\/ondauno.com.ar\/index.php\/2024\/03\/30\/tragico-accidente-colision-deja-una-persona-herida-y-posteriormente-fallecida\/","url":"https:\/\/ondauno.com.ar\/index.php\/2024\/03\/30\/tragico-accidente-colision-deja-una-persona-herida-y-posteriormente-fallecida\/","name":"Tr\u00e1gico accidente: colisi\u00f3n deja una persona herida y posteriormente fallecida - 103.9 fm","isPartOf":{"@id":"https:\/\/ondauno.com.ar\/#website"},"primaryImageOfPage":{"@id":"https:\/\/ondauno.com.ar\/index.php\/2024\/03\/30\/tragico-accidente-colision-deja-una-persona-herida-y-posteriormente-fallecida\/#primaryimage"},"image":{"@id":"https:\/\/ondauno.com.ar\/index.php\/2024\/03\/30\/tragico-accidente-colision-deja-una-persona-herida-y-posteriormente-fallecida\/#primaryimage"},"thumbnailUrl":"https:\/\/ondauno.com.ar\/wp-content\/uploads\/2024\/03\/WhatsApp-Image-2024-03-30-at-02.20.39.jpeg","datePublished":"2024-03-30T14:45:45+00:00","dateModified":"2024-03-30T14:45:47+00:00","author":{"@id":"https:\/\/ondauno.com.ar\/#\/schema\/person\/7ec851ddeceb4133d7d7132dc645714e"},"breadcrumb":{"@id":"https:\/\/ondauno.com.ar\/index.php\/2024\/03\/30\/tragico-accidente-colision-deja-una-persona-herida-y-posteriormente-fallecida\/#breadcrumb"},"inLanguage":"es-AR","potentialAction":[{"@type":"ReadAction","target":["https:\/\/ondauno.com.ar\/index.php\/2024\/03\/30\/tragico-accidente-colision-deja-una-persona-herida-y-posteriormente-fallecida\/"]}]},{"@type":"ImageObject","inLanguage":"es-AR","@id":"https:\/\/ondauno.com.ar\/index.php\/2024\/03\/30\/tragico-accidente-colision-deja-una-persona-herida-y-posteriormente-fallecida\/#primaryimage","url":"https:\/\/ondauno.com.ar\/wp-content\/uploads\/2024\/03\/WhatsApp-Image-2024-03-30-at-02.20.39.jpeg","contentUrl":"https:\/\/ondauno.com.ar\/wp-content\/uploads\/2024\/03\/WhatsApp-Image-2024-03-30-at-02.20.39.jpeg","width":1280,"height":720},{"@type":"BreadcrumbList","@id":"https:\/\/ondauno.com.ar\/index.php\/2024\/03\/30\/tragico-accidente-colision-deja-una-persona-herida-y-posteriormente-fallecida\/#breadcrumb","itemListElement":[{"@type":"ListItem","position":1,"name":"Inicio","item":"https:\/\/ondauno.com.ar\/"},{"@type":"ListItem","position":2,"name":"Tr\u00e1gico accidente: colisi\u00f3n deja una persona herida y posteriormente fallecida"}]},{"@type":"WebSite","@id":"https:\/\/ondauno.com.ar\/#website","url":"https:\/\/ondauno.com.ar\/","name":"103.9 fm","description":"LA PRIMERA RADIO MULTIMEDIA DE TRES ARROYOS","potentialAction":[{"@type":"SearchAction","target":{"@type":"EntryPoint","urlTemplate":"https:\/\/ondauno.com.ar\/?s={search_term_string}"},"query-input":"required name=search_term_string"}],"inLanguage":"es-AR"},{"@type":"Person","@id":"https:\/\/ondauno.com.ar\/#\/schema\/person\/7ec851ddeceb4133d7d7132dc645714e","name":"OndaUno","image":{"@type":"ImageObject","inLanguage":"es-AR","@id":"https:\/\/ondauno.com.ar\/#\/schema\/person\/image\/","url":"https:\/\/secure.gravatar.com\/avatar\/93b8009f0de7021f1feb2bd5b32fb9e8?s=96&d=mm&r=g","contentUrl":"https:\/\/secure.gravatar.com\/avatar\/93b8009f0de7021f1feb2bd5b32fb9e8?s=96&d=mm&r=g","caption":"OndaUno"},"url":"https:\/\/ondauno.com.ar\/index.php\/author\/ondauno\/"}]}},"jetpack_publicize_connections":[],"jetpack_featured_media_url":"https:\/\/ondauno.com.ar\/wp-content\/uploads\/2024\/03\/WhatsApp-Image-2024-03-30-at-02.20.39.jpeg","jetpack_sharing_enabled":true,"_links":{"self":[{"href":"https:\/\/ondauno.com.ar\/index.php\/wp-json\/wp\/v2\/posts\/45916","targetHints":{"allow":["GET"]}}],"collection":[{"href":"https:\/\/ondauno.com.ar\/index.php\/wp-json\/wp\/v2\/posts"}],"about":[{"href":"https:\/\/ondauno.com.ar\/index.php\/wp-json\/wp\/v2\/types\/post"}],"author":[{"embeddable":true,"href":"https:\/\/ondauno.com.ar\/index.php\/wp-json\/wp\/v2\/users\/1"}],"replies":[{"embeddable":true,"href":"https:\/\/ondauno.com.ar\/index.php\/wp-json\/wp\/v2\/comments?post=45916"}],"version-history":[{"count":1,"href":"https:\/\/ondauno.com.ar\/index.php\/wp-json\/wp\/v2\/posts\/45916\/revisions"}],"predecessor-version":[{"id":45918,"href":"https:\/\/ondauno.com.ar\/index.php\/wp-json\/wp\/v2\/posts\/45916\/revisions\/45918"}],"wp:featuredmedia":[{"embeddable":true,"href":"https:\/\/ondauno.com.ar\/index.php\/wp-json\/wp\/v2\/media\/45917"}],"wp:attachment":[{"href":"https:\/\/ondauno.com.ar\/index.php\/wp-json\/wp\/v2\/media?parent=45916"}],"wp:term":[{"taxonomy":"category","embeddable":true,"href":"https:\/\/ondauno.com.ar\/index.php\/wp-json\/wp\/v2\/categories?post=45916"},{"taxonomy":"post_tag","embeddable":true,"href":"https:\/\/ondauno.com.ar\/index.php\/wp-json\/wp\/v2\/tags?post=45916"}],"curies":[{"name":"wp","href":"https:\/\/api.w.org\/{rel}","templated":true}]}}