{"id":45722,"date":"2024-03-25T18:46:00","date_gmt":"2024-03-25T21:46:00","guid":{"rendered":"https:\/\/ondauno.com.ar\/?p=45722"},"modified":"2024-03-25T18:46:02","modified_gmt":"2024-03-25T21:46:02","slug":"encuentro-productivo-entre-el-intendente-pablo-garate-y-delegados-municipales-recien-elegidos","status":"publish","type":"post","link":"https:\/\/ondauno.com.ar\/index.php\/2024\/03\/25\/encuentro-productivo-entre-el-intendente-pablo-garate-y-delegados-municipales-recien-elegidos\/","title":{"rendered":"Encuentro productivo entre el intendente Pablo Garate y delegados municipales reci\u00e9n elegidos"},"content":{"rendered":"<div class=\"ondau-before-content_3\" style=\"margin-top: -30px;\" id=\"ondau-4068641652\"><a href=\"https:\/\/www.lps.com.ar\/\" aria-label=\"la-perse2\"><img loading=\"lazy\" decoding=\"async\" src=\"https:\/\/ondauno.com.ar\/wp-content\/uploads\/2021\/10\/la-perse2.jpg\" alt=\"\"  srcset=\"https:\/\/ondauno.com.ar\/wp-content\/uploads\/2021\/10\/la-perse2.jpg 1353w, https:\/\/ondauno.com.ar\/wp-content\/uploads\/2021\/10\/la-perse2-300x43.jpg 300w, https:\/\/ondauno.com.ar\/wp-content\/uploads\/2021\/10\/la-perse2-1024x148.jpg 1024w, https:\/\/ondauno.com.ar\/wp-content\/uploads\/2021\/10\/la-perse2-768x111.jpg 768w, https:\/\/ondauno.com.ar\/wp-content\/uploads\/2021\/10\/la-perse2-696x100.jpg 696w, https:\/\/ondauno.com.ar\/wp-content\/uploads\/2021\/10\/la-perse2-1068x154.jpg 1068w\" sizes=\"(max-width: 1353px) 100vw, 1353px\" class=\"no-lazyload\" width=\"1353\" height=\"195\"  style=\"display: inline-block;\" \/><\/a><\/div>\n<p>En una ma\u00f1ana cargada de compromiso, el Intendente Pablo Garate se reuni\u00f3 hoy con los nuevos delegados municipales seleccionados por la comunidad en una demostraci\u00f3n de participaci\u00f3n c\u00edvica, donde se establecieron l\u00edneas de trabajo y se delinearon estrategias para garantizar la continuidad efectiva de las gestiones.<\/p>\n\n\n\n<p>Ellos son Javier Toti Rens en Claromec\u00f3, Marcos Taboada en Bellocq, Ernesto Palacios en Cascallares, Diego Zynzenko en Reta, Juli\u00e1n Perez en Orense y Sergio Baldini en Copetonas.<br>Durante la reuni\u00f3n, el Intendente Garate enfatiz\u00f3 la importancia de la coordinaci\u00f3n entre la administraci\u00f3n local y los representantes electos, subrayando el papel crucial que desempe\u00f1an los delegados municipales en la promoci\u00f3n del bienestar y el progreso en nuestros vecinos.<\/p>\n\n\n\n<p>Adem\u00e1s, se abordaron asuntos espec\u00edficos relacionados con las necesidades y prioridades de cada distrito representado por los delegados.<\/p>\n\n\n\n<p>Este encuentro marca el inicio de una nueva etapa de trabajo conjunto, donde la comunidad y sus representantes electos trabajan mano a mano para construir un futuro pr\u00f3spero y equitativo para todos los vecinos.<\/p>\n","protected":false},"excerpt":{"rendered":"<p>En una ma\u00f1ana cargada de compromiso, el Intendente Pablo Garate se reuni\u00f3 hoy con los nuevos delegados municipales seleccionados por la comunidad en una demostraci\u00f3n de participaci\u00f3n c\u00edvica, donde se establecieron l\u00edneas de trabajo y se delinearon estrategias para garantizar la continuidad efectiva de las gestiones. Ellos son Javier Toti Rens en Claromec\u00f3, Marcos Taboada [&hellip;]<\/p>\n","protected":false},"author":1,"featured_media":45723,"comment_status":"open","ping_status":"open","sticky":false,"template":"","format":"standard","meta":{"tdm_status":"","tdm_grid_status":"","_jetpack_memberships_contains_paid_content":false,"footnotes":"","jetpack_publicize_message":"","jetpack_publicize_feature_enabled":true,"jetpack_social_post_already_shared":true,"jetpack_social_options":{"image_generator_settings":{"template":"highway","default_image_id":0,"font":"","enabled":false},"version":2}},"categories":[2],"tags":[],"class_list":{"0":"post-45722","1":"post","2":"type-post","3":"status-publish","4":"format-standard","5":"has-post-thumbnail","7":"category-locales"},"yoast_head":"<!-- This site is optimized with the Yoast SEO plugin v22.7 - https:\/\/yoast.com\/wordpress\/plugins\/seo\/ -->\n<title>Encuentro productivo entre el intendente Pablo Garate y delegados municipales reci\u00e9n elegidos - 103.9 fm<\/title>\n<meta name=\"robots\" content=\"index, follow, max-snippet:-1, max-image-preview:large, max-video-preview:-1\" \/>\n<link rel=\"canonical\" href=\"https:\/\/ondauno.com.ar\/index.php\/2024\/03\/25\/encuentro-productivo-entre-el-intendente-pablo-garate-y-delegados-municipales-recien-elegidos\/\" \/>\n<meta property=\"og:locale\" content=\"es_ES\" \/>\n<meta property=\"og:type\" content=\"article\" \/>\n<meta property=\"og:title\" content=\"Encuentro productivo entre el intendente Pablo Garate y delegados municipales reci\u00e9n elegidos - 103.9 fm\" \/>\n<meta property=\"og:description\" content=\"En una ma\u00f1ana cargada de compromiso, el Intendente Pablo Garate se reuni\u00f3 hoy con los nuevos delegados municipales seleccionados por la comunidad en una demostraci\u00f3n de participaci\u00f3n c\u00edvica, donde se establecieron l\u00edneas de trabajo y se delinearon estrategias para garantizar la continuidad efectiva de las gestiones. Ellos son Javier Toti Rens en Claromec\u00f3, Marcos Taboada [&hellip;]\" \/>\n<meta property=\"og:url\" content=\"https:\/\/ondauno.com.ar\/index.php\/2024\/03\/25\/encuentro-productivo-entre-el-intendente-pablo-garate-y-delegados-municipales-recien-elegidos\/\" \/>\n<meta property=\"og:site_name\" content=\"103.9 fm\" \/>\n<meta property=\"article:publisher\" content=\"https:\/\/www.facebook.com\/ondauno103.9\" \/>\n<meta property=\"article:published_time\" content=\"2024-03-25T21:46:00+00:00\" \/>\n<meta property=\"article:modified_time\" content=\"2024-03-25T21:46:02+00:00\" \/>\n<meta property=\"og:image\" content=\"https:\/\/ondauno.com.ar\/wp-content\/uploads\/2024\/03\/WhatsApp-Image-2024-03-25-at-14.54.23.jpeg\" \/>\n\t<meta property=\"og:image:width\" content=\"1296\" \/>\n\t<meta property=\"og:image:height\" content=\"864\" \/>\n\t<meta property=\"og:image:type\" content=\"image\/jpeg\" \/>\n<meta name=\"author\" content=\"OndaUno\" \/>\n<meta name=\"twitter:card\" content=\"summary_large_image\" \/>\n<meta name=\"twitter:label1\" content=\"Escrito por\" \/>\n\t<meta name=\"twitter:data1\" content=\"OndaUno\" \/>\n\t<meta name=\"twitter:label2\" content=\"Tiempo de lectura\" \/>\n\t<meta name=\"twitter:data2\" content=\"1 minuto\" \/>\n<script type=\"application\/ld+json\" class=\"yoast-schema-graph\">{\"@context\":\"https:\/\/schema.org\",\"@graph\":[{\"@type\":\"WebPage\",\"@id\":\"https:\/\/ondauno.com.ar\/index.php\/2024\/03\/25\/encuentro-productivo-entre-el-intendente-pablo-garate-y-delegados-municipales-recien-elegidos\/\",\"url\":\"https:\/\/ondauno.com.ar\/index.php\/2024\/03\/25\/encuentro-productivo-entre-el-intendente-pablo-garate-y-delegados-municipales-recien-elegidos\/\",\"name\":\"Encuentro productivo entre el intendente Pablo Garate y delegados municipales reci\u00e9n elegidos - 103.9 fm\",\"isPartOf\":{\"@id\":\"https:\/\/ondauno.com.ar\/#website\"},\"primaryImageOfPage\":{\"@id\":\"https:\/\/ondauno.com.ar\/index.php\/2024\/03\/25\/encuentro-productivo-entre-el-intendente-pablo-garate-y-delegados-municipales-recien-elegidos\/#primaryimage\"},\"image\":{\"@id\":\"https:\/\/ondauno.com.ar\/index.php\/2024\/03\/25\/encuentro-productivo-entre-el-intendente-pablo-garate-y-delegados-municipales-recien-elegidos\/#primaryimage\"},\"thumbnailUrl\":\"https:\/\/ondauno.com.ar\/wp-content\/uploads\/2024\/03\/WhatsApp-Image-2024-03-25-at-14.54.23.jpeg\",\"datePublished\":\"2024-03-25T21:46:00+00:00\",\"dateModified\":\"2024-03-25T21:46:02+00:00\",\"author\":{\"@id\":\"https:\/\/ondauno.com.ar\/#\/schema\/person\/7ec851ddeceb4133d7d7132dc645714e\"},\"breadcrumb\":{\"@id\":\"https:\/\/ondauno.com.ar\/index.php\/2024\/03\/25\/encuentro-productivo-entre-el-intendente-pablo-garate-y-delegados-municipales-recien-elegidos\/#breadcrumb\"},\"inLanguage\":\"es-AR\",\"potentialAction\":[{\"@type\":\"ReadAction\",\"target\":[\"https:\/\/ondauno.com.ar\/index.php\/2024\/03\/25\/encuentro-productivo-entre-el-intendente-pablo-garate-y-delegados-municipales-recien-elegidos\/\"]}]},{\"@type\":\"ImageObject\",\"inLanguage\":\"es-AR\",\"@id\":\"https:\/\/ondauno.com.ar\/index.php\/2024\/03\/25\/encuentro-productivo-entre-el-intendente-pablo-garate-y-delegados-municipales-recien-elegidos\/#primaryimage\",\"url\":\"https:\/\/ondauno.com.ar\/wp-content\/uploads\/2024\/03\/WhatsApp-Image-2024-03-25-at-14.54.23.jpeg\",\"contentUrl\":\"https:\/\/ondauno.com.ar\/wp-content\/uploads\/2024\/03\/WhatsApp-Image-2024-03-25-at-14.54.23.jpeg\",\"width\":1296,\"height\":864},{\"@type\":\"BreadcrumbList\",\"@id\":\"https:\/\/ondauno.com.ar\/index.php\/2024\/03\/25\/encuentro-productivo-entre-el-intendente-pablo-garate-y-delegados-municipales-recien-elegidos\/#breadcrumb\",\"itemListElement\":[{\"@type\":\"ListItem\",\"position\":1,\"name\":\"Inicio\",\"item\":\"https:\/\/ondauno.com.ar\/\"},{\"@type\":\"ListItem\",\"position\":2,\"name\":\"Encuentro productivo entre el intendente Pablo Garate y delegados municipales reci\u00e9n elegidos\"}]},{\"@type\":\"WebSite\",\"@id\":\"https:\/\/ondauno.com.ar\/#website\",\"url\":\"https:\/\/ondauno.com.ar\/\",\"name\":\"103.9 fm\",\"description\":\"LA PRIMERA RADIO MULTIMEDIA DE TRES ARROYOS\",\"potentialAction\":[{\"@type\":\"SearchAction\",\"target\":{\"@type\":\"EntryPoint\",\"urlTemplate\":\"https:\/\/ondauno.com.ar\/?s={search_term_string}\"},\"query-input\":\"required name=search_term_string\"}],\"inLanguage\":\"es-AR\"},{\"@type\":\"Person\",\"@id\":\"https:\/\/ondauno.com.ar\/#\/schema\/person\/7ec851ddeceb4133d7d7132dc645714e\",\"name\":\"OndaUno\",\"image\":{\"@type\":\"ImageObject\",\"inLanguage\":\"es-AR\",\"@id\":\"https:\/\/ondauno.com.ar\/#\/schema\/person\/image\/\",\"url\":\"https:\/\/secure.gravatar.com\/avatar\/93b8009f0de7021f1feb2bd5b32fb9e8?s=96&d=mm&r=g\",\"contentUrl\":\"https:\/\/secure.gravatar.com\/avatar\/93b8009f0de7021f1feb2bd5b32fb9e8?s=96&d=mm&r=g\",\"caption\":\"OndaUno\"},\"url\":\"https:\/\/ondauno.com.ar\/index.php\/author\/ondauno\/\"}]}<\/script>\n<!-- \/ Yoast SEO plugin. -->","yoast_head_json":{"title":"Encuentro productivo entre el intendente Pablo Garate y delegados municipales reci\u00e9n elegidos - 103.9 fm","robots":{"index":"index","follow":"follow","max-snippet":"max-snippet:-1","max-image-preview":"max-image-preview:large","max-video-preview":"max-video-preview:-1"},"canonical":"https:\/\/ondauno.com.ar\/index.php\/2024\/03\/25\/encuentro-productivo-entre-el-intendente-pablo-garate-y-delegados-municipales-recien-elegidos\/","og_locale":"es_ES","og_type":"article","og_title":"Encuentro productivo entre el intendente Pablo Garate y delegados municipales reci\u00e9n elegidos - 103.9 fm","og_description":"En una ma\u00f1ana cargada de compromiso, el Intendente Pablo Garate se reuni\u00f3 hoy con los nuevos delegados municipales seleccionados por la comunidad en una demostraci\u00f3n de participaci\u00f3n c\u00edvica, donde se establecieron l\u00edneas de trabajo y se delinearon estrategias para garantizar la continuidad efectiva de las gestiones. Ellos son Javier Toti Rens en Claromec\u00f3, Marcos Taboada [&hellip;]","og_url":"https:\/\/ondauno.com.ar\/index.php\/2024\/03\/25\/encuentro-productivo-entre-el-intendente-pablo-garate-y-delegados-municipales-recien-elegidos\/","og_site_name":"103.9 fm","article_publisher":"https:\/\/www.facebook.com\/ondauno103.9","article_published_time":"2024-03-25T21:46:00+00:00","article_modified_time":"2024-03-25T21:46:02+00:00","og_image":[{"width":1296,"height":864,"url":"https:\/\/ondauno.com.ar\/wp-content\/uploads\/2024\/03\/WhatsApp-Image-2024-03-25-at-14.54.23.jpeg","type":"image\/jpeg"}],"author":"OndaUno","twitter_card":"summary_large_image","twitter_misc":{"Escrito por":"OndaUno","Tiempo de lectura":"1 minuto"},"schema":{"@context":"https:\/\/schema.org","@graph":[{"@type":"WebPage","@id":"https:\/\/ondauno.com.ar\/index.php\/2024\/03\/25\/encuentro-productivo-entre-el-intendente-pablo-garate-y-delegados-municipales-recien-elegidos\/","url":"https:\/\/ondauno.com.ar\/index.php\/2024\/03\/25\/encuentro-productivo-entre-el-intendente-pablo-garate-y-delegados-municipales-recien-elegidos\/","name":"Encuentro productivo entre el intendente Pablo Garate y delegados municipales reci\u00e9n elegidos - 103.9 fm","isPartOf":{"@id":"https:\/\/ondauno.com.ar\/#website"},"primaryImageOfPage":{"@id":"https:\/\/ondauno.com.ar\/index.php\/2024\/03\/25\/encuentro-productivo-entre-el-intendente-pablo-garate-y-delegados-municipales-recien-elegidos\/#primaryimage"},"image":{"@id":"https:\/\/ondauno.com.ar\/index.php\/2024\/03\/25\/encuentro-productivo-entre-el-intendente-pablo-garate-y-delegados-municipales-recien-elegidos\/#primaryimage"},"thumbnailUrl":"https:\/\/ondauno.com.ar\/wp-content\/uploads\/2024\/03\/WhatsApp-Image-2024-03-25-at-14.54.23.jpeg","datePublished":"2024-03-25T21:46:00+00:00","dateModified":"2024-03-25T21:46:02+00:00","author":{"@id":"https:\/\/ondauno.com.ar\/#\/schema\/person\/7ec851ddeceb4133d7d7132dc645714e"},"breadcrumb":{"@id":"https:\/\/ondauno.com.ar\/index.php\/2024\/03\/25\/encuentro-productivo-entre-el-intendente-pablo-garate-y-delegados-municipales-recien-elegidos\/#breadcrumb"},"inLanguage":"es-AR","potentialAction":[{"@type":"ReadAction","target":["https:\/\/ondauno.com.ar\/index.php\/2024\/03\/25\/encuentro-productivo-entre-el-intendente-pablo-garate-y-delegados-municipales-recien-elegidos\/"]}]},{"@type":"ImageObject","inLanguage":"es-AR","@id":"https:\/\/ondauno.com.ar\/index.php\/2024\/03\/25\/encuentro-productivo-entre-el-intendente-pablo-garate-y-delegados-municipales-recien-elegidos\/#primaryimage","url":"https:\/\/ondauno.com.ar\/wp-content\/uploads\/2024\/03\/WhatsApp-Image-2024-03-25-at-14.54.23.jpeg","contentUrl":"https:\/\/ondauno.com.ar\/wp-content\/uploads\/2024\/03\/WhatsApp-Image-2024-03-25-at-14.54.23.jpeg","width":1296,"height":864},{"@type":"BreadcrumbList","@id":"https:\/\/ondauno.com.ar\/index.php\/2024\/03\/25\/encuentro-productivo-entre-el-intendente-pablo-garate-y-delegados-municipales-recien-elegidos\/#breadcrumb","itemListElement":[{"@type":"ListItem","position":1,"name":"Inicio","item":"https:\/\/ondauno.com.ar\/"},{"@type":"ListItem","position":2,"name":"Encuentro productivo entre el intendente Pablo Garate y delegados municipales reci\u00e9n elegidos"}]},{"@type":"WebSite","@id":"https:\/\/ondauno.com.ar\/#website","url":"https:\/\/ondauno.com.ar\/","name":"103.9 fm","description":"LA PRIMERA RADIO MULTIMEDIA DE TRES ARROYOS","potentialAction":[{"@type":"SearchAction","target":{"@type":"EntryPoint","urlTemplate":"https:\/\/ondauno.com.ar\/?s={search_term_string}"},"query-input":"required name=search_term_string"}],"inLanguage":"es-AR"},{"@type":"Person","@id":"https:\/\/ondauno.com.ar\/#\/schema\/person\/7ec851ddeceb4133d7d7132dc645714e","name":"OndaUno","image":{"@type":"ImageObject","inLanguage":"es-AR","@id":"https:\/\/ondauno.com.ar\/#\/schema\/person\/image\/","url":"https:\/\/secure.gravatar.com\/avatar\/93b8009f0de7021f1feb2bd5b32fb9e8?s=96&d=mm&r=g","contentUrl":"https:\/\/secure.gravatar.com\/avatar\/93b8009f0de7021f1feb2bd5b32fb9e8?s=96&d=mm&r=g","caption":"OndaUno"},"url":"https:\/\/ondauno.com.ar\/index.php\/author\/ondauno\/"}]}},"jetpack_publicize_connections":[],"jetpack_featured_media_url":"https:\/\/ondauno.com.ar\/wp-content\/uploads\/2024\/03\/WhatsApp-Image-2024-03-25-at-14.54.23.jpeg","jetpack_sharing_enabled":true,"_links":{"self":[{"href":"https:\/\/ondauno.com.ar\/index.php\/wp-json\/wp\/v2\/posts\/45722","targetHints":{"allow":["GET"]}}],"collection":[{"href":"https:\/\/ondauno.com.ar\/index.php\/wp-json\/wp\/v2\/posts"}],"about":[{"href":"https:\/\/ondauno.com.ar\/index.php\/wp-json\/wp\/v2\/types\/post"}],"author":[{"embeddable":true,"href":"https:\/\/ondauno.com.ar\/index.php\/wp-json\/wp\/v2\/users\/1"}],"replies":[{"embeddable":true,"href":"https:\/\/ondauno.com.ar\/index.php\/wp-json\/wp\/v2\/comments?post=45722"}],"version-history":[{"count":1,"href":"https:\/\/ondauno.com.ar\/index.php\/wp-json\/wp\/v2\/posts\/45722\/revisions"}],"predecessor-version":[{"id":45724,"href":"https:\/\/ondauno.com.ar\/index.php\/wp-json\/wp\/v2\/posts\/45722\/revisions\/45724"}],"wp:featuredmedia":[{"embeddable":true,"href":"https:\/\/ondauno.com.ar\/index.php\/wp-json\/wp\/v2\/media\/45723"}],"wp:attachment":[{"href":"https:\/\/ondauno.com.ar\/index.php\/wp-json\/wp\/v2\/media?parent=45722"}],"wp:term":[{"taxonomy":"category","embeddable":true,"href":"https:\/\/ondauno.com.ar\/index.php\/wp-json\/wp\/v2\/categories?post=45722"},{"taxonomy":"post_tag","embeddable":true,"href":"https:\/\/ondauno.com.ar\/index.php\/wp-json\/wp\/v2\/tags?post=45722"}],"curies":[{"name":"wp","href":"https:\/\/api.w.org\/{rel}","templated":true}]}}