{"id":45719,"date":"2024-03-25T18:43:25","date_gmt":"2024-03-25T21:43:25","guid":{"rendered":"https:\/\/ondauno.com.ar\/?p=45719"},"modified":"2024-03-25T18:43:27","modified_gmt":"2024-03-25T21:43:27","slug":"semana-santa-frente-al-mar-lucas-sugo-se-presenta-gratis-en-claromeco","status":"publish","type":"post","link":"https:\/\/ondauno.com.ar\/index.php\/2024\/03\/25\/semana-santa-frente-al-mar-lucas-sugo-se-presenta-gratis-en-claromeco\/","title":{"rendered":"Semana Santa Frente al Mar: Lucas Sugo se presenta gratis en Claromec\u00f3"},"content":{"rendered":"<div class=\"ondau-before-content_3\" style=\"margin-top: -30px;\" id=\"ondau-1449030223\"><a href=\"https:\/\/www.lps.com.ar\/\" aria-label=\"la-perse2\"><img loading=\"lazy\" decoding=\"async\" src=\"https:\/\/ondauno.com.ar\/wp-content\/uploads\/2021\/10\/la-perse2.jpg\" alt=\"\"  srcset=\"https:\/\/ondauno.com.ar\/wp-content\/uploads\/2021\/10\/la-perse2.jpg 1353w, https:\/\/ondauno.com.ar\/wp-content\/uploads\/2021\/10\/la-perse2-300x43.jpg 300w, https:\/\/ondauno.com.ar\/wp-content\/uploads\/2021\/10\/la-perse2-1024x148.jpg 1024w, https:\/\/ondauno.com.ar\/wp-content\/uploads\/2021\/10\/la-perse2-768x111.jpg 768w, https:\/\/ondauno.com.ar\/wp-content\/uploads\/2021\/10\/la-perse2-696x100.jpg 696w, https:\/\/ondauno.com.ar\/wp-content\/uploads\/2021\/10\/la-perse2-1068x154.jpg 1068w\" sizes=\"(max-width: 1353px) 100vw, 1353px\" class=\"no-lazyload\" width=\"1353\" height=\"195\"  style=\"display: inline-block;\" \/><\/a><\/div>\n<p>El director de Turismo, Pablo Ledesma, confirm\u00f3 la presentaci\u00f3n del artista de gran trayectoria en nuestro distrito. Se trata de un m\u00fasico con 20 a\u00f1os de trayectoria y varios \u00e9xitos en su historial de creaciones, como el tema \u201cCinco Minutos\u201d galardonado y con repercusi\u00f3n nacional e internacional.<\/p>\n\n\n\n<p>Lucas tiene hoy 45 a\u00f1os y comenz\u00f3 sus estudios de m\u00fasica a los 8 a\u00f1os de edad en su ciudad de residencia, Rivera, al norte de Uruguay. Desde ese momento su vida estuvo enlazada para siempre con la m\u00fasica, la composici\u00f3n y el canto.<\/p>\n\n\n\n<p>En 2013, comenz\u00f3 su banda solista llegando realizar conciertos en varios puntos de Latinoam\u00e9rica como Bolivia, Argentina, Paraguay, en el norte del continente americano en Canad\u00e1 y Estados Unidos y en Europa present\u00e1ndose en Francia y Espa\u00f1a.<\/p>\n\n\n\n<p>Este domingo, el turno es de Claromec\u00f3, con entrada libre y gratuita, para todo el p\u00fablico, turistas, residentes y curiosos que deseen acercarse para pasar una jornada inigualable, en la carpa ubicada en el play\u00f3n de la oficina de turismo Calle 30 y Costanera.<\/p>\n\n\n\n<p>Este espect\u00e1culo se logr\u00f3 con el apoyo y el trabajo en conjunto de muchas empresas de la ciudad, comprometidas con nuestro distrito.<\/p>\n\n\n\n<p>Las actividades estar\u00e1n disponibles desde el jueves 28 hasta el Lunes primero de abril, con una extensa grilla de espect\u00e1culos, torneos, excursiones, opciones de gastronom\u00eda de mar, el V\u00eda Crucis vivienda y la \u00faltima Cena.<\/p>\n","protected":false},"excerpt":{"rendered":"<p>El director de Turismo, Pablo Ledesma, confirm\u00f3 la presentaci\u00f3n del artista de gran trayectoria en nuestro distrito. Se trata de un m\u00fasico con 20 a\u00f1os de trayectoria y varios \u00e9xitos en su historial de creaciones, como el tema \u201cCinco Minutos\u201d galardonado y con repercusi\u00f3n nacional e internacional. Lucas tiene hoy 45 a\u00f1os y comenz\u00f3 sus [&hellip;]<\/p>\n","protected":false},"author":1,"featured_media":45720,"comment_status":"open","ping_status":"open","sticky":false,"template":"","format":"standard","meta":{"tdm_status":"","tdm_grid_status":"","_jetpack_memberships_contains_paid_content":false,"footnotes":"","jetpack_publicize_message":"","jetpack_publicize_feature_enabled":true,"jetpack_social_post_already_shared":true,"jetpack_social_options":{"image_generator_settings":{"template":"highway","default_image_id":0,"font":"","enabled":false},"version":2}},"categories":[2],"tags":[],"class_list":{"0":"post-45719","1":"post","2":"type-post","3":"status-publish","4":"format-standard","5":"has-post-thumbnail","7":"category-locales"},"yoast_head":"<!-- This site is optimized with the Yoast SEO plugin v22.7 - https:\/\/yoast.com\/wordpress\/plugins\/seo\/ -->\n<title>Semana Santa Frente al Mar: Lucas Sugo se presenta gratis en Claromec\u00f3 - 103.9 fm<\/title>\n<meta name=\"robots\" content=\"index, follow, max-snippet:-1, max-image-preview:large, max-video-preview:-1\" \/>\n<link rel=\"canonical\" href=\"https:\/\/ondauno.com.ar\/index.php\/2024\/03\/25\/semana-santa-frente-al-mar-lucas-sugo-se-presenta-gratis-en-claromeco\/\" \/>\n<meta property=\"og:locale\" content=\"es_ES\" \/>\n<meta property=\"og:type\" content=\"article\" \/>\n<meta property=\"og:title\" content=\"Semana Santa Frente al Mar: Lucas Sugo se presenta gratis en Claromec\u00f3 - 103.9 fm\" \/>\n<meta property=\"og:description\" content=\"El director de Turismo, Pablo Ledesma, confirm\u00f3 la presentaci\u00f3n del artista de gran trayectoria en nuestro distrito. Se trata de un m\u00fasico con 20 a\u00f1os de trayectoria y varios \u00e9xitos en su historial de creaciones, como el tema \u201cCinco Minutos\u201d galardonado y con repercusi\u00f3n nacional e internacional. Lucas tiene hoy 45 a\u00f1os y comenz\u00f3 sus [&hellip;]\" \/>\n<meta property=\"og:url\" content=\"https:\/\/ondauno.com.ar\/index.php\/2024\/03\/25\/semana-santa-frente-al-mar-lucas-sugo-se-presenta-gratis-en-claromeco\/\" \/>\n<meta property=\"og:site_name\" content=\"103.9 fm\" \/>\n<meta property=\"article:publisher\" content=\"https:\/\/www.facebook.com\/ondauno103.9\" \/>\n<meta property=\"article:published_time\" content=\"2024-03-25T21:43:25+00:00\" \/>\n<meta property=\"article:modified_time\" content=\"2024-03-25T21:43:27+00:00\" \/>\n<meta property=\"og:image\" content=\"https:\/\/ondauno.com.ar\/wp-content\/uploads\/2024\/03\/WhatsApp-Image-2024-03-25-at-16.45.04.jpeg\" \/>\n\t<meta property=\"og:image:width\" content=\"1080\" \/>\n\t<meta property=\"og:image:height\" content=\"1080\" \/>\n\t<meta property=\"og:image:type\" content=\"image\/jpeg\" \/>\n<meta name=\"author\" content=\"OndaUno\" \/>\n<meta name=\"twitter:card\" content=\"summary_large_image\" \/>\n<meta name=\"twitter:label1\" content=\"Escrito por\" \/>\n\t<meta name=\"twitter:data1\" content=\"OndaUno\" \/>\n\t<meta name=\"twitter:label2\" content=\"Tiempo de lectura\" \/>\n\t<meta name=\"twitter:data2\" content=\"1 minuto\" \/>\n<script type=\"application\/ld+json\" class=\"yoast-schema-graph\">{\"@context\":\"https:\/\/schema.org\",\"@graph\":[{\"@type\":\"WebPage\",\"@id\":\"https:\/\/ondauno.com.ar\/index.php\/2024\/03\/25\/semana-santa-frente-al-mar-lucas-sugo-se-presenta-gratis-en-claromeco\/\",\"url\":\"https:\/\/ondauno.com.ar\/index.php\/2024\/03\/25\/semana-santa-frente-al-mar-lucas-sugo-se-presenta-gratis-en-claromeco\/\",\"name\":\"Semana Santa Frente al Mar: Lucas Sugo se presenta gratis en Claromec\u00f3 - 103.9 fm\",\"isPartOf\":{\"@id\":\"https:\/\/ondauno.com.ar\/#website\"},\"primaryImageOfPage\":{\"@id\":\"https:\/\/ondauno.com.ar\/index.php\/2024\/03\/25\/semana-santa-frente-al-mar-lucas-sugo-se-presenta-gratis-en-claromeco\/#primaryimage\"},\"image\":{\"@id\":\"https:\/\/ondauno.com.ar\/index.php\/2024\/03\/25\/semana-santa-frente-al-mar-lucas-sugo-se-presenta-gratis-en-claromeco\/#primaryimage\"},\"thumbnailUrl\":\"https:\/\/ondauno.com.ar\/wp-content\/uploads\/2024\/03\/WhatsApp-Image-2024-03-25-at-16.45.04.jpeg\",\"datePublished\":\"2024-03-25T21:43:25+00:00\",\"dateModified\":\"2024-03-25T21:43:27+00:00\",\"author\":{\"@id\":\"https:\/\/ondauno.com.ar\/#\/schema\/person\/7ec851ddeceb4133d7d7132dc645714e\"},\"breadcrumb\":{\"@id\":\"https:\/\/ondauno.com.ar\/index.php\/2024\/03\/25\/semana-santa-frente-al-mar-lucas-sugo-se-presenta-gratis-en-claromeco\/#breadcrumb\"},\"inLanguage\":\"es-AR\",\"potentialAction\":[{\"@type\":\"ReadAction\",\"target\":[\"https:\/\/ondauno.com.ar\/index.php\/2024\/03\/25\/semana-santa-frente-al-mar-lucas-sugo-se-presenta-gratis-en-claromeco\/\"]}]},{\"@type\":\"ImageObject\",\"inLanguage\":\"es-AR\",\"@id\":\"https:\/\/ondauno.com.ar\/index.php\/2024\/03\/25\/semana-santa-frente-al-mar-lucas-sugo-se-presenta-gratis-en-claromeco\/#primaryimage\",\"url\":\"https:\/\/ondauno.com.ar\/wp-content\/uploads\/2024\/03\/WhatsApp-Image-2024-03-25-at-16.45.04.jpeg\",\"contentUrl\":\"https:\/\/ondauno.com.ar\/wp-content\/uploads\/2024\/03\/WhatsApp-Image-2024-03-25-at-16.45.04.jpeg\",\"width\":1080,\"height\":1080},{\"@type\":\"BreadcrumbList\",\"@id\":\"https:\/\/ondauno.com.ar\/index.php\/2024\/03\/25\/semana-santa-frente-al-mar-lucas-sugo-se-presenta-gratis-en-claromeco\/#breadcrumb\",\"itemListElement\":[{\"@type\":\"ListItem\",\"position\":1,\"name\":\"Inicio\",\"item\":\"https:\/\/ondauno.com.ar\/\"},{\"@type\":\"ListItem\",\"position\":2,\"name\":\"Semana Santa Frente al Mar: Lucas Sugo se presenta gratis en Claromec\u00f3\"}]},{\"@type\":\"WebSite\",\"@id\":\"https:\/\/ondauno.com.ar\/#website\",\"url\":\"https:\/\/ondauno.com.ar\/\",\"name\":\"103.9 fm\",\"description\":\"LA PRIMERA RADIO MULTIMEDIA DE TRES ARROYOS\",\"potentialAction\":[{\"@type\":\"SearchAction\",\"target\":{\"@type\":\"EntryPoint\",\"urlTemplate\":\"https:\/\/ondauno.com.ar\/?s={search_term_string}\"},\"query-input\":\"required name=search_term_string\"}],\"inLanguage\":\"es-AR\"},{\"@type\":\"Person\",\"@id\":\"https:\/\/ondauno.com.ar\/#\/schema\/person\/7ec851ddeceb4133d7d7132dc645714e\",\"name\":\"OndaUno\",\"image\":{\"@type\":\"ImageObject\",\"inLanguage\":\"es-AR\",\"@id\":\"https:\/\/ondauno.com.ar\/#\/schema\/person\/image\/\",\"url\":\"https:\/\/secure.gravatar.com\/avatar\/93b8009f0de7021f1feb2bd5b32fb9e8?s=96&d=mm&r=g\",\"contentUrl\":\"https:\/\/secure.gravatar.com\/avatar\/93b8009f0de7021f1feb2bd5b32fb9e8?s=96&d=mm&r=g\",\"caption\":\"OndaUno\"},\"url\":\"https:\/\/ondauno.com.ar\/index.php\/author\/ondauno\/\"}]}<\/script>\n<!-- \/ Yoast SEO plugin. -->","yoast_head_json":{"title":"Semana Santa Frente al Mar: Lucas Sugo se presenta gratis en Claromec\u00f3 - 103.9 fm","robots":{"index":"index","follow":"follow","max-snippet":"max-snippet:-1","max-image-preview":"max-image-preview:large","max-video-preview":"max-video-preview:-1"},"canonical":"https:\/\/ondauno.com.ar\/index.php\/2024\/03\/25\/semana-santa-frente-al-mar-lucas-sugo-se-presenta-gratis-en-claromeco\/","og_locale":"es_ES","og_type":"article","og_title":"Semana Santa Frente al Mar: Lucas Sugo se presenta gratis en Claromec\u00f3 - 103.9 fm","og_description":"El director de Turismo, Pablo Ledesma, confirm\u00f3 la presentaci\u00f3n del artista de gran trayectoria en nuestro distrito. Se trata de un m\u00fasico con 20 a\u00f1os de trayectoria y varios \u00e9xitos en su historial de creaciones, como el tema \u201cCinco Minutos\u201d galardonado y con repercusi\u00f3n nacional e internacional. Lucas tiene hoy 45 a\u00f1os y comenz\u00f3 sus [&hellip;]","og_url":"https:\/\/ondauno.com.ar\/index.php\/2024\/03\/25\/semana-santa-frente-al-mar-lucas-sugo-se-presenta-gratis-en-claromeco\/","og_site_name":"103.9 fm","article_publisher":"https:\/\/www.facebook.com\/ondauno103.9","article_published_time":"2024-03-25T21:43:25+00:00","article_modified_time":"2024-03-25T21:43:27+00:00","og_image":[{"width":1080,"height":1080,"url":"https:\/\/ondauno.com.ar\/wp-content\/uploads\/2024\/03\/WhatsApp-Image-2024-03-25-at-16.45.04.jpeg","type":"image\/jpeg"}],"author":"OndaUno","twitter_card":"summary_large_image","twitter_misc":{"Escrito por":"OndaUno","Tiempo de lectura":"1 minuto"},"schema":{"@context":"https:\/\/schema.org","@graph":[{"@type":"WebPage","@id":"https:\/\/ondauno.com.ar\/index.php\/2024\/03\/25\/semana-santa-frente-al-mar-lucas-sugo-se-presenta-gratis-en-claromeco\/","url":"https:\/\/ondauno.com.ar\/index.php\/2024\/03\/25\/semana-santa-frente-al-mar-lucas-sugo-se-presenta-gratis-en-claromeco\/","name":"Semana Santa Frente al Mar: Lucas Sugo se presenta gratis en Claromec\u00f3 - 103.9 fm","isPartOf":{"@id":"https:\/\/ondauno.com.ar\/#website"},"primaryImageOfPage":{"@id":"https:\/\/ondauno.com.ar\/index.php\/2024\/03\/25\/semana-santa-frente-al-mar-lucas-sugo-se-presenta-gratis-en-claromeco\/#primaryimage"},"image":{"@id":"https:\/\/ondauno.com.ar\/index.php\/2024\/03\/25\/semana-santa-frente-al-mar-lucas-sugo-se-presenta-gratis-en-claromeco\/#primaryimage"},"thumbnailUrl":"https:\/\/ondauno.com.ar\/wp-content\/uploads\/2024\/03\/WhatsApp-Image-2024-03-25-at-16.45.04.jpeg","datePublished":"2024-03-25T21:43:25+00:00","dateModified":"2024-03-25T21:43:27+00:00","author":{"@id":"https:\/\/ondauno.com.ar\/#\/schema\/person\/7ec851ddeceb4133d7d7132dc645714e"},"breadcrumb":{"@id":"https:\/\/ondauno.com.ar\/index.php\/2024\/03\/25\/semana-santa-frente-al-mar-lucas-sugo-se-presenta-gratis-en-claromeco\/#breadcrumb"},"inLanguage":"es-AR","potentialAction":[{"@type":"ReadAction","target":["https:\/\/ondauno.com.ar\/index.php\/2024\/03\/25\/semana-santa-frente-al-mar-lucas-sugo-se-presenta-gratis-en-claromeco\/"]}]},{"@type":"ImageObject","inLanguage":"es-AR","@id":"https:\/\/ondauno.com.ar\/index.php\/2024\/03\/25\/semana-santa-frente-al-mar-lucas-sugo-se-presenta-gratis-en-claromeco\/#primaryimage","url":"https:\/\/ondauno.com.ar\/wp-content\/uploads\/2024\/03\/WhatsApp-Image-2024-03-25-at-16.45.04.jpeg","contentUrl":"https:\/\/ondauno.com.ar\/wp-content\/uploads\/2024\/03\/WhatsApp-Image-2024-03-25-at-16.45.04.jpeg","width":1080,"height":1080},{"@type":"BreadcrumbList","@id":"https:\/\/ondauno.com.ar\/index.php\/2024\/03\/25\/semana-santa-frente-al-mar-lucas-sugo-se-presenta-gratis-en-claromeco\/#breadcrumb","itemListElement":[{"@type":"ListItem","position":1,"name":"Inicio","item":"https:\/\/ondauno.com.ar\/"},{"@type":"ListItem","position":2,"name":"Semana Santa Frente al Mar: Lucas Sugo se presenta gratis en Claromec\u00f3"}]},{"@type":"WebSite","@id":"https:\/\/ondauno.com.ar\/#website","url":"https:\/\/ondauno.com.ar\/","name":"103.9 fm","description":"LA PRIMERA RADIO MULTIMEDIA DE TRES ARROYOS","potentialAction":[{"@type":"SearchAction","target":{"@type":"EntryPoint","urlTemplate":"https:\/\/ondauno.com.ar\/?s={search_term_string}"},"query-input":"required name=search_term_string"}],"inLanguage":"es-AR"},{"@type":"Person","@id":"https:\/\/ondauno.com.ar\/#\/schema\/person\/7ec851ddeceb4133d7d7132dc645714e","name":"OndaUno","image":{"@type":"ImageObject","inLanguage":"es-AR","@id":"https:\/\/ondauno.com.ar\/#\/schema\/person\/image\/","url":"https:\/\/secure.gravatar.com\/avatar\/93b8009f0de7021f1feb2bd5b32fb9e8?s=96&d=mm&r=g","contentUrl":"https:\/\/secure.gravatar.com\/avatar\/93b8009f0de7021f1feb2bd5b32fb9e8?s=96&d=mm&r=g","caption":"OndaUno"},"url":"https:\/\/ondauno.com.ar\/index.php\/author\/ondauno\/"}]}},"jetpack_publicize_connections":[],"jetpack_featured_media_url":"https:\/\/ondauno.com.ar\/wp-content\/uploads\/2024\/03\/WhatsApp-Image-2024-03-25-at-16.45.04.jpeg","jetpack_sharing_enabled":true,"_links":{"self":[{"href":"https:\/\/ondauno.com.ar\/index.php\/wp-json\/wp\/v2\/posts\/45719","targetHints":{"allow":["GET"]}}],"collection":[{"href":"https:\/\/ondauno.com.ar\/index.php\/wp-json\/wp\/v2\/posts"}],"about":[{"href":"https:\/\/ondauno.com.ar\/index.php\/wp-json\/wp\/v2\/types\/post"}],"author":[{"embeddable":true,"href":"https:\/\/ondauno.com.ar\/index.php\/wp-json\/wp\/v2\/users\/1"}],"replies":[{"embeddable":true,"href":"https:\/\/ondauno.com.ar\/index.php\/wp-json\/wp\/v2\/comments?post=45719"}],"version-history":[{"count":1,"href":"https:\/\/ondauno.com.ar\/index.php\/wp-json\/wp\/v2\/posts\/45719\/revisions"}],"predecessor-version":[{"id":45721,"href":"https:\/\/ondauno.com.ar\/index.php\/wp-json\/wp\/v2\/posts\/45719\/revisions\/45721"}],"wp:featuredmedia":[{"embeddable":true,"href":"https:\/\/ondauno.com.ar\/index.php\/wp-json\/wp\/v2\/media\/45720"}],"wp:attachment":[{"href":"https:\/\/ondauno.com.ar\/index.php\/wp-json\/wp\/v2\/media?parent=45719"}],"wp:term":[{"taxonomy":"category","embeddable":true,"href":"https:\/\/ondauno.com.ar\/index.php\/wp-json\/wp\/v2\/categories?post=45719"},{"taxonomy":"post_tag","embeddable":true,"href":"https:\/\/ondauno.com.ar\/index.php\/wp-json\/wp\/v2\/tags?post=45719"}],"curies":[{"name":"wp","href":"https:\/\/api.w.org\/{rel}","templated":true}]}}