{"id":45714,"date":"2024-03-25T18:39:42","date_gmt":"2024-03-25T21:39:42","guid":{"rendered":"https:\/\/ondauno.com.ar\/?p=45714"},"modified":"2024-03-25T18:40:57","modified_gmt":"2024-03-25T21:40:57","slug":"identificacion-geografica-y-la-denominacion-de-origen-del-aceite-de-oliva-dos-objetivos-de-dorrego","status":"publish","type":"post","link":"https:\/\/ondauno.com.ar\/index.php\/2024\/03\/25\/identificacion-geografica-y-la-denominacion-de-origen-del-aceite-de-oliva-dos-objetivos-de-dorrego\/","title":{"rendered":"Identificaci\u00f3n geogr\u00e1fica y la denominaci\u00f3n de origen del aceite de oliva; dos objetivos de Dorrego"},"content":{"rendered":"<div class=\"ondau-before-content_3\" style=\"margin-top: -30px;\" id=\"ondau-1153605443\"><a href=\"https:\/\/www.lps.com.ar\/\" aria-label=\"la-perse2\"><img loading=\"lazy\" decoding=\"async\" src=\"https:\/\/ondauno.com.ar\/wp-content\/uploads\/2021\/10\/la-perse2.jpg\" alt=\"\"  srcset=\"https:\/\/ondauno.com.ar\/wp-content\/uploads\/2021\/10\/la-perse2.jpg 1353w, https:\/\/ondauno.com.ar\/wp-content\/uploads\/2021\/10\/la-perse2-300x43.jpg 300w, https:\/\/ondauno.com.ar\/wp-content\/uploads\/2021\/10\/la-perse2-1024x148.jpg 1024w, https:\/\/ondauno.com.ar\/wp-content\/uploads\/2021\/10\/la-perse2-768x111.jpg 768w, https:\/\/ondauno.com.ar\/wp-content\/uploads\/2021\/10\/la-perse2-696x100.jpg 696w, https:\/\/ondauno.com.ar\/wp-content\/uploads\/2021\/10\/la-perse2-1068x154.jpg 1068w\" sizes=\"(max-width: 1353px) 100vw, 1353px\" class=\"no-lazyload\" width=\"1353\" height=\"195\"  style=\"display: inline-block;\" \/><\/a><\/div>\n<p class=\"has-small-font-size\"><em>Foto: Fm Master Dorrego <\/em><\/p>\n\n\n\n<p>Tras una nueva edici\u00f3n de la Fiesta Provincial del Olivo en Coronel Dorrego, el intendente Juan Carlos Chalde comparti\u00f3 en Cosas que pasab las sensaciones de un evento que destac\u00f3 por su enfoque t\u00e9cnico, sus aportes al sector productivo y la presencia del ministro de Pol\u00edticas para la Producci\u00f3n, Javier Rodr\u00edguez.<\/p>\n\n\n\n<p>La fiesta, que celebr\u00f3 su edici\u00f3n n\u00famero 15, comenz\u00f3 con una serie de charlas t\u00e9cnicas de alto nivel que contaron con la participaci\u00f3n de expertos de La Rioja, Mendoza, San Juan y la regi\u00f3n local.<\/p>\n\n\n\n<p>Estas charlas, realizadas tanto en las fincas como en el centro cultural de la ciudad, brindaron a los productores oliv\u00edcolas informaci\u00f3n valiosa y actualizada, un insumo fundamental para la toma de decisiones empresariales.<\/p>\n\n\n\n<p>&#8220;Es fundamental tener buena informaci\u00f3n de calidad, tanto para los productores como para los consumidores&#8221;, destac\u00f3 Chalde.<\/p>\n\n\n\n<p>&#8220;La forma de determinar y apreciar la calidad del aceite de oliva virgen extra que producimos en nuestra regi\u00f3n nos permite valorar el producto y transmitirlo adecuadamente&#8221;, coment\u00f3 el mandatario.<\/p>\n\n\n\n<p>Tras la inauguraci\u00f3n oficial y un recorrido por las fincas de los olivicultores, se llev\u00f3 a cabo una reuni\u00f3n donde se abordaron dos objetivos clave: la identificaci\u00f3n geogr\u00e1fica y la denominaci\u00f3n de origen para el aceite de oliva dorreguense.<\/p>\n\n\n\n<p>&#8220;Lograr la marca &#8216;Dorrego&#8217; para nuestro aceite de oliva es un paso muy importante&#8221;, enfatiz\u00f3 Chalde.<\/p>\n\n\n\n<p>&#8220;Esto no s\u00f3lo realzar\u00e1 la calidad de nuestro producto, sino que tambi\u00e9n contribuir\u00e1 al crecimiento de la producci\u00f3n, la generaci\u00f3n de empleo y las oportunidades para nuestra comunidad&#8221;.<\/p>\n\n\n\n<p>Adem\u00e1s de la parte t\u00e9cnica, la fiesta ofreci\u00f3 un espacio recreativo con la presencia de artesanos, emprendedores y un variado patio gastron\u00f3mico que atrajo a una gran afluencia de p\u00fablico durante todo el fin de semana.<\/p>\n\n\n\n<p>El cierre, a cargo del grupo Palmae, fue una verdadera celebraci\u00f3n que dej\u00f3 a todos los asistentes de buen \u00e1nimo.<\/p>\n\n\n\n<figure class=\"wp-block-embed is-type-rich is-provider-gestor-del-servicio wp-block-embed-gestor-del-servicio wp-embed-aspect-16-9 wp-has-aspect-ratio\"><div class=\"wp-block-embed__wrapper\">\n<div class=\"youtube-embed\" data-video_id=\"8GcmRPZMkII\"><iframe loading=\"lazy\" title=\"Onda Uno 103.9 en vivo\" width=\"696\" height=\"392\" data-src=\"https:\/\/www.youtube.com\/embed\/8GcmRPZMkII?feature=oembed&#038;enablejsapi=1\" frameborder=\"0\" allow=\"accelerometer; autoplay; clipboard-write; encrypted-media; gyroscope; picture-in-picture; web-share\" allowfullscreen src=\"data:image\/gif;base64,R0lGODlhAQABAAAAACH5BAEKAAEALAAAAAABAAEAAAICTAEAOw==\" class=\"lazyload\" data-load-mode=\"1\"><\/iframe><\/div>\n<\/div><\/figure>\n","protected":false},"excerpt":{"rendered":"<p>Foto: Fm Master Dorrego Tras una nueva edici\u00f3n de la Fiesta Provincial del Olivo en Coronel Dorrego, el intendente Juan Carlos Chalde comparti\u00f3 en Cosas que pasab las sensaciones de un evento que destac\u00f3 por su enfoque t\u00e9cnico, sus aportes al sector productivo y la presencia del ministro de Pol\u00edticas para la Producci\u00f3n, Javier Rodr\u00edguez. [&hellip;]<\/p>\n","protected":false},"author":1,"featured_media":45715,"comment_status":"open","ping_status":"open","sticky":false,"template":"","format":"standard","meta":{"tdm_status":"","tdm_grid_status":"","_jetpack_memberships_contains_paid_content":false,"footnotes":"","jetpack_publicize_message":"","jetpack_publicize_feature_enabled":true,"jetpack_social_post_already_shared":true,"jetpack_social_options":{"image_generator_settings":{"template":"highway","default_image_id":0,"font":"","enabled":false},"version":2}},"categories":[35],"tags":[],"class_list":{"0":"post-45714","1":"post","2":"type-post","3":"status-publish","4":"format-standard","5":"has-post-thumbnail","7":"category-regionales"},"yoast_head":"<!-- This site is optimized with the Yoast SEO plugin v22.7 - https:\/\/yoast.com\/wordpress\/plugins\/seo\/ -->\n<title>Identificaci\u00f3n geogr\u00e1fica y la denominaci\u00f3n de origen del aceite de oliva; dos objetivos de Dorrego - 103.9 fm<\/title>\n<meta name=\"robots\" content=\"index, follow, max-snippet:-1, max-image-preview:large, max-video-preview:-1\" \/>\n<link rel=\"canonical\" href=\"https:\/\/ondauno.com.ar\/index.php\/2024\/03\/25\/identificacion-geografica-y-la-denominacion-de-origen-del-aceite-de-oliva-dos-objetivos-de-dorrego\/\" \/>\n<meta property=\"og:locale\" content=\"es_ES\" \/>\n<meta property=\"og:type\" content=\"article\" \/>\n<meta property=\"og:title\" content=\"Identificaci\u00f3n geogr\u00e1fica y la denominaci\u00f3n de origen del aceite de oliva; dos objetivos de Dorrego - 103.9 fm\" \/>\n<meta property=\"og:description\" content=\"Foto: Fm Master Dorrego Tras una nueva edici\u00f3n de la Fiesta Provincial del Olivo en Coronel Dorrego, el intendente Juan Carlos Chalde comparti\u00f3 en Cosas que pasab las sensaciones de un evento que destac\u00f3 por su enfoque t\u00e9cnico, sus aportes al sector productivo y la presencia del ministro de Pol\u00edticas para la Producci\u00f3n, Javier Rodr\u00edguez. [&hellip;]\" \/>\n<meta property=\"og:url\" content=\"https:\/\/ondauno.com.ar\/index.php\/2024\/03\/25\/identificacion-geografica-y-la-denominacion-de-origen-del-aceite-de-oliva-dos-objetivos-de-dorrego\/\" \/>\n<meta property=\"og:site_name\" content=\"103.9 fm\" \/>\n<meta property=\"article:publisher\" content=\"https:\/\/www.facebook.com\/ondauno103.9\" \/>\n<meta property=\"article:published_time\" content=\"2024-03-25T21:39:42+00:00\" \/>\n<meta property=\"article:modified_time\" content=\"2024-03-25T21:40:57+00:00\" \/>\n<meta property=\"og:image\" content=\"https:\/\/ondauno.com.ar\/wp-content\/uploads\/2024\/03\/fiesta-del-olivo.jpg\" \/>\n\t<meta property=\"og:image:width\" content=\"2048\" \/>\n\t<meta property=\"og:image:height\" content=\"2048\" \/>\n\t<meta property=\"og:image:type\" content=\"image\/jpeg\" \/>\n<meta name=\"author\" content=\"OndaUno\" \/>\n<meta name=\"twitter:card\" content=\"summary_large_image\" \/>\n<meta name=\"twitter:label1\" content=\"Escrito por\" \/>\n\t<meta name=\"twitter:data1\" content=\"OndaUno\" \/>\n\t<meta name=\"twitter:label2\" content=\"Tiempo de lectura\" \/>\n\t<meta name=\"twitter:data2\" content=\"2 minutos\" \/>\n<script type=\"application\/ld+json\" class=\"yoast-schema-graph\">{\"@context\":\"https:\/\/schema.org\",\"@graph\":[{\"@type\":\"WebPage\",\"@id\":\"https:\/\/ondauno.com.ar\/index.php\/2024\/03\/25\/identificacion-geografica-y-la-denominacion-de-origen-del-aceite-de-oliva-dos-objetivos-de-dorrego\/\",\"url\":\"https:\/\/ondauno.com.ar\/index.php\/2024\/03\/25\/identificacion-geografica-y-la-denominacion-de-origen-del-aceite-de-oliva-dos-objetivos-de-dorrego\/\",\"name\":\"Identificaci\u00f3n geogr\u00e1fica y la denominaci\u00f3n de origen del aceite de oliva; dos objetivos de Dorrego - 103.9 fm\",\"isPartOf\":{\"@id\":\"https:\/\/ondauno.com.ar\/#website\"},\"primaryImageOfPage\":{\"@id\":\"https:\/\/ondauno.com.ar\/index.php\/2024\/03\/25\/identificacion-geografica-y-la-denominacion-de-origen-del-aceite-de-oliva-dos-objetivos-de-dorrego\/#primaryimage\"},\"image\":{\"@id\":\"https:\/\/ondauno.com.ar\/index.php\/2024\/03\/25\/identificacion-geografica-y-la-denominacion-de-origen-del-aceite-de-oliva-dos-objetivos-de-dorrego\/#primaryimage\"},\"thumbnailUrl\":\"https:\/\/ondauno.com.ar\/wp-content\/uploads\/2024\/03\/fiesta-del-olivo.jpg\",\"datePublished\":\"2024-03-25T21:39:42+00:00\",\"dateModified\":\"2024-03-25T21:40:57+00:00\",\"author\":{\"@id\":\"https:\/\/ondauno.com.ar\/#\/schema\/person\/7ec851ddeceb4133d7d7132dc645714e\"},\"breadcrumb\":{\"@id\":\"https:\/\/ondauno.com.ar\/index.php\/2024\/03\/25\/identificacion-geografica-y-la-denominacion-de-origen-del-aceite-de-oliva-dos-objetivos-de-dorrego\/#breadcrumb\"},\"inLanguage\":\"es-AR\",\"potentialAction\":[{\"@type\":\"ReadAction\",\"target\":[\"https:\/\/ondauno.com.ar\/index.php\/2024\/03\/25\/identificacion-geografica-y-la-denominacion-de-origen-del-aceite-de-oliva-dos-objetivos-de-dorrego\/\"]}]},{\"@type\":\"ImageObject\",\"inLanguage\":\"es-AR\",\"@id\":\"https:\/\/ondauno.com.ar\/index.php\/2024\/03\/25\/identificacion-geografica-y-la-denominacion-de-origen-del-aceite-de-oliva-dos-objetivos-de-dorrego\/#primaryimage\",\"url\":\"https:\/\/ondauno.com.ar\/wp-content\/uploads\/2024\/03\/fiesta-del-olivo.jpg\",\"contentUrl\":\"https:\/\/ondauno.com.ar\/wp-content\/uploads\/2024\/03\/fiesta-del-olivo.jpg\",\"width\":2048,\"height\":2048},{\"@type\":\"BreadcrumbList\",\"@id\":\"https:\/\/ondauno.com.ar\/index.php\/2024\/03\/25\/identificacion-geografica-y-la-denominacion-de-origen-del-aceite-de-oliva-dos-objetivos-de-dorrego\/#breadcrumb\",\"itemListElement\":[{\"@type\":\"ListItem\",\"position\":1,\"name\":\"Inicio\",\"item\":\"https:\/\/ondauno.com.ar\/\"},{\"@type\":\"ListItem\",\"position\":2,\"name\":\"Identificaci\u00f3n geogr\u00e1fica y la denominaci\u00f3n de origen del aceite de oliva; dos objetivos de Dorrego\"}]},{\"@type\":\"WebSite\",\"@id\":\"https:\/\/ondauno.com.ar\/#website\",\"url\":\"https:\/\/ondauno.com.ar\/\",\"name\":\"103.9 fm\",\"description\":\"LA PRIMERA RADIO MULTIMEDIA DE TRES ARROYOS\",\"potentialAction\":[{\"@type\":\"SearchAction\",\"target\":{\"@type\":\"EntryPoint\",\"urlTemplate\":\"https:\/\/ondauno.com.ar\/?s={search_term_string}\"},\"query-input\":\"required name=search_term_string\"}],\"inLanguage\":\"es-AR\"},{\"@type\":\"Person\",\"@id\":\"https:\/\/ondauno.com.ar\/#\/schema\/person\/7ec851ddeceb4133d7d7132dc645714e\",\"name\":\"OndaUno\",\"image\":{\"@type\":\"ImageObject\",\"inLanguage\":\"es-AR\",\"@id\":\"https:\/\/ondauno.com.ar\/#\/schema\/person\/image\/\",\"url\":\"https:\/\/secure.gravatar.com\/avatar\/93b8009f0de7021f1feb2bd5b32fb9e8?s=96&d=mm&r=g\",\"contentUrl\":\"https:\/\/secure.gravatar.com\/avatar\/93b8009f0de7021f1feb2bd5b32fb9e8?s=96&d=mm&r=g\",\"caption\":\"OndaUno\"},\"url\":\"https:\/\/ondauno.com.ar\/index.php\/author\/ondauno\/\"}]}<\/script>\n<!-- \/ Yoast SEO plugin. -->","yoast_head_json":{"title":"Identificaci\u00f3n geogr\u00e1fica y la denominaci\u00f3n de origen del aceite de oliva; dos objetivos de Dorrego - 103.9 fm","robots":{"index":"index","follow":"follow","max-snippet":"max-snippet:-1","max-image-preview":"max-image-preview:large","max-video-preview":"max-video-preview:-1"},"canonical":"https:\/\/ondauno.com.ar\/index.php\/2024\/03\/25\/identificacion-geografica-y-la-denominacion-de-origen-del-aceite-de-oliva-dos-objetivos-de-dorrego\/","og_locale":"es_ES","og_type":"article","og_title":"Identificaci\u00f3n geogr\u00e1fica y la denominaci\u00f3n de origen del aceite de oliva; dos objetivos de Dorrego - 103.9 fm","og_description":"Foto: Fm Master Dorrego Tras una nueva edici\u00f3n de la Fiesta Provincial del Olivo en Coronel Dorrego, el intendente Juan Carlos Chalde comparti\u00f3 en Cosas que pasab las sensaciones de un evento que destac\u00f3 por su enfoque t\u00e9cnico, sus aportes al sector productivo y la presencia del ministro de Pol\u00edticas para la Producci\u00f3n, Javier Rodr\u00edguez. [&hellip;]","og_url":"https:\/\/ondauno.com.ar\/index.php\/2024\/03\/25\/identificacion-geografica-y-la-denominacion-de-origen-del-aceite-de-oliva-dos-objetivos-de-dorrego\/","og_site_name":"103.9 fm","article_publisher":"https:\/\/www.facebook.com\/ondauno103.9","article_published_time":"2024-03-25T21:39:42+00:00","article_modified_time":"2024-03-25T21:40:57+00:00","og_image":[{"width":2048,"height":2048,"url":"https:\/\/ondauno.com.ar\/wp-content\/uploads\/2024\/03\/fiesta-del-olivo.jpg","type":"image\/jpeg"}],"author":"OndaUno","twitter_card":"summary_large_image","twitter_misc":{"Escrito por":"OndaUno","Tiempo de lectura":"2 minutos"},"schema":{"@context":"https:\/\/schema.org","@graph":[{"@type":"WebPage","@id":"https:\/\/ondauno.com.ar\/index.php\/2024\/03\/25\/identificacion-geografica-y-la-denominacion-de-origen-del-aceite-de-oliva-dos-objetivos-de-dorrego\/","url":"https:\/\/ondauno.com.ar\/index.php\/2024\/03\/25\/identificacion-geografica-y-la-denominacion-de-origen-del-aceite-de-oliva-dos-objetivos-de-dorrego\/","name":"Identificaci\u00f3n geogr\u00e1fica y la denominaci\u00f3n de origen del aceite de oliva; dos objetivos de Dorrego - 103.9 fm","isPartOf":{"@id":"https:\/\/ondauno.com.ar\/#website"},"primaryImageOfPage":{"@id":"https:\/\/ondauno.com.ar\/index.php\/2024\/03\/25\/identificacion-geografica-y-la-denominacion-de-origen-del-aceite-de-oliva-dos-objetivos-de-dorrego\/#primaryimage"},"image":{"@id":"https:\/\/ondauno.com.ar\/index.php\/2024\/03\/25\/identificacion-geografica-y-la-denominacion-de-origen-del-aceite-de-oliva-dos-objetivos-de-dorrego\/#primaryimage"},"thumbnailUrl":"https:\/\/ondauno.com.ar\/wp-content\/uploads\/2024\/03\/fiesta-del-olivo.jpg","datePublished":"2024-03-25T21:39:42+00:00","dateModified":"2024-03-25T21:40:57+00:00","author":{"@id":"https:\/\/ondauno.com.ar\/#\/schema\/person\/7ec851ddeceb4133d7d7132dc645714e"},"breadcrumb":{"@id":"https:\/\/ondauno.com.ar\/index.php\/2024\/03\/25\/identificacion-geografica-y-la-denominacion-de-origen-del-aceite-de-oliva-dos-objetivos-de-dorrego\/#breadcrumb"},"inLanguage":"es-AR","potentialAction":[{"@type":"ReadAction","target":["https:\/\/ondauno.com.ar\/index.php\/2024\/03\/25\/identificacion-geografica-y-la-denominacion-de-origen-del-aceite-de-oliva-dos-objetivos-de-dorrego\/"]}]},{"@type":"ImageObject","inLanguage":"es-AR","@id":"https:\/\/ondauno.com.ar\/index.php\/2024\/03\/25\/identificacion-geografica-y-la-denominacion-de-origen-del-aceite-de-oliva-dos-objetivos-de-dorrego\/#primaryimage","url":"https:\/\/ondauno.com.ar\/wp-content\/uploads\/2024\/03\/fiesta-del-olivo.jpg","contentUrl":"https:\/\/ondauno.com.ar\/wp-content\/uploads\/2024\/03\/fiesta-del-olivo.jpg","width":2048,"height":2048},{"@type":"BreadcrumbList","@id":"https:\/\/ondauno.com.ar\/index.php\/2024\/03\/25\/identificacion-geografica-y-la-denominacion-de-origen-del-aceite-de-oliva-dos-objetivos-de-dorrego\/#breadcrumb","itemListElement":[{"@type":"ListItem","position":1,"name":"Inicio","item":"https:\/\/ondauno.com.ar\/"},{"@type":"ListItem","position":2,"name":"Identificaci\u00f3n geogr\u00e1fica y la denominaci\u00f3n de origen del aceite de oliva; dos objetivos de Dorrego"}]},{"@type":"WebSite","@id":"https:\/\/ondauno.com.ar\/#website","url":"https:\/\/ondauno.com.ar\/","name":"103.9 fm","description":"LA PRIMERA RADIO MULTIMEDIA DE TRES ARROYOS","potentialAction":[{"@type":"SearchAction","target":{"@type":"EntryPoint","urlTemplate":"https:\/\/ondauno.com.ar\/?s={search_term_string}"},"query-input":"required name=search_term_string"}],"inLanguage":"es-AR"},{"@type":"Person","@id":"https:\/\/ondauno.com.ar\/#\/schema\/person\/7ec851ddeceb4133d7d7132dc645714e","name":"OndaUno","image":{"@type":"ImageObject","inLanguage":"es-AR","@id":"https:\/\/ondauno.com.ar\/#\/schema\/person\/image\/","url":"https:\/\/secure.gravatar.com\/avatar\/93b8009f0de7021f1feb2bd5b32fb9e8?s=96&d=mm&r=g","contentUrl":"https:\/\/secure.gravatar.com\/avatar\/93b8009f0de7021f1feb2bd5b32fb9e8?s=96&d=mm&r=g","caption":"OndaUno"},"url":"https:\/\/ondauno.com.ar\/index.php\/author\/ondauno\/"}]}},"jetpack_publicize_connections":[],"jetpack_featured_media_url":"https:\/\/ondauno.com.ar\/wp-content\/uploads\/2024\/03\/fiesta-del-olivo.jpg","jetpack_sharing_enabled":true,"_links":{"self":[{"href":"https:\/\/ondauno.com.ar\/index.php\/wp-json\/wp\/v2\/posts\/45714","targetHints":{"allow":["GET"]}}],"collection":[{"href":"https:\/\/ondauno.com.ar\/index.php\/wp-json\/wp\/v2\/posts"}],"about":[{"href":"https:\/\/ondauno.com.ar\/index.php\/wp-json\/wp\/v2\/types\/post"}],"author":[{"embeddable":true,"href":"https:\/\/ondauno.com.ar\/index.php\/wp-json\/wp\/v2\/users\/1"}],"replies":[{"embeddable":true,"href":"https:\/\/ondauno.com.ar\/index.php\/wp-json\/wp\/v2\/comments?post=45714"}],"version-history":[{"count":2,"href":"https:\/\/ondauno.com.ar\/index.php\/wp-json\/wp\/v2\/posts\/45714\/revisions"}],"predecessor-version":[{"id":45717,"href":"https:\/\/ondauno.com.ar\/index.php\/wp-json\/wp\/v2\/posts\/45714\/revisions\/45717"}],"wp:featuredmedia":[{"embeddable":true,"href":"https:\/\/ondauno.com.ar\/index.php\/wp-json\/wp\/v2\/media\/45715"}],"wp:attachment":[{"href":"https:\/\/ondauno.com.ar\/index.php\/wp-json\/wp\/v2\/media?parent=45714"}],"wp:term":[{"taxonomy":"category","embeddable":true,"href":"https:\/\/ondauno.com.ar\/index.php\/wp-json\/wp\/v2\/categories?post=45714"},{"taxonomy":"post_tag","embeddable":true,"href":"https:\/\/ondauno.com.ar\/index.php\/wp-json\/wp\/v2\/tags?post=45714"}],"curies":[{"name":"wp","href":"https:\/\/api.w.org\/{rel}","templated":true}]}}