{"id":45710,"date":"2024-03-25T18:22:42","date_gmt":"2024-03-25T21:22:42","guid":{"rendered":"https:\/\/ondauno.com.ar\/?p=45710"},"modified":"2024-03-25T18:22:44","modified_gmt":"2024-03-25T21:22:44","slug":"garate-hablo-de-la-jornada-historica-en-las-localidades-y-los-avances-en-su-gestion","status":"publish","type":"post","link":"https:\/\/ondauno.com.ar\/index.php\/2024\/03\/25\/garate-hablo-de-la-jornada-historica-en-las-localidades-y-los-avances-en-su-gestion\/","title":{"rendered":"Garate habl\u00f3 de la jornada hist\u00f3rica en las localidades y los avances en su gesti\u00f3n"},"content":{"rendered":"<div class=\"ondau-before-content_3\" style=\"margin-top: -30px;\" id=\"ondau-838620783\"><a href=\"https:\/\/www.lps.com.ar\/\" aria-label=\"la-perse2\"><img loading=\"lazy\" decoding=\"async\" src=\"https:\/\/ondauno.com.ar\/wp-content\/uploads\/2021\/10\/la-perse2.jpg\" alt=\"\"  srcset=\"https:\/\/ondauno.com.ar\/wp-content\/uploads\/2021\/10\/la-perse2.jpg 1353w, https:\/\/ondauno.com.ar\/wp-content\/uploads\/2021\/10\/la-perse2-300x43.jpg 300w, https:\/\/ondauno.com.ar\/wp-content\/uploads\/2021\/10\/la-perse2-1024x148.jpg 1024w, https:\/\/ondauno.com.ar\/wp-content\/uploads\/2021\/10\/la-perse2-768x111.jpg 768w, https:\/\/ondauno.com.ar\/wp-content\/uploads\/2021\/10\/la-perse2-696x100.jpg 696w, https:\/\/ondauno.com.ar\/wp-content\/uploads\/2021\/10\/la-perse2-1068x154.jpg 1068w\" sizes=\"(max-width: 1353px) 100vw, 1353px\" class=\"no-lazyload\" width=\"1353\" height=\"195\"  style=\"display: inline-block;\" \/><\/a><\/div>\n<p>En Cosas que pasan el intendente de Tres Arroyos, Pablo Garate, remarc\u00f3 la importancia de la jornada electoral que tuvo lugar en las localidades del distrito, donde por primera vez los vecinos pudieron elegir a sus delegados de manera simult\u00e1nea en San Francisco de Bellocq, Orense, Claromec\u00f3, Cascallares, Reta y la Sociedad de Fomento de Copetonas.<\/p>\n\n\n\n<p>El intendente resalt\u00f3 el car\u00e1cter hist\u00f3rico de este hecho y la alta participaci\u00f3n de la comunidad, que respald\u00f3 a los delegados interinos elegidos previamente.<\/p>\n\n\n\n<p>Garate destac\u00f3 el compromiso de su gesti\u00f3n con las localidades, mencionando varios proyectos en marcha.<\/p>\n\n\n\n<p>En Cascallares, se est\u00e1 trabajando en conjunto con la cooperativa local para mejorar el suministro de agua.<\/p>\n\n\n\n<p>En Orense, se present\u00f3 un proyecto para intervenir en la ruta 72 y prevenir accidentes de tr\u00e1nsito, adem\u00e1s de mejoras en la infraestructura de salud.<\/p>\n\n\n\n<p>En Copetonas y Reta, se est\u00e1n realizando trabajos de pavimentaci\u00f3n y mejoras en las calles de acceso a centros de salud.<br>Respecto a la elecci\u00f3n de los delegados, Garate se\u00f1al\u00f3 que se ha cumplido con la palabra empe\u00f1ada de que sean elegidos por los vecinos, destacando la importancia de esta forma de participaci\u00f3n ciudadana en la gesti\u00f3n local.<\/p>\n\n\n\n<p>En otros temas, el intendente mencion\u00f3 la pr\u00f3xima adquisici\u00f3n de dos Combis para transporte p\u00fablico, la ampliaci\u00f3n de horarios y servicios en la guardia pedi\u00e1trica, y los avances en la red de agua corriente. Adem\u00e1s, se refiri\u00f3 a la realizaci\u00f3n de obras de vivienda y la necesidad de mejorar la recaudaci\u00f3n municipal.<\/p>\n\n\n\n<p>Para finalizar, Garate expres\u00f3 su satisfacci\u00f3n por el trabajo realizado hasta el momento, subrayando el compromiso de su equipo con la comunidad y la responsabilidad de abordar los desaf\u00edos que presenta el a\u00f1o.<\/p>\n\n\n\n<figure class=\"wp-block-embed is-type-rich is-provider-gestor-del-servicio wp-block-embed-gestor-del-servicio wp-embed-aspect-16-9 wp-has-aspect-ratio\"><div class=\"wp-block-embed__wrapper\">\n<div class=\"youtube-embed\" data-video_id=\"he_Zgb9ctd8\"><iframe loading=\"lazy\" title=\"Onda Uno 103.9 en vivo\" width=\"696\" height=\"392\" data-src=\"https:\/\/www.youtube.com\/embed\/he_Zgb9ctd8?feature=oembed&#038;enablejsapi=1\" frameborder=\"0\" allow=\"accelerometer; autoplay; clipboard-write; encrypted-media; gyroscope; picture-in-picture; web-share\" allowfullscreen src=\"data:image\/gif;base64,R0lGODlhAQABAAAAACH5BAEKAAEALAAAAAABAAEAAAICTAEAOw==\" class=\"lazyload\" data-load-mode=\"1\"><\/iframe><\/div>\n<\/div><\/figure>\n","protected":false},"excerpt":{"rendered":"<p>En Cosas que pasan el intendente de Tres Arroyos, Pablo Garate, remarc\u00f3 la importancia de la jornada electoral que tuvo lugar en las localidades del distrito, donde por primera vez los vecinos pudieron elegir a sus delegados de manera simult\u00e1nea en San Francisco de Bellocq, Orense, Claromec\u00f3, Cascallares, Reta y la Sociedad de Fomento de [&hellip;]<\/p>\n","protected":false},"author":1,"featured_media":40905,"comment_status":"open","ping_status":"open","sticky":false,"template":"","format":"standard","meta":{"tdm_status":"","tdm_grid_status":"","_jetpack_memberships_contains_paid_content":false,"footnotes":"","jetpack_publicize_message":"","jetpack_publicize_feature_enabled":true,"jetpack_social_post_already_shared":true,"jetpack_social_options":{"image_generator_settings":{"template":"highway","default_image_id":0,"font":"","enabled":false},"version":2}},"categories":[2],"tags":[],"class_list":{"0":"post-45710","1":"post","2":"type-post","3":"status-publish","4":"format-standard","5":"has-post-thumbnail","7":"category-locales"},"yoast_head":"<!-- This site is optimized with the Yoast SEO plugin v22.7 - https:\/\/yoast.com\/wordpress\/plugins\/seo\/ -->\n<title>Garate habl\u00f3 de la jornada hist\u00f3rica en las localidades y los avances en su gesti\u00f3n - 103.9 fm<\/title>\n<meta name=\"robots\" content=\"index, follow, max-snippet:-1, max-image-preview:large, max-video-preview:-1\" \/>\n<link rel=\"canonical\" href=\"https:\/\/ondauno.com.ar\/index.php\/2024\/03\/25\/garate-hablo-de-la-jornada-historica-en-las-localidades-y-los-avances-en-su-gestion\/\" \/>\n<meta property=\"og:locale\" content=\"es_ES\" \/>\n<meta property=\"og:type\" content=\"article\" \/>\n<meta property=\"og:title\" content=\"Garate habl\u00f3 de la jornada hist\u00f3rica en las localidades y los avances en su gesti\u00f3n - 103.9 fm\" \/>\n<meta property=\"og:description\" content=\"En Cosas que pasan el intendente de Tres Arroyos, Pablo Garate, remarc\u00f3 la importancia de la jornada electoral que tuvo lugar en las localidades del distrito, donde por primera vez los vecinos pudieron elegir a sus delegados de manera simult\u00e1nea en San Francisco de Bellocq, Orense, Claromec\u00f3, Cascallares, Reta y la Sociedad de Fomento de [&hellip;]\" \/>\n<meta property=\"og:url\" content=\"https:\/\/ondauno.com.ar\/index.php\/2024\/03\/25\/garate-hablo-de-la-jornada-historica-en-las-localidades-y-los-avances-en-su-gestion\/\" \/>\n<meta property=\"og:site_name\" content=\"103.9 fm\" \/>\n<meta property=\"article:publisher\" content=\"https:\/\/www.facebook.com\/ondauno103.9\" \/>\n<meta property=\"article:published_time\" content=\"2024-03-25T21:22:42+00:00\" \/>\n<meta property=\"article:modified_time\" content=\"2024-03-25T21:22:44+00:00\" \/>\n<meta property=\"og:image\" content=\"https:\/\/ondauno.com.ar\/wp-content\/uploads\/2023\/05\/Pablo-garate.jpeg\" \/>\n\t<meta property=\"og:image:width\" content=\"1600\" \/>\n\t<meta property=\"og:image:height\" content=\"1200\" \/>\n\t<meta property=\"og:image:type\" content=\"image\/jpeg\" \/>\n<meta name=\"author\" content=\"OndaUno\" \/>\n<meta name=\"twitter:card\" content=\"summary_large_image\" \/>\n<meta name=\"twitter:label1\" content=\"Escrito por\" \/>\n\t<meta name=\"twitter:data1\" content=\"OndaUno\" \/>\n\t<meta name=\"twitter:label2\" content=\"Tiempo de lectura\" \/>\n\t<meta name=\"twitter:data2\" content=\"2 minutos\" \/>\n<script type=\"application\/ld+json\" class=\"yoast-schema-graph\">{\"@context\":\"https:\/\/schema.org\",\"@graph\":[{\"@type\":\"WebPage\",\"@id\":\"https:\/\/ondauno.com.ar\/index.php\/2024\/03\/25\/garate-hablo-de-la-jornada-historica-en-las-localidades-y-los-avances-en-su-gestion\/\",\"url\":\"https:\/\/ondauno.com.ar\/index.php\/2024\/03\/25\/garate-hablo-de-la-jornada-historica-en-las-localidades-y-los-avances-en-su-gestion\/\",\"name\":\"Garate habl\u00f3 de la jornada hist\u00f3rica en las localidades y los avances en su gesti\u00f3n - 103.9 fm\",\"isPartOf\":{\"@id\":\"https:\/\/ondauno.com.ar\/#website\"},\"primaryImageOfPage\":{\"@id\":\"https:\/\/ondauno.com.ar\/index.php\/2024\/03\/25\/garate-hablo-de-la-jornada-historica-en-las-localidades-y-los-avances-en-su-gestion\/#primaryimage\"},\"image\":{\"@id\":\"https:\/\/ondauno.com.ar\/index.php\/2024\/03\/25\/garate-hablo-de-la-jornada-historica-en-las-localidades-y-los-avances-en-su-gestion\/#primaryimage\"},\"thumbnailUrl\":\"https:\/\/ondauno.com.ar\/wp-content\/uploads\/2023\/05\/Pablo-garate.jpeg\",\"datePublished\":\"2024-03-25T21:22:42+00:00\",\"dateModified\":\"2024-03-25T21:22:44+00:00\",\"author\":{\"@id\":\"https:\/\/ondauno.com.ar\/#\/schema\/person\/7ec851ddeceb4133d7d7132dc645714e\"},\"breadcrumb\":{\"@id\":\"https:\/\/ondauno.com.ar\/index.php\/2024\/03\/25\/garate-hablo-de-la-jornada-historica-en-las-localidades-y-los-avances-en-su-gestion\/#breadcrumb\"},\"inLanguage\":\"es-AR\",\"potentialAction\":[{\"@type\":\"ReadAction\",\"target\":[\"https:\/\/ondauno.com.ar\/index.php\/2024\/03\/25\/garate-hablo-de-la-jornada-historica-en-las-localidades-y-los-avances-en-su-gestion\/\"]}]},{\"@type\":\"ImageObject\",\"inLanguage\":\"es-AR\",\"@id\":\"https:\/\/ondauno.com.ar\/index.php\/2024\/03\/25\/garate-hablo-de-la-jornada-historica-en-las-localidades-y-los-avances-en-su-gestion\/#primaryimage\",\"url\":\"https:\/\/ondauno.com.ar\/wp-content\/uploads\/2023\/05\/Pablo-garate.jpeg\",\"contentUrl\":\"https:\/\/ondauno.com.ar\/wp-content\/uploads\/2023\/05\/Pablo-garate.jpeg\",\"width\":1600,\"height\":1200},{\"@type\":\"BreadcrumbList\",\"@id\":\"https:\/\/ondauno.com.ar\/index.php\/2024\/03\/25\/garate-hablo-de-la-jornada-historica-en-las-localidades-y-los-avances-en-su-gestion\/#breadcrumb\",\"itemListElement\":[{\"@type\":\"ListItem\",\"position\":1,\"name\":\"Inicio\",\"item\":\"https:\/\/ondauno.com.ar\/\"},{\"@type\":\"ListItem\",\"position\":2,\"name\":\"Garate habl\u00f3 de la jornada hist\u00f3rica en las localidades y los avances en su gesti\u00f3n\"}]},{\"@type\":\"WebSite\",\"@id\":\"https:\/\/ondauno.com.ar\/#website\",\"url\":\"https:\/\/ondauno.com.ar\/\",\"name\":\"103.9 fm\",\"description\":\"LA PRIMERA RADIO MULTIMEDIA DE TRES ARROYOS\",\"potentialAction\":[{\"@type\":\"SearchAction\",\"target\":{\"@type\":\"EntryPoint\",\"urlTemplate\":\"https:\/\/ondauno.com.ar\/?s={search_term_string}\"},\"query-input\":\"required name=search_term_string\"}],\"inLanguage\":\"es-AR\"},{\"@type\":\"Person\",\"@id\":\"https:\/\/ondauno.com.ar\/#\/schema\/person\/7ec851ddeceb4133d7d7132dc645714e\",\"name\":\"OndaUno\",\"image\":{\"@type\":\"ImageObject\",\"inLanguage\":\"es-AR\",\"@id\":\"https:\/\/ondauno.com.ar\/#\/schema\/person\/image\/\",\"url\":\"https:\/\/secure.gravatar.com\/avatar\/93b8009f0de7021f1feb2bd5b32fb9e8?s=96&d=mm&r=g\",\"contentUrl\":\"https:\/\/secure.gravatar.com\/avatar\/93b8009f0de7021f1feb2bd5b32fb9e8?s=96&d=mm&r=g\",\"caption\":\"OndaUno\"},\"url\":\"https:\/\/ondauno.com.ar\/index.php\/author\/ondauno\/\"}]}<\/script>\n<!-- \/ Yoast SEO plugin. -->","yoast_head_json":{"title":"Garate habl\u00f3 de la jornada hist\u00f3rica en las localidades y los avances en su gesti\u00f3n - 103.9 fm","robots":{"index":"index","follow":"follow","max-snippet":"max-snippet:-1","max-image-preview":"max-image-preview:large","max-video-preview":"max-video-preview:-1"},"canonical":"https:\/\/ondauno.com.ar\/index.php\/2024\/03\/25\/garate-hablo-de-la-jornada-historica-en-las-localidades-y-los-avances-en-su-gestion\/","og_locale":"es_ES","og_type":"article","og_title":"Garate habl\u00f3 de la jornada hist\u00f3rica en las localidades y los avances en su gesti\u00f3n - 103.9 fm","og_description":"En Cosas que pasan el intendente de Tres Arroyos, Pablo Garate, remarc\u00f3 la importancia de la jornada electoral que tuvo lugar en las localidades del distrito, donde por primera vez los vecinos pudieron elegir a sus delegados de manera simult\u00e1nea en San Francisco de Bellocq, Orense, Claromec\u00f3, Cascallares, Reta y la Sociedad de Fomento de [&hellip;]","og_url":"https:\/\/ondauno.com.ar\/index.php\/2024\/03\/25\/garate-hablo-de-la-jornada-historica-en-las-localidades-y-los-avances-en-su-gestion\/","og_site_name":"103.9 fm","article_publisher":"https:\/\/www.facebook.com\/ondauno103.9","article_published_time":"2024-03-25T21:22:42+00:00","article_modified_time":"2024-03-25T21:22:44+00:00","og_image":[{"width":1600,"height":1200,"url":"https:\/\/ondauno.com.ar\/wp-content\/uploads\/2023\/05\/Pablo-garate.jpeg","type":"image\/jpeg"}],"author":"OndaUno","twitter_card":"summary_large_image","twitter_misc":{"Escrito por":"OndaUno","Tiempo de lectura":"2 minutos"},"schema":{"@context":"https:\/\/schema.org","@graph":[{"@type":"WebPage","@id":"https:\/\/ondauno.com.ar\/index.php\/2024\/03\/25\/garate-hablo-de-la-jornada-historica-en-las-localidades-y-los-avances-en-su-gestion\/","url":"https:\/\/ondauno.com.ar\/index.php\/2024\/03\/25\/garate-hablo-de-la-jornada-historica-en-las-localidades-y-los-avances-en-su-gestion\/","name":"Garate habl\u00f3 de la jornada hist\u00f3rica en las localidades y los avances en su gesti\u00f3n - 103.9 fm","isPartOf":{"@id":"https:\/\/ondauno.com.ar\/#website"},"primaryImageOfPage":{"@id":"https:\/\/ondauno.com.ar\/index.php\/2024\/03\/25\/garate-hablo-de-la-jornada-historica-en-las-localidades-y-los-avances-en-su-gestion\/#primaryimage"},"image":{"@id":"https:\/\/ondauno.com.ar\/index.php\/2024\/03\/25\/garate-hablo-de-la-jornada-historica-en-las-localidades-y-los-avances-en-su-gestion\/#primaryimage"},"thumbnailUrl":"https:\/\/ondauno.com.ar\/wp-content\/uploads\/2023\/05\/Pablo-garate.jpeg","datePublished":"2024-03-25T21:22:42+00:00","dateModified":"2024-03-25T21:22:44+00:00","author":{"@id":"https:\/\/ondauno.com.ar\/#\/schema\/person\/7ec851ddeceb4133d7d7132dc645714e"},"breadcrumb":{"@id":"https:\/\/ondauno.com.ar\/index.php\/2024\/03\/25\/garate-hablo-de-la-jornada-historica-en-las-localidades-y-los-avances-en-su-gestion\/#breadcrumb"},"inLanguage":"es-AR","potentialAction":[{"@type":"ReadAction","target":["https:\/\/ondauno.com.ar\/index.php\/2024\/03\/25\/garate-hablo-de-la-jornada-historica-en-las-localidades-y-los-avances-en-su-gestion\/"]}]},{"@type":"ImageObject","inLanguage":"es-AR","@id":"https:\/\/ondauno.com.ar\/index.php\/2024\/03\/25\/garate-hablo-de-la-jornada-historica-en-las-localidades-y-los-avances-en-su-gestion\/#primaryimage","url":"https:\/\/ondauno.com.ar\/wp-content\/uploads\/2023\/05\/Pablo-garate.jpeg","contentUrl":"https:\/\/ondauno.com.ar\/wp-content\/uploads\/2023\/05\/Pablo-garate.jpeg","width":1600,"height":1200},{"@type":"BreadcrumbList","@id":"https:\/\/ondauno.com.ar\/index.php\/2024\/03\/25\/garate-hablo-de-la-jornada-historica-en-las-localidades-y-los-avances-en-su-gestion\/#breadcrumb","itemListElement":[{"@type":"ListItem","position":1,"name":"Inicio","item":"https:\/\/ondauno.com.ar\/"},{"@type":"ListItem","position":2,"name":"Garate habl\u00f3 de la jornada hist\u00f3rica en las localidades y los avances en su gesti\u00f3n"}]},{"@type":"WebSite","@id":"https:\/\/ondauno.com.ar\/#website","url":"https:\/\/ondauno.com.ar\/","name":"103.9 fm","description":"LA PRIMERA RADIO MULTIMEDIA DE TRES ARROYOS","potentialAction":[{"@type":"SearchAction","target":{"@type":"EntryPoint","urlTemplate":"https:\/\/ondauno.com.ar\/?s={search_term_string}"},"query-input":"required name=search_term_string"}],"inLanguage":"es-AR"},{"@type":"Person","@id":"https:\/\/ondauno.com.ar\/#\/schema\/person\/7ec851ddeceb4133d7d7132dc645714e","name":"OndaUno","image":{"@type":"ImageObject","inLanguage":"es-AR","@id":"https:\/\/ondauno.com.ar\/#\/schema\/person\/image\/","url":"https:\/\/secure.gravatar.com\/avatar\/93b8009f0de7021f1feb2bd5b32fb9e8?s=96&d=mm&r=g","contentUrl":"https:\/\/secure.gravatar.com\/avatar\/93b8009f0de7021f1feb2bd5b32fb9e8?s=96&d=mm&r=g","caption":"OndaUno"},"url":"https:\/\/ondauno.com.ar\/index.php\/author\/ondauno\/"}]}},"jetpack_publicize_connections":[],"jetpack_featured_media_url":"https:\/\/ondauno.com.ar\/wp-content\/uploads\/2023\/05\/Pablo-garate.jpeg","jetpack_sharing_enabled":true,"_links":{"self":[{"href":"https:\/\/ondauno.com.ar\/index.php\/wp-json\/wp\/v2\/posts\/45710","targetHints":{"allow":["GET"]}}],"collection":[{"href":"https:\/\/ondauno.com.ar\/index.php\/wp-json\/wp\/v2\/posts"}],"about":[{"href":"https:\/\/ondauno.com.ar\/index.php\/wp-json\/wp\/v2\/types\/post"}],"author":[{"embeddable":true,"href":"https:\/\/ondauno.com.ar\/index.php\/wp-json\/wp\/v2\/users\/1"}],"replies":[{"embeddable":true,"href":"https:\/\/ondauno.com.ar\/index.php\/wp-json\/wp\/v2\/comments?post=45710"}],"version-history":[{"count":1,"href":"https:\/\/ondauno.com.ar\/index.php\/wp-json\/wp\/v2\/posts\/45710\/revisions"}],"predecessor-version":[{"id":45712,"href":"https:\/\/ondauno.com.ar\/index.php\/wp-json\/wp\/v2\/posts\/45710\/revisions\/45712"}],"wp:featuredmedia":[{"embeddable":true,"href":"https:\/\/ondauno.com.ar\/index.php\/wp-json\/wp\/v2\/media\/40905"}],"wp:attachment":[{"href":"https:\/\/ondauno.com.ar\/index.php\/wp-json\/wp\/v2\/media?parent=45710"}],"wp:term":[{"taxonomy":"category","embeddable":true,"href":"https:\/\/ondauno.com.ar\/index.php\/wp-json\/wp\/v2\/categories?post=45710"},{"taxonomy":"post_tag","embeddable":true,"href":"https:\/\/ondauno.com.ar\/index.php\/wp-json\/wp\/v2\/tags?post=45710"}],"curies":[{"name":"wp","href":"https:\/\/api.w.org\/{rel}","templated":true}]}}