{"id":4538,"date":"2020-01-13T15:08:55","date_gmt":"2020-01-13T18:08:55","guid":{"rendered":"http:\/\/ondauno.com.ar\/?p=4538"},"modified":"2020-01-13T15:10:18","modified_gmt":"2020-01-13T18:10:18","slug":"el-intendente-de-chilecito-elige-contratar-los-artistas-locales-y-comprar-una-ambulancia","status":"publish","type":"post","link":"https:\/\/ondauno.com.ar\/index.php\/2020\/01\/13\/el-intendente-de-chilecito-elige-contratar-los-artistas-locales-y-comprar-una-ambulancia\/","title":{"rendered":"El intendente de Chilecito elige contratar los artistas locales y comprar una ambulancia"},"content":{"rendered":"<div class=\"ondau-before-content_3\" style=\"margin-top: -30px;\" id=\"ondau-2630584669\"><a href=\"https:\/\/www.lps.com.ar\/\" aria-label=\"la-perse2\"><img loading=\"lazy\" decoding=\"async\" src=\"https:\/\/ondauno.com.ar\/wp-content\/uploads\/2021\/10\/la-perse2.jpg\" alt=\"\"  srcset=\"https:\/\/ondauno.com.ar\/wp-content\/uploads\/2021\/10\/la-perse2.jpg 1353w, https:\/\/ondauno.com.ar\/wp-content\/uploads\/2021\/10\/la-perse2-300x43.jpg 300w, https:\/\/ondauno.com.ar\/wp-content\/uploads\/2021\/10\/la-perse2-1024x148.jpg 1024w, https:\/\/ondauno.com.ar\/wp-content\/uploads\/2021\/10\/la-perse2-768x111.jpg 768w, https:\/\/ondauno.com.ar\/wp-content\/uploads\/2021\/10\/la-perse2-696x100.jpg 696w, https:\/\/ondauno.com.ar\/wp-content\/uploads\/2021\/10\/la-perse2-1068x154.jpg 1068w\" sizes=\"(max-width: 1353px) 100vw, 1353px\" class=\"no-lazyload\" width=\"1353\" height=\"195\"  style=\"display: inline-block;\" \/><\/a><\/div>\n<strong>El intendente de la localidad riojana de Chilecito, Rodrigo Brizuela y Doria pate\u00f3 el tablero.<\/strong><strong>&nbsp;Tras dos ediciones con artistas nacionales de renombre (Los Tekis en 2018 y Abel Pintos en 2019), Navidad en los Cerros no tendr\u00e1 artistas nacionales. El Intendente argument\u00f3: &#8220;me parece muy loco que Abel cante unos minutos y se lleve 100 mil d\u00f3lares; es mejor revalorizar a los artistas locales&#8221;. Rodrigo recibi\u00f3 el aval y apoyo generalizado de la ciudadan\u00eda.<br \/><\/strong><br \/>No hay plata para tirar al techo, y las demandas de la gente son cada vez mayores. Esa es una realidad que afronta todo Gobernante, desde el Presidente de la Naci\u00f3n, pasando por los Gobernadores, hasta los Intendentes de todos los Municipios del Pa\u00eds.\n\n\n\n\nAnte ello, el Jefe Comunal de la Perla del Oeste &#8220;pate\u00f3 el tablero&#8221; y&nbsp;<strong>decidi\u00f3 NO gastar cien mil d\u00f3lares en la contrataci\u00f3n de un artista nacional de renombre<\/strong>,<strong>&nbsp;para usar ese dinero en revalorizar a los artistas locales ycomprar una ambulancia para Guanch\u00edn.<\/strong><br \/>Manifest\u00f3 que la presente edici\u00f3n, a diferencia de otras, ser\u00e1 con artistas locales y la entrada ser\u00e1 un bono contribuci\u00f3n. Con lo recaudado se comprar\u00e1 una ambulancia para el distrito de Guanch\u00edn.\n\n\n\n\n<strong>\u201cLos altos costos que significan los artistas nacionales, teniendo en cuenta la situaci\u00f3n econ\u00f3mica del pa\u00eds, no lo justifican&#8221;,<\/strong>&nbsp;explic\u00f3 Rodrigo Brizuela y Doria y luego complet\u00f3 su argumento:<strong>&nbsp;\u201cla presentaci\u00f3n de Abel Pintos cuesta 100 mil d\u00f3lares, me parece una cosa muy loca que actu\u00e9 unos minutos y luego se vaya a casa con 6 millones de pesos&#8221;.<\/strong><br \/>Finalmente, Rodrigo dispar\u00f3 una frase tan real como esperada por el pueblo:<strong>&nbsp;&#8220;el municipio no est\u00e1 para hacer eventos. El Estado est\u00e1 para brindar soluciones<\/strong>\n\n\n\n\nFuente: Riojalibre.com\n\n","protected":false},"excerpt":{"rendered":"<p>El intendente de la localidad riojana de Chilecito, Rodrigo Brizuela y Doria pate\u00f3 el tablero.&nbsp;Tras dos ediciones con artistas nacionales de renombre (Los Tekis en 2018 y Abel Pintos en 2019), Navidad en los Cerros no tendr\u00e1 artistas nacionales. El Intendente argument\u00f3: &#8220;me parece muy loco que Abel cante unos minutos y se lleve 100 [&hellip;]<\/p>\n","protected":false},"author":2,"featured_media":0,"comment_status":"open","ping_status":"open","sticky":false,"template":"","format":"standard","meta":{"tdm_status":"","tdm_grid_status":"","_jetpack_memberships_contains_paid_content":false,"footnotes":"","jetpack_publicize_message":"","jetpack_publicize_feature_enabled":true,"jetpack_social_post_already_shared":false,"jetpack_social_options":{"image_generator_settings":{"template":"highway","default_image_id":0,"font":"","enabled":false},"version":2}},"categories":[3],"tags":[],"class_list":{"0":"post-4538","1":"post","2":"type-post","3":"status-publish","4":"format-standard","6":"category-nacionales"},"yoast_head":"<!-- This site is optimized with the Yoast SEO plugin v22.7 - https:\/\/yoast.com\/wordpress\/plugins\/seo\/ -->\n<title>El intendente de Chilecito elige contratar los artistas locales y comprar una ambulancia - 103.9 fm<\/title>\n<meta name=\"robots\" content=\"index, follow, max-snippet:-1, max-image-preview:large, max-video-preview:-1\" \/>\n<link rel=\"canonical\" href=\"https:\/\/ondauno.com.ar\/index.php\/2020\/01\/13\/el-intendente-de-chilecito-elige-contratar-los-artistas-locales-y-comprar-una-ambulancia\/\" \/>\n<meta property=\"og:locale\" content=\"es_ES\" \/>\n<meta property=\"og:type\" content=\"article\" \/>\n<meta property=\"og:title\" content=\"El intendente de Chilecito elige contratar los artistas locales y comprar una ambulancia - 103.9 fm\" \/>\n<meta property=\"og:description\" content=\"El intendente de la localidad riojana de Chilecito, Rodrigo Brizuela y Doria pate\u00f3 el tablero.&nbsp;Tras dos ediciones con artistas nacionales de renombre (Los Tekis en 2018 y Abel Pintos en 2019), Navidad en los Cerros no tendr\u00e1 artistas nacionales. El Intendente argument\u00f3: &#8220;me parece muy loco que Abel cante unos minutos y se lleve 100 [&hellip;]\" \/>\n<meta property=\"og:url\" content=\"https:\/\/ondauno.com.ar\/index.php\/2020\/01\/13\/el-intendente-de-chilecito-elige-contratar-los-artistas-locales-y-comprar-una-ambulancia\/\" \/>\n<meta property=\"og:site_name\" content=\"103.9 fm\" \/>\n<meta property=\"article:publisher\" content=\"https:\/\/www.facebook.com\/ondauno103.9\" \/>\n<meta property=\"article:published_time\" content=\"2020-01-13T18:08:55+00:00\" \/>\n<meta property=\"article:modified_time\" content=\"2020-01-13T18:10:18+00:00\" \/>\n<meta property=\"og:image\" content=\"https:\/\/ondauno.com.ar\/wp-content\/uploads\/2020\/01\/pintos-700x395.jpg\" \/>\n\t<meta property=\"og:image:width\" content=\"700\" \/>\n\t<meta property=\"og:image:height\" content=\"395\" \/>\n\t<meta property=\"og:image:type\" content=\"image\/jpeg\" \/>\n<meta name=\"author\" content=\"fernando garcia\" \/>\n<meta name=\"twitter:card\" content=\"summary_large_image\" \/>\n<meta name=\"twitter:label1\" content=\"Escrito por\" \/>\n\t<meta name=\"twitter:data1\" content=\"fernando garcia\" \/>\n\t<meta name=\"twitter:label2\" content=\"Tiempo de lectura\" \/>\n\t<meta name=\"twitter:data2\" content=\"1 minuto\" \/>\n<script type=\"application\/ld+json\" class=\"yoast-schema-graph\">{\"@context\":\"https:\/\/schema.org\",\"@graph\":[{\"@type\":\"WebPage\",\"@id\":\"https:\/\/ondauno.com.ar\/index.php\/2020\/01\/13\/el-intendente-de-chilecito-elige-contratar-los-artistas-locales-y-comprar-una-ambulancia\/\",\"url\":\"https:\/\/ondauno.com.ar\/index.php\/2020\/01\/13\/el-intendente-de-chilecito-elige-contratar-los-artistas-locales-y-comprar-una-ambulancia\/\",\"name\":\"El intendente de Chilecito elige contratar los artistas locales y comprar una ambulancia - 103.9 fm\",\"isPartOf\":{\"@id\":\"https:\/\/ondauno.com.ar\/#website\"},\"datePublished\":\"2020-01-13T18:08:55+00:00\",\"dateModified\":\"2020-01-13T18:10:18+00:00\",\"author\":{\"@id\":\"https:\/\/ondauno.com.ar\/#\/schema\/person\/201d1b68e6c75e0fd396fe5f8af5d139\"},\"breadcrumb\":{\"@id\":\"https:\/\/ondauno.com.ar\/index.php\/2020\/01\/13\/el-intendente-de-chilecito-elige-contratar-los-artistas-locales-y-comprar-una-ambulancia\/#breadcrumb\"},\"inLanguage\":\"es-AR\",\"potentialAction\":[{\"@type\":\"ReadAction\",\"target\":[\"https:\/\/ondauno.com.ar\/index.php\/2020\/01\/13\/el-intendente-de-chilecito-elige-contratar-los-artistas-locales-y-comprar-una-ambulancia\/\"]}]},{\"@type\":\"BreadcrumbList\",\"@id\":\"https:\/\/ondauno.com.ar\/index.php\/2020\/01\/13\/el-intendente-de-chilecito-elige-contratar-los-artistas-locales-y-comprar-una-ambulancia\/#breadcrumb\",\"itemListElement\":[{\"@type\":\"ListItem\",\"position\":1,\"name\":\"Inicio\",\"item\":\"https:\/\/ondauno.com.ar\/\"},{\"@type\":\"ListItem\",\"position\":2,\"name\":\"El intendente de Chilecito elige contratar los artistas locales y comprar una ambulancia\"}]},{\"@type\":\"WebSite\",\"@id\":\"https:\/\/ondauno.com.ar\/#website\",\"url\":\"https:\/\/ondauno.com.ar\/\",\"name\":\"103.9 fm\",\"description\":\"LA PRIMERA RADIO MULTIMEDIA DE TRES ARROYOS\",\"potentialAction\":[{\"@type\":\"SearchAction\",\"target\":{\"@type\":\"EntryPoint\",\"urlTemplate\":\"https:\/\/ondauno.com.ar\/?s={search_term_string}\"},\"query-input\":\"required name=search_term_string\"}],\"inLanguage\":\"es-AR\"},{\"@type\":\"Person\",\"@id\":\"https:\/\/ondauno.com.ar\/#\/schema\/person\/201d1b68e6c75e0fd396fe5f8af5d139\",\"name\":\"fernando garcia\",\"image\":{\"@type\":\"ImageObject\",\"inLanguage\":\"es-AR\",\"@id\":\"https:\/\/ondauno.com.ar\/#\/schema\/person\/image\/\",\"url\":\"https:\/\/secure.gravatar.com\/avatar\/5f7254642ad81272e79a2e69653cfdfc?s=96&d=mm&r=g\",\"contentUrl\":\"https:\/\/secure.gravatar.com\/avatar\/5f7254642ad81272e79a2e69653cfdfc?s=96&d=mm&r=g\",\"caption\":\"fernando garcia\"},\"url\":\"https:\/\/ondauno.com.ar\/index.php\/author\/ondaunoeditor\/\"}]}<\/script>\n<!-- \/ Yoast SEO plugin. -->","yoast_head_json":{"title":"El intendente de Chilecito elige contratar los artistas locales y comprar una ambulancia - 103.9 fm","robots":{"index":"index","follow":"follow","max-snippet":"max-snippet:-1","max-image-preview":"max-image-preview:large","max-video-preview":"max-video-preview:-1"},"canonical":"https:\/\/ondauno.com.ar\/index.php\/2020\/01\/13\/el-intendente-de-chilecito-elige-contratar-los-artistas-locales-y-comprar-una-ambulancia\/","og_locale":"es_ES","og_type":"article","og_title":"El intendente de Chilecito elige contratar los artistas locales y comprar una ambulancia - 103.9 fm","og_description":"El intendente de la localidad riojana de Chilecito, Rodrigo Brizuela y Doria pate\u00f3 el tablero.&nbsp;Tras dos ediciones con artistas nacionales de renombre (Los Tekis en 2018 y Abel Pintos en 2019), Navidad en los Cerros no tendr\u00e1 artistas nacionales. El Intendente argument\u00f3: &#8220;me parece muy loco que Abel cante unos minutos y se lleve 100 [&hellip;]","og_url":"https:\/\/ondauno.com.ar\/index.php\/2020\/01\/13\/el-intendente-de-chilecito-elige-contratar-los-artistas-locales-y-comprar-una-ambulancia\/","og_site_name":"103.9 fm","article_publisher":"https:\/\/www.facebook.com\/ondauno103.9","article_published_time":"2020-01-13T18:08:55+00:00","article_modified_time":"2020-01-13T18:10:18+00:00","og_image":[{"width":700,"height":395,"url":"https:\/\/ondauno.com.ar\/wp-content\/uploads\/2020\/01\/pintos-700x395.jpg","type":"image\/jpeg"}],"author":"fernando garcia","twitter_card":"summary_large_image","twitter_misc":{"Escrito por":"fernando garcia","Tiempo de lectura":"1 minuto"},"schema":{"@context":"https:\/\/schema.org","@graph":[{"@type":"WebPage","@id":"https:\/\/ondauno.com.ar\/index.php\/2020\/01\/13\/el-intendente-de-chilecito-elige-contratar-los-artistas-locales-y-comprar-una-ambulancia\/","url":"https:\/\/ondauno.com.ar\/index.php\/2020\/01\/13\/el-intendente-de-chilecito-elige-contratar-los-artistas-locales-y-comprar-una-ambulancia\/","name":"El intendente de Chilecito elige contratar los artistas locales y comprar una ambulancia - 103.9 fm","isPartOf":{"@id":"https:\/\/ondauno.com.ar\/#website"},"datePublished":"2020-01-13T18:08:55+00:00","dateModified":"2020-01-13T18:10:18+00:00","author":{"@id":"https:\/\/ondauno.com.ar\/#\/schema\/person\/201d1b68e6c75e0fd396fe5f8af5d139"},"breadcrumb":{"@id":"https:\/\/ondauno.com.ar\/index.php\/2020\/01\/13\/el-intendente-de-chilecito-elige-contratar-los-artistas-locales-y-comprar-una-ambulancia\/#breadcrumb"},"inLanguage":"es-AR","potentialAction":[{"@type":"ReadAction","target":["https:\/\/ondauno.com.ar\/index.php\/2020\/01\/13\/el-intendente-de-chilecito-elige-contratar-los-artistas-locales-y-comprar-una-ambulancia\/"]}]},{"@type":"BreadcrumbList","@id":"https:\/\/ondauno.com.ar\/index.php\/2020\/01\/13\/el-intendente-de-chilecito-elige-contratar-los-artistas-locales-y-comprar-una-ambulancia\/#breadcrumb","itemListElement":[{"@type":"ListItem","position":1,"name":"Inicio","item":"https:\/\/ondauno.com.ar\/"},{"@type":"ListItem","position":2,"name":"El intendente de Chilecito elige contratar los artistas locales y comprar una ambulancia"}]},{"@type":"WebSite","@id":"https:\/\/ondauno.com.ar\/#website","url":"https:\/\/ondauno.com.ar\/","name":"103.9 fm","description":"LA PRIMERA RADIO MULTIMEDIA DE TRES ARROYOS","potentialAction":[{"@type":"SearchAction","target":{"@type":"EntryPoint","urlTemplate":"https:\/\/ondauno.com.ar\/?s={search_term_string}"},"query-input":"required name=search_term_string"}],"inLanguage":"es-AR"},{"@type":"Person","@id":"https:\/\/ondauno.com.ar\/#\/schema\/person\/201d1b68e6c75e0fd396fe5f8af5d139","name":"fernando garcia","image":{"@type":"ImageObject","inLanguage":"es-AR","@id":"https:\/\/ondauno.com.ar\/#\/schema\/person\/image\/","url":"https:\/\/secure.gravatar.com\/avatar\/5f7254642ad81272e79a2e69653cfdfc?s=96&d=mm&r=g","contentUrl":"https:\/\/secure.gravatar.com\/avatar\/5f7254642ad81272e79a2e69653cfdfc?s=96&d=mm&r=g","caption":"fernando garcia"},"url":"https:\/\/ondauno.com.ar\/index.php\/author\/ondaunoeditor\/"}]}},"jetpack_publicize_connections":[],"jetpack_featured_media_url":"","jetpack_sharing_enabled":true,"_links":{"self":[{"href":"https:\/\/ondauno.com.ar\/index.php\/wp-json\/wp\/v2\/posts\/4538","targetHints":{"allow":["GET"]}}],"collection":[{"href":"https:\/\/ondauno.com.ar\/index.php\/wp-json\/wp\/v2\/posts"}],"about":[{"href":"https:\/\/ondauno.com.ar\/index.php\/wp-json\/wp\/v2\/types\/post"}],"author":[{"embeddable":true,"href":"https:\/\/ondauno.com.ar\/index.php\/wp-json\/wp\/v2\/users\/2"}],"replies":[{"embeddable":true,"href":"https:\/\/ondauno.com.ar\/index.php\/wp-json\/wp\/v2\/comments?post=4538"}],"version-history":[{"count":0,"href":"https:\/\/ondauno.com.ar\/index.php\/wp-json\/wp\/v2\/posts\/4538\/revisions"}],"wp:attachment":[{"href":"https:\/\/ondauno.com.ar\/index.php\/wp-json\/wp\/v2\/media?parent=4538"}],"wp:term":[{"taxonomy":"category","embeddable":true,"href":"https:\/\/ondauno.com.ar\/index.php\/wp-json\/wp\/v2\/categories?post=4538"},{"taxonomy":"post_tag","embeddable":true,"href":"https:\/\/ondauno.com.ar\/index.php\/wp-json\/wp\/v2\/tags?post=4538"}],"curies":[{"name":"wp","href":"https:\/\/api.w.org\/{rel}","templated":true}]}}