{"id":4428,"date":"2020-01-10T10:46:22","date_gmt":"2020-01-10T13:46:22","guid":{"rendered":"http:\/\/ondauno.com.ar\/?p=4428"},"modified":"2020-01-10T10:46:39","modified_gmt":"2020-01-10T13:46:39","slug":"ricardo-herrera-parque-industrial","status":"publish","type":"post","link":"https:\/\/ondauno.com.ar\/index.php\/2020\/01\/10\/ricardo-herrera-parque-industrial\/","title":{"rendered":"Ricardo Herrera &#8211; Parque industrial"},"content":{"rendered":"<div class=\"ondau-before-content_3\" style=\"margin-top: -30px;\" id=\"ondau-689280527\"><a href=\"https:\/\/www.lps.com.ar\/\" aria-label=\"la-perse2\"><img loading=\"lazy\" decoding=\"async\" src=\"https:\/\/ondauno.com.ar\/wp-content\/uploads\/2021\/10\/la-perse2.jpg\" alt=\"\"  srcset=\"https:\/\/ondauno.com.ar\/wp-content\/uploads\/2021\/10\/la-perse2.jpg 1353w, https:\/\/ondauno.com.ar\/wp-content\/uploads\/2021\/10\/la-perse2-300x43.jpg 300w, https:\/\/ondauno.com.ar\/wp-content\/uploads\/2021\/10\/la-perse2-1024x148.jpg 1024w, https:\/\/ondauno.com.ar\/wp-content\/uploads\/2021\/10\/la-perse2-768x111.jpg 768w, https:\/\/ondauno.com.ar\/wp-content\/uploads\/2021\/10\/la-perse2-696x100.jpg 696w, https:\/\/ondauno.com.ar\/wp-content\/uploads\/2021\/10\/la-perse2-1068x154.jpg 1068w\" sizes=\"(max-width: 1353px) 100vw, 1353px\" class=\"no-lazyload\" width=\"1353\" height=\"195\"  style=\"display: inline-block;\" \/><\/a><\/div>\n<p class=\"MsoNormal\">Con el prop\u00f3sito de conocer y graficar el funcionamiento del Parque Industrial de Tres Arroyos, reproducimos el reportaje al Socio Gerente de Excelencia Qu\u00edmica SRL quien cont\u00f3 c\u00f3mo es la empresa y de qu\u00e9 forma cambi\u00f3 su din\u00e1mica desde que se mudaron de zona&nbsp;residencial al Parque.\n\n\n\n\n<p class=\"MsoNormal\">Ricardo Herrera, habl\u00f3 en Conexi\u00f3n Parques por Eco Medios y cont\u00f3 a qu\u00e9 se dedica la empresa: \u201cfabricamos pintura para artesan\u00edas y manualidades en envases peque\u00f1os\u201d. Los productos se comercializan en todo el pa\u00eds bajo la marca que se comercializan en todo&nbsp;el pa\u00eds y en el etxerior bajo la marca L\u00ednea Decorativa EQ Craft.\n\n\n\n\n<p class=\"MsoNormal\">\u201cEn 2003 nos instalamos en una zona apta para la producci\u00f3n de un barrio y, cuando empezamos a crecer, la ubicaci\u00f3n nos condicion\u00f3 el tema del espacio. Pensamos que no pod\u00edamos ampliarnos m\u00e1s all\u00ed y ah\u00ed surgi\u00f3 la posibilidad de mudarse a un Parque Industrial&nbsp;en Tres Arroyos\u201d, relat\u00f3.\n\n\n\n\n<p class=\"MsoNormal\">Destac\u00f3 que luego \u201calquilamos el lote y pudimos establecer una relaci\u00f3n totalmente distinta que las que ten\u00edamos antes con la Municipalidad. Por eso luego lo compramos y nos radicamos completamente en el Parque Industrial en un proceso de reubicaci\u00f3n que llev\u00f3&nbsp;seis meses\u201d.\n\n\n\n\n<p class=\"MsoNormal\">En lo que hace a las diferencias, expres\u00f3 que \u201cen el Parque nos encontramos con vecinos que son otros industriales, el ambiente es propicio, los espacios son amplios y la localizaci\u00f3n es la adecuada. Estamos muy satisfechos de la decisi\u00f3n que tomamos\u201d.\n\n\n\n\n<p class=\"MsoNormal\">Por \u00faltimo agreg\u00f3 que \u201clo que tiene de bueno el Parque Industrial es que se asign\u00f3 un sector para la industria que no es la alimenticia. Si bien impacta en el costo log\u00edstico, la ganancia es mucho mejor al trabajar sin ning\u00fan problema de horarios ni ruidos\u201d.<br class=\"Apple-interchange-newline\" \/>\n\n\n\n\n\n\n","protected":false},"excerpt":{"rendered":"<p>Con el prop\u00f3sito de conocer y graficar el funcionamiento del Parque Industrial de Tres Arroyos, reproducimos el reportaje al Socio Gerente de Excelencia Qu\u00edmica SRL quien cont\u00f3 c\u00f3mo es la empresa y de qu\u00e9 forma cambi\u00f3 su din\u00e1mica desde que se mudaron de zona&nbsp;residencial al Parque. Ricardo Herrera, habl\u00f3 en Conexi\u00f3n Parques por Eco Medios [&hellip;]<\/p>\n","protected":false},"author":2,"featured_media":0,"comment_status":"open","ping_status":"open","sticky":false,"template":"","format":"standard","meta":{"tdm_status":"","tdm_grid_status":"","_jetpack_memberships_contains_paid_content":false,"footnotes":"","jetpack_publicize_message":"","jetpack_publicize_feature_enabled":true,"jetpack_social_post_already_shared":false,"jetpack_social_options":{"image_generator_settings":{"template":"highway","default_image_id":0,"font":"","enabled":false},"version":2}},"categories":[2],"tags":[],"class_list":{"0":"post-4428","1":"post","2":"type-post","3":"status-publish","4":"format-standard","6":"category-locales"},"yoast_head":"<!-- This site is optimized with the Yoast SEO plugin v22.7 - https:\/\/yoast.com\/wordpress\/plugins\/seo\/ -->\n<title>Ricardo Herrera - Parque industrial - 103.9 fm<\/title>\n<meta name=\"robots\" content=\"index, follow, max-snippet:-1, max-image-preview:large, max-video-preview:-1\" \/>\n<link rel=\"canonical\" href=\"https:\/\/ondauno.com.ar\/index.php\/2020\/01\/10\/ricardo-herrera-parque-industrial\/\" \/>\n<meta property=\"og:locale\" content=\"es_ES\" \/>\n<meta property=\"og:type\" content=\"article\" \/>\n<meta property=\"og:title\" content=\"Ricardo Herrera - Parque industrial - 103.9 fm\" \/>\n<meta property=\"og:description\" content=\"Con el prop\u00f3sito de conocer y graficar el funcionamiento del Parque Industrial de Tres Arroyos, reproducimos el reportaje al Socio Gerente de Excelencia Qu\u00edmica SRL quien cont\u00f3 c\u00f3mo es la empresa y de qu\u00e9 forma cambi\u00f3 su din\u00e1mica desde que se mudaron de zona&nbsp;residencial al Parque. Ricardo Herrera, habl\u00f3 en Conexi\u00f3n Parques por Eco Medios [&hellip;]\" \/>\n<meta property=\"og:url\" content=\"https:\/\/ondauno.com.ar\/index.php\/2020\/01\/10\/ricardo-herrera-parque-industrial\/\" \/>\n<meta property=\"og:site_name\" content=\"103.9 fm\" \/>\n<meta property=\"article:publisher\" content=\"https:\/\/www.facebook.com\/ondauno103.9\" \/>\n<meta property=\"article:published_time\" content=\"2020-01-10T13:46:22+00:00\" \/>\n<meta property=\"article:modified_time\" content=\"2020-01-10T13:46:39+00:00\" \/>\n<meta property=\"og:image\" content=\"https:\/\/ondauno.com.ar\/wp-content\/uploads\/2020\/01\/Ricardo-Herrera-702x459.jpeg\" \/>\n\t<meta property=\"og:image:width\" content=\"702\" \/>\n\t<meta property=\"og:image:height\" content=\"459\" \/>\n\t<meta property=\"og:image:type\" content=\"image\/jpeg\" \/>\n<meta name=\"author\" content=\"fernando garcia\" \/>\n<meta name=\"twitter:card\" content=\"summary_large_image\" \/>\n<meta name=\"twitter:label1\" content=\"Escrito por\" \/>\n\t<meta name=\"twitter:data1\" content=\"fernando garcia\" \/>\n\t<meta name=\"twitter:label2\" content=\"Tiempo de lectura\" \/>\n\t<meta name=\"twitter:data2\" content=\"2 minutos\" \/>\n<script type=\"application\/ld+json\" class=\"yoast-schema-graph\">{\"@context\":\"https:\/\/schema.org\",\"@graph\":[{\"@type\":\"WebPage\",\"@id\":\"https:\/\/ondauno.com.ar\/index.php\/2020\/01\/10\/ricardo-herrera-parque-industrial\/\",\"url\":\"https:\/\/ondauno.com.ar\/index.php\/2020\/01\/10\/ricardo-herrera-parque-industrial\/\",\"name\":\"Ricardo Herrera - Parque industrial - 103.9 fm\",\"isPartOf\":{\"@id\":\"https:\/\/ondauno.com.ar\/#website\"},\"datePublished\":\"2020-01-10T13:46:22+00:00\",\"dateModified\":\"2020-01-10T13:46:39+00:00\",\"author\":{\"@id\":\"https:\/\/ondauno.com.ar\/#\/schema\/person\/201d1b68e6c75e0fd396fe5f8af5d139\"},\"breadcrumb\":{\"@id\":\"https:\/\/ondauno.com.ar\/index.php\/2020\/01\/10\/ricardo-herrera-parque-industrial\/#breadcrumb\"},\"inLanguage\":\"es-AR\",\"potentialAction\":[{\"@type\":\"ReadAction\",\"target\":[\"https:\/\/ondauno.com.ar\/index.php\/2020\/01\/10\/ricardo-herrera-parque-industrial\/\"]}]},{\"@type\":\"BreadcrumbList\",\"@id\":\"https:\/\/ondauno.com.ar\/index.php\/2020\/01\/10\/ricardo-herrera-parque-industrial\/#breadcrumb\",\"itemListElement\":[{\"@type\":\"ListItem\",\"position\":1,\"name\":\"Inicio\",\"item\":\"https:\/\/ondauno.com.ar\/\"},{\"@type\":\"ListItem\",\"position\":2,\"name\":\"Ricardo Herrera &#8211; Parque industrial\"}]},{\"@type\":\"WebSite\",\"@id\":\"https:\/\/ondauno.com.ar\/#website\",\"url\":\"https:\/\/ondauno.com.ar\/\",\"name\":\"103.9 fm\",\"description\":\"LA PRIMERA RADIO MULTIMEDIA DE TRES ARROYOS\",\"potentialAction\":[{\"@type\":\"SearchAction\",\"target\":{\"@type\":\"EntryPoint\",\"urlTemplate\":\"https:\/\/ondauno.com.ar\/?s={search_term_string}\"},\"query-input\":\"required name=search_term_string\"}],\"inLanguage\":\"es-AR\"},{\"@type\":\"Person\",\"@id\":\"https:\/\/ondauno.com.ar\/#\/schema\/person\/201d1b68e6c75e0fd396fe5f8af5d139\",\"name\":\"fernando garcia\",\"image\":{\"@type\":\"ImageObject\",\"inLanguage\":\"es-AR\",\"@id\":\"https:\/\/ondauno.com.ar\/#\/schema\/person\/image\/\",\"url\":\"https:\/\/secure.gravatar.com\/avatar\/5f7254642ad81272e79a2e69653cfdfc?s=96&d=mm&r=g\",\"contentUrl\":\"https:\/\/secure.gravatar.com\/avatar\/5f7254642ad81272e79a2e69653cfdfc?s=96&d=mm&r=g\",\"caption\":\"fernando garcia\"},\"url\":\"https:\/\/ondauno.com.ar\/index.php\/author\/ondaunoeditor\/\"}]}<\/script>\n<!-- \/ Yoast SEO plugin. -->","yoast_head_json":{"title":"Ricardo Herrera - Parque industrial - 103.9 fm","robots":{"index":"index","follow":"follow","max-snippet":"max-snippet:-1","max-image-preview":"max-image-preview:large","max-video-preview":"max-video-preview:-1"},"canonical":"https:\/\/ondauno.com.ar\/index.php\/2020\/01\/10\/ricardo-herrera-parque-industrial\/","og_locale":"es_ES","og_type":"article","og_title":"Ricardo Herrera - Parque industrial - 103.9 fm","og_description":"Con el prop\u00f3sito de conocer y graficar el funcionamiento del Parque Industrial de Tres Arroyos, reproducimos el reportaje al Socio Gerente de Excelencia Qu\u00edmica SRL quien cont\u00f3 c\u00f3mo es la empresa y de qu\u00e9 forma cambi\u00f3 su din\u00e1mica desde que se mudaron de zona&nbsp;residencial al Parque. Ricardo Herrera, habl\u00f3 en Conexi\u00f3n Parques por Eco Medios [&hellip;]","og_url":"https:\/\/ondauno.com.ar\/index.php\/2020\/01\/10\/ricardo-herrera-parque-industrial\/","og_site_name":"103.9 fm","article_publisher":"https:\/\/www.facebook.com\/ondauno103.9","article_published_time":"2020-01-10T13:46:22+00:00","article_modified_time":"2020-01-10T13:46:39+00:00","og_image":[{"width":702,"height":459,"url":"https:\/\/ondauno.com.ar\/wp-content\/uploads\/2020\/01\/Ricardo-Herrera-702x459.jpeg","type":"image\/jpeg"}],"author":"fernando garcia","twitter_card":"summary_large_image","twitter_misc":{"Escrito por":"fernando garcia","Tiempo de lectura":"2 minutos"},"schema":{"@context":"https:\/\/schema.org","@graph":[{"@type":"WebPage","@id":"https:\/\/ondauno.com.ar\/index.php\/2020\/01\/10\/ricardo-herrera-parque-industrial\/","url":"https:\/\/ondauno.com.ar\/index.php\/2020\/01\/10\/ricardo-herrera-parque-industrial\/","name":"Ricardo Herrera - Parque industrial - 103.9 fm","isPartOf":{"@id":"https:\/\/ondauno.com.ar\/#website"},"datePublished":"2020-01-10T13:46:22+00:00","dateModified":"2020-01-10T13:46:39+00:00","author":{"@id":"https:\/\/ondauno.com.ar\/#\/schema\/person\/201d1b68e6c75e0fd396fe5f8af5d139"},"breadcrumb":{"@id":"https:\/\/ondauno.com.ar\/index.php\/2020\/01\/10\/ricardo-herrera-parque-industrial\/#breadcrumb"},"inLanguage":"es-AR","potentialAction":[{"@type":"ReadAction","target":["https:\/\/ondauno.com.ar\/index.php\/2020\/01\/10\/ricardo-herrera-parque-industrial\/"]}]},{"@type":"BreadcrumbList","@id":"https:\/\/ondauno.com.ar\/index.php\/2020\/01\/10\/ricardo-herrera-parque-industrial\/#breadcrumb","itemListElement":[{"@type":"ListItem","position":1,"name":"Inicio","item":"https:\/\/ondauno.com.ar\/"},{"@type":"ListItem","position":2,"name":"Ricardo Herrera &#8211; Parque industrial"}]},{"@type":"WebSite","@id":"https:\/\/ondauno.com.ar\/#website","url":"https:\/\/ondauno.com.ar\/","name":"103.9 fm","description":"LA PRIMERA RADIO MULTIMEDIA DE TRES ARROYOS","potentialAction":[{"@type":"SearchAction","target":{"@type":"EntryPoint","urlTemplate":"https:\/\/ondauno.com.ar\/?s={search_term_string}"},"query-input":"required name=search_term_string"}],"inLanguage":"es-AR"},{"@type":"Person","@id":"https:\/\/ondauno.com.ar\/#\/schema\/person\/201d1b68e6c75e0fd396fe5f8af5d139","name":"fernando garcia","image":{"@type":"ImageObject","inLanguage":"es-AR","@id":"https:\/\/ondauno.com.ar\/#\/schema\/person\/image\/","url":"https:\/\/secure.gravatar.com\/avatar\/5f7254642ad81272e79a2e69653cfdfc?s=96&d=mm&r=g","contentUrl":"https:\/\/secure.gravatar.com\/avatar\/5f7254642ad81272e79a2e69653cfdfc?s=96&d=mm&r=g","caption":"fernando garcia"},"url":"https:\/\/ondauno.com.ar\/index.php\/author\/ondaunoeditor\/"}]}},"jetpack_publicize_connections":[],"jetpack_featured_media_url":"","jetpack_sharing_enabled":true,"_links":{"self":[{"href":"https:\/\/ondauno.com.ar\/index.php\/wp-json\/wp\/v2\/posts\/4428","targetHints":{"allow":["GET"]}}],"collection":[{"href":"https:\/\/ondauno.com.ar\/index.php\/wp-json\/wp\/v2\/posts"}],"about":[{"href":"https:\/\/ondauno.com.ar\/index.php\/wp-json\/wp\/v2\/types\/post"}],"author":[{"embeddable":true,"href":"https:\/\/ondauno.com.ar\/index.php\/wp-json\/wp\/v2\/users\/2"}],"replies":[{"embeddable":true,"href":"https:\/\/ondauno.com.ar\/index.php\/wp-json\/wp\/v2\/comments?post=4428"}],"version-history":[{"count":0,"href":"https:\/\/ondauno.com.ar\/index.php\/wp-json\/wp\/v2\/posts\/4428\/revisions"}],"wp:attachment":[{"href":"https:\/\/ondauno.com.ar\/index.php\/wp-json\/wp\/v2\/media?parent=4428"}],"wp:term":[{"taxonomy":"category","embeddable":true,"href":"https:\/\/ondauno.com.ar\/index.php\/wp-json\/wp\/v2\/categories?post=4428"},{"taxonomy":"post_tag","embeddable":true,"href":"https:\/\/ondauno.com.ar\/index.php\/wp-json\/wp\/v2\/tags?post=4428"}],"curies":[{"name":"wp","href":"https:\/\/api.w.org\/{rel}","templated":true}]}}