{"id":4407,"date":"2020-01-09T22:11:20","date_gmt":"2020-01-10T01:11:20","guid":{"rendered":"http:\/\/ondauno.com.ar\/?p=4407"},"modified":"2020-01-09T22:11:22","modified_gmt":"2020-01-10T01:11:22","slug":"el-ministro-simone-se-reunio-con-autoridades-del-banco-mundial","status":"publish","type":"post","link":"https:\/\/ondauno.com.ar\/index.php\/2020\/01\/09\/el-ministro-simone-se-reunio-con-autoridades-del-banco-mundial\/","title":{"rendered":"El ministro Simone se reuni\u00f3 con autoridades del Banco Mundial"},"content":{"rendered":"<div class=\"ondau-before-content_3\" style=\"margin-top: -30px;\" id=\"ondau-726677729\"><a href=\"https:\/\/www.lps.com.ar\/\" aria-label=\"la-perse2\"><img loading=\"lazy\" decoding=\"async\" src=\"https:\/\/ondauno.com.ar\/wp-content\/uploads\/2021\/10\/la-perse2.jpg\" alt=\"\"  srcset=\"https:\/\/ondauno.com.ar\/wp-content\/uploads\/2021\/10\/la-perse2.jpg 1353w, https:\/\/ondauno.com.ar\/wp-content\/uploads\/2021\/10\/la-perse2-300x43.jpg 300w, https:\/\/ondauno.com.ar\/wp-content\/uploads\/2021\/10\/la-perse2-1024x148.jpg 1024w, https:\/\/ondauno.com.ar\/wp-content\/uploads\/2021\/10\/la-perse2-768x111.jpg 768w, https:\/\/ondauno.com.ar\/wp-content\/uploads\/2021\/10\/la-perse2-696x100.jpg 696w, https:\/\/ondauno.com.ar\/wp-content\/uploads\/2021\/10\/la-perse2-1068x154.jpg 1068w\" sizes=\"(max-width: 1353px) 100vw, 1353px\" class=\"no-lazyload\" width=\"1353\" height=\"195\"  style=\"display: inline-block;\" \/><\/a><\/div>\n<p>El ministro de Infraestructura y Servicios p\u00fablicos de la Provincia, Agustin Simone, se reuni\u00f3 con autoridades del Banco Mundial para comenzar a trabajar de manera conjunta sobre las principales necesidades de infraestructura en el territorio bonaerense.<\/p>\n\n\n\n<p>En el encuentro, el ministro transmiti\u00f3 la realidad de la provincia. En ese sentido, Simone destac\u00f3: \u201cConversamos sobre las necesidades de infraestructura. Les transmitimos el diagn\u00f3stico de estos casi primeros 30 d\u00edas de gobierno en varios aspectos: temas h\u00eddricos, manejo de inundaciones, agua y saneamiento\u201d. Adem\u00e1s, agreg\u00f3 que \u201cnos acompa\u00f1\u00f3 una funcionaria de Educaci\u00f3n porque una de las cuestiones que estamos viendo son las grandes deficiencias y necesidades de infraestructura educativa\u201d.<\/p>\n\n\n\n<p>De la reuni\u00f3n tambi\u00e9n particip\u00f3 el subsecretario de Obras p\u00fablicas, Ernesto Selzer, quien resalt\u00f3 que se empezar\u00e1 a trabajar en los municipios con temas sensibles como \u201cla relocalizaci\u00f3n de viviendas en zonas inundables, mejoramiento de caminos e infraestructura b\u00e1sica\u201d.<\/p>\n\n\n\n<p>Por su parte, el subsecretario de Infraestructura Hidraulica, Guillermo Jelinsky, se\u00f1al\u00f3: \u201cHay necesidades en servicios de saneamiento como agua y cloaca, construcci\u00f3n de nuevas plantas de tratamientos de efluentes, recursos econ\u00f3micos que no est\u00e1n siendo ejecutados y que son necesarios como obras del Salado, que tienen un desarrollo baj\u00edsimo y que es necesario llevarlos adelante. El acompa\u00f1amiento del Banco es fundamental\u201d.&nbsp;<\/p>\n\n\n\n<p>Adem\u00e1s, como destac\u00f3 el ministro, del encuentro particip\u00f3 la Subsecretaria de Administraci\u00f3n y Recursos humanos de la Direcci\u00f3n General de Cultura y Educaci\u00f3n, Ver\u00f3nica Ferraris, quien se\u00f1al\u00f3 que \u201cel Banco comparte la estrat\u00e9gica visi\u00f3n del gobernador en cuanto a que la accesibilidad y superaci\u00f3n a largo plazo de la pobreza tiene que ver con el desarrollo educativo. Quedamos en avanzar para trabajar en una estrategia integral para enfrentar el d\u00e9ficit de infraestructura &nbsp;y la modernizaci\u00f3n de la gesti\u00f3n en forma conjunta\u201d.<\/p>\n\n\n\n<p>Por el lado del Banco Mundial estuvieron presentes el Gerente de Operaciones para Argentina, Paraguay y Uruguay, Paul Procee; el Oficial de Pa\u00eds Senior para Argentina, Paraguay y Uruguay; An\u00edbal L\u00f3pez; y la L\u00edder del Programa de Desarrollo Sostenible e Infraestructura para Argentina, Paraguay y Uruguay, Carole Megevand.<\/p>\n","protected":false},"excerpt":{"rendered":"<p>El ministro de Infraestructura y Servicios p\u00fablicos de la Provincia, Agustin Simone, se reuni\u00f3 con autoridades del Banco Mundial para comenzar a trabajar de manera conjunta sobre las principales necesidades de infraestructura en el territorio bonaerense. En el encuentro, el ministro transmiti\u00f3 la realidad de la provincia. En ese sentido, Simone destac\u00f3: \u201cConversamos sobre las [&hellip;]<\/p>\n","protected":false},"author":2,"featured_media":0,"comment_status":"open","ping_status":"open","sticky":false,"template":"","format":"standard","meta":{"tdm_status":"","tdm_grid_status":"","_jetpack_memberships_contains_paid_content":false,"footnotes":"","jetpack_publicize_message":"","jetpack_publicize_feature_enabled":true,"jetpack_social_post_already_shared":false,"jetpack_social_options":{"image_generator_settings":{"template":"highway","default_image_id":0,"font":"","enabled":false},"version":2}},"categories":[3],"tags":[],"class_list":{"0":"post-4407","1":"post","2":"type-post","3":"status-publish","4":"format-standard","6":"category-nacionales"},"yoast_head":"<!-- This site is optimized with the Yoast SEO plugin v22.7 - https:\/\/yoast.com\/wordpress\/plugins\/seo\/ -->\n<title>El ministro Simone se reuni\u00f3 con autoridades del Banco Mundial - 103.9 fm<\/title>\n<meta name=\"robots\" content=\"index, follow, max-snippet:-1, max-image-preview:large, max-video-preview:-1\" \/>\n<link rel=\"canonical\" href=\"https:\/\/ondauno.com.ar\/index.php\/2020\/01\/09\/el-ministro-simone-se-reunio-con-autoridades-del-banco-mundial\/\" \/>\n<meta property=\"og:locale\" content=\"es_ES\" \/>\n<meta property=\"og:type\" content=\"article\" \/>\n<meta property=\"og:title\" content=\"El ministro Simone se reuni\u00f3 con autoridades del Banco Mundial - 103.9 fm\" \/>\n<meta property=\"og:description\" content=\"El ministro de Infraestructura y Servicios p\u00fablicos de la Provincia, Agustin Simone, se reuni\u00f3 con autoridades del Banco Mundial para comenzar a trabajar de manera conjunta sobre las principales necesidades de infraestructura en el territorio bonaerense. En el encuentro, el ministro transmiti\u00f3 la realidad de la provincia. En ese sentido, Simone destac\u00f3: \u201cConversamos sobre las [&hellip;]\" \/>\n<meta property=\"og:url\" content=\"https:\/\/ondauno.com.ar\/index.php\/2020\/01\/09\/el-ministro-simone-se-reunio-con-autoridades-del-banco-mundial\/\" \/>\n<meta property=\"og:site_name\" content=\"103.9 fm\" \/>\n<meta property=\"article:publisher\" content=\"https:\/\/www.facebook.com\/ondauno103.9\" \/>\n<meta property=\"article:published_time\" content=\"2020-01-10T01:11:20+00:00\" \/>\n<meta property=\"article:modified_time\" content=\"2020-01-10T01:11:22+00:00\" \/>\n<meta property=\"og:image\" content=\"https:\/\/ondauno.com.ar\/wp-content\/uploads\/2020\/01\/ei.jpg\" \/>\n\t<meta property=\"og:image:width\" content=\"1134\" \/>\n\t<meta property=\"og:image:height\" content=\"756\" \/>\n\t<meta property=\"og:image:type\" content=\"image\/jpeg\" \/>\n<meta name=\"author\" content=\"fernando garcia\" \/>\n<meta name=\"twitter:card\" content=\"summary_large_image\" \/>\n<meta name=\"twitter:label1\" content=\"Escrito por\" \/>\n\t<meta name=\"twitter:data1\" content=\"fernando garcia\" \/>\n\t<meta name=\"twitter:label2\" content=\"Tiempo de lectura\" \/>\n\t<meta name=\"twitter:data2\" content=\"2 minutos\" \/>\n<script type=\"application\/ld+json\" class=\"yoast-schema-graph\">{\"@context\":\"https:\/\/schema.org\",\"@graph\":[{\"@type\":\"WebPage\",\"@id\":\"https:\/\/ondauno.com.ar\/index.php\/2020\/01\/09\/el-ministro-simone-se-reunio-con-autoridades-del-banco-mundial\/\",\"url\":\"https:\/\/ondauno.com.ar\/index.php\/2020\/01\/09\/el-ministro-simone-se-reunio-con-autoridades-del-banco-mundial\/\",\"name\":\"El ministro Simone se reuni\u00f3 con autoridades del Banco Mundial - 103.9 fm\",\"isPartOf\":{\"@id\":\"https:\/\/ondauno.com.ar\/#website\"},\"datePublished\":\"2020-01-10T01:11:20+00:00\",\"dateModified\":\"2020-01-10T01:11:22+00:00\",\"author\":{\"@id\":\"https:\/\/ondauno.com.ar\/#\/schema\/person\/201d1b68e6c75e0fd396fe5f8af5d139\"},\"breadcrumb\":{\"@id\":\"https:\/\/ondauno.com.ar\/index.php\/2020\/01\/09\/el-ministro-simone-se-reunio-con-autoridades-del-banco-mundial\/#breadcrumb\"},\"inLanguage\":\"es-AR\",\"potentialAction\":[{\"@type\":\"ReadAction\",\"target\":[\"https:\/\/ondauno.com.ar\/index.php\/2020\/01\/09\/el-ministro-simone-se-reunio-con-autoridades-del-banco-mundial\/\"]}]},{\"@type\":\"BreadcrumbList\",\"@id\":\"https:\/\/ondauno.com.ar\/index.php\/2020\/01\/09\/el-ministro-simone-se-reunio-con-autoridades-del-banco-mundial\/#breadcrumb\",\"itemListElement\":[{\"@type\":\"ListItem\",\"position\":1,\"name\":\"Inicio\",\"item\":\"https:\/\/ondauno.com.ar\/\"},{\"@type\":\"ListItem\",\"position\":2,\"name\":\"El ministro Simone se reuni\u00f3 con autoridades del Banco Mundial\"}]},{\"@type\":\"WebSite\",\"@id\":\"https:\/\/ondauno.com.ar\/#website\",\"url\":\"https:\/\/ondauno.com.ar\/\",\"name\":\"103.9 fm\",\"description\":\"LA PRIMERA RADIO MULTIMEDIA DE TRES ARROYOS\",\"potentialAction\":[{\"@type\":\"SearchAction\",\"target\":{\"@type\":\"EntryPoint\",\"urlTemplate\":\"https:\/\/ondauno.com.ar\/?s={search_term_string}\"},\"query-input\":\"required name=search_term_string\"}],\"inLanguage\":\"es-AR\"},{\"@type\":\"Person\",\"@id\":\"https:\/\/ondauno.com.ar\/#\/schema\/person\/201d1b68e6c75e0fd396fe5f8af5d139\",\"name\":\"fernando garcia\",\"image\":{\"@type\":\"ImageObject\",\"inLanguage\":\"es-AR\",\"@id\":\"https:\/\/ondauno.com.ar\/#\/schema\/person\/image\/\",\"url\":\"https:\/\/secure.gravatar.com\/avatar\/5f7254642ad81272e79a2e69653cfdfc?s=96&d=mm&r=g\",\"contentUrl\":\"https:\/\/secure.gravatar.com\/avatar\/5f7254642ad81272e79a2e69653cfdfc?s=96&d=mm&r=g\",\"caption\":\"fernando garcia\"},\"url\":\"https:\/\/ondauno.com.ar\/index.php\/author\/ondaunoeditor\/\"}]}<\/script>\n<!-- \/ Yoast SEO plugin. -->","yoast_head_json":{"title":"El ministro Simone se reuni\u00f3 con autoridades del Banco Mundial - 103.9 fm","robots":{"index":"index","follow":"follow","max-snippet":"max-snippet:-1","max-image-preview":"max-image-preview:large","max-video-preview":"max-video-preview:-1"},"canonical":"https:\/\/ondauno.com.ar\/index.php\/2020\/01\/09\/el-ministro-simone-se-reunio-con-autoridades-del-banco-mundial\/","og_locale":"es_ES","og_type":"article","og_title":"El ministro Simone se reuni\u00f3 con autoridades del Banco Mundial - 103.9 fm","og_description":"El ministro de Infraestructura y Servicios p\u00fablicos de la Provincia, Agustin Simone, se reuni\u00f3 con autoridades del Banco Mundial para comenzar a trabajar de manera conjunta sobre las principales necesidades de infraestructura en el territorio bonaerense. En el encuentro, el ministro transmiti\u00f3 la realidad de la provincia. En ese sentido, Simone destac\u00f3: \u201cConversamos sobre las [&hellip;]","og_url":"https:\/\/ondauno.com.ar\/index.php\/2020\/01\/09\/el-ministro-simone-se-reunio-con-autoridades-del-banco-mundial\/","og_site_name":"103.9 fm","article_publisher":"https:\/\/www.facebook.com\/ondauno103.9","article_published_time":"2020-01-10T01:11:20+00:00","article_modified_time":"2020-01-10T01:11:22+00:00","og_image":[{"width":1134,"height":756,"url":"https:\/\/ondauno.com.ar\/wp-content\/uploads\/2020\/01\/ei.jpg","type":"image\/jpeg"}],"author":"fernando garcia","twitter_card":"summary_large_image","twitter_misc":{"Escrito por":"fernando garcia","Tiempo de lectura":"2 minutos"},"schema":{"@context":"https:\/\/schema.org","@graph":[{"@type":"WebPage","@id":"https:\/\/ondauno.com.ar\/index.php\/2020\/01\/09\/el-ministro-simone-se-reunio-con-autoridades-del-banco-mundial\/","url":"https:\/\/ondauno.com.ar\/index.php\/2020\/01\/09\/el-ministro-simone-se-reunio-con-autoridades-del-banco-mundial\/","name":"El ministro Simone se reuni\u00f3 con autoridades del Banco Mundial - 103.9 fm","isPartOf":{"@id":"https:\/\/ondauno.com.ar\/#website"},"datePublished":"2020-01-10T01:11:20+00:00","dateModified":"2020-01-10T01:11:22+00:00","author":{"@id":"https:\/\/ondauno.com.ar\/#\/schema\/person\/201d1b68e6c75e0fd396fe5f8af5d139"},"breadcrumb":{"@id":"https:\/\/ondauno.com.ar\/index.php\/2020\/01\/09\/el-ministro-simone-se-reunio-con-autoridades-del-banco-mundial\/#breadcrumb"},"inLanguage":"es-AR","potentialAction":[{"@type":"ReadAction","target":["https:\/\/ondauno.com.ar\/index.php\/2020\/01\/09\/el-ministro-simone-se-reunio-con-autoridades-del-banco-mundial\/"]}]},{"@type":"BreadcrumbList","@id":"https:\/\/ondauno.com.ar\/index.php\/2020\/01\/09\/el-ministro-simone-se-reunio-con-autoridades-del-banco-mundial\/#breadcrumb","itemListElement":[{"@type":"ListItem","position":1,"name":"Inicio","item":"https:\/\/ondauno.com.ar\/"},{"@type":"ListItem","position":2,"name":"El ministro Simone se reuni\u00f3 con autoridades del Banco Mundial"}]},{"@type":"WebSite","@id":"https:\/\/ondauno.com.ar\/#website","url":"https:\/\/ondauno.com.ar\/","name":"103.9 fm","description":"LA PRIMERA RADIO MULTIMEDIA DE TRES ARROYOS","potentialAction":[{"@type":"SearchAction","target":{"@type":"EntryPoint","urlTemplate":"https:\/\/ondauno.com.ar\/?s={search_term_string}"},"query-input":"required name=search_term_string"}],"inLanguage":"es-AR"},{"@type":"Person","@id":"https:\/\/ondauno.com.ar\/#\/schema\/person\/201d1b68e6c75e0fd396fe5f8af5d139","name":"fernando garcia","image":{"@type":"ImageObject","inLanguage":"es-AR","@id":"https:\/\/ondauno.com.ar\/#\/schema\/person\/image\/","url":"https:\/\/secure.gravatar.com\/avatar\/5f7254642ad81272e79a2e69653cfdfc?s=96&d=mm&r=g","contentUrl":"https:\/\/secure.gravatar.com\/avatar\/5f7254642ad81272e79a2e69653cfdfc?s=96&d=mm&r=g","caption":"fernando garcia"},"url":"https:\/\/ondauno.com.ar\/index.php\/author\/ondaunoeditor\/"}]}},"jetpack_publicize_connections":[],"jetpack_featured_media_url":"","jetpack_sharing_enabled":true,"_links":{"self":[{"href":"https:\/\/ondauno.com.ar\/index.php\/wp-json\/wp\/v2\/posts\/4407","targetHints":{"allow":["GET"]}}],"collection":[{"href":"https:\/\/ondauno.com.ar\/index.php\/wp-json\/wp\/v2\/posts"}],"about":[{"href":"https:\/\/ondauno.com.ar\/index.php\/wp-json\/wp\/v2\/types\/post"}],"author":[{"embeddable":true,"href":"https:\/\/ondauno.com.ar\/index.php\/wp-json\/wp\/v2\/users\/2"}],"replies":[{"embeddable":true,"href":"https:\/\/ondauno.com.ar\/index.php\/wp-json\/wp\/v2\/comments?post=4407"}],"version-history":[{"count":0,"href":"https:\/\/ondauno.com.ar\/index.php\/wp-json\/wp\/v2\/posts\/4407\/revisions"}],"wp:attachment":[{"href":"https:\/\/ondauno.com.ar\/index.php\/wp-json\/wp\/v2\/media?parent=4407"}],"wp:term":[{"taxonomy":"category","embeddable":true,"href":"https:\/\/ondauno.com.ar\/index.php\/wp-json\/wp\/v2\/categories?post=4407"},{"taxonomy":"post_tag","embeddable":true,"href":"https:\/\/ondauno.com.ar\/index.php\/wp-json\/wp\/v2\/tags?post=4407"}],"curies":[{"name":"wp","href":"https:\/\/api.w.org\/{rel}","templated":true}]}}