{"id":4403,"date":"2020-01-09T22:09:55","date_gmt":"2020-01-10T01:09:55","guid":{"rendered":"http:\/\/ondauno.com.ar\/?p=4403"},"modified":"2020-01-09T22:10:04","modified_gmt":"2020-01-10T01:10:04","slug":"marcelo-leon-presente-en-la-firma-del-convenio-argentina-contra-el-hambre","status":"publish","type":"post","link":"https:\/\/ondauno.com.ar\/index.php\/2020\/01\/09\/marcelo-leon-presente-en-la-firma-del-convenio-argentina-contra-el-hambre\/","title":{"rendered":"Marcelo Le\u00f3n presente en la firma del convenio &#8220;Argentina contra el hambre&#8221;"},"content":{"rendered":"<div class=\"ondau-before-content_3\" style=\"margin-top: -30px;\" id=\"ondau-442088737\"><a href=\"https:\/\/www.lps.com.ar\/\" aria-label=\"la-perse2\"><img loading=\"lazy\" decoding=\"async\" src=\"https:\/\/ondauno.com.ar\/wp-content\/uploads\/2021\/10\/la-perse2.jpg\" alt=\"\"  srcset=\"https:\/\/ondauno.com.ar\/wp-content\/uploads\/2021\/10\/la-perse2.jpg 1353w, https:\/\/ondauno.com.ar\/wp-content\/uploads\/2021\/10\/la-perse2-300x43.jpg 300w, https:\/\/ondauno.com.ar\/wp-content\/uploads\/2021\/10\/la-perse2-1024x148.jpg 1024w, https:\/\/ondauno.com.ar\/wp-content\/uploads\/2021\/10\/la-perse2-768x111.jpg 768w, https:\/\/ondauno.com.ar\/wp-content\/uploads\/2021\/10\/la-perse2-696x100.jpg 696w, https:\/\/ondauno.com.ar\/wp-content\/uploads\/2021\/10\/la-perse2-1068x154.jpg 1068w\" sizes=\"(max-width: 1353px) 100vw, 1353px\" class=\"no-lazyload\" width=\"1353\" height=\"195\"  style=\"display: inline-block;\" \/><\/a><\/div>\n<p>El Secretario de Desarrollo Social, Marcelo Le\u00f3n, estuvo presente en la firma del convenio que se llev\u00f3 a cabo entre el gobernador de la Provincia de Buenos Aires Axel Kicillof y el ministro de Desarrollo Social de la Naci\u00f3n Daniel Arroyo.<\/p>\n\n\n\n<figure class=\"wp-block-image\"><img decoding=\"async\" data-src=\"http:\/\/ondauno.com.ar\/wp-content\/uploads\/2020\/01\/PHOTO-2020-01-09-13-18-57-768x1024.jpg\" alt=\"\" class=\"wp-image-4404 lazyload\" src=\"data:image\/gif;base64,R0lGODlhAQABAAAAACH5BAEKAAEALAAAAAABAAEAAAICTAEAOw==\" style=\"--smush-placeholder-width: 768px; --smush-placeholder-aspect-ratio: 768\/1024;\" \/><noscript><img decoding=\"async\" src=\"http:\/\/ondauno.com.ar\/wp-content\/uploads\/2020\/01\/PHOTO-2020-01-09-13-18-57-768x1024.jpg\" alt=\"\" class=\"wp-image-4404\"\/><\/noscript><\/figure>\n\n\n\n<p>El mismo trata de la implementaci\u00f3n del Plan Nacional Integral &#8220;Argentina contra el hambre&#8221; en territorio bonaerense, el cual busca garantizar el derecho a la alimentaci\u00f3n de la ciudadan\u00eda para acceder a una canasta que incluya l\u00e1cteos, verduras, frutas, carne y otro tipo de alimentos frescos.\u00a0 <\/p>\n","protected":false},"excerpt":{"rendered":"<p>El Secretario de Desarrollo Social, Marcelo Le\u00f3n, estuvo presente en la firma del convenio que se llev\u00f3 a cabo entre el gobernador de la Provincia de Buenos Aires Axel Kicillof y el ministro de Desarrollo Social de la Naci\u00f3n Daniel Arroyo. El mismo trata de la implementaci\u00f3n del Plan Nacional Integral &#8220;Argentina contra el hambre&#8221; [&hellip;]<\/p>\n","protected":false},"author":2,"featured_media":0,"comment_status":"open","ping_status":"open","sticky":false,"template":"","format":"standard","meta":{"tdm_status":"","tdm_grid_status":"","_jetpack_memberships_contains_paid_content":false,"footnotes":"","jetpack_publicize_message":"","jetpack_publicize_feature_enabled":true,"jetpack_social_post_already_shared":false,"jetpack_social_options":{"image_generator_settings":{"template":"highway","default_image_id":0,"font":"","enabled":false},"version":2}},"categories":[2],"tags":[],"class_list":{"0":"post-4403","1":"post","2":"type-post","3":"status-publish","4":"format-standard","6":"category-locales"},"yoast_head":"<!-- This site is optimized with the Yoast SEO plugin v22.7 - https:\/\/yoast.com\/wordpress\/plugins\/seo\/ -->\n<title>Marcelo Le\u00f3n presente en la firma del convenio &quot;Argentina contra el hambre&quot; - 103.9 fm<\/title>\n<meta name=\"robots\" content=\"index, follow, max-snippet:-1, max-image-preview:large, max-video-preview:-1\" \/>\n<link rel=\"canonical\" href=\"https:\/\/ondauno.com.ar\/index.php\/2020\/01\/09\/marcelo-leon-presente-en-la-firma-del-convenio-argentina-contra-el-hambre\/\" \/>\n<meta property=\"og:locale\" content=\"es_ES\" \/>\n<meta property=\"og:type\" content=\"article\" \/>\n<meta property=\"og:title\" content=\"Marcelo Le\u00f3n presente en la firma del convenio &quot;Argentina contra el hambre&quot; - 103.9 fm\" \/>\n<meta property=\"og:description\" content=\"El Secretario de Desarrollo Social, Marcelo Le\u00f3n, estuvo presente en la firma del convenio que se llev\u00f3 a cabo entre el gobernador de la Provincia de Buenos Aires Axel Kicillof y el ministro de Desarrollo Social de la Naci\u00f3n Daniel Arroyo. El mismo trata de la implementaci\u00f3n del Plan Nacional Integral &#8220;Argentina contra el hambre&#8221; [&hellip;]\" \/>\n<meta property=\"og:url\" content=\"https:\/\/ondauno.com.ar\/index.php\/2020\/01\/09\/marcelo-leon-presente-en-la-firma-del-convenio-argentina-contra-el-hambre\/\" \/>\n<meta property=\"og:site_name\" content=\"103.9 fm\" \/>\n<meta property=\"article:publisher\" content=\"https:\/\/www.facebook.com\/ondauno103.9\" \/>\n<meta property=\"article:published_time\" content=\"2020-01-10T01:09:55+00:00\" \/>\n<meta property=\"article:modified_time\" content=\"2020-01-10T01:10:04+00:00\" \/>\n<meta property=\"og:image\" content=\"https:\/\/ondauno.com.ar\/wp-content\/uploads\/2020\/01\/PHOTO-2020-01-09-13-18-35.jpg\" \/>\n\t<meta property=\"og:image:width\" content=\"898\" \/>\n\t<meta property=\"og:image:height\" content=\"1280\" \/>\n\t<meta property=\"og:image:type\" content=\"image\/jpeg\" \/>\n<meta name=\"author\" content=\"fernando garcia\" \/>\n<meta name=\"twitter:card\" content=\"summary_large_image\" \/>\n<meta name=\"twitter:label1\" content=\"Escrito por\" \/>\n\t<meta name=\"twitter:data1\" content=\"fernando garcia\" \/>\n<script type=\"application\/ld+json\" class=\"yoast-schema-graph\">{\"@context\":\"https:\/\/schema.org\",\"@graph\":[{\"@type\":\"WebPage\",\"@id\":\"https:\/\/ondauno.com.ar\/index.php\/2020\/01\/09\/marcelo-leon-presente-en-la-firma-del-convenio-argentina-contra-el-hambre\/\",\"url\":\"https:\/\/ondauno.com.ar\/index.php\/2020\/01\/09\/marcelo-leon-presente-en-la-firma-del-convenio-argentina-contra-el-hambre\/\",\"name\":\"Marcelo Le\u00f3n presente en la firma del convenio \\\"Argentina contra el hambre\\\" - 103.9 fm\",\"isPartOf\":{\"@id\":\"https:\/\/ondauno.com.ar\/#website\"},\"primaryImageOfPage\":{\"@id\":\"https:\/\/ondauno.com.ar\/index.php\/2020\/01\/09\/marcelo-leon-presente-en-la-firma-del-convenio-argentina-contra-el-hambre\/#primaryimage\"},\"image\":{\"@id\":\"https:\/\/ondauno.com.ar\/index.php\/2020\/01\/09\/marcelo-leon-presente-en-la-firma-del-convenio-argentina-contra-el-hambre\/#primaryimage\"},\"thumbnailUrl\":\"http:\/\/ondauno.com.ar\/wp-content\/uploads\/2020\/01\/PHOTO-2020-01-09-13-18-57-768x1024.jpg\",\"datePublished\":\"2020-01-10T01:09:55+00:00\",\"dateModified\":\"2020-01-10T01:10:04+00:00\",\"author\":{\"@id\":\"https:\/\/ondauno.com.ar\/#\/schema\/person\/201d1b68e6c75e0fd396fe5f8af5d139\"},\"breadcrumb\":{\"@id\":\"https:\/\/ondauno.com.ar\/index.php\/2020\/01\/09\/marcelo-leon-presente-en-la-firma-del-convenio-argentina-contra-el-hambre\/#breadcrumb\"},\"inLanguage\":\"es-AR\",\"potentialAction\":[{\"@type\":\"ReadAction\",\"target\":[\"https:\/\/ondauno.com.ar\/index.php\/2020\/01\/09\/marcelo-leon-presente-en-la-firma-del-convenio-argentina-contra-el-hambre\/\"]}]},{\"@type\":\"ImageObject\",\"inLanguage\":\"es-AR\",\"@id\":\"https:\/\/ondauno.com.ar\/index.php\/2020\/01\/09\/marcelo-leon-presente-en-la-firma-del-convenio-argentina-contra-el-hambre\/#primaryimage\",\"url\":\"\",\"contentUrl\":\"\"},{\"@type\":\"BreadcrumbList\",\"@id\":\"https:\/\/ondauno.com.ar\/index.php\/2020\/01\/09\/marcelo-leon-presente-en-la-firma-del-convenio-argentina-contra-el-hambre\/#breadcrumb\",\"itemListElement\":[{\"@type\":\"ListItem\",\"position\":1,\"name\":\"Inicio\",\"item\":\"https:\/\/ondauno.com.ar\/\"},{\"@type\":\"ListItem\",\"position\":2,\"name\":\"Marcelo Le\u00f3n presente en la firma del convenio &#8220;Argentina contra el hambre&#8221;\"}]},{\"@type\":\"WebSite\",\"@id\":\"https:\/\/ondauno.com.ar\/#website\",\"url\":\"https:\/\/ondauno.com.ar\/\",\"name\":\"103.9 fm\",\"description\":\"LA PRIMERA RADIO MULTIMEDIA DE TRES ARROYOS\",\"potentialAction\":[{\"@type\":\"SearchAction\",\"target\":{\"@type\":\"EntryPoint\",\"urlTemplate\":\"https:\/\/ondauno.com.ar\/?s={search_term_string}\"},\"query-input\":\"required name=search_term_string\"}],\"inLanguage\":\"es-AR\"},{\"@type\":\"Person\",\"@id\":\"https:\/\/ondauno.com.ar\/#\/schema\/person\/201d1b68e6c75e0fd396fe5f8af5d139\",\"name\":\"fernando garcia\",\"image\":{\"@type\":\"ImageObject\",\"inLanguage\":\"es-AR\",\"@id\":\"https:\/\/ondauno.com.ar\/#\/schema\/person\/image\/\",\"url\":\"https:\/\/secure.gravatar.com\/avatar\/5f7254642ad81272e79a2e69653cfdfc?s=96&d=mm&r=g\",\"contentUrl\":\"https:\/\/secure.gravatar.com\/avatar\/5f7254642ad81272e79a2e69653cfdfc?s=96&d=mm&r=g\",\"caption\":\"fernando garcia\"},\"url\":\"https:\/\/ondauno.com.ar\/index.php\/author\/ondaunoeditor\/\"}]}<\/script>\n<!-- \/ Yoast SEO plugin. -->","yoast_head_json":{"title":"Marcelo Le\u00f3n presente en la firma del convenio \"Argentina contra el hambre\" - 103.9 fm","robots":{"index":"index","follow":"follow","max-snippet":"max-snippet:-1","max-image-preview":"max-image-preview:large","max-video-preview":"max-video-preview:-1"},"canonical":"https:\/\/ondauno.com.ar\/index.php\/2020\/01\/09\/marcelo-leon-presente-en-la-firma-del-convenio-argentina-contra-el-hambre\/","og_locale":"es_ES","og_type":"article","og_title":"Marcelo Le\u00f3n presente en la firma del convenio \"Argentina contra el hambre\" - 103.9 fm","og_description":"El Secretario de Desarrollo Social, Marcelo Le\u00f3n, estuvo presente en la firma del convenio que se llev\u00f3 a cabo entre el gobernador de la Provincia de Buenos Aires Axel Kicillof y el ministro de Desarrollo Social de la Naci\u00f3n Daniel Arroyo. El mismo trata de la implementaci\u00f3n del Plan Nacional Integral &#8220;Argentina contra el hambre&#8221; [&hellip;]","og_url":"https:\/\/ondauno.com.ar\/index.php\/2020\/01\/09\/marcelo-leon-presente-en-la-firma-del-convenio-argentina-contra-el-hambre\/","og_site_name":"103.9 fm","article_publisher":"https:\/\/www.facebook.com\/ondauno103.9","article_published_time":"2020-01-10T01:09:55+00:00","article_modified_time":"2020-01-10T01:10:04+00:00","og_image":[{"width":898,"height":1280,"url":"https:\/\/ondauno.com.ar\/wp-content\/uploads\/2020\/01\/PHOTO-2020-01-09-13-18-35.jpg","type":"image\/jpeg"}],"author":"fernando garcia","twitter_card":"summary_large_image","twitter_misc":{"Escrito por":"fernando garcia"},"schema":{"@context":"https:\/\/schema.org","@graph":[{"@type":"WebPage","@id":"https:\/\/ondauno.com.ar\/index.php\/2020\/01\/09\/marcelo-leon-presente-en-la-firma-del-convenio-argentina-contra-el-hambre\/","url":"https:\/\/ondauno.com.ar\/index.php\/2020\/01\/09\/marcelo-leon-presente-en-la-firma-del-convenio-argentina-contra-el-hambre\/","name":"Marcelo Le\u00f3n presente en la firma del convenio \"Argentina contra el hambre\" - 103.9 fm","isPartOf":{"@id":"https:\/\/ondauno.com.ar\/#website"},"primaryImageOfPage":{"@id":"https:\/\/ondauno.com.ar\/index.php\/2020\/01\/09\/marcelo-leon-presente-en-la-firma-del-convenio-argentina-contra-el-hambre\/#primaryimage"},"image":{"@id":"https:\/\/ondauno.com.ar\/index.php\/2020\/01\/09\/marcelo-leon-presente-en-la-firma-del-convenio-argentina-contra-el-hambre\/#primaryimage"},"thumbnailUrl":"http:\/\/ondauno.com.ar\/wp-content\/uploads\/2020\/01\/PHOTO-2020-01-09-13-18-57-768x1024.jpg","datePublished":"2020-01-10T01:09:55+00:00","dateModified":"2020-01-10T01:10:04+00:00","author":{"@id":"https:\/\/ondauno.com.ar\/#\/schema\/person\/201d1b68e6c75e0fd396fe5f8af5d139"},"breadcrumb":{"@id":"https:\/\/ondauno.com.ar\/index.php\/2020\/01\/09\/marcelo-leon-presente-en-la-firma-del-convenio-argentina-contra-el-hambre\/#breadcrumb"},"inLanguage":"es-AR","potentialAction":[{"@type":"ReadAction","target":["https:\/\/ondauno.com.ar\/index.php\/2020\/01\/09\/marcelo-leon-presente-en-la-firma-del-convenio-argentina-contra-el-hambre\/"]}]},{"@type":"ImageObject","inLanguage":"es-AR","@id":"https:\/\/ondauno.com.ar\/index.php\/2020\/01\/09\/marcelo-leon-presente-en-la-firma-del-convenio-argentina-contra-el-hambre\/#primaryimage","url":"","contentUrl":""},{"@type":"BreadcrumbList","@id":"https:\/\/ondauno.com.ar\/index.php\/2020\/01\/09\/marcelo-leon-presente-en-la-firma-del-convenio-argentina-contra-el-hambre\/#breadcrumb","itemListElement":[{"@type":"ListItem","position":1,"name":"Inicio","item":"https:\/\/ondauno.com.ar\/"},{"@type":"ListItem","position":2,"name":"Marcelo Le\u00f3n presente en la firma del convenio &#8220;Argentina contra el hambre&#8221;"}]},{"@type":"WebSite","@id":"https:\/\/ondauno.com.ar\/#website","url":"https:\/\/ondauno.com.ar\/","name":"103.9 fm","description":"LA PRIMERA RADIO MULTIMEDIA DE TRES ARROYOS","potentialAction":[{"@type":"SearchAction","target":{"@type":"EntryPoint","urlTemplate":"https:\/\/ondauno.com.ar\/?s={search_term_string}"},"query-input":"required name=search_term_string"}],"inLanguage":"es-AR"},{"@type":"Person","@id":"https:\/\/ondauno.com.ar\/#\/schema\/person\/201d1b68e6c75e0fd396fe5f8af5d139","name":"fernando garcia","image":{"@type":"ImageObject","inLanguage":"es-AR","@id":"https:\/\/ondauno.com.ar\/#\/schema\/person\/image\/","url":"https:\/\/secure.gravatar.com\/avatar\/5f7254642ad81272e79a2e69653cfdfc?s=96&d=mm&r=g","contentUrl":"https:\/\/secure.gravatar.com\/avatar\/5f7254642ad81272e79a2e69653cfdfc?s=96&d=mm&r=g","caption":"fernando garcia"},"url":"https:\/\/ondauno.com.ar\/index.php\/author\/ondaunoeditor\/"}]}},"jetpack_publicize_connections":[],"jetpack_featured_media_url":"","jetpack_sharing_enabled":true,"_links":{"self":[{"href":"https:\/\/ondauno.com.ar\/index.php\/wp-json\/wp\/v2\/posts\/4403","targetHints":{"allow":["GET"]}}],"collection":[{"href":"https:\/\/ondauno.com.ar\/index.php\/wp-json\/wp\/v2\/posts"}],"about":[{"href":"https:\/\/ondauno.com.ar\/index.php\/wp-json\/wp\/v2\/types\/post"}],"author":[{"embeddable":true,"href":"https:\/\/ondauno.com.ar\/index.php\/wp-json\/wp\/v2\/users\/2"}],"replies":[{"embeddable":true,"href":"https:\/\/ondauno.com.ar\/index.php\/wp-json\/wp\/v2\/comments?post=4403"}],"version-history":[{"count":0,"href":"https:\/\/ondauno.com.ar\/index.php\/wp-json\/wp\/v2\/posts\/4403\/revisions"}],"wp:attachment":[{"href":"https:\/\/ondauno.com.ar\/index.php\/wp-json\/wp\/v2\/media?parent=4403"}],"wp:term":[{"taxonomy":"category","embeddable":true,"href":"https:\/\/ondauno.com.ar\/index.php\/wp-json\/wp\/v2\/categories?post=4403"},{"taxonomy":"post_tag","embeddable":true,"href":"https:\/\/ondauno.com.ar\/index.php\/wp-json\/wp\/v2\/tags?post=4403"}],"curies":[{"name":"wp","href":"https:\/\/api.w.org\/{rel}","templated":true}]}}