{"id":4400,"date":"2020-01-09T22:08:40","date_gmt":"2020-01-10T01:08:40","guid":{"rendered":"http:\/\/ondauno.com.ar\/?p=4400"},"modified":"2020-01-09T22:08:47","modified_gmt":"2020-01-10T01:08:47","slug":"sanchez-en-reta-y-copetonas","status":"publish","type":"post","link":"https:\/\/ondauno.com.ar\/index.php\/2020\/01\/09\/sanchez-en-reta-y-copetonas\/","title":{"rendered":"Sanchez en Reta y Copetonas"},"content":{"rendered":"<div class=\"ondau-before-content_3\" style=\"margin-top: -30px;\" id=\"ondau-3931063974\"><a href=\"https:\/\/www.lps.com.ar\/\" aria-label=\"la-perse2\"><img loading=\"lazy\" decoding=\"async\" src=\"https:\/\/ondauno.com.ar\/wp-content\/uploads\/2021\/10\/la-perse2.jpg\" alt=\"\"  srcset=\"https:\/\/ondauno.com.ar\/wp-content\/uploads\/2021\/10\/la-perse2.jpg 1353w, https:\/\/ondauno.com.ar\/wp-content\/uploads\/2021\/10\/la-perse2-300x43.jpg 300w, https:\/\/ondauno.com.ar\/wp-content\/uploads\/2021\/10\/la-perse2-1024x148.jpg 1024w, https:\/\/ondauno.com.ar\/wp-content\/uploads\/2021\/10\/la-perse2-768x111.jpg 768w, https:\/\/ondauno.com.ar\/wp-content\/uploads\/2021\/10\/la-perse2-696x100.jpg 696w, https:\/\/ondauno.com.ar\/wp-content\/uploads\/2021\/10\/la-perse2-1068x154.jpg 1068w\" sizes=\"(max-width: 1353px) 100vw, 1353px\" class=\"no-lazyload\" width=\"1353\" height=\"195\"  style=\"display: inline-block;\" \/><\/a><\/div>\n<p>Como es habitual, el Intendente Carlos S\u00e1nchez dedic\u00f3 esta ma\u00f1ana a recorrer distintas localidades del distrito.<br>En esta ocasi\u00f3n visit\u00f3 la delegaci\u00f3n de Reta en donde su delegado, Oscar Toledo, puso al tanto a S\u00e1nchez de las actividades que de desarrollan en el lugar en el marco de la temporada de verano.<\/p>\n\n\n\n<p><br>El intendente, acompa\u00f1ado tambi\u00e9n por el Delegado de Copetonas, Mariano Hern\u00e1ndez, el Concejal Francisco Aramberri y el Director de Turismo, Juli\u00e1n Lamberti, aprovech\u00f3 su estad\u00eda en Reta para interiorizarse sobre lo ocurrido con el domo derrumbado que oficiaba de parador y como contin\u00faan las obras de limpieza del mismo.<\/p>\n\n\n\n<p><br>Ya en Copetonas,los funcionarios visitaron la costa del Rio Quequ\u00e9n en vista a lo que ser\u00e1 el primer festival de m\u00fasica que se realizar\u00e1 all\u00ed durante esta temporada veraniega.<br>Las visitas del Intendente a las distintas localidades del distrito continuar\u00e1n en las pr\u00f3ximas fechas, tal cual\u00a0 lo realiza en cada arranque de a\u00f1o.<br><\/p>\n","protected":false},"excerpt":{"rendered":"<p>Como es habitual, el Intendente Carlos S\u00e1nchez dedic\u00f3 esta ma\u00f1ana a recorrer distintas localidades del distrito.En esta ocasi\u00f3n visit\u00f3 la delegaci\u00f3n de Reta en donde su delegado, Oscar Toledo, puso al tanto a S\u00e1nchez de las actividades que de desarrollan en el lugar en el marco de la temporada de verano. El intendente, acompa\u00f1ado tambi\u00e9n [&hellip;]<\/p>\n","protected":false},"author":2,"featured_media":0,"comment_status":"open","ping_status":"open","sticky":false,"template":"","format":"standard","meta":{"tdm_status":"","tdm_grid_status":"","_jetpack_memberships_contains_paid_content":false,"footnotes":"","jetpack_publicize_message":"","jetpack_publicize_feature_enabled":true,"jetpack_social_post_already_shared":false,"jetpack_social_options":{"image_generator_settings":{"template":"highway","default_image_id":0,"font":"","enabled":false},"version":2}},"categories":[2],"tags":[],"class_list":{"0":"post-4400","1":"post","2":"type-post","3":"status-publish","4":"format-standard","6":"category-locales"},"yoast_head":"<!-- This site is optimized with the Yoast SEO plugin v22.7 - https:\/\/yoast.com\/wordpress\/plugins\/seo\/ -->\n<title>Sanchez en Reta y Copetonas - 103.9 fm<\/title>\n<meta name=\"robots\" content=\"index, follow, max-snippet:-1, max-image-preview:large, max-video-preview:-1\" \/>\n<link rel=\"canonical\" href=\"https:\/\/ondauno.com.ar\/index.php\/2020\/01\/09\/sanchez-en-reta-y-copetonas\/\" \/>\n<meta property=\"og:locale\" content=\"es_ES\" \/>\n<meta property=\"og:type\" content=\"article\" \/>\n<meta property=\"og:title\" content=\"Sanchez en Reta y Copetonas - 103.9 fm\" \/>\n<meta property=\"og:description\" content=\"Como es habitual, el Intendente Carlos S\u00e1nchez dedic\u00f3 esta ma\u00f1ana a recorrer distintas localidades del distrito.En esta ocasi\u00f3n visit\u00f3 la delegaci\u00f3n de Reta en donde su delegado, Oscar Toledo, puso al tanto a S\u00e1nchez de las actividades que de desarrollan en el lugar en el marco de la temporada de verano. El intendente, acompa\u00f1ado tambi\u00e9n [&hellip;]\" \/>\n<meta property=\"og:url\" content=\"https:\/\/ondauno.com.ar\/index.php\/2020\/01\/09\/sanchez-en-reta-y-copetonas\/\" \/>\n<meta property=\"og:site_name\" content=\"103.9 fm\" \/>\n<meta property=\"article:publisher\" content=\"https:\/\/www.facebook.com\/ondauno103.9\" \/>\n<meta property=\"article:published_time\" content=\"2020-01-10T01:08:40+00:00\" \/>\n<meta property=\"article:modified_time\" content=\"2020-01-10T01:08:47+00:00\" \/>\n<meta property=\"og:image\" content=\"https:\/\/ondauno.com.ar\/wp-content\/uploads\/2020\/01\/IMG-20200109-WA0005.jpg\" \/>\n\t<meta property=\"og:image:width\" content=\"1280\" \/>\n\t<meta property=\"og:image:height\" content=\"720\" \/>\n\t<meta property=\"og:image:type\" content=\"image\/jpeg\" \/>\n<meta name=\"author\" content=\"fernando garcia\" \/>\n<meta name=\"twitter:card\" content=\"summary_large_image\" \/>\n<meta name=\"twitter:label1\" content=\"Escrito por\" \/>\n\t<meta name=\"twitter:data1\" content=\"fernando garcia\" \/>\n\t<meta name=\"twitter:label2\" content=\"Tiempo de lectura\" \/>\n\t<meta name=\"twitter:data2\" content=\"1 minuto\" \/>\n<script type=\"application\/ld+json\" class=\"yoast-schema-graph\">{\"@context\":\"https:\/\/schema.org\",\"@graph\":[{\"@type\":\"WebPage\",\"@id\":\"https:\/\/ondauno.com.ar\/index.php\/2020\/01\/09\/sanchez-en-reta-y-copetonas\/\",\"url\":\"https:\/\/ondauno.com.ar\/index.php\/2020\/01\/09\/sanchez-en-reta-y-copetonas\/\",\"name\":\"Sanchez en Reta y Copetonas - 103.9 fm\",\"isPartOf\":{\"@id\":\"https:\/\/ondauno.com.ar\/#website\"},\"datePublished\":\"2020-01-10T01:08:40+00:00\",\"dateModified\":\"2020-01-10T01:08:47+00:00\",\"author\":{\"@id\":\"https:\/\/ondauno.com.ar\/#\/schema\/person\/201d1b68e6c75e0fd396fe5f8af5d139\"},\"breadcrumb\":{\"@id\":\"https:\/\/ondauno.com.ar\/index.php\/2020\/01\/09\/sanchez-en-reta-y-copetonas\/#breadcrumb\"},\"inLanguage\":\"es-AR\",\"potentialAction\":[{\"@type\":\"ReadAction\",\"target\":[\"https:\/\/ondauno.com.ar\/index.php\/2020\/01\/09\/sanchez-en-reta-y-copetonas\/\"]}]},{\"@type\":\"BreadcrumbList\",\"@id\":\"https:\/\/ondauno.com.ar\/index.php\/2020\/01\/09\/sanchez-en-reta-y-copetonas\/#breadcrumb\",\"itemListElement\":[{\"@type\":\"ListItem\",\"position\":1,\"name\":\"Inicio\",\"item\":\"https:\/\/ondauno.com.ar\/\"},{\"@type\":\"ListItem\",\"position\":2,\"name\":\"Sanchez en Reta y Copetonas\"}]},{\"@type\":\"WebSite\",\"@id\":\"https:\/\/ondauno.com.ar\/#website\",\"url\":\"https:\/\/ondauno.com.ar\/\",\"name\":\"103.9 fm\",\"description\":\"LA PRIMERA RADIO MULTIMEDIA DE TRES ARROYOS\",\"potentialAction\":[{\"@type\":\"SearchAction\",\"target\":{\"@type\":\"EntryPoint\",\"urlTemplate\":\"https:\/\/ondauno.com.ar\/?s={search_term_string}\"},\"query-input\":\"required name=search_term_string\"}],\"inLanguage\":\"es-AR\"},{\"@type\":\"Person\",\"@id\":\"https:\/\/ondauno.com.ar\/#\/schema\/person\/201d1b68e6c75e0fd396fe5f8af5d139\",\"name\":\"fernando garcia\",\"image\":{\"@type\":\"ImageObject\",\"inLanguage\":\"es-AR\",\"@id\":\"https:\/\/ondauno.com.ar\/#\/schema\/person\/image\/\",\"url\":\"https:\/\/secure.gravatar.com\/avatar\/5f7254642ad81272e79a2e69653cfdfc?s=96&d=mm&r=g\",\"contentUrl\":\"https:\/\/secure.gravatar.com\/avatar\/5f7254642ad81272e79a2e69653cfdfc?s=96&d=mm&r=g\",\"caption\":\"fernando garcia\"},\"url\":\"https:\/\/ondauno.com.ar\/index.php\/author\/ondaunoeditor\/\"}]}<\/script>\n<!-- \/ Yoast SEO plugin. -->","yoast_head_json":{"title":"Sanchez en Reta y Copetonas - 103.9 fm","robots":{"index":"index","follow":"follow","max-snippet":"max-snippet:-1","max-image-preview":"max-image-preview:large","max-video-preview":"max-video-preview:-1"},"canonical":"https:\/\/ondauno.com.ar\/index.php\/2020\/01\/09\/sanchez-en-reta-y-copetonas\/","og_locale":"es_ES","og_type":"article","og_title":"Sanchez en Reta y Copetonas - 103.9 fm","og_description":"Como es habitual, el Intendente Carlos S\u00e1nchez dedic\u00f3 esta ma\u00f1ana a recorrer distintas localidades del distrito.En esta ocasi\u00f3n visit\u00f3 la delegaci\u00f3n de Reta en donde su delegado, Oscar Toledo, puso al tanto a S\u00e1nchez de las actividades que de desarrollan en el lugar en el marco de la temporada de verano. El intendente, acompa\u00f1ado tambi\u00e9n [&hellip;]","og_url":"https:\/\/ondauno.com.ar\/index.php\/2020\/01\/09\/sanchez-en-reta-y-copetonas\/","og_site_name":"103.9 fm","article_publisher":"https:\/\/www.facebook.com\/ondauno103.9","article_published_time":"2020-01-10T01:08:40+00:00","article_modified_time":"2020-01-10T01:08:47+00:00","og_image":[{"width":1280,"height":720,"url":"https:\/\/ondauno.com.ar\/wp-content\/uploads\/2020\/01\/IMG-20200109-WA0005.jpg","type":"image\/jpeg"}],"author":"fernando garcia","twitter_card":"summary_large_image","twitter_misc":{"Escrito por":"fernando garcia","Tiempo de lectura":"1 minuto"},"schema":{"@context":"https:\/\/schema.org","@graph":[{"@type":"WebPage","@id":"https:\/\/ondauno.com.ar\/index.php\/2020\/01\/09\/sanchez-en-reta-y-copetonas\/","url":"https:\/\/ondauno.com.ar\/index.php\/2020\/01\/09\/sanchez-en-reta-y-copetonas\/","name":"Sanchez en Reta y Copetonas - 103.9 fm","isPartOf":{"@id":"https:\/\/ondauno.com.ar\/#website"},"datePublished":"2020-01-10T01:08:40+00:00","dateModified":"2020-01-10T01:08:47+00:00","author":{"@id":"https:\/\/ondauno.com.ar\/#\/schema\/person\/201d1b68e6c75e0fd396fe5f8af5d139"},"breadcrumb":{"@id":"https:\/\/ondauno.com.ar\/index.php\/2020\/01\/09\/sanchez-en-reta-y-copetonas\/#breadcrumb"},"inLanguage":"es-AR","potentialAction":[{"@type":"ReadAction","target":["https:\/\/ondauno.com.ar\/index.php\/2020\/01\/09\/sanchez-en-reta-y-copetonas\/"]}]},{"@type":"BreadcrumbList","@id":"https:\/\/ondauno.com.ar\/index.php\/2020\/01\/09\/sanchez-en-reta-y-copetonas\/#breadcrumb","itemListElement":[{"@type":"ListItem","position":1,"name":"Inicio","item":"https:\/\/ondauno.com.ar\/"},{"@type":"ListItem","position":2,"name":"Sanchez en Reta y Copetonas"}]},{"@type":"WebSite","@id":"https:\/\/ondauno.com.ar\/#website","url":"https:\/\/ondauno.com.ar\/","name":"103.9 fm","description":"LA PRIMERA RADIO MULTIMEDIA DE TRES ARROYOS","potentialAction":[{"@type":"SearchAction","target":{"@type":"EntryPoint","urlTemplate":"https:\/\/ondauno.com.ar\/?s={search_term_string}"},"query-input":"required name=search_term_string"}],"inLanguage":"es-AR"},{"@type":"Person","@id":"https:\/\/ondauno.com.ar\/#\/schema\/person\/201d1b68e6c75e0fd396fe5f8af5d139","name":"fernando garcia","image":{"@type":"ImageObject","inLanguage":"es-AR","@id":"https:\/\/ondauno.com.ar\/#\/schema\/person\/image\/","url":"https:\/\/secure.gravatar.com\/avatar\/5f7254642ad81272e79a2e69653cfdfc?s=96&d=mm&r=g","contentUrl":"https:\/\/secure.gravatar.com\/avatar\/5f7254642ad81272e79a2e69653cfdfc?s=96&d=mm&r=g","caption":"fernando garcia"},"url":"https:\/\/ondauno.com.ar\/index.php\/author\/ondaunoeditor\/"}]}},"jetpack_publicize_connections":[],"jetpack_featured_media_url":"","jetpack_sharing_enabled":true,"_links":{"self":[{"href":"https:\/\/ondauno.com.ar\/index.php\/wp-json\/wp\/v2\/posts\/4400","targetHints":{"allow":["GET"]}}],"collection":[{"href":"https:\/\/ondauno.com.ar\/index.php\/wp-json\/wp\/v2\/posts"}],"about":[{"href":"https:\/\/ondauno.com.ar\/index.php\/wp-json\/wp\/v2\/types\/post"}],"author":[{"embeddable":true,"href":"https:\/\/ondauno.com.ar\/index.php\/wp-json\/wp\/v2\/users\/2"}],"replies":[{"embeddable":true,"href":"https:\/\/ondauno.com.ar\/index.php\/wp-json\/wp\/v2\/comments?post=4400"}],"version-history":[{"count":0,"href":"https:\/\/ondauno.com.ar\/index.php\/wp-json\/wp\/v2\/posts\/4400\/revisions"}],"wp:attachment":[{"href":"https:\/\/ondauno.com.ar\/index.php\/wp-json\/wp\/v2\/media?parent=4400"}],"wp:term":[{"taxonomy":"category","embeddable":true,"href":"https:\/\/ondauno.com.ar\/index.php\/wp-json\/wp\/v2\/categories?post=4400"},{"taxonomy":"post_tag","embeddable":true,"href":"https:\/\/ondauno.com.ar\/index.php\/wp-json\/wp\/v2\/tags?post=4400"}],"curies":[{"name":"wp","href":"https:\/\/api.w.org\/{rel}","templated":true}]}}