{"id":43623,"date":"2023-09-03T03:33:56","date_gmt":"2023-09-03T06:33:56","guid":{"rendered":"http:\/\/ondauno.com.ar\/?p=43623"},"modified":"2023-09-03T03:33:58","modified_gmt":"2023-09-03T06:33:58","slug":"claromeco-bomberos-controlan-feroz-incendio-en-cabana-de-madera-en-zona-de-medanos","status":"publish","type":"post","link":"https:\/\/ondauno.com.ar\/index.php\/2023\/09\/03\/claromeco-bomberos-controlan-feroz-incendio-en-cabana-de-madera-en-zona-de-medanos\/","title":{"rendered":"Claromeco: Bomberos controlan feroz incendio en caba\u00f1a de madera en zona de m\u00e9danos"},"content":{"rendered":"<div class=\"ondau-before-content_3\" style=\"margin-top: -30px;\" id=\"ondau-1227367698\"><a href=\"https:\/\/www.lps.com.ar\/\" aria-label=\"la-perse2\"><img loading=\"lazy\" decoding=\"async\" src=\"https:\/\/ondauno.com.ar\/wp-content\/uploads\/2021\/10\/la-perse2.jpg\" alt=\"\"  srcset=\"https:\/\/ondauno.com.ar\/wp-content\/uploads\/2021\/10\/la-perse2.jpg 1353w, https:\/\/ondauno.com.ar\/wp-content\/uploads\/2021\/10\/la-perse2-300x43.jpg 300w, https:\/\/ondauno.com.ar\/wp-content\/uploads\/2021\/10\/la-perse2-1024x148.jpg 1024w, https:\/\/ondauno.com.ar\/wp-content\/uploads\/2021\/10\/la-perse2-768x111.jpg 768w, https:\/\/ondauno.com.ar\/wp-content\/uploads\/2021\/10\/la-perse2-696x100.jpg 696w, https:\/\/ondauno.com.ar\/wp-content\/uploads\/2021\/10\/la-perse2-1068x154.jpg 1068w\" sizes=\"(max-width: 1353px) 100vw, 1353px\" class=\"no-lazyload\" width=\"1353\" height=\"195\"  style=\"display: inline-block;\" \/><\/a><\/div>\n<p>En una ardua jornada de trabajo, el cuerpo de bomberos de Claromec\u00f3 respondi\u00f3 a un llamado de emergencia a las 16:50 horas. La alerta indicaba un incendio en la zona de m\u00e9danos, espec\u00edficamente a la altura del Salto de Cristian, en direcci\u00f3n a Reta por la playa.<\/p>\n\n\n\n<p>Dos unidades m\u00f3viles, la n\u00famero 13 y la unidad de ataque r\u00e1pido n\u00famero 22, se dirigieron inmediatamente al lugar. Al llegar, se encontraron con una escena desafiante: una caba\u00f1a de madera hab\u00eda sido consumida por las llamas, y el fuego se hab\u00eda generalizado por completo.<\/p>\n\n\n\n<p>La r\u00e1pida respuesta de los bomberos fue esencial. La unidad m\u00f3vil 22 se encarg\u00f3 de emplazar una l\u00ednea devanadera para controlar el per\u00edmetro y evitar que las llamas se propagaran hacia el monte de acacias cercano. Se realizaron viajes constantes de abastecimiento de agua, ya que el acceso complicado dificultaba el transporte de autobombas.<\/p>\n\n\n\n<p>Horas de arduo trabajo siguieron, durante las cuales se combati\u00f3 el incendio, se enfri\u00f3 la zona y se asegur\u00f3 de que las llamas se extinguieran por completo. Lamentablemente, la caba\u00f1a sufri\u00f3 p\u00e9rdidas totales debido al incendio, y no se pudo determinar con certeza la causa del inicio, ya que no se encontraban moradores en la vivienda.<\/p>\n\n\n\n<p>El servicio de bomberos cont\u00f3 con el apoyo de dos dotaciones adicionales, la polic\u00eda y maquinaria municipal. Despu\u00e9s de una extensa jornada de esfuerzo, los bomberos finalmente concluyeron sus tareas a las 21:35 horas, habiendo controlado con \u00e9xito el incendio y evitado su propagaci\u00f3n a \u00e1reas circundante.<\/p>\n\n\n\n<figure><iframe loading=\"lazy\" data-src=\"https:\/\/www.facebook.com\/plugins\/video.php?height=476&amp;href=https%3A%2F%2Fwww.facebook.com%2Fclaromecobomberos%2Fvideos%2F1233299507345793%2F&amp;show_text=false&amp;width=476&amp;t=0\" width=\"476\" height=\"476\" allowfullscreen=\"true\" src=\"data:image\/gif;base64,R0lGODlhAQABAAAAACH5BAEKAAEALAAAAAABAAEAAAICTAEAOw==\" class=\"lazyload\" data-load-mode=\"1\"><\/iframe><\/figure>\n","protected":false},"excerpt":{"rendered":"<p>En una ardua jornada de trabajo, el cuerpo de bomberos de Claromec\u00f3 respondi\u00f3 a un llamado de emergencia a las 16:50 horas. La alerta indicaba un incendio en la zona de m\u00e9danos, espec\u00edficamente a la altura del Salto de Cristian, en direcci\u00f3n a Reta por la playa. Dos unidades m\u00f3viles, la n\u00famero 13 y la [&hellip;]<\/p>\n","protected":false},"author":1,"featured_media":43624,"comment_status":"open","ping_status":"open","sticky":false,"template":"","format":"standard","meta":{"tdm_status":"","tdm_grid_status":"","_jetpack_memberships_contains_paid_content":false,"footnotes":"","jetpack_publicize_message":"","jetpack_publicize_feature_enabled":true,"jetpack_social_post_already_shared":true,"jetpack_social_options":{"image_generator_settings":{"template":"highway","default_image_id":0,"font":"","enabled":false},"version":2}},"categories":[29],"tags":[],"class_list":{"0":"post-43623","1":"post","2":"type-post","3":"status-publish","4":"format-standard","5":"has-post-thumbnail","7":"category-policiales"},"yoast_head":"<!-- This site is optimized with the Yoast SEO plugin v22.7 - https:\/\/yoast.com\/wordpress\/plugins\/seo\/ -->\n<title>Claromeco: Bomberos controlan feroz incendio en caba\u00f1a de madera en zona de m\u00e9danos - 103.9 fm<\/title>\n<meta name=\"robots\" content=\"index, follow, max-snippet:-1, max-image-preview:large, max-video-preview:-1\" \/>\n<link rel=\"canonical\" href=\"https:\/\/ondauno.com.ar\/index.php\/2023\/09\/03\/claromeco-bomberos-controlan-feroz-incendio-en-cabana-de-madera-en-zona-de-medanos\/\" \/>\n<meta property=\"og:locale\" content=\"es_ES\" \/>\n<meta property=\"og:type\" content=\"article\" \/>\n<meta property=\"og:title\" content=\"Claromeco: Bomberos controlan feroz incendio en caba\u00f1a de madera en zona de m\u00e9danos - 103.9 fm\" \/>\n<meta property=\"og:description\" content=\"En una ardua jornada de trabajo, el cuerpo de bomberos de Claromec\u00f3 respondi\u00f3 a un llamado de emergencia a las 16:50 horas. La alerta indicaba un incendio en la zona de m\u00e9danos, espec\u00edficamente a la altura del Salto de Cristian, en direcci\u00f3n a Reta por la playa. Dos unidades m\u00f3viles, la n\u00famero 13 y la [&hellip;]\" \/>\n<meta property=\"og:url\" content=\"https:\/\/ondauno.com.ar\/index.php\/2023\/09\/03\/claromeco-bomberos-controlan-feroz-incendio-en-cabana-de-madera-en-zona-de-medanos\/\" \/>\n<meta property=\"og:site_name\" content=\"103.9 fm\" \/>\n<meta property=\"article:publisher\" content=\"https:\/\/www.facebook.com\/ondauno103.9\" \/>\n<meta property=\"article:published_time\" content=\"2023-09-03T06:33:56+00:00\" \/>\n<meta property=\"article:modified_time\" content=\"2023-09-03T06:33:58+00:00\" \/>\n<meta property=\"og:image\" content=\"https:\/\/ondauno.com.ar\/wp-content\/uploads\/2023\/09\/WhatsApp-Image-2023-09-02-at-20.37.44.jpeg\" \/>\n\t<meta property=\"og:image:width\" content=\"1280\" \/>\n\t<meta property=\"og:image:height\" content=\"576\" \/>\n\t<meta property=\"og:image:type\" content=\"image\/jpeg\" \/>\n<meta name=\"author\" content=\"OndaUno\" \/>\n<meta name=\"twitter:card\" content=\"summary_large_image\" \/>\n<meta name=\"twitter:label1\" content=\"Escrito por\" \/>\n\t<meta name=\"twitter:data1\" content=\"OndaUno\" \/>\n\t<meta name=\"twitter:label2\" content=\"Tiempo de lectura\" \/>\n\t<meta name=\"twitter:data2\" content=\"1 minuto\" \/>\n<script type=\"application\/ld+json\" class=\"yoast-schema-graph\">{\"@context\":\"https:\/\/schema.org\",\"@graph\":[{\"@type\":\"WebPage\",\"@id\":\"https:\/\/ondauno.com.ar\/index.php\/2023\/09\/03\/claromeco-bomberos-controlan-feroz-incendio-en-cabana-de-madera-en-zona-de-medanos\/\",\"url\":\"https:\/\/ondauno.com.ar\/index.php\/2023\/09\/03\/claromeco-bomberos-controlan-feroz-incendio-en-cabana-de-madera-en-zona-de-medanos\/\",\"name\":\"Claromeco: Bomberos controlan feroz incendio en caba\u00f1a de madera en zona de m\u00e9danos - 103.9 fm\",\"isPartOf\":{\"@id\":\"https:\/\/ondauno.com.ar\/#website\"},\"primaryImageOfPage\":{\"@id\":\"https:\/\/ondauno.com.ar\/index.php\/2023\/09\/03\/claromeco-bomberos-controlan-feroz-incendio-en-cabana-de-madera-en-zona-de-medanos\/#primaryimage\"},\"image\":{\"@id\":\"https:\/\/ondauno.com.ar\/index.php\/2023\/09\/03\/claromeco-bomberos-controlan-feroz-incendio-en-cabana-de-madera-en-zona-de-medanos\/#primaryimage\"},\"thumbnailUrl\":\"https:\/\/ondauno.com.ar\/wp-content\/uploads\/2023\/09\/WhatsApp-Image-2023-09-02-at-20.37.44.jpeg\",\"datePublished\":\"2023-09-03T06:33:56+00:00\",\"dateModified\":\"2023-09-03T06:33:58+00:00\",\"author\":{\"@id\":\"https:\/\/ondauno.com.ar\/#\/schema\/person\/7ec851ddeceb4133d7d7132dc645714e\"},\"breadcrumb\":{\"@id\":\"https:\/\/ondauno.com.ar\/index.php\/2023\/09\/03\/claromeco-bomberos-controlan-feroz-incendio-en-cabana-de-madera-en-zona-de-medanos\/#breadcrumb\"},\"inLanguage\":\"es-AR\",\"potentialAction\":[{\"@type\":\"ReadAction\",\"target\":[\"https:\/\/ondauno.com.ar\/index.php\/2023\/09\/03\/claromeco-bomberos-controlan-feroz-incendio-en-cabana-de-madera-en-zona-de-medanos\/\"]}]},{\"@type\":\"ImageObject\",\"inLanguage\":\"es-AR\",\"@id\":\"https:\/\/ondauno.com.ar\/index.php\/2023\/09\/03\/claromeco-bomberos-controlan-feroz-incendio-en-cabana-de-madera-en-zona-de-medanos\/#primaryimage\",\"url\":\"https:\/\/ondauno.com.ar\/wp-content\/uploads\/2023\/09\/WhatsApp-Image-2023-09-02-at-20.37.44.jpeg\",\"contentUrl\":\"https:\/\/ondauno.com.ar\/wp-content\/uploads\/2023\/09\/WhatsApp-Image-2023-09-02-at-20.37.44.jpeg\",\"width\":1280,\"height\":576},{\"@type\":\"BreadcrumbList\",\"@id\":\"https:\/\/ondauno.com.ar\/index.php\/2023\/09\/03\/claromeco-bomberos-controlan-feroz-incendio-en-cabana-de-madera-en-zona-de-medanos\/#breadcrumb\",\"itemListElement\":[{\"@type\":\"ListItem\",\"position\":1,\"name\":\"Inicio\",\"item\":\"https:\/\/ondauno.com.ar\/\"},{\"@type\":\"ListItem\",\"position\":2,\"name\":\"Claromeco: Bomberos controlan feroz incendio en caba\u00f1a de madera en zona de m\u00e9danos\"}]},{\"@type\":\"WebSite\",\"@id\":\"https:\/\/ondauno.com.ar\/#website\",\"url\":\"https:\/\/ondauno.com.ar\/\",\"name\":\"103.9 fm\",\"description\":\"LA PRIMERA RADIO MULTIMEDIA DE TRES ARROYOS\",\"potentialAction\":[{\"@type\":\"SearchAction\",\"target\":{\"@type\":\"EntryPoint\",\"urlTemplate\":\"https:\/\/ondauno.com.ar\/?s={search_term_string}\"},\"query-input\":\"required name=search_term_string\"}],\"inLanguage\":\"es-AR\"},{\"@type\":\"Person\",\"@id\":\"https:\/\/ondauno.com.ar\/#\/schema\/person\/7ec851ddeceb4133d7d7132dc645714e\",\"name\":\"OndaUno\",\"image\":{\"@type\":\"ImageObject\",\"inLanguage\":\"es-AR\",\"@id\":\"https:\/\/ondauno.com.ar\/#\/schema\/person\/image\/\",\"url\":\"https:\/\/secure.gravatar.com\/avatar\/93b8009f0de7021f1feb2bd5b32fb9e8?s=96&d=mm&r=g\",\"contentUrl\":\"https:\/\/secure.gravatar.com\/avatar\/93b8009f0de7021f1feb2bd5b32fb9e8?s=96&d=mm&r=g\",\"caption\":\"OndaUno\"},\"url\":\"https:\/\/ondauno.com.ar\/index.php\/author\/ondauno\/\"}]}<\/script>\n<!-- \/ Yoast SEO plugin. -->","yoast_head_json":{"title":"Claromeco: Bomberos controlan feroz incendio en caba\u00f1a de madera en zona de m\u00e9danos - 103.9 fm","robots":{"index":"index","follow":"follow","max-snippet":"max-snippet:-1","max-image-preview":"max-image-preview:large","max-video-preview":"max-video-preview:-1"},"canonical":"https:\/\/ondauno.com.ar\/index.php\/2023\/09\/03\/claromeco-bomberos-controlan-feroz-incendio-en-cabana-de-madera-en-zona-de-medanos\/","og_locale":"es_ES","og_type":"article","og_title":"Claromeco: Bomberos controlan feroz incendio en caba\u00f1a de madera en zona de m\u00e9danos - 103.9 fm","og_description":"En una ardua jornada de trabajo, el cuerpo de bomberos de Claromec\u00f3 respondi\u00f3 a un llamado de emergencia a las 16:50 horas. La alerta indicaba un incendio en la zona de m\u00e9danos, espec\u00edficamente a la altura del Salto de Cristian, en direcci\u00f3n a Reta por la playa. Dos unidades m\u00f3viles, la n\u00famero 13 y la [&hellip;]","og_url":"https:\/\/ondauno.com.ar\/index.php\/2023\/09\/03\/claromeco-bomberos-controlan-feroz-incendio-en-cabana-de-madera-en-zona-de-medanos\/","og_site_name":"103.9 fm","article_publisher":"https:\/\/www.facebook.com\/ondauno103.9","article_published_time":"2023-09-03T06:33:56+00:00","article_modified_time":"2023-09-03T06:33:58+00:00","og_image":[{"width":1280,"height":576,"url":"https:\/\/ondauno.com.ar\/wp-content\/uploads\/2023\/09\/WhatsApp-Image-2023-09-02-at-20.37.44.jpeg","type":"image\/jpeg"}],"author":"OndaUno","twitter_card":"summary_large_image","twitter_misc":{"Escrito por":"OndaUno","Tiempo de lectura":"1 minuto"},"schema":{"@context":"https:\/\/schema.org","@graph":[{"@type":"WebPage","@id":"https:\/\/ondauno.com.ar\/index.php\/2023\/09\/03\/claromeco-bomberos-controlan-feroz-incendio-en-cabana-de-madera-en-zona-de-medanos\/","url":"https:\/\/ondauno.com.ar\/index.php\/2023\/09\/03\/claromeco-bomberos-controlan-feroz-incendio-en-cabana-de-madera-en-zona-de-medanos\/","name":"Claromeco: Bomberos controlan feroz incendio en caba\u00f1a de madera en zona de m\u00e9danos - 103.9 fm","isPartOf":{"@id":"https:\/\/ondauno.com.ar\/#website"},"primaryImageOfPage":{"@id":"https:\/\/ondauno.com.ar\/index.php\/2023\/09\/03\/claromeco-bomberos-controlan-feroz-incendio-en-cabana-de-madera-en-zona-de-medanos\/#primaryimage"},"image":{"@id":"https:\/\/ondauno.com.ar\/index.php\/2023\/09\/03\/claromeco-bomberos-controlan-feroz-incendio-en-cabana-de-madera-en-zona-de-medanos\/#primaryimage"},"thumbnailUrl":"https:\/\/ondauno.com.ar\/wp-content\/uploads\/2023\/09\/WhatsApp-Image-2023-09-02-at-20.37.44.jpeg","datePublished":"2023-09-03T06:33:56+00:00","dateModified":"2023-09-03T06:33:58+00:00","author":{"@id":"https:\/\/ondauno.com.ar\/#\/schema\/person\/7ec851ddeceb4133d7d7132dc645714e"},"breadcrumb":{"@id":"https:\/\/ondauno.com.ar\/index.php\/2023\/09\/03\/claromeco-bomberos-controlan-feroz-incendio-en-cabana-de-madera-en-zona-de-medanos\/#breadcrumb"},"inLanguage":"es-AR","potentialAction":[{"@type":"ReadAction","target":["https:\/\/ondauno.com.ar\/index.php\/2023\/09\/03\/claromeco-bomberos-controlan-feroz-incendio-en-cabana-de-madera-en-zona-de-medanos\/"]}]},{"@type":"ImageObject","inLanguage":"es-AR","@id":"https:\/\/ondauno.com.ar\/index.php\/2023\/09\/03\/claromeco-bomberos-controlan-feroz-incendio-en-cabana-de-madera-en-zona-de-medanos\/#primaryimage","url":"https:\/\/ondauno.com.ar\/wp-content\/uploads\/2023\/09\/WhatsApp-Image-2023-09-02-at-20.37.44.jpeg","contentUrl":"https:\/\/ondauno.com.ar\/wp-content\/uploads\/2023\/09\/WhatsApp-Image-2023-09-02-at-20.37.44.jpeg","width":1280,"height":576},{"@type":"BreadcrumbList","@id":"https:\/\/ondauno.com.ar\/index.php\/2023\/09\/03\/claromeco-bomberos-controlan-feroz-incendio-en-cabana-de-madera-en-zona-de-medanos\/#breadcrumb","itemListElement":[{"@type":"ListItem","position":1,"name":"Inicio","item":"https:\/\/ondauno.com.ar\/"},{"@type":"ListItem","position":2,"name":"Claromeco: Bomberos controlan feroz incendio en caba\u00f1a de madera en zona de m\u00e9danos"}]},{"@type":"WebSite","@id":"https:\/\/ondauno.com.ar\/#website","url":"https:\/\/ondauno.com.ar\/","name":"103.9 fm","description":"LA PRIMERA RADIO MULTIMEDIA DE TRES ARROYOS","potentialAction":[{"@type":"SearchAction","target":{"@type":"EntryPoint","urlTemplate":"https:\/\/ondauno.com.ar\/?s={search_term_string}"},"query-input":"required name=search_term_string"}],"inLanguage":"es-AR"},{"@type":"Person","@id":"https:\/\/ondauno.com.ar\/#\/schema\/person\/7ec851ddeceb4133d7d7132dc645714e","name":"OndaUno","image":{"@type":"ImageObject","inLanguage":"es-AR","@id":"https:\/\/ondauno.com.ar\/#\/schema\/person\/image\/","url":"https:\/\/secure.gravatar.com\/avatar\/93b8009f0de7021f1feb2bd5b32fb9e8?s=96&d=mm&r=g","contentUrl":"https:\/\/secure.gravatar.com\/avatar\/93b8009f0de7021f1feb2bd5b32fb9e8?s=96&d=mm&r=g","caption":"OndaUno"},"url":"https:\/\/ondauno.com.ar\/index.php\/author\/ondauno\/"}]}},"jetpack_publicize_connections":[],"jetpack_featured_media_url":"https:\/\/ondauno.com.ar\/wp-content\/uploads\/2023\/09\/WhatsApp-Image-2023-09-02-at-20.37.44.jpeg","jetpack_sharing_enabled":true,"_links":{"self":[{"href":"https:\/\/ondauno.com.ar\/index.php\/wp-json\/wp\/v2\/posts\/43623","targetHints":{"allow":["GET"]}}],"collection":[{"href":"https:\/\/ondauno.com.ar\/index.php\/wp-json\/wp\/v2\/posts"}],"about":[{"href":"https:\/\/ondauno.com.ar\/index.php\/wp-json\/wp\/v2\/types\/post"}],"author":[{"embeddable":true,"href":"https:\/\/ondauno.com.ar\/index.php\/wp-json\/wp\/v2\/users\/1"}],"replies":[{"embeddable":true,"href":"https:\/\/ondauno.com.ar\/index.php\/wp-json\/wp\/v2\/comments?post=43623"}],"version-history":[{"count":0,"href":"https:\/\/ondauno.com.ar\/index.php\/wp-json\/wp\/v2\/posts\/43623\/revisions"}],"wp:featuredmedia":[{"embeddable":true,"href":"https:\/\/ondauno.com.ar\/index.php\/wp-json\/wp\/v2\/media\/43624"}],"wp:attachment":[{"href":"https:\/\/ondauno.com.ar\/index.php\/wp-json\/wp\/v2\/media?parent=43623"}],"wp:term":[{"taxonomy":"category","embeddable":true,"href":"https:\/\/ondauno.com.ar\/index.php\/wp-json\/wp\/v2\/categories?post=43623"},{"taxonomy":"post_tag","embeddable":true,"href":"https:\/\/ondauno.com.ar\/index.php\/wp-json\/wp\/v2\/tags?post=43623"}],"curies":[{"name":"wp","href":"https:\/\/api.w.org\/{rel}","templated":true}]}}