{"id":43335,"date":"2023-08-22T18:59:04","date_gmt":"2023-08-22T21:59:04","guid":{"rendered":"http:\/\/ondauno.com.ar\/?p=43335"},"modified":"2023-08-22T20:36:04","modified_gmt":"2023-08-22T23:36:04","slug":"rio-quequen-salado-piden-convenio-de-reciprocidad-a-los-intendentes","status":"publish","type":"post","link":"https:\/\/ondauno.com.ar\/index.php\/2023\/08\/22\/rio-quequen-salado-piden-convenio-de-reciprocidad-a-los-intendentes\/","title":{"rendered":"R\u00edo Quequ\u00e9n Salado: piden convenio de reciprocidad a los intendentes"},"content":{"rendered":"<div class=\"ondau-before-content_3\" style=\"margin-top: -30px;\" id=\"ondau-2328861766\"><a href=\"https:\/\/www.lps.com.ar\/\" aria-label=\"la-perse2\"><img loading=\"lazy\" decoding=\"async\" src=\"https:\/\/ondauno.com.ar\/wp-content\/uploads\/2021\/10\/la-perse2.jpg\" alt=\"\"  srcset=\"https:\/\/ondauno.com.ar\/wp-content\/uploads\/2021\/10\/la-perse2.jpg 1353w, https:\/\/ondauno.com.ar\/wp-content\/uploads\/2021\/10\/la-perse2-300x43.jpg 300w, https:\/\/ondauno.com.ar\/wp-content\/uploads\/2021\/10\/la-perse2-1024x148.jpg 1024w, https:\/\/ondauno.com.ar\/wp-content\/uploads\/2021\/10\/la-perse2-768x111.jpg 768w, https:\/\/ondauno.com.ar\/wp-content\/uploads\/2021\/10\/la-perse2-696x100.jpg 696w, https:\/\/ondauno.com.ar\/wp-content\/uploads\/2021\/10\/la-perse2-1068x154.jpg 1068w\" sizes=\"(max-width: 1353px) 100vw, 1353px\" class=\"no-lazyload\" width=\"1353\" height=\"195\"  style=\"display: inline-block;\" \/><\/a><\/div>\n<p>Representantes de la Comisi\u00f3n de Turismo del Concejo Deliberante de Tres Arroyos, que preside Marisa Marioli (Juntos), se reunieron el viernes en Coronel Pringles con sus pares de ese distrito y de Coronel Dorrego, y acordaron solicitar a los jefes comunales de los partidos involucrados en la Cuenca del R\u00edo Quequ\u00e9n Salado que suscriban un convenio de reciprocidad. Del encuentro participaron tambi\u00e9n el secretario de Desarrollo Econ\u00f3mico local, Mariano Hern\u00e1ndez, y el delegado municipal en Copetonas, Sergio Baldini.<\/p>\n\n\n\n<p>El convenio deber\u00eda contemplar, a solicitud de los ediles, la necesidad de contar con guardafauna en la Cuenca, el tratamiento de la l\u00ednea de ribera; accesibilidad mediante sendas y caminos limpios con carteler\u00eda correspondiente, con la propuesta de senderos autoguiados y basura cero; la realizaci\u00f3n de un estudio de factibilidad de lugares transitables seguros y la conveniencia de darle prioridad al tratamiento de todos estos aspectos en los lugares que ya son conocidos y utilizados desde el punto de vista tur\u00edstico. <\/p>\n\n\n\n<p>Los participantes del encuentro firmaron tambi\u00e9n una nota, a pedido de los ediles tresarroyenses, que ser\u00e1 presentada en la C\u00e1mara de Diputados bonaerense pidiendo el pronto tratamiento del proyecto de ley del legislador Emiliano Balb\u00edn que propone declarar Reserva Natural Provincial al cauce y costas del R\u00edo Quequ\u00e9n Salado desde su nacimiento en el partido de Benito Ju\u00e1rez hasta su desembocadura en el Mar Argentino. <\/p>\n","protected":false},"excerpt":{"rendered":"<p>Representantes de la Comisi\u00f3n de Turismo del Concejo Deliberante de Tres Arroyos, que preside Marisa Marioli (Juntos), se reunieron el viernes en Coronel Pringles con sus pares de ese distrito y de Coronel Dorrego, y acordaron solicitar a los jefes comunales de los partidos involucrados en la Cuenca del R\u00edo Quequ\u00e9n Salado que suscriban un [&hellip;]<\/p>\n","protected":false},"author":1,"featured_media":0,"comment_status":"open","ping_status":"open","sticky":false,"template":"","format":"standard","meta":{"tdm_status":"","tdm_grid_status":"","_jetpack_memberships_contains_paid_content":false,"footnotes":"","jetpack_publicize_message":"","jetpack_publicize_feature_enabled":true,"jetpack_social_post_already_shared":true,"jetpack_social_options":{"image_generator_settings":{"template":"highway","default_image_id":0,"font":"","enabled":false},"version":2}},"categories":[2],"tags":[],"class_list":{"0":"post-43335","1":"post","2":"type-post","3":"status-publish","4":"format-standard","6":"category-locales"},"yoast_head":"<!-- This site is optimized with the Yoast SEO plugin v22.7 - https:\/\/yoast.com\/wordpress\/plugins\/seo\/ -->\n<title>R\u00edo Quequ\u00e9n Salado: piden convenio de reciprocidad a los intendentes - 103.9 fm<\/title>\n<meta name=\"robots\" content=\"index, follow, max-snippet:-1, max-image-preview:large, max-video-preview:-1\" \/>\n<link rel=\"canonical\" href=\"https:\/\/ondauno.com.ar\/index.php\/2023\/08\/22\/rio-quequen-salado-piden-convenio-de-reciprocidad-a-los-intendentes\/\" \/>\n<meta property=\"og:locale\" content=\"es_ES\" \/>\n<meta property=\"og:type\" content=\"article\" \/>\n<meta property=\"og:title\" content=\"R\u00edo Quequ\u00e9n Salado: piden convenio de reciprocidad a los intendentes - 103.9 fm\" \/>\n<meta property=\"og:description\" content=\"Representantes de la Comisi\u00f3n de Turismo del Concejo Deliberante de Tres Arroyos, que preside Marisa Marioli (Juntos), se reunieron el viernes en Coronel Pringles con sus pares de ese distrito y de Coronel Dorrego, y acordaron solicitar a los jefes comunales de los partidos involucrados en la Cuenca del R\u00edo Quequ\u00e9n Salado que suscriban un [&hellip;]\" \/>\n<meta property=\"og:url\" content=\"https:\/\/ondauno.com.ar\/index.php\/2023\/08\/22\/rio-quequen-salado-piden-convenio-de-reciprocidad-a-los-intendentes\/\" \/>\n<meta property=\"og:site_name\" content=\"103.9 fm\" \/>\n<meta property=\"article:publisher\" content=\"https:\/\/www.facebook.com\/ondauno103.9\" \/>\n<meta property=\"article:published_time\" content=\"2023-08-22T21:59:04+00:00\" \/>\n<meta property=\"article:modified_time\" content=\"2023-08-22T23:36:04+00:00\" \/>\n<meta property=\"og:image\" content=\"https:\/\/ondauno.com.ar\/wp-content\/uploads\/2023\/08\/WhatsApp-Image-2023-08-22-at-12.46.49-1.jpeg\" \/>\n\t<meta property=\"og:image:width\" content=\"720\" \/>\n\t<meta property=\"og:image:height\" content=\"1600\" \/>\n\t<meta property=\"og:image:type\" content=\"image\/jpeg\" \/>\n<meta name=\"author\" content=\"OndaUno\" \/>\n<meta name=\"twitter:card\" content=\"summary_large_image\" \/>\n<meta name=\"twitter:label1\" content=\"Escrito por\" \/>\n\t<meta name=\"twitter:data1\" content=\"OndaUno\" \/>\n\t<meta name=\"twitter:label2\" content=\"Tiempo de lectura\" \/>\n\t<meta name=\"twitter:data2\" content=\"1 minuto\" \/>\n<script type=\"application\/ld+json\" class=\"yoast-schema-graph\">{\"@context\":\"https:\/\/schema.org\",\"@graph\":[{\"@type\":\"WebPage\",\"@id\":\"https:\/\/ondauno.com.ar\/index.php\/2023\/08\/22\/rio-quequen-salado-piden-convenio-de-reciprocidad-a-los-intendentes\/\",\"url\":\"https:\/\/ondauno.com.ar\/index.php\/2023\/08\/22\/rio-quequen-salado-piden-convenio-de-reciprocidad-a-los-intendentes\/\",\"name\":\"R\u00edo Quequ\u00e9n Salado: piden convenio de reciprocidad a los intendentes - 103.9 fm\",\"isPartOf\":{\"@id\":\"https:\/\/ondauno.com.ar\/#website\"},\"datePublished\":\"2023-08-22T21:59:04+00:00\",\"dateModified\":\"2023-08-22T23:36:04+00:00\",\"author\":{\"@id\":\"https:\/\/ondauno.com.ar\/#\/schema\/person\/7ec851ddeceb4133d7d7132dc645714e\"},\"breadcrumb\":{\"@id\":\"https:\/\/ondauno.com.ar\/index.php\/2023\/08\/22\/rio-quequen-salado-piden-convenio-de-reciprocidad-a-los-intendentes\/#breadcrumb\"},\"inLanguage\":\"es-AR\",\"potentialAction\":[{\"@type\":\"ReadAction\",\"target\":[\"https:\/\/ondauno.com.ar\/index.php\/2023\/08\/22\/rio-quequen-salado-piden-convenio-de-reciprocidad-a-los-intendentes\/\"]}]},{\"@type\":\"BreadcrumbList\",\"@id\":\"https:\/\/ondauno.com.ar\/index.php\/2023\/08\/22\/rio-quequen-salado-piden-convenio-de-reciprocidad-a-los-intendentes\/#breadcrumb\",\"itemListElement\":[{\"@type\":\"ListItem\",\"position\":1,\"name\":\"Inicio\",\"item\":\"https:\/\/ondauno.com.ar\/\"},{\"@type\":\"ListItem\",\"position\":2,\"name\":\"R\u00edo Quequ\u00e9n Salado: piden convenio de reciprocidad a los intendentes\"}]},{\"@type\":\"WebSite\",\"@id\":\"https:\/\/ondauno.com.ar\/#website\",\"url\":\"https:\/\/ondauno.com.ar\/\",\"name\":\"103.9 fm\",\"description\":\"LA PRIMERA RADIO MULTIMEDIA DE TRES ARROYOS\",\"potentialAction\":[{\"@type\":\"SearchAction\",\"target\":{\"@type\":\"EntryPoint\",\"urlTemplate\":\"https:\/\/ondauno.com.ar\/?s={search_term_string}\"},\"query-input\":\"required name=search_term_string\"}],\"inLanguage\":\"es-AR\"},{\"@type\":\"Person\",\"@id\":\"https:\/\/ondauno.com.ar\/#\/schema\/person\/7ec851ddeceb4133d7d7132dc645714e\",\"name\":\"OndaUno\",\"image\":{\"@type\":\"ImageObject\",\"inLanguage\":\"es-AR\",\"@id\":\"https:\/\/ondauno.com.ar\/#\/schema\/person\/image\/\",\"url\":\"https:\/\/secure.gravatar.com\/avatar\/93b8009f0de7021f1feb2bd5b32fb9e8?s=96&d=mm&r=g\",\"contentUrl\":\"https:\/\/secure.gravatar.com\/avatar\/93b8009f0de7021f1feb2bd5b32fb9e8?s=96&d=mm&r=g\",\"caption\":\"OndaUno\"},\"url\":\"https:\/\/ondauno.com.ar\/index.php\/author\/ondauno\/\"}]}<\/script>\n<!-- \/ Yoast SEO plugin. -->","yoast_head_json":{"title":"R\u00edo Quequ\u00e9n Salado: piden convenio de reciprocidad a los intendentes - 103.9 fm","robots":{"index":"index","follow":"follow","max-snippet":"max-snippet:-1","max-image-preview":"max-image-preview:large","max-video-preview":"max-video-preview:-1"},"canonical":"https:\/\/ondauno.com.ar\/index.php\/2023\/08\/22\/rio-quequen-salado-piden-convenio-de-reciprocidad-a-los-intendentes\/","og_locale":"es_ES","og_type":"article","og_title":"R\u00edo Quequ\u00e9n Salado: piden convenio de reciprocidad a los intendentes - 103.9 fm","og_description":"Representantes de la Comisi\u00f3n de Turismo del Concejo Deliberante de Tres Arroyos, que preside Marisa Marioli (Juntos), se reunieron el viernes en Coronel Pringles con sus pares de ese distrito y de Coronel Dorrego, y acordaron solicitar a los jefes comunales de los partidos involucrados en la Cuenca del R\u00edo Quequ\u00e9n Salado que suscriban un [&hellip;]","og_url":"https:\/\/ondauno.com.ar\/index.php\/2023\/08\/22\/rio-quequen-salado-piden-convenio-de-reciprocidad-a-los-intendentes\/","og_site_name":"103.9 fm","article_publisher":"https:\/\/www.facebook.com\/ondauno103.9","article_published_time":"2023-08-22T21:59:04+00:00","article_modified_time":"2023-08-22T23:36:04+00:00","og_image":[{"width":720,"height":1600,"url":"https:\/\/ondauno.com.ar\/wp-content\/uploads\/2023\/08\/WhatsApp-Image-2023-08-22-at-12.46.49-1.jpeg","type":"image\/jpeg"}],"author":"OndaUno","twitter_card":"summary_large_image","twitter_misc":{"Escrito por":"OndaUno","Tiempo de lectura":"1 minuto"},"schema":{"@context":"https:\/\/schema.org","@graph":[{"@type":"WebPage","@id":"https:\/\/ondauno.com.ar\/index.php\/2023\/08\/22\/rio-quequen-salado-piden-convenio-de-reciprocidad-a-los-intendentes\/","url":"https:\/\/ondauno.com.ar\/index.php\/2023\/08\/22\/rio-quequen-salado-piden-convenio-de-reciprocidad-a-los-intendentes\/","name":"R\u00edo Quequ\u00e9n Salado: piden convenio de reciprocidad a los intendentes - 103.9 fm","isPartOf":{"@id":"https:\/\/ondauno.com.ar\/#website"},"datePublished":"2023-08-22T21:59:04+00:00","dateModified":"2023-08-22T23:36:04+00:00","author":{"@id":"https:\/\/ondauno.com.ar\/#\/schema\/person\/7ec851ddeceb4133d7d7132dc645714e"},"breadcrumb":{"@id":"https:\/\/ondauno.com.ar\/index.php\/2023\/08\/22\/rio-quequen-salado-piden-convenio-de-reciprocidad-a-los-intendentes\/#breadcrumb"},"inLanguage":"es-AR","potentialAction":[{"@type":"ReadAction","target":["https:\/\/ondauno.com.ar\/index.php\/2023\/08\/22\/rio-quequen-salado-piden-convenio-de-reciprocidad-a-los-intendentes\/"]}]},{"@type":"BreadcrumbList","@id":"https:\/\/ondauno.com.ar\/index.php\/2023\/08\/22\/rio-quequen-salado-piden-convenio-de-reciprocidad-a-los-intendentes\/#breadcrumb","itemListElement":[{"@type":"ListItem","position":1,"name":"Inicio","item":"https:\/\/ondauno.com.ar\/"},{"@type":"ListItem","position":2,"name":"R\u00edo Quequ\u00e9n Salado: piden convenio de reciprocidad a los intendentes"}]},{"@type":"WebSite","@id":"https:\/\/ondauno.com.ar\/#website","url":"https:\/\/ondauno.com.ar\/","name":"103.9 fm","description":"LA PRIMERA RADIO MULTIMEDIA DE TRES ARROYOS","potentialAction":[{"@type":"SearchAction","target":{"@type":"EntryPoint","urlTemplate":"https:\/\/ondauno.com.ar\/?s={search_term_string}"},"query-input":"required name=search_term_string"}],"inLanguage":"es-AR"},{"@type":"Person","@id":"https:\/\/ondauno.com.ar\/#\/schema\/person\/7ec851ddeceb4133d7d7132dc645714e","name":"OndaUno","image":{"@type":"ImageObject","inLanguage":"es-AR","@id":"https:\/\/ondauno.com.ar\/#\/schema\/person\/image\/","url":"https:\/\/secure.gravatar.com\/avatar\/93b8009f0de7021f1feb2bd5b32fb9e8?s=96&d=mm&r=g","contentUrl":"https:\/\/secure.gravatar.com\/avatar\/93b8009f0de7021f1feb2bd5b32fb9e8?s=96&d=mm&r=g","caption":"OndaUno"},"url":"https:\/\/ondauno.com.ar\/index.php\/author\/ondauno\/"}]}},"jetpack_publicize_connections":[],"jetpack_featured_media_url":"","jetpack_sharing_enabled":true,"_links":{"self":[{"href":"https:\/\/ondauno.com.ar\/index.php\/wp-json\/wp\/v2\/posts\/43335","targetHints":{"allow":["GET"]}}],"collection":[{"href":"https:\/\/ondauno.com.ar\/index.php\/wp-json\/wp\/v2\/posts"}],"about":[{"href":"https:\/\/ondauno.com.ar\/index.php\/wp-json\/wp\/v2\/types\/post"}],"author":[{"embeddable":true,"href":"https:\/\/ondauno.com.ar\/index.php\/wp-json\/wp\/v2\/users\/1"}],"replies":[{"embeddable":true,"href":"https:\/\/ondauno.com.ar\/index.php\/wp-json\/wp\/v2\/comments?post=43335"}],"version-history":[{"count":0,"href":"https:\/\/ondauno.com.ar\/index.php\/wp-json\/wp\/v2\/posts\/43335\/revisions"}],"wp:attachment":[{"href":"https:\/\/ondauno.com.ar\/index.php\/wp-json\/wp\/v2\/media?parent=43335"}],"wp:term":[{"taxonomy":"category","embeddable":true,"href":"https:\/\/ondauno.com.ar\/index.php\/wp-json\/wp\/v2\/categories?post=43335"},{"taxonomy":"post_tag","embeddable":true,"href":"https:\/\/ondauno.com.ar\/index.php\/wp-json\/wp\/v2\/tags?post=43335"}],"curies":[{"name":"wp","href":"https:\/\/api.w.org\/{rel}","templated":true}]}}