{"id":43258,"date":"2023-08-19T12:25:45","date_gmt":"2023-08-19T15:25:45","guid":{"rendered":"http:\/\/ondauno.com.ar\/?p=43258"},"modified":"2023-08-19T12:33:40","modified_gmt":"2023-08-19T15:33:40","slug":"tres-arroyos-presente-en-olavarria-en-el-autodromo-hnos-emiliozzi-de-olvarria","status":"publish","type":"post","link":"https:\/\/ondauno.com.ar\/index.php\/2023\/08\/19\/tres-arroyos-presente-en-olavarria-en-el-autodromo-hnos-emiliozzi-de-olvarria\/","title":{"rendered":"Tres Arroyos presente en Olavarria en el aut\u00f3dromo &#8220;Hnos. Emiliozzi&#8221; de Olvarria"},"content":{"rendered":"<div class=\"ondau-before-content_3\" style=\"margin-top: -30px;\" id=\"ondau-1816397146\"><a href=\"https:\/\/www.lps.com.ar\/\" aria-label=\"la-perse2\"><img loading=\"lazy\" decoding=\"async\" src=\"https:\/\/ondauno.com.ar\/wp-content\/uploads\/2021\/10\/la-perse2.jpg\" alt=\"\"  srcset=\"https:\/\/ondauno.com.ar\/wp-content\/uploads\/2021\/10\/la-perse2.jpg 1353w, https:\/\/ondauno.com.ar\/wp-content\/uploads\/2021\/10\/la-perse2-300x43.jpg 300w, https:\/\/ondauno.com.ar\/wp-content\/uploads\/2021\/10\/la-perse2-1024x148.jpg 1024w, https:\/\/ondauno.com.ar\/wp-content\/uploads\/2021\/10\/la-perse2-768x111.jpg 768w, https:\/\/ondauno.com.ar\/wp-content\/uploads\/2021\/10\/la-perse2-696x100.jpg 696w, https:\/\/ondauno.com.ar\/wp-content\/uploads\/2021\/10\/la-perse2-1068x154.jpg 1068w\" sizes=\"(max-width: 1353px) 100vw, 1353px\" class=\"no-lazyload\" width=\"1353\" height=\"195\"  style=\"display: inline-block;\" \/><\/a><\/div>\n<p>Los amantes del automovilismo est\u00e1n ansiosos por el emocionante fin de semana que se avecina en el Aut\u00f3dromo &#8220;Hermanos Emiliozzi&#8221; de Olavarr\u00eda. Este s\u00e1bado 19 y domingo 20 de Agosto se llevar\u00e1n a cabo las emocionantes fechas 5ta. y 6ta. de las categor\u00edas menores de la Asociaci\u00f3n de Pilotos Promocionales del Sudeste (APPS).<\/p>\n\n\n\n<p>La competici\u00f3n promete ser emocionante y repleta de acci\u00f3n, con diversas categor\u00edas en juego, entre las cuales se encuentran la Promocional, la Monomarca, la Copa Gol VW, el Turismo Sport del Sudeste (TSS) y la F\u00f3rmula 5.<\/p>\n\n\n\n<p><strong>Cronograma Oficial de Actividades<\/strong>:<\/p>\n\n\n\n<p><strong>S\u00e1bado 19 de agosto<\/strong>:<\/p>\n\n\n\n<ul class=\"wp-block-list\"><li>Entrenamiento 1 \u2013 TSS, 10 minutos (todos)<\/li><li>Entrenamiento 1 \u2013 Copa Gol VW, 10 minutos (todos)<\/li><li>Entrenamiento 1 \u2013 Promocional 1100 APPS, 30 minutos (todos)<\/li><li>Entrenamiento 1 \u2013 Monomarca 1100 APPS, 30 minutos (todos)<\/li><li>Entrenamiento 2 \u2013 TSS \u2013 10 minutos (todos)<\/li><li>Entrenamiento 2 \u2013 Copa Gol VW \u2013 10 minutos (todos)<\/li><li>Entrenamiento 1 \u2013 F\u00f3rmula 5 \u2013 10 minutos (todos)<\/li><li>Clasificaci\u00f3n Promocional 1100 APPS \u2013 3 vueltas<\/li><li>Clasificaci\u00f3n Monomarca 1100 APPS \u2013 3 vueltas<\/li><li>Clasificaci\u00f3n Copa Gol VW \u2013 3 vueltas (en grupos ordenados por ranking de campeonato)<\/li><li>Entrenamiento 2 F\u00f3rmula 5 \u2013 10 minutos (todos)<\/li><li>Sprint Promocional 1100 APPS \u2013 7 vueltas<\/li><li>Sprint Monomarca 1100 APPS \u2013 7 vueltas<\/li><li>Series clasificatorias Copa Gol VW \u2013 6 vueltas<\/li><li>Clasificaci\u00f3n TSS \u2013 10 minutos box abierto<\/li><li>Finales de la 5ta Fecha de cada categor\u00eda<\/li><\/ul>\n\n\n\n<p><strong>Domingo 20 de agosto<\/strong>:<\/p>\n\n\n\n<ul class=\"wp-block-list\"><li>Entrenamiento F\u00f3rmula 5 \u2013 15 minutos (todos)<\/li><li>Entrenamiento 1 TSS \u2013 10 minutos (todos)<\/li><li>Entrenamiento Copa Gol VW \u2013 10 minutos (todos)<\/li><li>Entrenamiento Monomarca 1100 APPS \u2013 30 minutos (todos)<\/li><li>Entrenamiento Promocional 1100 APPS \u2013 30 minutos (todos)<\/li><li>Entrenamiento 2 TSS \u2013 10 minutos (todos)<\/li><li>Clasificaci\u00f3n F\u00f3rmula 5 \u2013 10 minutos (todos)<\/li><li>Clasificaci\u00f3n Monomarca 1100 APPS \u2013 3 vueltas<\/li><li>Clasificaci\u00f3n Promocional 1100 APPS \u2013 3 vueltas<\/li><li>Clasificaci\u00f3n Copa Gol VW \u2013 3 vueltas (en grupos ordenados por ranking de campeonato)<\/li><li>Finales de la 6ta Fecha de cada categor\u00eda<\/li><\/ul>\n\n\n\n<p><strong>Pilotos de Tres Arroyos Participantes<\/strong>:<\/p>\n\n\n\n<ul class=\"wp-block-list\"><li>Ramiro Elisiri<\/li><li>Jorge Rodriguez<\/li><li>Pablo Demateo<\/li><\/ul>\n\n\n\n<figure class=\"wp-block-image\"><img decoding=\"async\" data-src=\"https:\/\/ondauno.com.ar\/wp-content\/uploads\/2023\/08\/WhatsApp-Image-2023-08-19-at-12.31.40-1024x576.jpeg\" alt=\"\" class=\"wp-image-43264 lazyload\" src=\"data:image\/gif;base64,R0lGODlhAQABAAAAACH5BAEKAAEALAAAAAABAAEAAAICTAEAOw==\" style=\"--smush-placeholder-width: 1024px; --smush-placeholder-aspect-ratio: 1024\/576;\" \/><noscript><img decoding=\"async\" src=\"https:\/\/ondauno.com.ar\/wp-content\/uploads\/2023\/08\/WhatsApp-Image-2023-08-19-at-12.31.40-1024x576.jpeg\" alt=\"\" class=\"wp-image-43264\"\/><\/noscript><figcaption> La comunidad de Tres Arroyos se enorgullece al ver a sus pilotos competir en esta emocionante y desafiante competencia automovil\u00edstica. Las categor\u00edas menores de la Asociaci\u00f3n de Pilotos Promocionales del Sudeste (APPS) prometen brindar un espect\u00e1culo lleno de velocidad y habilidad en el Aut\u00f3dromo &#8220;Hnos. Emiliozzi&#8221;. <\/figcaption><\/figure>\n\n\n\n<p><br><\/p>\n","protected":false},"excerpt":{"rendered":"<p>Los amantes del automovilismo est\u00e1n ansiosos por el emocionante fin de semana que se avecina en el Aut\u00f3dromo &#8220;Hermanos Emiliozzi&#8221; de Olavarr\u00eda. Este s\u00e1bado 19 y domingo 20 de Agosto se llevar\u00e1n a cabo las emocionantes fechas 5ta. y 6ta. de las categor\u00edas menores de la Asociaci\u00f3n de Pilotos Promocionales del Sudeste (APPS). La competici\u00f3n [&hellip;]<\/p>\n","protected":false},"author":1,"featured_media":0,"comment_status":"open","ping_status":"open","sticky":false,"template":"","format":"standard","meta":{"tdm_status":"","tdm_grid_status":"","_jetpack_memberships_contains_paid_content":false,"footnotes":"","jetpack_publicize_message":"","jetpack_publicize_feature_enabled":true,"jetpack_social_post_already_shared":true,"jetpack_social_options":{"image_generator_settings":{"template":"highway","default_image_id":0,"font":"","enabled":false},"version":2}},"categories":[6],"tags":[],"class_list":{"0":"post-43258","1":"post","2":"type-post","3":"status-publish","4":"format-standard","6":"category-automovilismo"},"yoast_head":"<!-- This site is optimized with the Yoast SEO plugin v22.7 - https:\/\/yoast.com\/wordpress\/plugins\/seo\/ -->\n<title>Tres Arroyos presente en Olavarria en el aut\u00f3dromo &quot;Hnos. Emiliozzi&quot; de Olvarria - 103.9 fm<\/title>\n<meta name=\"robots\" content=\"index, follow, max-snippet:-1, max-image-preview:large, max-video-preview:-1\" \/>\n<link rel=\"canonical\" href=\"https:\/\/ondauno.com.ar\/index.php\/2023\/08\/19\/tres-arroyos-presente-en-olavarria-en-el-autodromo-hnos-emiliozzi-de-olvarria\/\" \/>\n<meta property=\"og:locale\" content=\"es_ES\" \/>\n<meta property=\"og:type\" content=\"article\" \/>\n<meta property=\"og:title\" content=\"Tres Arroyos presente en Olavarria en el aut\u00f3dromo &quot;Hnos. Emiliozzi&quot; de Olvarria - 103.9 fm\" \/>\n<meta property=\"og:description\" content=\"Los amantes del automovilismo est\u00e1n ansiosos por el emocionante fin de semana que se avecina en el Aut\u00f3dromo &#8220;Hermanos Emiliozzi&#8221; de Olavarr\u00eda. Este s\u00e1bado 19 y domingo 20 de Agosto se llevar\u00e1n a cabo las emocionantes fechas 5ta. y 6ta. de las categor\u00edas menores de la Asociaci\u00f3n de Pilotos Promocionales del Sudeste (APPS). La competici\u00f3n [&hellip;]\" \/>\n<meta property=\"og:url\" content=\"https:\/\/ondauno.com.ar\/index.php\/2023\/08\/19\/tres-arroyos-presente-en-olavarria-en-el-autodromo-hnos-emiliozzi-de-olvarria\/\" \/>\n<meta property=\"og:site_name\" content=\"103.9 fm\" \/>\n<meta property=\"article:publisher\" content=\"https:\/\/www.facebook.com\/ondauno103.9\" \/>\n<meta property=\"article:published_time\" content=\"2023-08-19T15:25:45+00:00\" \/>\n<meta property=\"article:modified_time\" content=\"2023-08-19T15:33:40+00:00\" \/>\n<meta property=\"og:image\" content=\"https:\/\/ondauno.com.ar\/wp-content\/uploads\/2023\/08\/muny.jpg\" \/>\n\t<meta property=\"og:image:width\" content=\"540\" \/>\n\t<meta property=\"og:image:height\" content=\"451\" \/>\n\t<meta property=\"og:image:type\" content=\"image\/jpeg\" \/>\n<meta name=\"author\" content=\"OndaUno\" \/>\n<meta name=\"twitter:card\" content=\"summary_large_image\" \/>\n<meta name=\"twitter:label1\" content=\"Escrito por\" \/>\n\t<meta name=\"twitter:data1\" content=\"OndaUno\" \/>\n\t<meta name=\"twitter:label2\" content=\"Tiempo de lectura\" \/>\n\t<meta name=\"twitter:data2\" content=\"2 minutos\" \/>\n<script type=\"application\/ld+json\" class=\"yoast-schema-graph\">{\"@context\":\"https:\/\/schema.org\",\"@graph\":[{\"@type\":\"WebPage\",\"@id\":\"https:\/\/ondauno.com.ar\/index.php\/2023\/08\/19\/tres-arroyos-presente-en-olavarria-en-el-autodromo-hnos-emiliozzi-de-olvarria\/\",\"url\":\"https:\/\/ondauno.com.ar\/index.php\/2023\/08\/19\/tres-arroyos-presente-en-olavarria-en-el-autodromo-hnos-emiliozzi-de-olvarria\/\",\"name\":\"Tres Arroyos presente en Olavarria en el aut\u00f3dromo \\\"Hnos. Emiliozzi\\\" de Olvarria - 103.9 fm\",\"isPartOf\":{\"@id\":\"https:\/\/ondauno.com.ar\/#website\"},\"primaryImageOfPage\":{\"@id\":\"https:\/\/ondauno.com.ar\/index.php\/2023\/08\/19\/tres-arroyos-presente-en-olavarria-en-el-autodromo-hnos-emiliozzi-de-olvarria\/#primaryimage\"},\"image\":{\"@id\":\"https:\/\/ondauno.com.ar\/index.php\/2023\/08\/19\/tres-arroyos-presente-en-olavarria-en-el-autodromo-hnos-emiliozzi-de-olvarria\/#primaryimage\"},\"thumbnailUrl\":\"https:\/\/ondauno.com.ar\/wp-content\/uploads\/2023\/08\/WhatsApp-Image-2023-08-19-at-12.31.40-1024x576.jpeg\",\"datePublished\":\"2023-08-19T15:25:45+00:00\",\"dateModified\":\"2023-08-19T15:33:40+00:00\",\"author\":{\"@id\":\"https:\/\/ondauno.com.ar\/#\/schema\/person\/7ec851ddeceb4133d7d7132dc645714e\"},\"breadcrumb\":{\"@id\":\"https:\/\/ondauno.com.ar\/index.php\/2023\/08\/19\/tres-arroyos-presente-en-olavarria-en-el-autodromo-hnos-emiliozzi-de-olvarria\/#breadcrumb\"},\"inLanguage\":\"es-AR\",\"potentialAction\":[{\"@type\":\"ReadAction\",\"target\":[\"https:\/\/ondauno.com.ar\/index.php\/2023\/08\/19\/tres-arroyos-presente-en-olavarria-en-el-autodromo-hnos-emiliozzi-de-olvarria\/\"]}]},{\"@type\":\"ImageObject\",\"inLanguage\":\"es-AR\",\"@id\":\"https:\/\/ondauno.com.ar\/index.php\/2023\/08\/19\/tres-arroyos-presente-en-olavarria-en-el-autodromo-hnos-emiliozzi-de-olvarria\/#primaryimage\",\"url\":\"\",\"contentUrl\":\"\"},{\"@type\":\"BreadcrumbList\",\"@id\":\"https:\/\/ondauno.com.ar\/index.php\/2023\/08\/19\/tres-arroyos-presente-en-olavarria-en-el-autodromo-hnos-emiliozzi-de-olvarria\/#breadcrumb\",\"itemListElement\":[{\"@type\":\"ListItem\",\"position\":1,\"name\":\"Inicio\",\"item\":\"https:\/\/ondauno.com.ar\/\"},{\"@type\":\"ListItem\",\"position\":2,\"name\":\"Tres Arroyos presente en Olavarria en el aut\u00f3dromo &#8220;Hnos. Emiliozzi&#8221; de Olvarria\"}]},{\"@type\":\"WebSite\",\"@id\":\"https:\/\/ondauno.com.ar\/#website\",\"url\":\"https:\/\/ondauno.com.ar\/\",\"name\":\"103.9 fm\",\"description\":\"LA PRIMERA RADIO MULTIMEDIA DE TRES ARROYOS\",\"potentialAction\":[{\"@type\":\"SearchAction\",\"target\":{\"@type\":\"EntryPoint\",\"urlTemplate\":\"https:\/\/ondauno.com.ar\/?s={search_term_string}\"},\"query-input\":\"required name=search_term_string\"}],\"inLanguage\":\"es-AR\"},{\"@type\":\"Person\",\"@id\":\"https:\/\/ondauno.com.ar\/#\/schema\/person\/7ec851ddeceb4133d7d7132dc645714e\",\"name\":\"OndaUno\",\"image\":{\"@type\":\"ImageObject\",\"inLanguage\":\"es-AR\",\"@id\":\"https:\/\/ondauno.com.ar\/#\/schema\/person\/image\/\",\"url\":\"https:\/\/secure.gravatar.com\/avatar\/93b8009f0de7021f1feb2bd5b32fb9e8?s=96&d=mm&r=g\",\"contentUrl\":\"https:\/\/secure.gravatar.com\/avatar\/93b8009f0de7021f1feb2bd5b32fb9e8?s=96&d=mm&r=g\",\"caption\":\"OndaUno\"},\"url\":\"https:\/\/ondauno.com.ar\/index.php\/author\/ondauno\/\"}]}<\/script>\n<!-- \/ Yoast SEO plugin. -->","yoast_head_json":{"title":"Tres Arroyos presente en Olavarria en el aut\u00f3dromo \"Hnos. Emiliozzi\" de Olvarria - 103.9 fm","robots":{"index":"index","follow":"follow","max-snippet":"max-snippet:-1","max-image-preview":"max-image-preview:large","max-video-preview":"max-video-preview:-1"},"canonical":"https:\/\/ondauno.com.ar\/index.php\/2023\/08\/19\/tres-arroyos-presente-en-olavarria-en-el-autodromo-hnos-emiliozzi-de-olvarria\/","og_locale":"es_ES","og_type":"article","og_title":"Tres Arroyos presente en Olavarria en el aut\u00f3dromo \"Hnos. Emiliozzi\" de Olvarria - 103.9 fm","og_description":"Los amantes del automovilismo est\u00e1n ansiosos por el emocionante fin de semana que se avecina en el Aut\u00f3dromo &#8220;Hermanos Emiliozzi&#8221; de Olavarr\u00eda. Este s\u00e1bado 19 y domingo 20 de Agosto se llevar\u00e1n a cabo las emocionantes fechas 5ta. y 6ta. de las categor\u00edas menores de la Asociaci\u00f3n de Pilotos Promocionales del Sudeste (APPS). La competici\u00f3n [&hellip;]","og_url":"https:\/\/ondauno.com.ar\/index.php\/2023\/08\/19\/tres-arroyos-presente-en-olavarria-en-el-autodromo-hnos-emiliozzi-de-olvarria\/","og_site_name":"103.9 fm","article_publisher":"https:\/\/www.facebook.com\/ondauno103.9","article_published_time":"2023-08-19T15:25:45+00:00","article_modified_time":"2023-08-19T15:33:40+00:00","og_image":[{"width":540,"height":451,"url":"https:\/\/ondauno.com.ar\/wp-content\/uploads\/2023\/08\/muny.jpg","type":"image\/jpeg"}],"author":"OndaUno","twitter_card":"summary_large_image","twitter_misc":{"Escrito por":"OndaUno","Tiempo de lectura":"2 minutos"},"schema":{"@context":"https:\/\/schema.org","@graph":[{"@type":"WebPage","@id":"https:\/\/ondauno.com.ar\/index.php\/2023\/08\/19\/tres-arroyos-presente-en-olavarria-en-el-autodromo-hnos-emiliozzi-de-olvarria\/","url":"https:\/\/ondauno.com.ar\/index.php\/2023\/08\/19\/tres-arroyos-presente-en-olavarria-en-el-autodromo-hnos-emiliozzi-de-olvarria\/","name":"Tres Arroyos presente en Olavarria en el aut\u00f3dromo \"Hnos. Emiliozzi\" de Olvarria - 103.9 fm","isPartOf":{"@id":"https:\/\/ondauno.com.ar\/#website"},"primaryImageOfPage":{"@id":"https:\/\/ondauno.com.ar\/index.php\/2023\/08\/19\/tres-arroyos-presente-en-olavarria-en-el-autodromo-hnos-emiliozzi-de-olvarria\/#primaryimage"},"image":{"@id":"https:\/\/ondauno.com.ar\/index.php\/2023\/08\/19\/tres-arroyos-presente-en-olavarria-en-el-autodromo-hnos-emiliozzi-de-olvarria\/#primaryimage"},"thumbnailUrl":"https:\/\/ondauno.com.ar\/wp-content\/uploads\/2023\/08\/WhatsApp-Image-2023-08-19-at-12.31.40-1024x576.jpeg","datePublished":"2023-08-19T15:25:45+00:00","dateModified":"2023-08-19T15:33:40+00:00","author":{"@id":"https:\/\/ondauno.com.ar\/#\/schema\/person\/7ec851ddeceb4133d7d7132dc645714e"},"breadcrumb":{"@id":"https:\/\/ondauno.com.ar\/index.php\/2023\/08\/19\/tres-arroyos-presente-en-olavarria-en-el-autodromo-hnos-emiliozzi-de-olvarria\/#breadcrumb"},"inLanguage":"es-AR","potentialAction":[{"@type":"ReadAction","target":["https:\/\/ondauno.com.ar\/index.php\/2023\/08\/19\/tres-arroyos-presente-en-olavarria-en-el-autodromo-hnos-emiliozzi-de-olvarria\/"]}]},{"@type":"ImageObject","inLanguage":"es-AR","@id":"https:\/\/ondauno.com.ar\/index.php\/2023\/08\/19\/tres-arroyos-presente-en-olavarria-en-el-autodromo-hnos-emiliozzi-de-olvarria\/#primaryimage","url":"","contentUrl":""},{"@type":"BreadcrumbList","@id":"https:\/\/ondauno.com.ar\/index.php\/2023\/08\/19\/tres-arroyos-presente-en-olavarria-en-el-autodromo-hnos-emiliozzi-de-olvarria\/#breadcrumb","itemListElement":[{"@type":"ListItem","position":1,"name":"Inicio","item":"https:\/\/ondauno.com.ar\/"},{"@type":"ListItem","position":2,"name":"Tres Arroyos presente en Olavarria en el aut\u00f3dromo &#8220;Hnos. Emiliozzi&#8221; de Olvarria"}]},{"@type":"WebSite","@id":"https:\/\/ondauno.com.ar\/#website","url":"https:\/\/ondauno.com.ar\/","name":"103.9 fm","description":"LA PRIMERA RADIO MULTIMEDIA DE TRES ARROYOS","potentialAction":[{"@type":"SearchAction","target":{"@type":"EntryPoint","urlTemplate":"https:\/\/ondauno.com.ar\/?s={search_term_string}"},"query-input":"required name=search_term_string"}],"inLanguage":"es-AR"},{"@type":"Person","@id":"https:\/\/ondauno.com.ar\/#\/schema\/person\/7ec851ddeceb4133d7d7132dc645714e","name":"OndaUno","image":{"@type":"ImageObject","inLanguage":"es-AR","@id":"https:\/\/ondauno.com.ar\/#\/schema\/person\/image\/","url":"https:\/\/secure.gravatar.com\/avatar\/93b8009f0de7021f1feb2bd5b32fb9e8?s=96&d=mm&r=g","contentUrl":"https:\/\/secure.gravatar.com\/avatar\/93b8009f0de7021f1feb2bd5b32fb9e8?s=96&d=mm&r=g","caption":"OndaUno"},"url":"https:\/\/ondauno.com.ar\/index.php\/author\/ondauno\/"}]}},"jetpack_publicize_connections":[],"jetpack_featured_media_url":"","jetpack_sharing_enabled":true,"_links":{"self":[{"href":"https:\/\/ondauno.com.ar\/index.php\/wp-json\/wp\/v2\/posts\/43258","targetHints":{"allow":["GET"]}}],"collection":[{"href":"https:\/\/ondauno.com.ar\/index.php\/wp-json\/wp\/v2\/posts"}],"about":[{"href":"https:\/\/ondauno.com.ar\/index.php\/wp-json\/wp\/v2\/types\/post"}],"author":[{"embeddable":true,"href":"https:\/\/ondauno.com.ar\/index.php\/wp-json\/wp\/v2\/users\/1"}],"replies":[{"embeddable":true,"href":"https:\/\/ondauno.com.ar\/index.php\/wp-json\/wp\/v2\/comments?post=43258"}],"version-history":[{"count":0,"href":"https:\/\/ondauno.com.ar\/index.php\/wp-json\/wp\/v2\/posts\/43258\/revisions"}],"wp:attachment":[{"href":"https:\/\/ondauno.com.ar\/index.php\/wp-json\/wp\/v2\/media?parent=43258"}],"wp:term":[{"taxonomy":"category","embeddable":true,"href":"https:\/\/ondauno.com.ar\/index.php\/wp-json\/wp\/v2\/categories?post=43258"},{"taxonomy":"post_tag","embeddable":true,"href":"https:\/\/ondauno.com.ar\/index.php\/wp-json\/wp\/v2\/tags?post=43258"}],"curies":[{"name":"wp","href":"https:\/\/api.w.org\/{rel}","templated":true}]}}