{"id":43106,"date":"2023-08-11T16:57:57","date_gmt":"2023-08-11T19:57:57","guid":{"rendered":"http:\/\/ondauno.com.ar\/?p=43106"},"modified":"2023-08-11T16:57:59","modified_gmt":"2023-08-11T19:57:59","slug":"detencion-de-individuo-por-danos-y-lesiones-en-adolfo-gonzales-chaves","status":"publish","type":"post","link":"https:\/\/ondauno.com.ar\/index.php\/2023\/08\/11\/detencion-de-individuo-por-danos-y-lesiones-en-adolfo-gonzales-chaves\/","title":{"rendered":"Detenci\u00f3n de individuo por da\u00f1os y lesiones en Adolfo Gonzales Chaves"},"content":{"rendered":"<div class=\"ondau-before-content_3\" style=\"margin-top: -30px;\" id=\"ondau-3671262206\"><a href=\"https:\/\/www.lps.com.ar\/\" aria-label=\"la-perse2\"><img loading=\"lazy\" decoding=\"async\" src=\"https:\/\/ondauno.com.ar\/wp-content\/uploads\/2021\/10\/la-perse2.jpg\" alt=\"\"  srcset=\"https:\/\/ondauno.com.ar\/wp-content\/uploads\/2021\/10\/la-perse2.jpg 1353w, https:\/\/ondauno.com.ar\/wp-content\/uploads\/2021\/10\/la-perse2-300x43.jpg 300w, https:\/\/ondauno.com.ar\/wp-content\/uploads\/2021\/10\/la-perse2-1024x148.jpg 1024w, https:\/\/ondauno.com.ar\/wp-content\/uploads\/2021\/10\/la-perse2-768x111.jpg 768w, https:\/\/ondauno.com.ar\/wp-content\/uploads\/2021\/10\/la-perse2-696x100.jpg 696w, https:\/\/ondauno.com.ar\/wp-content\/uploads\/2021\/10\/la-perse2-1068x154.jpg 1068w\" sizes=\"(max-width: 1353px) 100vw, 1353px\" class=\"no-lazyload\" width=\"1353\" height=\"195\"  style=\"display: inline-block;\" \/><\/a><\/div>\n<p>En una actuaci\u00f3n policial en la madrugada de hoy, las autoridades de la Polic\u00eda Comunal de Adolfo Gonzales Chaves lograron la detenci\u00f3n de un hombre mayor de edad, de apellido Victola, de 22 a\u00f1os, por presuntamente ocasionar da\u00f1os a una ambulancia del hospital local y provocar lesiones a una enfermera durante su atenci\u00f3n m\u00e9dica.<\/p>\n\n\n\n<p>El incidente tuvo lugar mientras el individuo estaba siendo trasladado desde una propiedad privada hacia el hospital para recibir atenci\u00f3n m\u00e9dica. Durante el traslado, se alega que caus\u00f3 da\u00f1os a la ambulancia del nosocomio local. Posteriormente, al ser atendido por un profesional de la salud en el hospital, el detenido habr\u00eda agredido a una enfermera, caus\u00e1ndole lesiones.<\/p>\n\n\n\n<p>Las fuerzas policiales respondieron de manera inmediata, reduciendo y esposando al individuo para prevenir ulteriores agresiones y comportamientos violentos hacia los profesionales de la salud y otros involucrados. El detenido fue puesto bajo la custodia de la Polic\u00eda, y el caso fue llevado ante el Dr. Juan Carlos Ustarroz, titular de la fiscal\u00eda local.<\/p>\n\n\n\n<p>El Dr. Ustarroz convalid\u00f3 el procedimiento y orden\u00f3 la aprehensi\u00f3n e indagatoria del individuo en la sede de la fiscal\u00eda de Adolfo Gonz\u00e1les Chaves. El detenido deber\u00e1 comparecer ante las autoridades judiciales para responder por los cargos imputados en este incidente.<\/p>\n","protected":false},"excerpt":{"rendered":"<p>En una actuaci\u00f3n policial en la madrugada de hoy, las autoridades de la Polic\u00eda Comunal de Adolfo Gonzales Chaves lograron la detenci\u00f3n de un hombre mayor de edad, de apellido Victola, de 22 a\u00f1os, por presuntamente ocasionar da\u00f1os a una ambulancia del hospital local y provocar lesiones a una enfermera durante su atenci\u00f3n m\u00e9dica. El [&hellip;]<\/p>\n","protected":false},"author":1,"featured_media":43107,"comment_status":"open","ping_status":"open","sticky":false,"template":"","format":"standard","meta":{"tdm_status":"","tdm_grid_status":"","_jetpack_memberships_contains_paid_content":false,"footnotes":"","jetpack_publicize_message":"","jetpack_publicize_feature_enabled":true,"jetpack_social_post_already_shared":true,"jetpack_social_options":{"image_generator_settings":{"template":"highway","default_image_id":0,"font":"","enabled":false},"version":2}},"categories":[29],"tags":[],"class_list":{"0":"post-43106","1":"post","2":"type-post","3":"status-publish","4":"format-standard","5":"has-post-thumbnail","7":"category-policiales"},"yoast_head":"<!-- This site is optimized with the Yoast SEO plugin v22.7 - https:\/\/yoast.com\/wordpress\/plugins\/seo\/ -->\n<title>Detenci\u00f3n de individuo por da\u00f1os y lesiones en Adolfo Gonzales Chaves - 103.9 fm<\/title>\n<meta name=\"robots\" content=\"index, follow, max-snippet:-1, max-image-preview:large, max-video-preview:-1\" \/>\n<link rel=\"canonical\" href=\"https:\/\/ondauno.com.ar\/index.php\/2023\/08\/11\/detencion-de-individuo-por-danos-y-lesiones-en-adolfo-gonzales-chaves\/\" \/>\n<meta property=\"og:locale\" content=\"es_ES\" \/>\n<meta property=\"og:type\" content=\"article\" \/>\n<meta property=\"og:title\" content=\"Detenci\u00f3n de individuo por da\u00f1os y lesiones en Adolfo Gonzales Chaves - 103.9 fm\" \/>\n<meta property=\"og:description\" content=\"En una actuaci\u00f3n policial en la madrugada de hoy, las autoridades de la Polic\u00eda Comunal de Adolfo Gonzales Chaves lograron la detenci\u00f3n de un hombre mayor de edad, de apellido Victola, de 22 a\u00f1os, por presuntamente ocasionar da\u00f1os a una ambulancia del hospital local y provocar lesiones a una enfermera durante su atenci\u00f3n m\u00e9dica. El [&hellip;]\" \/>\n<meta property=\"og:url\" content=\"https:\/\/ondauno.com.ar\/index.php\/2023\/08\/11\/detencion-de-individuo-por-danos-y-lesiones-en-adolfo-gonzales-chaves\/\" \/>\n<meta property=\"og:site_name\" content=\"103.9 fm\" \/>\n<meta property=\"article:publisher\" content=\"https:\/\/www.facebook.com\/ondauno103.9\" \/>\n<meta property=\"article:published_time\" content=\"2023-08-11T19:57:57+00:00\" \/>\n<meta property=\"article:modified_time\" content=\"2023-08-11T19:57:59+00:00\" \/>\n<meta property=\"og:image\" content=\"https:\/\/ondauno.com.ar\/wp-content\/uploads\/2023\/08\/WhatsApp-Image-2023-08-11-at-15.58.12.jpeg\" \/>\n\t<meta property=\"og:image:width\" content=\"899\" \/>\n\t<meta property=\"og:image:height\" content=\"1599\" \/>\n\t<meta property=\"og:image:type\" content=\"image\/jpeg\" \/>\n<meta name=\"author\" content=\"OndaUno\" \/>\n<meta name=\"twitter:card\" content=\"summary_large_image\" \/>\n<meta name=\"twitter:label1\" content=\"Escrito por\" \/>\n\t<meta name=\"twitter:data1\" content=\"OndaUno\" \/>\n\t<meta name=\"twitter:label2\" content=\"Tiempo de lectura\" \/>\n\t<meta name=\"twitter:data2\" content=\"1 minuto\" \/>\n<script type=\"application\/ld+json\" class=\"yoast-schema-graph\">{\"@context\":\"https:\/\/schema.org\",\"@graph\":[{\"@type\":\"WebPage\",\"@id\":\"https:\/\/ondauno.com.ar\/index.php\/2023\/08\/11\/detencion-de-individuo-por-danos-y-lesiones-en-adolfo-gonzales-chaves\/\",\"url\":\"https:\/\/ondauno.com.ar\/index.php\/2023\/08\/11\/detencion-de-individuo-por-danos-y-lesiones-en-adolfo-gonzales-chaves\/\",\"name\":\"Detenci\u00f3n de individuo por da\u00f1os y lesiones en Adolfo Gonzales Chaves - 103.9 fm\",\"isPartOf\":{\"@id\":\"https:\/\/ondauno.com.ar\/#website\"},\"primaryImageOfPage\":{\"@id\":\"https:\/\/ondauno.com.ar\/index.php\/2023\/08\/11\/detencion-de-individuo-por-danos-y-lesiones-en-adolfo-gonzales-chaves\/#primaryimage\"},\"image\":{\"@id\":\"https:\/\/ondauno.com.ar\/index.php\/2023\/08\/11\/detencion-de-individuo-por-danos-y-lesiones-en-adolfo-gonzales-chaves\/#primaryimage\"},\"thumbnailUrl\":\"https:\/\/ondauno.com.ar\/wp-content\/uploads\/2023\/08\/WhatsApp-Image-2023-08-11-at-15.58.12.jpeg\",\"datePublished\":\"2023-08-11T19:57:57+00:00\",\"dateModified\":\"2023-08-11T19:57:59+00:00\",\"author\":{\"@id\":\"https:\/\/ondauno.com.ar\/#\/schema\/person\/7ec851ddeceb4133d7d7132dc645714e\"},\"breadcrumb\":{\"@id\":\"https:\/\/ondauno.com.ar\/index.php\/2023\/08\/11\/detencion-de-individuo-por-danos-y-lesiones-en-adolfo-gonzales-chaves\/#breadcrumb\"},\"inLanguage\":\"es-AR\",\"potentialAction\":[{\"@type\":\"ReadAction\",\"target\":[\"https:\/\/ondauno.com.ar\/index.php\/2023\/08\/11\/detencion-de-individuo-por-danos-y-lesiones-en-adolfo-gonzales-chaves\/\"]}]},{\"@type\":\"ImageObject\",\"inLanguage\":\"es-AR\",\"@id\":\"https:\/\/ondauno.com.ar\/index.php\/2023\/08\/11\/detencion-de-individuo-por-danos-y-lesiones-en-adolfo-gonzales-chaves\/#primaryimage\",\"url\":\"https:\/\/ondauno.com.ar\/wp-content\/uploads\/2023\/08\/WhatsApp-Image-2023-08-11-at-15.58.12.jpeg\",\"contentUrl\":\"https:\/\/ondauno.com.ar\/wp-content\/uploads\/2023\/08\/WhatsApp-Image-2023-08-11-at-15.58.12.jpeg\",\"width\":899,\"height\":1599},{\"@type\":\"BreadcrumbList\",\"@id\":\"https:\/\/ondauno.com.ar\/index.php\/2023\/08\/11\/detencion-de-individuo-por-danos-y-lesiones-en-adolfo-gonzales-chaves\/#breadcrumb\",\"itemListElement\":[{\"@type\":\"ListItem\",\"position\":1,\"name\":\"Inicio\",\"item\":\"https:\/\/ondauno.com.ar\/\"},{\"@type\":\"ListItem\",\"position\":2,\"name\":\"Detenci\u00f3n de individuo por da\u00f1os y lesiones en Adolfo Gonzales Chaves\"}]},{\"@type\":\"WebSite\",\"@id\":\"https:\/\/ondauno.com.ar\/#website\",\"url\":\"https:\/\/ondauno.com.ar\/\",\"name\":\"103.9 fm\",\"description\":\"LA PRIMERA RADIO MULTIMEDIA DE TRES ARROYOS\",\"potentialAction\":[{\"@type\":\"SearchAction\",\"target\":{\"@type\":\"EntryPoint\",\"urlTemplate\":\"https:\/\/ondauno.com.ar\/?s={search_term_string}\"},\"query-input\":\"required name=search_term_string\"}],\"inLanguage\":\"es-AR\"},{\"@type\":\"Person\",\"@id\":\"https:\/\/ondauno.com.ar\/#\/schema\/person\/7ec851ddeceb4133d7d7132dc645714e\",\"name\":\"OndaUno\",\"image\":{\"@type\":\"ImageObject\",\"inLanguage\":\"es-AR\",\"@id\":\"https:\/\/ondauno.com.ar\/#\/schema\/person\/image\/\",\"url\":\"https:\/\/secure.gravatar.com\/avatar\/93b8009f0de7021f1feb2bd5b32fb9e8?s=96&d=mm&r=g\",\"contentUrl\":\"https:\/\/secure.gravatar.com\/avatar\/93b8009f0de7021f1feb2bd5b32fb9e8?s=96&d=mm&r=g\",\"caption\":\"OndaUno\"},\"url\":\"https:\/\/ondauno.com.ar\/index.php\/author\/ondauno\/\"}]}<\/script>\n<!-- \/ Yoast SEO plugin. -->","yoast_head_json":{"title":"Detenci\u00f3n de individuo por da\u00f1os y lesiones en Adolfo Gonzales Chaves - 103.9 fm","robots":{"index":"index","follow":"follow","max-snippet":"max-snippet:-1","max-image-preview":"max-image-preview:large","max-video-preview":"max-video-preview:-1"},"canonical":"https:\/\/ondauno.com.ar\/index.php\/2023\/08\/11\/detencion-de-individuo-por-danos-y-lesiones-en-adolfo-gonzales-chaves\/","og_locale":"es_ES","og_type":"article","og_title":"Detenci\u00f3n de individuo por da\u00f1os y lesiones en Adolfo Gonzales Chaves - 103.9 fm","og_description":"En una actuaci\u00f3n policial en la madrugada de hoy, las autoridades de la Polic\u00eda Comunal de Adolfo Gonzales Chaves lograron la detenci\u00f3n de un hombre mayor de edad, de apellido Victola, de 22 a\u00f1os, por presuntamente ocasionar da\u00f1os a una ambulancia del hospital local y provocar lesiones a una enfermera durante su atenci\u00f3n m\u00e9dica. El [&hellip;]","og_url":"https:\/\/ondauno.com.ar\/index.php\/2023\/08\/11\/detencion-de-individuo-por-danos-y-lesiones-en-adolfo-gonzales-chaves\/","og_site_name":"103.9 fm","article_publisher":"https:\/\/www.facebook.com\/ondauno103.9","article_published_time":"2023-08-11T19:57:57+00:00","article_modified_time":"2023-08-11T19:57:59+00:00","og_image":[{"width":899,"height":1599,"url":"https:\/\/ondauno.com.ar\/wp-content\/uploads\/2023\/08\/WhatsApp-Image-2023-08-11-at-15.58.12.jpeg","type":"image\/jpeg"}],"author":"OndaUno","twitter_card":"summary_large_image","twitter_misc":{"Escrito por":"OndaUno","Tiempo de lectura":"1 minuto"},"schema":{"@context":"https:\/\/schema.org","@graph":[{"@type":"WebPage","@id":"https:\/\/ondauno.com.ar\/index.php\/2023\/08\/11\/detencion-de-individuo-por-danos-y-lesiones-en-adolfo-gonzales-chaves\/","url":"https:\/\/ondauno.com.ar\/index.php\/2023\/08\/11\/detencion-de-individuo-por-danos-y-lesiones-en-adolfo-gonzales-chaves\/","name":"Detenci\u00f3n de individuo por da\u00f1os y lesiones en Adolfo Gonzales Chaves - 103.9 fm","isPartOf":{"@id":"https:\/\/ondauno.com.ar\/#website"},"primaryImageOfPage":{"@id":"https:\/\/ondauno.com.ar\/index.php\/2023\/08\/11\/detencion-de-individuo-por-danos-y-lesiones-en-adolfo-gonzales-chaves\/#primaryimage"},"image":{"@id":"https:\/\/ondauno.com.ar\/index.php\/2023\/08\/11\/detencion-de-individuo-por-danos-y-lesiones-en-adolfo-gonzales-chaves\/#primaryimage"},"thumbnailUrl":"https:\/\/ondauno.com.ar\/wp-content\/uploads\/2023\/08\/WhatsApp-Image-2023-08-11-at-15.58.12.jpeg","datePublished":"2023-08-11T19:57:57+00:00","dateModified":"2023-08-11T19:57:59+00:00","author":{"@id":"https:\/\/ondauno.com.ar\/#\/schema\/person\/7ec851ddeceb4133d7d7132dc645714e"},"breadcrumb":{"@id":"https:\/\/ondauno.com.ar\/index.php\/2023\/08\/11\/detencion-de-individuo-por-danos-y-lesiones-en-adolfo-gonzales-chaves\/#breadcrumb"},"inLanguage":"es-AR","potentialAction":[{"@type":"ReadAction","target":["https:\/\/ondauno.com.ar\/index.php\/2023\/08\/11\/detencion-de-individuo-por-danos-y-lesiones-en-adolfo-gonzales-chaves\/"]}]},{"@type":"ImageObject","inLanguage":"es-AR","@id":"https:\/\/ondauno.com.ar\/index.php\/2023\/08\/11\/detencion-de-individuo-por-danos-y-lesiones-en-adolfo-gonzales-chaves\/#primaryimage","url":"https:\/\/ondauno.com.ar\/wp-content\/uploads\/2023\/08\/WhatsApp-Image-2023-08-11-at-15.58.12.jpeg","contentUrl":"https:\/\/ondauno.com.ar\/wp-content\/uploads\/2023\/08\/WhatsApp-Image-2023-08-11-at-15.58.12.jpeg","width":899,"height":1599},{"@type":"BreadcrumbList","@id":"https:\/\/ondauno.com.ar\/index.php\/2023\/08\/11\/detencion-de-individuo-por-danos-y-lesiones-en-adolfo-gonzales-chaves\/#breadcrumb","itemListElement":[{"@type":"ListItem","position":1,"name":"Inicio","item":"https:\/\/ondauno.com.ar\/"},{"@type":"ListItem","position":2,"name":"Detenci\u00f3n de individuo por da\u00f1os y lesiones en Adolfo Gonzales Chaves"}]},{"@type":"WebSite","@id":"https:\/\/ondauno.com.ar\/#website","url":"https:\/\/ondauno.com.ar\/","name":"103.9 fm","description":"LA PRIMERA RADIO MULTIMEDIA DE TRES ARROYOS","potentialAction":[{"@type":"SearchAction","target":{"@type":"EntryPoint","urlTemplate":"https:\/\/ondauno.com.ar\/?s={search_term_string}"},"query-input":"required name=search_term_string"}],"inLanguage":"es-AR"},{"@type":"Person","@id":"https:\/\/ondauno.com.ar\/#\/schema\/person\/7ec851ddeceb4133d7d7132dc645714e","name":"OndaUno","image":{"@type":"ImageObject","inLanguage":"es-AR","@id":"https:\/\/ondauno.com.ar\/#\/schema\/person\/image\/","url":"https:\/\/secure.gravatar.com\/avatar\/93b8009f0de7021f1feb2bd5b32fb9e8?s=96&d=mm&r=g","contentUrl":"https:\/\/secure.gravatar.com\/avatar\/93b8009f0de7021f1feb2bd5b32fb9e8?s=96&d=mm&r=g","caption":"OndaUno"},"url":"https:\/\/ondauno.com.ar\/index.php\/author\/ondauno\/"}]}},"jetpack_publicize_connections":[],"jetpack_featured_media_url":"https:\/\/ondauno.com.ar\/wp-content\/uploads\/2023\/08\/WhatsApp-Image-2023-08-11-at-15.58.12.jpeg","jetpack_sharing_enabled":true,"_links":{"self":[{"href":"https:\/\/ondauno.com.ar\/index.php\/wp-json\/wp\/v2\/posts\/43106","targetHints":{"allow":["GET"]}}],"collection":[{"href":"https:\/\/ondauno.com.ar\/index.php\/wp-json\/wp\/v2\/posts"}],"about":[{"href":"https:\/\/ondauno.com.ar\/index.php\/wp-json\/wp\/v2\/types\/post"}],"author":[{"embeddable":true,"href":"https:\/\/ondauno.com.ar\/index.php\/wp-json\/wp\/v2\/users\/1"}],"replies":[{"embeddable":true,"href":"https:\/\/ondauno.com.ar\/index.php\/wp-json\/wp\/v2\/comments?post=43106"}],"version-history":[{"count":0,"href":"https:\/\/ondauno.com.ar\/index.php\/wp-json\/wp\/v2\/posts\/43106\/revisions"}],"wp:featuredmedia":[{"embeddable":true,"href":"https:\/\/ondauno.com.ar\/index.php\/wp-json\/wp\/v2\/media\/43107"}],"wp:attachment":[{"href":"https:\/\/ondauno.com.ar\/index.php\/wp-json\/wp\/v2\/media?parent=43106"}],"wp:term":[{"taxonomy":"category","embeddable":true,"href":"https:\/\/ondauno.com.ar\/index.php\/wp-json\/wp\/v2\/categories?post=43106"},{"taxonomy":"post_tag","embeddable":true,"href":"https:\/\/ondauno.com.ar\/index.php\/wp-json\/wp\/v2\/tags?post=43106"}],"curies":[{"name":"wp","href":"https:\/\/api.w.org\/{rel}","templated":true}]}}