{"id":42990,"date":"2023-08-08T20:27:36","date_gmt":"2023-08-08T23:27:36","guid":{"rendered":"http:\/\/ondauno.com.ar\/?p=42990"},"modified":"2023-08-08T20:27:37","modified_gmt":"2023-08-08T23:27:37","slug":"carbap-presento-el-documento-la-patria-empobrecida","status":"publish","type":"post","link":"https:\/\/ondauno.com.ar\/index.php\/2023\/08\/08\/carbap-presento-el-documento-la-patria-empobrecida\/","title":{"rendered":"CARBAP present\u00f3 el documento &#8220;La Patria Empobrecida&#8221;"},"content":{"rendered":"<div class=\"ondau-before-content_3\" style=\"margin-top: -30px;\" id=\"ondau-3225106017\"><a href=\"https:\/\/www.lps.com.ar\/\" aria-label=\"la-perse2\"><img loading=\"lazy\" decoding=\"async\" src=\"https:\/\/ondauno.com.ar\/wp-content\/uploads\/2021\/10\/la-perse2.jpg\" alt=\"\"  srcset=\"https:\/\/ondauno.com.ar\/wp-content\/uploads\/2021\/10\/la-perse2.jpg 1353w, https:\/\/ondauno.com.ar\/wp-content\/uploads\/2021\/10\/la-perse2-300x43.jpg 300w, https:\/\/ondauno.com.ar\/wp-content\/uploads\/2021\/10\/la-perse2-1024x148.jpg 1024w, https:\/\/ondauno.com.ar\/wp-content\/uploads\/2021\/10\/la-perse2-768x111.jpg 768w, https:\/\/ondauno.com.ar\/wp-content\/uploads\/2021\/10\/la-perse2-696x100.jpg 696w, https:\/\/ondauno.com.ar\/wp-content\/uploads\/2021\/10\/la-perse2-1068x154.jpg 1068w\" sizes=\"(max-width: 1353px) 100vw, 1353px\" class=\"no-lazyload\" width=\"1353\" height=\"195\"  style=\"display: inline-block;\" \/><\/a><\/div>\n<p>Vivimos tiempos tormentosos en nuestro pa\u00eds. Estamos a pocos d\u00edas de un nuevo proceso eleccionario en donde se empezara a decidir qui\u00e9n suceder\u00e1 al gobierno actual encabezado por Alberto Fern\u00e1ndez y Cristina Fern\u00e1ndez de Kirchner.<\/p>\n\n\n\n<p>Un Gobierno que continua viviendo una gran fiesta fiscal sin bajar ni un peso del gasto p\u00fablico, forzando al FMI a alargar las negociaciones endeudando a los argentinos a\u00fan m\u00e1s, hipotecando el futuro de nuestro pa\u00eds y empeorando la calidad de vida de todos los ciudadanos.<\/p>\n\n\n\n<p>Y desde hace un a\u00f1o, viviendo con las nefastas medidas del ministerio de Econom\u00eda a cargo de Sergio Massa, con un acelerado &nbsp;contexto de alt\u00edsima inflaci\u00f3n, un cepo cambiario feroz, un&nbsp; tipo de cambio distorsionado, agravado por una profunda sequ\u00eda que golpe\u00f3 brutalmente a la producci\u00f3n y a los productores. En este contexto el Gobierno sigue adoptando medidas de neto corte fiscalista y oportunistas, para poder seguir&nbsp; ganando tiempo en el marco de los tiempos electorales.<\/p>\n\n\n\n<p>Se trata de medidas que afectan&nbsp; a todos los argentinos. Medidas que acent\u00faan la pobreza. Medidas que encarecen el acceso al p\u00fablico del d\u00f3lar solidario, encarece las importaciones (salvo de empresarios amigos) subiendo selectivamente el tipo de cambio y extendiendo el impuesto PAIS, impidiendo el acceso a insumos fundamentales para la producci\u00f3n (caso fertilizantes, repuestos, etc) , sube el tipo de cambio (de manera artificial) para exportaciones agropecuarias ( caso ma\u00edz, cebada, etc) , agroindustriales y de econom\u00edas regionales hasta el 31 de agosto,&nbsp; provocando una gran distorsi\u00f3n en mercados y producciones atadas a esos productos, como la lecher\u00eda, avicultura, feedlots, porcinos, etc,<\/p>\n\n\n\n<p>En las intervenciones en los mercados siempre se vislumbra alguna connivencia entre partes. Tras la \u00faltima medida con impacto en el ma\u00edz, el precio del disponible cay\u00f3 fuertemente siendo sin duda el mayor perjudicado el productor y diluy\u00e9ndose los \u201cpseudos beneficios\u201d de un mejor tipo de cambio. Negocios entre amigos de espalda al productor, que es el que trabaja y arriesga.<\/p>\n\n\n\n<figure class=\"wp-block-image\"><img decoding=\"async\" data-src=\"http:\/\/ondauno.com.ar\/wp-content\/uploads\/2023\/08\/IMG_20230808_154557015-1024x1024.jpg\" alt=\"\" class=\"wp-image-42992 lazyload\" src=\"data:image\/gif;base64,R0lGODlhAQABAAAAACH5BAEKAAEALAAAAAABAAEAAAICTAEAOw==\" style=\"--smush-placeholder-width: 1024px; --smush-placeholder-aspect-ratio: 1024\/1024;\" \/><noscript><img decoding=\"async\" src=\"http:\/\/ondauno.com.ar\/wp-content\/uploads\/2023\/08\/IMG_20230808_154557015-1024x1024.jpg\" alt=\"\" class=\"wp-image-42992\"\/><\/noscript><\/figure>\n\n\n\n<p>En la cadena agropecuaria, no somos todos iguales. Algunos siempre obtienen beneficios de las distorsiones. Miran para otro lado cuando se publican resoluciones del Ministerio de Econom\u00eda que las favorecen.<\/p>\n\n\n\n<p>El Gobierno ha impuesto una devaluaci\u00f3n encubierta, que pagan todos los argentinos. Aumenta el sistema de tipos de cambio m\u00faltiple que hoy tiene la econom\u00eda en busca de 2.000 millones de d\u00f3lares que liquidar\u00edan los exportadores que solo alcanzar\u00eda para achicar un 30 % aprox. las reservas negativas del BCRA. Esos d\u00f3lares que el Gobierno paga por exportaciones a $340 , luego se los vende a los importadores al d\u00f3lar oficial de $ 285, perdiendo $55 por d\u00f3lar, sumando emisi\u00f3n, sumando inflaci\u00f3n que pagamos todos los argentinos. Medidas a las que se suma el nuevo adelanto del Impuesto a las Ganancias compulsivo decretado recientemente por el Gobierno, generando una mayor presi\u00f3n tributaria aun sobre los privados<\/p>\n\n\n\n<p>Es por eso que hay que poner punto final a este desmanejo. En las pr\u00f3ximas elecciones hay una nueva oportunidad. Porque la patria es de todos, y no solo de los que se unen tan solo para ganar una elecci\u00f3n.<\/p>\n","protected":false},"excerpt":{"rendered":"<p>Vivimos tiempos tormentosos en nuestro pa\u00eds. Estamos a pocos d\u00edas de un nuevo proceso eleccionario en donde se empezara a decidir qui\u00e9n suceder\u00e1 al gobierno actual encabezado por Alberto Fern\u00e1ndez y Cristina Fern\u00e1ndez de Kirchner. Un Gobierno que continua viviendo una gran fiesta fiscal sin bajar ni un peso del gasto p\u00fablico, forzando al FMI [&hellip;]<\/p>\n","protected":false},"author":1,"featured_media":0,"comment_status":"open","ping_status":"open","sticky":false,"template":"","format":"standard","meta":{"tdm_status":"","tdm_grid_status":"","_jetpack_memberships_contains_paid_content":false,"footnotes":"","jetpack_publicize_message":"","jetpack_publicize_feature_enabled":true,"jetpack_social_post_already_shared":true,"jetpack_social_options":{"image_generator_settings":{"template":"highway","default_image_id":0,"font":"","enabled":false},"version":2}},"categories":[26],"tags":[],"class_list":{"0":"post-42990","1":"post","2":"type-post","3":"status-publish","4":"format-standard","6":"category-destacada"},"yoast_head":"<!-- This site is optimized with the Yoast SEO plugin v22.7 - https:\/\/yoast.com\/wordpress\/plugins\/seo\/ -->\n<title>CARBAP present\u00f3 el documento &quot;La Patria Empobrecida&quot; - 103.9 fm<\/title>\n<meta name=\"robots\" content=\"index, follow, max-snippet:-1, max-image-preview:large, max-video-preview:-1\" \/>\n<link rel=\"canonical\" href=\"https:\/\/ondauno.com.ar\/index.php\/2023\/08\/08\/carbap-presento-el-documento-la-patria-empobrecida\/\" \/>\n<meta property=\"og:locale\" content=\"es_ES\" \/>\n<meta property=\"og:type\" content=\"article\" \/>\n<meta property=\"og:title\" content=\"CARBAP present\u00f3 el documento &quot;La Patria Empobrecida&quot; - 103.9 fm\" \/>\n<meta property=\"og:description\" content=\"Vivimos tiempos tormentosos en nuestro pa\u00eds. Estamos a pocos d\u00edas de un nuevo proceso eleccionario en donde se empezara a decidir qui\u00e9n suceder\u00e1 al gobierno actual encabezado por Alberto Fern\u00e1ndez y Cristina Fern\u00e1ndez de Kirchner. Un Gobierno que continua viviendo una gran fiesta fiscal sin bajar ni un peso del gasto p\u00fablico, forzando al FMI [&hellip;]\" \/>\n<meta property=\"og:url\" content=\"https:\/\/ondauno.com.ar\/index.php\/2023\/08\/08\/carbap-presento-el-documento-la-patria-empobrecida\/\" \/>\n<meta property=\"og:site_name\" content=\"103.9 fm\" \/>\n<meta property=\"article:publisher\" content=\"https:\/\/www.facebook.com\/ondauno103.9\" \/>\n<meta property=\"article:published_time\" content=\"2023-08-08T23:27:36+00:00\" \/>\n<meta property=\"article:modified_time\" content=\"2023-08-08T23:27:37+00:00\" \/>\n<meta property=\"og:image\" content=\"https:\/\/ondauno.com.ar\/wp-content\/uploads\/2023\/08\/IMG_20230808_154601835-1024x1024.jpg\" \/>\n\t<meta property=\"og:image:width\" content=\"1024\" \/>\n\t<meta property=\"og:image:height\" content=\"1024\" \/>\n\t<meta property=\"og:image:type\" content=\"image\/jpeg\" \/>\n<meta name=\"author\" content=\"OndaUno\" \/>\n<meta name=\"twitter:card\" content=\"summary_large_image\" \/>\n<meta name=\"twitter:label1\" content=\"Escrito por\" \/>\n\t<meta name=\"twitter:data1\" content=\"OndaUno\" \/>\n\t<meta name=\"twitter:label2\" content=\"Tiempo de lectura\" \/>\n\t<meta name=\"twitter:data2\" content=\"3 minutos\" \/>\n<script type=\"application\/ld+json\" class=\"yoast-schema-graph\">{\"@context\":\"https:\/\/schema.org\",\"@graph\":[{\"@type\":\"WebPage\",\"@id\":\"https:\/\/ondauno.com.ar\/index.php\/2023\/08\/08\/carbap-presento-el-documento-la-patria-empobrecida\/\",\"url\":\"https:\/\/ondauno.com.ar\/index.php\/2023\/08\/08\/carbap-presento-el-documento-la-patria-empobrecida\/\",\"name\":\"CARBAP present\u00f3 el documento \\\"La Patria Empobrecida\\\" - 103.9 fm\",\"isPartOf\":{\"@id\":\"https:\/\/ondauno.com.ar\/#website\"},\"primaryImageOfPage\":{\"@id\":\"https:\/\/ondauno.com.ar\/index.php\/2023\/08\/08\/carbap-presento-el-documento-la-patria-empobrecida\/#primaryimage\"},\"image\":{\"@id\":\"https:\/\/ondauno.com.ar\/index.php\/2023\/08\/08\/carbap-presento-el-documento-la-patria-empobrecida\/#primaryimage\"},\"thumbnailUrl\":\"http:\/\/ondauno.com.ar\/wp-content\/uploads\/2023\/08\/IMG_20230808_154557015-1024x1024.jpg\",\"datePublished\":\"2023-08-08T23:27:36+00:00\",\"dateModified\":\"2023-08-08T23:27:37+00:00\",\"author\":{\"@id\":\"https:\/\/ondauno.com.ar\/#\/schema\/person\/7ec851ddeceb4133d7d7132dc645714e\"},\"breadcrumb\":{\"@id\":\"https:\/\/ondauno.com.ar\/index.php\/2023\/08\/08\/carbap-presento-el-documento-la-patria-empobrecida\/#breadcrumb\"},\"inLanguage\":\"es-AR\",\"potentialAction\":[{\"@type\":\"ReadAction\",\"target\":[\"https:\/\/ondauno.com.ar\/index.php\/2023\/08\/08\/carbap-presento-el-documento-la-patria-empobrecida\/\"]}]},{\"@type\":\"ImageObject\",\"inLanguage\":\"es-AR\",\"@id\":\"https:\/\/ondauno.com.ar\/index.php\/2023\/08\/08\/carbap-presento-el-documento-la-patria-empobrecida\/#primaryimage\",\"url\":\"\",\"contentUrl\":\"\"},{\"@type\":\"BreadcrumbList\",\"@id\":\"https:\/\/ondauno.com.ar\/index.php\/2023\/08\/08\/carbap-presento-el-documento-la-patria-empobrecida\/#breadcrumb\",\"itemListElement\":[{\"@type\":\"ListItem\",\"position\":1,\"name\":\"Inicio\",\"item\":\"https:\/\/ondauno.com.ar\/\"},{\"@type\":\"ListItem\",\"position\":2,\"name\":\"CARBAP present\u00f3 el documento &#8220;La Patria Empobrecida&#8221;\"}]},{\"@type\":\"WebSite\",\"@id\":\"https:\/\/ondauno.com.ar\/#website\",\"url\":\"https:\/\/ondauno.com.ar\/\",\"name\":\"103.9 fm\",\"description\":\"LA PRIMERA RADIO MULTIMEDIA DE TRES ARROYOS\",\"potentialAction\":[{\"@type\":\"SearchAction\",\"target\":{\"@type\":\"EntryPoint\",\"urlTemplate\":\"https:\/\/ondauno.com.ar\/?s={search_term_string}\"},\"query-input\":\"required name=search_term_string\"}],\"inLanguage\":\"es-AR\"},{\"@type\":\"Person\",\"@id\":\"https:\/\/ondauno.com.ar\/#\/schema\/person\/7ec851ddeceb4133d7d7132dc645714e\",\"name\":\"OndaUno\",\"image\":{\"@type\":\"ImageObject\",\"inLanguage\":\"es-AR\",\"@id\":\"https:\/\/ondauno.com.ar\/#\/schema\/person\/image\/\",\"url\":\"https:\/\/secure.gravatar.com\/avatar\/93b8009f0de7021f1feb2bd5b32fb9e8?s=96&d=mm&r=g\",\"contentUrl\":\"https:\/\/secure.gravatar.com\/avatar\/93b8009f0de7021f1feb2bd5b32fb9e8?s=96&d=mm&r=g\",\"caption\":\"OndaUno\"},\"url\":\"https:\/\/ondauno.com.ar\/index.php\/author\/ondauno\/\"}]}<\/script>\n<!-- \/ Yoast SEO plugin. -->","yoast_head_json":{"title":"CARBAP present\u00f3 el documento \"La Patria Empobrecida\" - 103.9 fm","robots":{"index":"index","follow":"follow","max-snippet":"max-snippet:-1","max-image-preview":"max-image-preview:large","max-video-preview":"max-video-preview:-1"},"canonical":"https:\/\/ondauno.com.ar\/index.php\/2023\/08\/08\/carbap-presento-el-documento-la-patria-empobrecida\/","og_locale":"es_ES","og_type":"article","og_title":"CARBAP present\u00f3 el documento \"La Patria Empobrecida\" - 103.9 fm","og_description":"Vivimos tiempos tormentosos en nuestro pa\u00eds. Estamos a pocos d\u00edas de un nuevo proceso eleccionario en donde se empezara a decidir qui\u00e9n suceder\u00e1 al gobierno actual encabezado por Alberto Fern\u00e1ndez y Cristina Fern\u00e1ndez de Kirchner. Un Gobierno que continua viviendo una gran fiesta fiscal sin bajar ni un peso del gasto p\u00fablico, forzando al FMI [&hellip;]","og_url":"https:\/\/ondauno.com.ar\/index.php\/2023\/08\/08\/carbap-presento-el-documento-la-patria-empobrecida\/","og_site_name":"103.9 fm","article_publisher":"https:\/\/www.facebook.com\/ondauno103.9","article_published_time":"2023-08-08T23:27:36+00:00","article_modified_time":"2023-08-08T23:27:37+00:00","og_image":[{"width":1024,"height":1024,"url":"https:\/\/ondauno.com.ar\/wp-content\/uploads\/2023\/08\/IMG_20230808_154601835-1024x1024.jpg","type":"image\/jpeg"}],"author":"OndaUno","twitter_card":"summary_large_image","twitter_misc":{"Escrito por":"OndaUno","Tiempo de lectura":"3 minutos"},"schema":{"@context":"https:\/\/schema.org","@graph":[{"@type":"WebPage","@id":"https:\/\/ondauno.com.ar\/index.php\/2023\/08\/08\/carbap-presento-el-documento-la-patria-empobrecida\/","url":"https:\/\/ondauno.com.ar\/index.php\/2023\/08\/08\/carbap-presento-el-documento-la-patria-empobrecida\/","name":"CARBAP present\u00f3 el documento \"La Patria Empobrecida\" - 103.9 fm","isPartOf":{"@id":"https:\/\/ondauno.com.ar\/#website"},"primaryImageOfPage":{"@id":"https:\/\/ondauno.com.ar\/index.php\/2023\/08\/08\/carbap-presento-el-documento-la-patria-empobrecida\/#primaryimage"},"image":{"@id":"https:\/\/ondauno.com.ar\/index.php\/2023\/08\/08\/carbap-presento-el-documento-la-patria-empobrecida\/#primaryimage"},"thumbnailUrl":"http:\/\/ondauno.com.ar\/wp-content\/uploads\/2023\/08\/IMG_20230808_154557015-1024x1024.jpg","datePublished":"2023-08-08T23:27:36+00:00","dateModified":"2023-08-08T23:27:37+00:00","author":{"@id":"https:\/\/ondauno.com.ar\/#\/schema\/person\/7ec851ddeceb4133d7d7132dc645714e"},"breadcrumb":{"@id":"https:\/\/ondauno.com.ar\/index.php\/2023\/08\/08\/carbap-presento-el-documento-la-patria-empobrecida\/#breadcrumb"},"inLanguage":"es-AR","potentialAction":[{"@type":"ReadAction","target":["https:\/\/ondauno.com.ar\/index.php\/2023\/08\/08\/carbap-presento-el-documento-la-patria-empobrecida\/"]}]},{"@type":"ImageObject","inLanguage":"es-AR","@id":"https:\/\/ondauno.com.ar\/index.php\/2023\/08\/08\/carbap-presento-el-documento-la-patria-empobrecida\/#primaryimage","url":"","contentUrl":""},{"@type":"BreadcrumbList","@id":"https:\/\/ondauno.com.ar\/index.php\/2023\/08\/08\/carbap-presento-el-documento-la-patria-empobrecida\/#breadcrumb","itemListElement":[{"@type":"ListItem","position":1,"name":"Inicio","item":"https:\/\/ondauno.com.ar\/"},{"@type":"ListItem","position":2,"name":"CARBAP present\u00f3 el documento &#8220;La Patria Empobrecida&#8221;"}]},{"@type":"WebSite","@id":"https:\/\/ondauno.com.ar\/#website","url":"https:\/\/ondauno.com.ar\/","name":"103.9 fm","description":"LA PRIMERA RADIO MULTIMEDIA DE TRES ARROYOS","potentialAction":[{"@type":"SearchAction","target":{"@type":"EntryPoint","urlTemplate":"https:\/\/ondauno.com.ar\/?s={search_term_string}"},"query-input":"required name=search_term_string"}],"inLanguage":"es-AR"},{"@type":"Person","@id":"https:\/\/ondauno.com.ar\/#\/schema\/person\/7ec851ddeceb4133d7d7132dc645714e","name":"OndaUno","image":{"@type":"ImageObject","inLanguage":"es-AR","@id":"https:\/\/ondauno.com.ar\/#\/schema\/person\/image\/","url":"https:\/\/secure.gravatar.com\/avatar\/93b8009f0de7021f1feb2bd5b32fb9e8?s=96&d=mm&r=g","contentUrl":"https:\/\/secure.gravatar.com\/avatar\/93b8009f0de7021f1feb2bd5b32fb9e8?s=96&d=mm&r=g","caption":"OndaUno"},"url":"https:\/\/ondauno.com.ar\/index.php\/author\/ondauno\/"}]}},"jetpack_publicize_connections":[],"jetpack_featured_media_url":"","jetpack_sharing_enabled":true,"_links":{"self":[{"href":"https:\/\/ondauno.com.ar\/index.php\/wp-json\/wp\/v2\/posts\/42990","targetHints":{"allow":["GET"]}}],"collection":[{"href":"https:\/\/ondauno.com.ar\/index.php\/wp-json\/wp\/v2\/posts"}],"about":[{"href":"https:\/\/ondauno.com.ar\/index.php\/wp-json\/wp\/v2\/types\/post"}],"author":[{"embeddable":true,"href":"https:\/\/ondauno.com.ar\/index.php\/wp-json\/wp\/v2\/users\/1"}],"replies":[{"embeddable":true,"href":"https:\/\/ondauno.com.ar\/index.php\/wp-json\/wp\/v2\/comments?post=42990"}],"version-history":[{"count":0,"href":"https:\/\/ondauno.com.ar\/index.php\/wp-json\/wp\/v2\/posts\/42990\/revisions"}],"wp:attachment":[{"href":"https:\/\/ondauno.com.ar\/index.php\/wp-json\/wp\/v2\/media?parent=42990"}],"wp:term":[{"taxonomy":"category","embeddable":true,"href":"https:\/\/ondauno.com.ar\/index.php\/wp-json\/wp\/v2\/categories?post=42990"},{"taxonomy":"post_tag","embeddable":true,"href":"https:\/\/ondauno.com.ar\/index.php\/wp-json\/wp\/v2\/tags?post=42990"}],"curies":[{"name":"wp","href":"https:\/\/api.w.org\/{rel}","templated":true}]}}