{"id":4283,"date":"2020-01-07T12:25:42","date_gmt":"2020-01-07T15:25:42","guid":{"rendered":"http:\/\/ondauno.com.ar\/?p=4283"},"modified":"2020-01-07T12:25:49","modified_gmt":"2020-01-07T15:25:49","slug":"reunion-de-la-comision-provincial-de-guardavidas-en-la-plata","status":"publish","type":"post","link":"https:\/\/ondauno.com.ar\/index.php\/2020\/01\/07\/reunion-de-la-comision-provincial-de-guardavidas-en-la-plata\/","title":{"rendered":"Reuni\u00f3n de la Comisi\u00f3n Provincial de Guardavidas en La Plata"},"content":{"rendered":"<div class=\"ondau-before-content_3\" style=\"margin-top: -30px;\" id=\"ondau-3411785361\"><a href=\"https:\/\/www.lps.com.ar\/\" aria-label=\"la-perse2\"><img loading=\"lazy\" decoding=\"async\" src=\"https:\/\/ondauno.com.ar\/wp-content\/uploads\/2021\/10\/la-perse2.jpg\" alt=\"\"  srcset=\"https:\/\/ondauno.com.ar\/wp-content\/uploads\/2021\/10\/la-perse2.jpg 1353w, https:\/\/ondauno.com.ar\/wp-content\/uploads\/2021\/10\/la-perse2-300x43.jpg 300w, https:\/\/ondauno.com.ar\/wp-content\/uploads\/2021\/10\/la-perse2-1024x148.jpg 1024w, https:\/\/ondauno.com.ar\/wp-content\/uploads\/2021\/10\/la-perse2-768x111.jpg 768w, https:\/\/ondauno.com.ar\/wp-content\/uploads\/2021\/10\/la-perse2-696x100.jpg 696w, https:\/\/ondauno.com.ar\/wp-content\/uploads\/2021\/10\/la-perse2-1068x154.jpg 1068w\" sizes=\"(max-width: 1353px) 100vw, 1353px\" class=\"no-lazyload\" width=\"1353\" height=\"195\"  style=\"display: inline-block;\" \/><\/a><\/div>\n<p>V\u00edctor Belmartino, integrante de la Asociaci\u00f3n de Guardavidas de Tres Arroyos- AGTA- participa en el Ministerio de Trabajo de la Provincia de Buenos Aires de la reuni\u00f3n convocada por el presidente de la Comisi\u00f3n provincial de Guardavidas.<\/p>\n\n\n\n<figure class=\"wp-block-image\"><img decoding=\"async\" data-src=\"http:\/\/ondauno.com.ar\/wp-content\/uploads\/2020\/01\/WhatsApp-Image-2020-01-07-at-11.28.17-1024x768.jpeg\" alt=\"\" class=\"wp-image-4284 lazyload\" src=\"data:image\/gif;base64,R0lGODlhAQABAAAAACH5BAEKAAEALAAAAAABAAEAAAICTAEAOw==\" style=\"--smush-placeholder-width: 1024px; --smush-placeholder-aspect-ratio: 1024\/768;\" \/><noscript><img decoding=\"async\" src=\"http:\/\/ondauno.com.ar\/wp-content\/uploads\/2020\/01\/WhatsApp-Image-2020-01-07-at-11.28.17-1024x768.jpeg\" alt=\"\" class=\"wp-image-4284\"\/><\/noscript><\/figure>\n\n\n\n<p>El encuentro contar\u00e1 con la presencia de de lo ocho gremios de la provincia bonaerense, de los que forma parte AGTA.<\/p>\n\n\n\n<figure class=\"wp-block-image\"><img decoding=\"async\" data-src=\"http:\/\/ondauno.com.ar\/wp-content\/uploads\/2020\/01\/WhatsApp-Image-2020-01-07-at-11.28.20-1024x768.jpeg\" alt=\"\" class=\"wp-image-4285 lazyload\" src=\"data:image\/gif;base64,R0lGODlhAQABAAAAACH5BAEKAAEALAAAAAABAAEAAAICTAEAOw==\" style=\"--smush-placeholder-width: 1024px; --smush-placeholder-aspect-ratio: 1024\/768;\" \/><noscript><img decoding=\"async\" src=\"http:\/\/ondauno.com.ar\/wp-content\/uploads\/2020\/01\/WhatsApp-Image-2020-01-07-at-11.28.20-1024x768.jpeg\" alt=\"\" class=\"wp-image-4285\"\/><\/noscript><\/figure>\n\n\n\n<p>Se discuten temas como: El estado de gesti\u00f3n y de situaci\u00f3n de la seguridad acu\u00e1tica en las costas bonaerenses adem\u00e1s de los protocolos de habilitaci\u00f3n e inspecci\u00f3n.<\/p>\n\n\n\n<figure class=\"wp-block-image\"><img decoding=\"async\" data-src=\"http:\/\/ondauno.com.ar\/wp-content\/uploads\/2020\/01\/WhatsApp-Image-2020-01-06-at-18.19.41.jpeg\" alt=\"\" class=\"wp-image-4287 lazyload\" src=\"data:image\/gif;base64,R0lGODlhAQABAAAAACH5BAEKAAEALAAAAAABAAEAAAICTAEAOw==\" \/><noscript><img decoding=\"async\" src=\"http:\/\/ondauno.com.ar\/wp-content\/uploads\/2020\/01\/WhatsApp-Image-2020-01-06-at-18.19.41.jpeg\" alt=\"\" class=\"wp-image-4287\"\/><\/noscript><\/figure>\n\n\n\n<p><\/p>\n","protected":false},"excerpt":{"rendered":"<p>V\u00edctor Belmartino, integrante de la Asociaci\u00f3n de Guardavidas de Tres Arroyos- AGTA- participa en el Ministerio de Trabajo de la Provincia de Buenos Aires de la reuni\u00f3n convocada por el presidente de la Comisi\u00f3n provincial de Guardavidas. El encuentro contar\u00e1 con la presencia de de lo ocho gremios de la provincia bonaerense, de los que [&hellip;]<\/p>\n","protected":false},"author":2,"featured_media":0,"comment_status":"open","ping_status":"open","sticky":false,"template":"","format":"standard","meta":{"tdm_status":"","tdm_grid_status":"","_jetpack_memberships_contains_paid_content":false,"footnotes":"","jetpack_publicize_message":"","jetpack_publicize_feature_enabled":true,"jetpack_social_post_already_shared":false,"jetpack_social_options":{"image_generator_settings":{"template":"highway","default_image_id":0,"font":"","enabled":false},"version":2}},"categories":[30],"tags":[],"class_list":{"0":"post-4283","1":"post","2":"type-post","3":"status-publish","4":"format-standard","6":"category-provinciales"},"yoast_head":"<!-- This site is optimized with the Yoast SEO plugin v22.7 - https:\/\/yoast.com\/wordpress\/plugins\/seo\/ -->\n<title>Reuni\u00f3n de la Comisi\u00f3n Provincial de Guardavidas en La Plata - 103.9 fm<\/title>\n<meta name=\"robots\" content=\"index, follow, max-snippet:-1, max-image-preview:large, max-video-preview:-1\" \/>\n<link rel=\"canonical\" href=\"https:\/\/ondauno.com.ar\/index.php\/2020\/01\/07\/reunion-de-la-comision-provincial-de-guardavidas-en-la-plata\/\" \/>\n<meta property=\"og:locale\" content=\"es_ES\" \/>\n<meta property=\"og:type\" content=\"article\" \/>\n<meta property=\"og:title\" content=\"Reuni\u00f3n de la Comisi\u00f3n Provincial de Guardavidas en La Plata - 103.9 fm\" \/>\n<meta property=\"og:description\" content=\"V\u00edctor Belmartino, integrante de la Asociaci\u00f3n de Guardavidas de Tres Arroyos- AGTA- participa en el Ministerio de Trabajo de la Provincia de Buenos Aires de la reuni\u00f3n convocada por el presidente de la Comisi\u00f3n provincial de Guardavidas. El encuentro contar\u00e1 con la presencia de de lo ocho gremios de la provincia bonaerense, de los que [&hellip;]\" \/>\n<meta property=\"og:url\" content=\"https:\/\/ondauno.com.ar\/index.php\/2020\/01\/07\/reunion-de-la-comision-provincial-de-guardavidas-en-la-plata\/\" \/>\n<meta property=\"og:site_name\" content=\"103.9 fm\" \/>\n<meta property=\"article:publisher\" content=\"https:\/\/www.facebook.com\/ondauno103.9\" \/>\n<meta property=\"article:published_time\" content=\"2020-01-07T15:25:42+00:00\" \/>\n<meta property=\"article:modified_time\" content=\"2020-01-07T15:25:49+00:00\" \/>\n<meta property=\"og:image\" content=\"https:\/\/ondauno.com.ar\/wp-content\/uploads\/2020\/01\/WhatsApp-Image-2020-01-07-at-11.28.18.jpeg\" \/>\n\t<meta property=\"og:image:width\" content=\"1040\" \/>\n\t<meta property=\"og:image:height\" content=\"780\" \/>\n\t<meta property=\"og:image:type\" content=\"image\/jpeg\" \/>\n<meta name=\"author\" content=\"fernando garcia\" \/>\n<meta name=\"twitter:card\" content=\"summary_large_image\" \/>\n<meta name=\"twitter:label1\" content=\"Escrito por\" \/>\n\t<meta name=\"twitter:data1\" content=\"fernando garcia\" \/>\n<script type=\"application\/ld+json\" class=\"yoast-schema-graph\">{\"@context\":\"https:\/\/schema.org\",\"@graph\":[{\"@type\":\"WebPage\",\"@id\":\"https:\/\/ondauno.com.ar\/index.php\/2020\/01\/07\/reunion-de-la-comision-provincial-de-guardavidas-en-la-plata\/\",\"url\":\"https:\/\/ondauno.com.ar\/index.php\/2020\/01\/07\/reunion-de-la-comision-provincial-de-guardavidas-en-la-plata\/\",\"name\":\"Reuni\u00f3n de la Comisi\u00f3n Provincial de Guardavidas en La Plata - 103.9 fm\",\"isPartOf\":{\"@id\":\"https:\/\/ondauno.com.ar\/#website\"},\"primaryImageOfPage\":{\"@id\":\"https:\/\/ondauno.com.ar\/index.php\/2020\/01\/07\/reunion-de-la-comision-provincial-de-guardavidas-en-la-plata\/#primaryimage\"},\"image\":{\"@id\":\"https:\/\/ondauno.com.ar\/index.php\/2020\/01\/07\/reunion-de-la-comision-provincial-de-guardavidas-en-la-plata\/#primaryimage\"},\"thumbnailUrl\":\"http:\/\/ondauno.com.ar\/wp-content\/uploads\/2020\/01\/WhatsApp-Image-2020-01-07-at-11.28.17-1024x768.jpeg\",\"datePublished\":\"2020-01-07T15:25:42+00:00\",\"dateModified\":\"2020-01-07T15:25:49+00:00\",\"author\":{\"@id\":\"https:\/\/ondauno.com.ar\/#\/schema\/person\/201d1b68e6c75e0fd396fe5f8af5d139\"},\"breadcrumb\":{\"@id\":\"https:\/\/ondauno.com.ar\/index.php\/2020\/01\/07\/reunion-de-la-comision-provincial-de-guardavidas-en-la-plata\/#breadcrumb\"},\"inLanguage\":\"es-AR\",\"potentialAction\":[{\"@type\":\"ReadAction\",\"target\":[\"https:\/\/ondauno.com.ar\/index.php\/2020\/01\/07\/reunion-de-la-comision-provincial-de-guardavidas-en-la-plata\/\"]}]},{\"@type\":\"ImageObject\",\"inLanguage\":\"es-AR\",\"@id\":\"https:\/\/ondauno.com.ar\/index.php\/2020\/01\/07\/reunion-de-la-comision-provincial-de-guardavidas-en-la-plata\/#primaryimage\",\"url\":\"\",\"contentUrl\":\"\"},{\"@type\":\"BreadcrumbList\",\"@id\":\"https:\/\/ondauno.com.ar\/index.php\/2020\/01\/07\/reunion-de-la-comision-provincial-de-guardavidas-en-la-plata\/#breadcrumb\",\"itemListElement\":[{\"@type\":\"ListItem\",\"position\":1,\"name\":\"Inicio\",\"item\":\"https:\/\/ondauno.com.ar\/\"},{\"@type\":\"ListItem\",\"position\":2,\"name\":\"Reuni\u00f3n de la Comisi\u00f3n Provincial de Guardavidas en La Plata\"}]},{\"@type\":\"WebSite\",\"@id\":\"https:\/\/ondauno.com.ar\/#website\",\"url\":\"https:\/\/ondauno.com.ar\/\",\"name\":\"103.9 fm\",\"description\":\"LA PRIMERA RADIO MULTIMEDIA DE TRES ARROYOS\",\"potentialAction\":[{\"@type\":\"SearchAction\",\"target\":{\"@type\":\"EntryPoint\",\"urlTemplate\":\"https:\/\/ondauno.com.ar\/?s={search_term_string}\"},\"query-input\":\"required name=search_term_string\"}],\"inLanguage\":\"es-AR\"},{\"@type\":\"Person\",\"@id\":\"https:\/\/ondauno.com.ar\/#\/schema\/person\/201d1b68e6c75e0fd396fe5f8af5d139\",\"name\":\"fernando garcia\",\"image\":{\"@type\":\"ImageObject\",\"inLanguage\":\"es-AR\",\"@id\":\"https:\/\/ondauno.com.ar\/#\/schema\/person\/image\/\",\"url\":\"https:\/\/secure.gravatar.com\/avatar\/5f7254642ad81272e79a2e69653cfdfc?s=96&d=mm&r=g\",\"contentUrl\":\"https:\/\/secure.gravatar.com\/avatar\/5f7254642ad81272e79a2e69653cfdfc?s=96&d=mm&r=g\",\"caption\":\"fernando garcia\"},\"url\":\"https:\/\/ondauno.com.ar\/index.php\/author\/ondaunoeditor\/\"}]}<\/script>\n<!-- \/ Yoast SEO plugin. -->","yoast_head_json":{"title":"Reuni\u00f3n de la Comisi\u00f3n Provincial de Guardavidas en La Plata - 103.9 fm","robots":{"index":"index","follow":"follow","max-snippet":"max-snippet:-1","max-image-preview":"max-image-preview:large","max-video-preview":"max-video-preview:-1"},"canonical":"https:\/\/ondauno.com.ar\/index.php\/2020\/01\/07\/reunion-de-la-comision-provincial-de-guardavidas-en-la-plata\/","og_locale":"es_ES","og_type":"article","og_title":"Reuni\u00f3n de la Comisi\u00f3n Provincial de Guardavidas en La Plata - 103.9 fm","og_description":"V\u00edctor Belmartino, integrante de la Asociaci\u00f3n de Guardavidas de Tres Arroyos- AGTA- participa en el Ministerio de Trabajo de la Provincia de Buenos Aires de la reuni\u00f3n convocada por el presidente de la Comisi\u00f3n provincial de Guardavidas. El encuentro contar\u00e1 con la presencia de de lo ocho gremios de la provincia bonaerense, de los que [&hellip;]","og_url":"https:\/\/ondauno.com.ar\/index.php\/2020\/01\/07\/reunion-de-la-comision-provincial-de-guardavidas-en-la-plata\/","og_site_name":"103.9 fm","article_publisher":"https:\/\/www.facebook.com\/ondauno103.9","article_published_time":"2020-01-07T15:25:42+00:00","article_modified_time":"2020-01-07T15:25:49+00:00","og_image":[{"width":1040,"height":780,"url":"https:\/\/ondauno.com.ar\/wp-content\/uploads\/2020\/01\/WhatsApp-Image-2020-01-07-at-11.28.18.jpeg","type":"image\/jpeg"}],"author":"fernando garcia","twitter_card":"summary_large_image","twitter_misc":{"Escrito por":"fernando garcia"},"schema":{"@context":"https:\/\/schema.org","@graph":[{"@type":"WebPage","@id":"https:\/\/ondauno.com.ar\/index.php\/2020\/01\/07\/reunion-de-la-comision-provincial-de-guardavidas-en-la-plata\/","url":"https:\/\/ondauno.com.ar\/index.php\/2020\/01\/07\/reunion-de-la-comision-provincial-de-guardavidas-en-la-plata\/","name":"Reuni\u00f3n de la Comisi\u00f3n Provincial de Guardavidas en La Plata - 103.9 fm","isPartOf":{"@id":"https:\/\/ondauno.com.ar\/#website"},"primaryImageOfPage":{"@id":"https:\/\/ondauno.com.ar\/index.php\/2020\/01\/07\/reunion-de-la-comision-provincial-de-guardavidas-en-la-plata\/#primaryimage"},"image":{"@id":"https:\/\/ondauno.com.ar\/index.php\/2020\/01\/07\/reunion-de-la-comision-provincial-de-guardavidas-en-la-plata\/#primaryimage"},"thumbnailUrl":"http:\/\/ondauno.com.ar\/wp-content\/uploads\/2020\/01\/WhatsApp-Image-2020-01-07-at-11.28.17-1024x768.jpeg","datePublished":"2020-01-07T15:25:42+00:00","dateModified":"2020-01-07T15:25:49+00:00","author":{"@id":"https:\/\/ondauno.com.ar\/#\/schema\/person\/201d1b68e6c75e0fd396fe5f8af5d139"},"breadcrumb":{"@id":"https:\/\/ondauno.com.ar\/index.php\/2020\/01\/07\/reunion-de-la-comision-provincial-de-guardavidas-en-la-plata\/#breadcrumb"},"inLanguage":"es-AR","potentialAction":[{"@type":"ReadAction","target":["https:\/\/ondauno.com.ar\/index.php\/2020\/01\/07\/reunion-de-la-comision-provincial-de-guardavidas-en-la-plata\/"]}]},{"@type":"ImageObject","inLanguage":"es-AR","@id":"https:\/\/ondauno.com.ar\/index.php\/2020\/01\/07\/reunion-de-la-comision-provincial-de-guardavidas-en-la-plata\/#primaryimage","url":"","contentUrl":""},{"@type":"BreadcrumbList","@id":"https:\/\/ondauno.com.ar\/index.php\/2020\/01\/07\/reunion-de-la-comision-provincial-de-guardavidas-en-la-plata\/#breadcrumb","itemListElement":[{"@type":"ListItem","position":1,"name":"Inicio","item":"https:\/\/ondauno.com.ar\/"},{"@type":"ListItem","position":2,"name":"Reuni\u00f3n de la Comisi\u00f3n Provincial de Guardavidas en La Plata"}]},{"@type":"WebSite","@id":"https:\/\/ondauno.com.ar\/#website","url":"https:\/\/ondauno.com.ar\/","name":"103.9 fm","description":"LA PRIMERA RADIO MULTIMEDIA DE TRES ARROYOS","potentialAction":[{"@type":"SearchAction","target":{"@type":"EntryPoint","urlTemplate":"https:\/\/ondauno.com.ar\/?s={search_term_string}"},"query-input":"required name=search_term_string"}],"inLanguage":"es-AR"},{"@type":"Person","@id":"https:\/\/ondauno.com.ar\/#\/schema\/person\/201d1b68e6c75e0fd396fe5f8af5d139","name":"fernando garcia","image":{"@type":"ImageObject","inLanguage":"es-AR","@id":"https:\/\/ondauno.com.ar\/#\/schema\/person\/image\/","url":"https:\/\/secure.gravatar.com\/avatar\/5f7254642ad81272e79a2e69653cfdfc?s=96&d=mm&r=g","contentUrl":"https:\/\/secure.gravatar.com\/avatar\/5f7254642ad81272e79a2e69653cfdfc?s=96&d=mm&r=g","caption":"fernando garcia"},"url":"https:\/\/ondauno.com.ar\/index.php\/author\/ondaunoeditor\/"}]}},"jetpack_publicize_connections":[],"jetpack_featured_media_url":"","jetpack_sharing_enabled":true,"_links":{"self":[{"href":"https:\/\/ondauno.com.ar\/index.php\/wp-json\/wp\/v2\/posts\/4283","targetHints":{"allow":["GET"]}}],"collection":[{"href":"https:\/\/ondauno.com.ar\/index.php\/wp-json\/wp\/v2\/posts"}],"about":[{"href":"https:\/\/ondauno.com.ar\/index.php\/wp-json\/wp\/v2\/types\/post"}],"author":[{"embeddable":true,"href":"https:\/\/ondauno.com.ar\/index.php\/wp-json\/wp\/v2\/users\/2"}],"replies":[{"embeddable":true,"href":"https:\/\/ondauno.com.ar\/index.php\/wp-json\/wp\/v2\/comments?post=4283"}],"version-history":[{"count":0,"href":"https:\/\/ondauno.com.ar\/index.php\/wp-json\/wp\/v2\/posts\/4283\/revisions"}],"wp:attachment":[{"href":"https:\/\/ondauno.com.ar\/index.php\/wp-json\/wp\/v2\/media?parent=4283"}],"wp:term":[{"taxonomy":"category","embeddable":true,"href":"https:\/\/ondauno.com.ar\/index.php\/wp-json\/wp\/v2\/categories?post=4283"},{"taxonomy":"post_tag","embeddable":true,"href":"https:\/\/ondauno.com.ar\/index.php\/wp-json\/wp\/v2\/tags?post=4283"}],"curies":[{"name":"wp","href":"https:\/\/api.w.org\/{rel}","templated":true}]}}