{"id":42602,"date":"2023-07-23T13:52:31","date_gmt":"2023-07-23T16:52:31","guid":{"rendered":"http:\/\/ondauno.com.ar\/?p=42602"},"modified":"2023-07-23T19:58:11","modified_gmt":"2023-07-23T22:58:11","slug":"vandalismo-en-el-parque-cabanas-autores-desconocidos-destruyen-banos-publicos-durante-el-fin-de-semana","status":"publish","type":"post","link":"https:\/\/ondauno.com.ar\/index.php\/2023\/07\/23\/vandalismo-en-el-parque-cabanas-autores-desconocidos-destruyen-banos-publicos-durante-el-fin-de-semana\/","title":{"rendered":"Vandalismo en el Parque Caba\u00f1as: autores desconocidos destruyen ba\u00f1os p\u00fablicos durante el fin de semana"},"content":{"rendered":"<div class=\"ondau-before-content_3\" style=\"margin-top: -30px;\" id=\"ondau-598228034\"><a href=\"https:\/\/www.lps.com.ar\/\" aria-label=\"la-perse2\"><img loading=\"lazy\" decoding=\"async\" src=\"https:\/\/ondauno.com.ar\/wp-content\/uploads\/2021\/10\/la-perse2.jpg\" alt=\"\"  srcset=\"https:\/\/ondauno.com.ar\/wp-content\/uploads\/2021\/10\/la-perse2.jpg 1353w, https:\/\/ondauno.com.ar\/wp-content\/uploads\/2021\/10\/la-perse2-300x43.jpg 300w, https:\/\/ondauno.com.ar\/wp-content\/uploads\/2021\/10\/la-perse2-1024x148.jpg 1024w, https:\/\/ondauno.com.ar\/wp-content\/uploads\/2021\/10\/la-perse2-768x111.jpg 768w, https:\/\/ondauno.com.ar\/wp-content\/uploads\/2021\/10\/la-perse2-696x100.jpg 696w, https:\/\/ondauno.com.ar\/wp-content\/uploads\/2021\/10\/la-perse2-1068x154.jpg 1068w\" sizes=\"(max-width: 1353px) 100vw, 1353px\" class=\"no-lazyload\" width=\"1353\" height=\"195\"  style=\"display: inline-block;\" \/><\/a><\/div>\n<p>Durante el fin de semana, actos de vandalismo sacudieron la tranquilidad del Parque Caba\u00f1as cuando autores desconocidos provocaron da\u00f1os en los ba\u00f1os p\u00fablicos. El subsecretario de Servicios P\u00fablicos, Sergio In\u00e9s, confirm\u00f3 el lamentable hecho y comunic\u00f3 que desde su \u00e1rea se realiz\u00f3 la denuncia policial con el objetivo de identificar y capturar a los responsables.<\/p>\n\n\n\n<div class=\"wp-block-jetpack-tiled-gallery aligncenter is-style-rectangular\"><div class=\"tiled-gallery__gallery\"><div class=\"tiled-gallery__row\"><div class=\"tiled-gallery__col\"><figure class=\"tiled-gallery__item\"><a href=\"https:\/\/i1.wp.com\/ondauno.com.ar\/wp-content\/uploads\/2023\/07\/WhatsApp-Image-2023-07-23-at-10.57.47-1.jpeg?ssl=1\" rel=\"lightbox[42602]\"><img decoding=\"async\" data-srcset=\"https:\/\/i1.wp.com\/ondauno.com.ar\/wp-content\/uploads\/2023\/07\/WhatsApp-Image-2023-07-23-at-10.57.47-1.jpeg?strip=info&#038;w=600&#038;ssl=1 600w,https:\/\/i1.wp.com\/ondauno.com.ar\/wp-content\/uploads\/2023\/07\/WhatsApp-Image-2023-07-23-at-10.57.47-1.jpeg?strip=info&#038;w=900&#038;ssl=1 900w\" alt=\"\" data-height=\"1600\" data-id=\"42607\" data-link=\"https:\/\/ondauno.com.ar\/?attachment_id=42607\" data-url=\"https:\/\/ondauno.com.ar\/wp-content\/uploads\/2023\/07\/WhatsApp-Image-2023-07-23-at-10.57.47-1.jpeg\" data-width=\"900\" data-src=\"https:\/\/i1.wp.com\/ondauno.com.ar\/wp-content\/uploads\/2023\/07\/WhatsApp-Image-2023-07-23-at-10.57.47-1.jpeg?ssl=1\" src=\"data:image\/gif;base64,R0lGODlhAQABAAAAACH5BAEKAAEALAAAAAABAAEAAAICTAEAOw==\" class=\"lazyload\" \/><noscript><img decoding=\"async\" srcset=\"https:\/\/i1.wp.com\/ondauno.com.ar\/wp-content\/uploads\/2023\/07\/WhatsApp-Image-2023-07-23-at-10.57.47-1.jpeg?strip=info&#038;w=600&#038;ssl=1 600w,https:\/\/i1.wp.com\/ondauno.com.ar\/wp-content\/uploads\/2023\/07\/WhatsApp-Image-2023-07-23-at-10.57.47-1.jpeg?strip=info&#038;w=900&#038;ssl=1 900w\" alt=\"\" data-height=\"1600\" data-id=\"42607\" data-link=\"https:\/\/ondauno.com.ar\/?attachment_id=42607\" data-url=\"https:\/\/ondauno.com.ar\/wp-content\/uploads\/2023\/07\/WhatsApp-Image-2023-07-23-at-10.57.47-1.jpeg\" data-width=\"900\" src=\"https:\/\/i1.wp.com\/ondauno.com.ar\/wp-content\/uploads\/2023\/07\/WhatsApp-Image-2023-07-23-at-10.57.47-1.jpeg?ssl=1\"\/><\/noscript><\/a><\/figure><\/div><div class=\"tiled-gallery__col\"><figure class=\"tiled-gallery__item\"><a href=\"https:\/\/i0.wp.com\/ondauno.com.ar\/wp-content\/uploads\/2023\/07\/WhatsApp-Image-2023-07-23-at-10.57.48-1.jpeg?ssl=1\" rel=\"lightbox[42602]\"><img decoding=\"async\" data-srcset=\"https:\/\/i0.wp.com\/ondauno.com.ar\/wp-content\/uploads\/2023\/07\/WhatsApp-Image-2023-07-23-at-10.57.48-1.jpeg?strip=info&#038;w=600&#038;ssl=1 600w,https:\/\/i0.wp.com\/ondauno.com.ar\/wp-content\/uploads\/2023\/07\/WhatsApp-Image-2023-07-23-at-10.57.48-1.jpeg?strip=info&#038;w=900&#038;ssl=1 900w\" alt=\"\" data-height=\"1600\" data-id=\"42605\" data-link=\"https:\/\/ondauno.com.ar\/?attachment_id=42605\" data-url=\"https:\/\/ondauno.com.ar\/wp-content\/uploads\/2023\/07\/WhatsApp-Image-2023-07-23-at-10.57.48-1.jpeg\" data-width=\"900\" data-src=\"https:\/\/i0.wp.com\/ondauno.com.ar\/wp-content\/uploads\/2023\/07\/WhatsApp-Image-2023-07-23-at-10.57.48-1.jpeg?ssl=1\" src=\"data:image\/gif;base64,R0lGODlhAQABAAAAACH5BAEKAAEALAAAAAABAAEAAAICTAEAOw==\" class=\"lazyload\" \/><noscript><img decoding=\"async\" srcset=\"https:\/\/i0.wp.com\/ondauno.com.ar\/wp-content\/uploads\/2023\/07\/WhatsApp-Image-2023-07-23-at-10.57.48-1.jpeg?strip=info&#038;w=600&#038;ssl=1 600w,https:\/\/i0.wp.com\/ondauno.com.ar\/wp-content\/uploads\/2023\/07\/WhatsApp-Image-2023-07-23-at-10.57.48-1.jpeg?strip=info&#038;w=900&#038;ssl=1 900w\" alt=\"\" data-height=\"1600\" data-id=\"42605\" data-link=\"https:\/\/ondauno.com.ar\/?attachment_id=42605\" data-url=\"https:\/\/ondauno.com.ar\/wp-content\/uploads\/2023\/07\/WhatsApp-Image-2023-07-23-at-10.57.48-1.jpeg\" data-width=\"900\" src=\"https:\/\/i0.wp.com\/ondauno.com.ar\/wp-content\/uploads\/2023\/07\/WhatsApp-Image-2023-07-23-at-10.57.48-1.jpeg?ssl=1\"\/><\/noscript><\/a><\/figure><\/div><div class=\"tiled-gallery__col\"><figure class=\"tiled-gallery__item\"><a href=\"https:\/\/i0.wp.com\/ondauno.com.ar\/wp-content\/uploads\/2023\/07\/WhatsApp-Image-2023-07-23-at-10.57.48.jpeg?ssl=1\" rel=\"lightbox[42602]\"><img decoding=\"async\" data-srcset=\"https:\/\/i0.wp.com\/ondauno.com.ar\/wp-content\/uploads\/2023\/07\/WhatsApp-Image-2023-07-23-at-10.57.48.jpeg?strip=info&#038;w=600&#038;ssl=1 600w,https:\/\/i0.wp.com\/ondauno.com.ar\/wp-content\/uploads\/2023\/07\/WhatsApp-Image-2023-07-23-at-10.57.48.jpeg?strip=info&#038;w=900&#038;ssl=1 900w\" alt=\"\" data-height=\"1600\" data-id=\"42606\" data-link=\"https:\/\/ondauno.com.ar\/?attachment_id=42606\" data-url=\"https:\/\/ondauno.com.ar\/wp-content\/uploads\/2023\/07\/WhatsApp-Image-2023-07-23-at-10.57.48.jpeg\" data-width=\"900\" data-src=\"https:\/\/i0.wp.com\/ondauno.com.ar\/wp-content\/uploads\/2023\/07\/WhatsApp-Image-2023-07-23-at-10.57.48.jpeg?ssl=1\" src=\"data:image\/gif;base64,R0lGODlhAQABAAAAACH5BAEKAAEALAAAAAABAAEAAAICTAEAOw==\" class=\"lazyload\" \/><noscript><img decoding=\"async\" srcset=\"https:\/\/i0.wp.com\/ondauno.com.ar\/wp-content\/uploads\/2023\/07\/WhatsApp-Image-2023-07-23-at-10.57.48.jpeg?strip=info&#038;w=600&#038;ssl=1 600w,https:\/\/i0.wp.com\/ondauno.com.ar\/wp-content\/uploads\/2023\/07\/WhatsApp-Image-2023-07-23-at-10.57.48.jpeg?strip=info&#038;w=900&#038;ssl=1 900w\" alt=\"\" data-height=\"1600\" data-id=\"42606\" data-link=\"https:\/\/ondauno.com.ar\/?attachment_id=42606\" data-url=\"https:\/\/ondauno.com.ar\/wp-content\/uploads\/2023\/07\/WhatsApp-Image-2023-07-23-at-10.57.48.jpeg\" data-width=\"900\" src=\"https:\/\/i0.wp.com\/ondauno.com.ar\/wp-content\/uploads\/2023\/07\/WhatsApp-Image-2023-07-23-at-10.57.48.jpeg?ssl=1\"\/><\/noscript><\/a><\/figure><\/div><\/div><div class=\"tiled-gallery__row\"><div class=\"tiled-gallery__col\"><figure class=\"tiled-gallery__item\"><a href=\"https:\/\/i1.wp.com\/ondauno.com.ar\/wp-content\/uploads\/2023\/07\/WhatsApp-Image-2023-07-23-at-10.57.47.jpeg?ssl=1\" rel=\"lightbox[42602]\"><img decoding=\"async\" data-srcset=\"https:\/\/i1.wp.com\/ondauno.com.ar\/wp-content\/uploads\/2023\/07\/WhatsApp-Image-2023-07-23-at-10.57.47.jpeg?strip=info&#038;w=600&#038;ssl=1 600w,https:\/\/i1.wp.com\/ondauno.com.ar\/wp-content\/uploads\/2023\/07\/WhatsApp-Image-2023-07-23-at-10.57.47.jpeg?strip=info&#038;w=900&#038;ssl=1 900w\" alt=\"\" data-height=\"1600\" data-id=\"42604\" data-link=\"https:\/\/ondauno.com.ar\/?attachment_id=42604\" data-url=\"https:\/\/ondauno.com.ar\/wp-content\/uploads\/2023\/07\/WhatsApp-Image-2023-07-23-at-10.57.47.jpeg\" data-width=\"900\" data-src=\"https:\/\/i1.wp.com\/ondauno.com.ar\/wp-content\/uploads\/2023\/07\/WhatsApp-Image-2023-07-23-at-10.57.47.jpeg?ssl=1\" src=\"data:image\/gif;base64,R0lGODlhAQABAAAAACH5BAEKAAEALAAAAAABAAEAAAICTAEAOw==\" class=\"lazyload\" \/><noscript><img decoding=\"async\" srcset=\"https:\/\/i1.wp.com\/ondauno.com.ar\/wp-content\/uploads\/2023\/07\/WhatsApp-Image-2023-07-23-at-10.57.47.jpeg?strip=info&#038;w=600&#038;ssl=1 600w,https:\/\/i1.wp.com\/ondauno.com.ar\/wp-content\/uploads\/2023\/07\/WhatsApp-Image-2023-07-23-at-10.57.47.jpeg?strip=info&#038;w=900&#038;ssl=1 900w\" alt=\"\" data-height=\"1600\" data-id=\"42604\" data-link=\"https:\/\/ondauno.com.ar\/?attachment_id=42604\" data-url=\"https:\/\/ondauno.com.ar\/wp-content\/uploads\/2023\/07\/WhatsApp-Image-2023-07-23-at-10.57.47.jpeg\" data-width=\"900\" src=\"https:\/\/i1.wp.com\/ondauno.com.ar\/wp-content\/uploads\/2023\/07\/WhatsApp-Image-2023-07-23-at-10.57.47.jpeg?ssl=1\"\/><\/noscript><\/a><\/figure><\/div><div class=\"tiled-gallery__col\"><figure class=\"tiled-gallery__item\"><a href=\"https:\/\/i1.wp.com\/ondauno.com.ar\/wp-content\/uploads\/2023\/07\/WhatsApp-Image-2023-07-23-at-10.57.47-2.jpeg?ssl=1\" rel=\"lightbox[42602]\"><img decoding=\"async\" data-srcset=\"https:\/\/i1.wp.com\/ondauno.com.ar\/wp-content\/uploads\/2023\/07\/WhatsApp-Image-2023-07-23-at-10.57.47-2.jpeg?strip=info&#038;w=600&#038;ssl=1 600w,https:\/\/i1.wp.com\/ondauno.com.ar\/wp-content\/uploads\/2023\/07\/WhatsApp-Image-2023-07-23-at-10.57.47-2.jpeg?strip=info&#038;w=900&#038;ssl=1 900w\" alt=\"\" data-height=\"1600\" data-id=\"42603\" data-link=\"https:\/\/ondauno.com.ar\/?attachment_id=42603\" data-url=\"https:\/\/ondauno.com.ar\/wp-content\/uploads\/2023\/07\/WhatsApp-Image-2023-07-23-at-10.57.47-2.jpeg\" data-width=\"900\" data-src=\"https:\/\/i1.wp.com\/ondauno.com.ar\/wp-content\/uploads\/2023\/07\/WhatsApp-Image-2023-07-23-at-10.57.47-2.jpeg?ssl=1\" src=\"data:image\/gif;base64,R0lGODlhAQABAAAAACH5BAEKAAEALAAAAAABAAEAAAICTAEAOw==\" class=\"lazyload\" \/><noscript><img decoding=\"async\" srcset=\"https:\/\/i1.wp.com\/ondauno.com.ar\/wp-content\/uploads\/2023\/07\/WhatsApp-Image-2023-07-23-at-10.57.47-2.jpeg?strip=info&#038;w=600&#038;ssl=1 600w,https:\/\/i1.wp.com\/ondauno.com.ar\/wp-content\/uploads\/2023\/07\/WhatsApp-Image-2023-07-23-at-10.57.47-2.jpeg?strip=info&#038;w=900&#038;ssl=1 900w\" alt=\"\" data-height=\"1600\" data-id=\"42603\" data-link=\"https:\/\/ondauno.com.ar\/?attachment_id=42603\" data-url=\"https:\/\/ondauno.com.ar\/wp-content\/uploads\/2023\/07\/WhatsApp-Image-2023-07-23-at-10.57.47-2.jpeg\" data-width=\"900\" src=\"https:\/\/i1.wp.com\/ondauno.com.ar\/wp-content\/uploads\/2023\/07\/WhatsApp-Image-2023-07-23-at-10.57.47-2.jpeg?ssl=1\"\/><\/noscript><\/a><\/figure><\/div><\/div><\/div><\/div>\n\n\n\n<p>Los ba\u00f1os p\u00fablicos son espacios fundamentales para la comodidad y bienestar de los visitantes del Parque Caba\u00f1as, y su destrucci\u00f3n afecta a la comunidad en general. Este tipo de acciones irresponsables y destructivas generan preocupaci\u00f3n y malestar entre los ciudadanos, adem\u00e1s de implicar costos y esfuerzos adicionales para reparar los da\u00f1os.<\/p>\n","protected":false},"excerpt":{"rendered":"<p>Durante el fin de semana, actos de vandalismo sacudieron la tranquilidad del Parque Caba\u00f1as cuando autores desconocidos provocaron da\u00f1os en los ba\u00f1os p\u00fablicos. El subsecretario de Servicios P\u00fablicos, Sergio In\u00e9s, confirm\u00f3 el lamentable hecho y comunic\u00f3 que desde su \u00e1rea se realiz\u00f3 la denuncia policial con el objetivo de identificar y capturar a los responsables. [&hellip;]<\/p>\n","protected":false},"author":1,"featured_media":42606,"comment_status":"open","ping_status":"open","sticky":false,"template":"","format":"standard","meta":{"tdm_status":"","tdm_grid_status":"","_jetpack_memberships_contains_paid_content":false,"footnotes":"","jetpack_publicize_message":"","jetpack_publicize_feature_enabled":true,"jetpack_social_post_already_shared":true,"jetpack_social_options":{"image_generator_settings":{"template":"highway","default_image_id":0,"font":"","enabled":false},"version":2}},"categories":[29],"tags":[],"class_list":{"0":"post-42602","1":"post","2":"type-post","3":"status-publish","4":"format-standard","5":"has-post-thumbnail","7":"category-policiales"},"yoast_head":"<!-- This site is optimized with the Yoast SEO plugin v22.7 - https:\/\/yoast.com\/wordpress\/plugins\/seo\/ -->\n<title>Vandalismo en el Parque Caba\u00f1as: autores desconocidos destruyen ba\u00f1os p\u00fablicos durante el fin de semana - 103.9 fm<\/title>\n<meta name=\"robots\" content=\"index, follow, max-snippet:-1, max-image-preview:large, max-video-preview:-1\" \/>\n<link rel=\"canonical\" href=\"https:\/\/ondauno.com.ar\/index.php\/2023\/07\/23\/vandalismo-en-el-parque-cabanas-autores-desconocidos-destruyen-banos-publicos-durante-el-fin-de-semana\/\" \/>\n<meta property=\"og:locale\" content=\"es_ES\" \/>\n<meta property=\"og:type\" content=\"article\" \/>\n<meta property=\"og:title\" content=\"Vandalismo en el Parque Caba\u00f1as: autores desconocidos destruyen ba\u00f1os p\u00fablicos durante el fin de semana - 103.9 fm\" \/>\n<meta property=\"og:description\" content=\"Durante el fin de semana, actos de vandalismo sacudieron la tranquilidad del Parque Caba\u00f1as cuando autores desconocidos provocaron da\u00f1os en los ba\u00f1os p\u00fablicos. El subsecretario de Servicios P\u00fablicos, Sergio In\u00e9s, confirm\u00f3 el lamentable hecho y comunic\u00f3 que desde su \u00e1rea se realiz\u00f3 la denuncia policial con el objetivo de identificar y capturar a los responsables. [&hellip;]\" \/>\n<meta property=\"og:url\" content=\"https:\/\/ondauno.com.ar\/index.php\/2023\/07\/23\/vandalismo-en-el-parque-cabanas-autores-desconocidos-destruyen-banos-publicos-durante-el-fin-de-semana\/\" \/>\n<meta property=\"og:site_name\" content=\"103.9 fm\" \/>\n<meta property=\"article:publisher\" content=\"https:\/\/www.facebook.com\/ondauno103.9\" \/>\n<meta property=\"article:published_time\" content=\"2023-07-23T16:52:31+00:00\" \/>\n<meta property=\"article:modified_time\" content=\"2023-07-23T22:58:11+00:00\" \/>\n<meta property=\"og:image\" content=\"https:\/\/ondauno.com.ar\/wp-content\/uploads\/2023\/07\/WhatsApp-Image-2023-07-23-at-10.57.48.jpeg\" \/>\n\t<meta property=\"og:image:width\" content=\"900\" \/>\n\t<meta property=\"og:image:height\" content=\"1600\" \/>\n\t<meta property=\"og:image:type\" content=\"image\/jpeg\" \/>\n<meta name=\"author\" content=\"OndaUno\" \/>\n<meta name=\"twitter:card\" content=\"summary_large_image\" \/>\n<meta name=\"twitter:label1\" content=\"Escrito por\" \/>\n\t<meta name=\"twitter:data1\" content=\"OndaUno\" \/>\n\t<meta name=\"twitter:label2\" content=\"Tiempo de lectura\" \/>\n\t<meta name=\"twitter:data2\" content=\"1 minuto\" \/>\n<script type=\"application\/ld+json\" class=\"yoast-schema-graph\">{\"@context\":\"https:\/\/schema.org\",\"@graph\":[{\"@type\":\"WebPage\",\"@id\":\"https:\/\/ondauno.com.ar\/index.php\/2023\/07\/23\/vandalismo-en-el-parque-cabanas-autores-desconocidos-destruyen-banos-publicos-durante-el-fin-de-semana\/\",\"url\":\"https:\/\/ondauno.com.ar\/index.php\/2023\/07\/23\/vandalismo-en-el-parque-cabanas-autores-desconocidos-destruyen-banos-publicos-durante-el-fin-de-semana\/\",\"name\":\"Vandalismo en el Parque Caba\u00f1as: autores desconocidos destruyen ba\u00f1os p\u00fablicos durante el fin de semana - 103.9 fm\",\"isPartOf\":{\"@id\":\"https:\/\/ondauno.com.ar\/#website\"},\"primaryImageOfPage\":{\"@id\":\"https:\/\/ondauno.com.ar\/index.php\/2023\/07\/23\/vandalismo-en-el-parque-cabanas-autores-desconocidos-destruyen-banos-publicos-durante-el-fin-de-semana\/#primaryimage\"},\"image\":{\"@id\":\"https:\/\/ondauno.com.ar\/index.php\/2023\/07\/23\/vandalismo-en-el-parque-cabanas-autores-desconocidos-destruyen-banos-publicos-durante-el-fin-de-semana\/#primaryimage\"},\"thumbnailUrl\":\"https:\/\/ondauno.com.ar\/wp-content\/uploads\/2023\/07\/WhatsApp-Image-2023-07-23-at-10.57.48.jpeg\",\"datePublished\":\"2023-07-23T16:52:31+00:00\",\"dateModified\":\"2023-07-23T22:58:11+00:00\",\"author\":{\"@id\":\"https:\/\/ondauno.com.ar\/#\/schema\/person\/7ec851ddeceb4133d7d7132dc645714e\"},\"breadcrumb\":{\"@id\":\"https:\/\/ondauno.com.ar\/index.php\/2023\/07\/23\/vandalismo-en-el-parque-cabanas-autores-desconocidos-destruyen-banos-publicos-durante-el-fin-de-semana\/#breadcrumb\"},\"inLanguage\":\"es-AR\",\"potentialAction\":[{\"@type\":\"ReadAction\",\"target\":[\"https:\/\/ondauno.com.ar\/index.php\/2023\/07\/23\/vandalismo-en-el-parque-cabanas-autores-desconocidos-destruyen-banos-publicos-durante-el-fin-de-semana\/\"]}]},{\"@type\":\"ImageObject\",\"inLanguage\":\"es-AR\",\"@id\":\"https:\/\/ondauno.com.ar\/index.php\/2023\/07\/23\/vandalismo-en-el-parque-cabanas-autores-desconocidos-destruyen-banos-publicos-durante-el-fin-de-semana\/#primaryimage\",\"url\":\"https:\/\/ondauno.com.ar\/wp-content\/uploads\/2023\/07\/WhatsApp-Image-2023-07-23-at-10.57.48.jpeg\",\"contentUrl\":\"https:\/\/ondauno.com.ar\/wp-content\/uploads\/2023\/07\/WhatsApp-Image-2023-07-23-at-10.57.48.jpeg\",\"width\":900,\"height\":1600},{\"@type\":\"BreadcrumbList\",\"@id\":\"https:\/\/ondauno.com.ar\/index.php\/2023\/07\/23\/vandalismo-en-el-parque-cabanas-autores-desconocidos-destruyen-banos-publicos-durante-el-fin-de-semana\/#breadcrumb\",\"itemListElement\":[{\"@type\":\"ListItem\",\"position\":1,\"name\":\"Inicio\",\"item\":\"https:\/\/ondauno.com.ar\/\"},{\"@type\":\"ListItem\",\"position\":2,\"name\":\"Vandalismo en el Parque Caba\u00f1as: autores desconocidos destruyen ba\u00f1os p\u00fablicos durante el fin de semana\"}]},{\"@type\":\"WebSite\",\"@id\":\"https:\/\/ondauno.com.ar\/#website\",\"url\":\"https:\/\/ondauno.com.ar\/\",\"name\":\"103.9 fm\",\"description\":\"LA PRIMERA RADIO MULTIMEDIA DE TRES ARROYOS\",\"potentialAction\":[{\"@type\":\"SearchAction\",\"target\":{\"@type\":\"EntryPoint\",\"urlTemplate\":\"https:\/\/ondauno.com.ar\/?s={search_term_string}\"},\"query-input\":\"required name=search_term_string\"}],\"inLanguage\":\"es-AR\"},{\"@type\":\"Person\",\"@id\":\"https:\/\/ondauno.com.ar\/#\/schema\/person\/7ec851ddeceb4133d7d7132dc645714e\",\"name\":\"OndaUno\",\"image\":{\"@type\":\"ImageObject\",\"inLanguage\":\"es-AR\",\"@id\":\"https:\/\/ondauno.com.ar\/#\/schema\/person\/image\/\",\"url\":\"https:\/\/secure.gravatar.com\/avatar\/93b8009f0de7021f1feb2bd5b32fb9e8?s=96&d=mm&r=g\",\"contentUrl\":\"https:\/\/secure.gravatar.com\/avatar\/93b8009f0de7021f1feb2bd5b32fb9e8?s=96&d=mm&r=g\",\"caption\":\"OndaUno\"},\"url\":\"https:\/\/ondauno.com.ar\/index.php\/author\/ondauno\/\"}]}<\/script>\n<!-- \/ Yoast SEO plugin. -->","yoast_head_json":{"title":"Vandalismo en el Parque Caba\u00f1as: autores desconocidos destruyen ba\u00f1os p\u00fablicos durante el fin de semana - 103.9 fm","robots":{"index":"index","follow":"follow","max-snippet":"max-snippet:-1","max-image-preview":"max-image-preview:large","max-video-preview":"max-video-preview:-1"},"canonical":"https:\/\/ondauno.com.ar\/index.php\/2023\/07\/23\/vandalismo-en-el-parque-cabanas-autores-desconocidos-destruyen-banos-publicos-durante-el-fin-de-semana\/","og_locale":"es_ES","og_type":"article","og_title":"Vandalismo en el Parque Caba\u00f1as: autores desconocidos destruyen ba\u00f1os p\u00fablicos durante el fin de semana - 103.9 fm","og_description":"Durante el fin de semana, actos de vandalismo sacudieron la tranquilidad del Parque Caba\u00f1as cuando autores desconocidos provocaron da\u00f1os en los ba\u00f1os p\u00fablicos. El subsecretario de Servicios P\u00fablicos, Sergio In\u00e9s, confirm\u00f3 el lamentable hecho y comunic\u00f3 que desde su \u00e1rea se realiz\u00f3 la denuncia policial con el objetivo de identificar y capturar a los responsables. [&hellip;]","og_url":"https:\/\/ondauno.com.ar\/index.php\/2023\/07\/23\/vandalismo-en-el-parque-cabanas-autores-desconocidos-destruyen-banos-publicos-durante-el-fin-de-semana\/","og_site_name":"103.9 fm","article_publisher":"https:\/\/www.facebook.com\/ondauno103.9","article_published_time":"2023-07-23T16:52:31+00:00","article_modified_time":"2023-07-23T22:58:11+00:00","og_image":[{"width":900,"height":1600,"url":"https:\/\/ondauno.com.ar\/wp-content\/uploads\/2023\/07\/WhatsApp-Image-2023-07-23-at-10.57.48.jpeg","type":"image\/jpeg"}],"author":"OndaUno","twitter_card":"summary_large_image","twitter_misc":{"Escrito por":"OndaUno","Tiempo de lectura":"1 minuto"},"schema":{"@context":"https:\/\/schema.org","@graph":[{"@type":"WebPage","@id":"https:\/\/ondauno.com.ar\/index.php\/2023\/07\/23\/vandalismo-en-el-parque-cabanas-autores-desconocidos-destruyen-banos-publicos-durante-el-fin-de-semana\/","url":"https:\/\/ondauno.com.ar\/index.php\/2023\/07\/23\/vandalismo-en-el-parque-cabanas-autores-desconocidos-destruyen-banos-publicos-durante-el-fin-de-semana\/","name":"Vandalismo en el Parque Caba\u00f1as: autores desconocidos destruyen ba\u00f1os p\u00fablicos durante el fin de semana - 103.9 fm","isPartOf":{"@id":"https:\/\/ondauno.com.ar\/#website"},"primaryImageOfPage":{"@id":"https:\/\/ondauno.com.ar\/index.php\/2023\/07\/23\/vandalismo-en-el-parque-cabanas-autores-desconocidos-destruyen-banos-publicos-durante-el-fin-de-semana\/#primaryimage"},"image":{"@id":"https:\/\/ondauno.com.ar\/index.php\/2023\/07\/23\/vandalismo-en-el-parque-cabanas-autores-desconocidos-destruyen-banos-publicos-durante-el-fin-de-semana\/#primaryimage"},"thumbnailUrl":"https:\/\/ondauno.com.ar\/wp-content\/uploads\/2023\/07\/WhatsApp-Image-2023-07-23-at-10.57.48.jpeg","datePublished":"2023-07-23T16:52:31+00:00","dateModified":"2023-07-23T22:58:11+00:00","author":{"@id":"https:\/\/ondauno.com.ar\/#\/schema\/person\/7ec851ddeceb4133d7d7132dc645714e"},"breadcrumb":{"@id":"https:\/\/ondauno.com.ar\/index.php\/2023\/07\/23\/vandalismo-en-el-parque-cabanas-autores-desconocidos-destruyen-banos-publicos-durante-el-fin-de-semana\/#breadcrumb"},"inLanguage":"es-AR","potentialAction":[{"@type":"ReadAction","target":["https:\/\/ondauno.com.ar\/index.php\/2023\/07\/23\/vandalismo-en-el-parque-cabanas-autores-desconocidos-destruyen-banos-publicos-durante-el-fin-de-semana\/"]}]},{"@type":"ImageObject","inLanguage":"es-AR","@id":"https:\/\/ondauno.com.ar\/index.php\/2023\/07\/23\/vandalismo-en-el-parque-cabanas-autores-desconocidos-destruyen-banos-publicos-durante-el-fin-de-semana\/#primaryimage","url":"https:\/\/ondauno.com.ar\/wp-content\/uploads\/2023\/07\/WhatsApp-Image-2023-07-23-at-10.57.48.jpeg","contentUrl":"https:\/\/ondauno.com.ar\/wp-content\/uploads\/2023\/07\/WhatsApp-Image-2023-07-23-at-10.57.48.jpeg","width":900,"height":1600},{"@type":"BreadcrumbList","@id":"https:\/\/ondauno.com.ar\/index.php\/2023\/07\/23\/vandalismo-en-el-parque-cabanas-autores-desconocidos-destruyen-banos-publicos-durante-el-fin-de-semana\/#breadcrumb","itemListElement":[{"@type":"ListItem","position":1,"name":"Inicio","item":"https:\/\/ondauno.com.ar\/"},{"@type":"ListItem","position":2,"name":"Vandalismo en el Parque Caba\u00f1as: autores desconocidos destruyen ba\u00f1os p\u00fablicos durante el fin de semana"}]},{"@type":"WebSite","@id":"https:\/\/ondauno.com.ar\/#website","url":"https:\/\/ondauno.com.ar\/","name":"103.9 fm","description":"LA PRIMERA RADIO MULTIMEDIA DE TRES ARROYOS","potentialAction":[{"@type":"SearchAction","target":{"@type":"EntryPoint","urlTemplate":"https:\/\/ondauno.com.ar\/?s={search_term_string}"},"query-input":"required name=search_term_string"}],"inLanguage":"es-AR"},{"@type":"Person","@id":"https:\/\/ondauno.com.ar\/#\/schema\/person\/7ec851ddeceb4133d7d7132dc645714e","name":"OndaUno","image":{"@type":"ImageObject","inLanguage":"es-AR","@id":"https:\/\/ondauno.com.ar\/#\/schema\/person\/image\/","url":"https:\/\/secure.gravatar.com\/avatar\/93b8009f0de7021f1feb2bd5b32fb9e8?s=96&d=mm&r=g","contentUrl":"https:\/\/secure.gravatar.com\/avatar\/93b8009f0de7021f1feb2bd5b32fb9e8?s=96&d=mm&r=g","caption":"OndaUno"},"url":"https:\/\/ondauno.com.ar\/index.php\/author\/ondauno\/"}]}},"jetpack_publicize_connections":[],"jetpack_featured_media_url":"https:\/\/ondauno.com.ar\/wp-content\/uploads\/2023\/07\/WhatsApp-Image-2023-07-23-at-10.57.48.jpeg","jetpack_sharing_enabled":true,"_links":{"self":[{"href":"https:\/\/ondauno.com.ar\/index.php\/wp-json\/wp\/v2\/posts\/42602","targetHints":{"allow":["GET"]}}],"collection":[{"href":"https:\/\/ondauno.com.ar\/index.php\/wp-json\/wp\/v2\/posts"}],"about":[{"href":"https:\/\/ondauno.com.ar\/index.php\/wp-json\/wp\/v2\/types\/post"}],"author":[{"embeddable":true,"href":"https:\/\/ondauno.com.ar\/index.php\/wp-json\/wp\/v2\/users\/1"}],"replies":[{"embeddable":true,"href":"https:\/\/ondauno.com.ar\/index.php\/wp-json\/wp\/v2\/comments?post=42602"}],"version-history":[{"count":0,"href":"https:\/\/ondauno.com.ar\/index.php\/wp-json\/wp\/v2\/posts\/42602\/revisions"}],"wp:featuredmedia":[{"embeddable":true,"href":"https:\/\/ondauno.com.ar\/index.php\/wp-json\/wp\/v2\/media\/42606"}],"wp:attachment":[{"href":"https:\/\/ondauno.com.ar\/index.php\/wp-json\/wp\/v2\/media?parent=42602"}],"wp:term":[{"taxonomy":"category","embeddable":true,"href":"https:\/\/ondauno.com.ar\/index.php\/wp-json\/wp\/v2\/categories?post=42602"},{"taxonomy":"post_tag","embeddable":true,"href":"https:\/\/ondauno.com.ar\/index.php\/wp-json\/wp\/v2\/tags?post=42602"}],"curies":[{"name":"wp","href":"https:\/\/api.w.org\/{rel}","templated":true}]}}