{"id":42596,"date":"2023-07-22T19:01:38","date_gmt":"2023-07-22T22:01:38","guid":{"rendered":"http:\/\/ondauno.com.ar\/?p=42596"},"modified":"2023-07-22T19:13:48","modified_gmt":"2023-07-22T22:13:48","slug":"accidente-en-ruta-no-3-una-persona-herida-luego-de-un-vuelco","status":"publish","type":"post","link":"https:\/\/ondauno.com.ar\/index.php\/2023\/07\/22\/accidente-en-ruta-no-3-una-persona-herida-luego-de-un-vuelco\/","title":{"rendered":"Accidente en ruta N\u00ba 3: una persona herida luego de un vuelco"},"content":{"rendered":"<div class=\"ondau-before-content_3\" style=\"margin-top: -30px;\" id=\"ondau-3651782712\"><a href=\"https:\/\/www.lps.com.ar\/\" aria-label=\"la-perse2\"><img loading=\"lazy\" decoding=\"async\" src=\"https:\/\/ondauno.com.ar\/wp-content\/uploads\/2021\/10\/la-perse2.jpg\" alt=\"\"  srcset=\"https:\/\/ondauno.com.ar\/wp-content\/uploads\/2021\/10\/la-perse2.jpg 1353w, https:\/\/ondauno.com.ar\/wp-content\/uploads\/2021\/10\/la-perse2-300x43.jpg 300w, https:\/\/ondauno.com.ar\/wp-content\/uploads\/2021\/10\/la-perse2-1024x148.jpg 1024w, https:\/\/ondauno.com.ar\/wp-content\/uploads\/2021\/10\/la-perse2-768x111.jpg 768w, https:\/\/ondauno.com.ar\/wp-content\/uploads\/2021\/10\/la-perse2-696x100.jpg 696w, https:\/\/ondauno.com.ar\/wp-content\/uploads\/2021\/10\/la-perse2-1068x154.jpg 1068w\" sizes=\"(max-width: 1353px) 100vw, 1353px\" class=\"no-lazyload\" width=\"1353\" height=\"195\"  style=\"display: inline-block;\" \/><\/a><\/div>\n<p>En circunstancias que est\u00e1n siendo investigadas, alrededor del mediod\u00eda de este sabado, se produjo un accidente en la Ruta N\u00ba 3, kil\u00f3metro 378, cuando un veh\u00edculo de marca Renault Duster, color negro, conducido por Antonio N\u00e9stor L\u00f3pez de 72 a\u00f1os y acompa\u00f1ado por Mar\u00eda Mirta C\u00e9rcos de 71 a\u00f1os, ambos residentes de la ciudad de Necochea, se despist\u00f3 y volc\u00f3 sobre la banquina.<\/p>\n\n\n\n<p>Luego del accidente, ambos fueron trasladados al Hospital de Benito Ju\u00e1rez para recibir atenci\u00f3n m\u00e9dica. Se constat\u00f3 que Mar\u00eda C\u00e9rcos result\u00f3 con una fractura en la clav\u00edcula izquierda, mientras que el conductor, Antonio L\u00f3pez, no sufri\u00f3 lesiones aparentes.<\/p>\n\n\n\n<p>La investigaci\u00f3n se centrar\u00e1 en determinar las causas del accidente y las circunstancias que llevaron al veh\u00edculo a despistarse y volcar. Es fundamental esclarecer estos hechos para prevenir futuros incidentes y mejorar la seguridad vial en la zona.<\/p>\n\n\n\n<p class=\"has-small-font-size\"><em>Foto:elfenixdigital<\/em><\/p>\n","protected":false},"excerpt":{"rendered":"<p>En circunstancias que est\u00e1n siendo investigadas, alrededor del mediod\u00eda de este sabado, se produjo un accidente en la Ruta N\u00ba 3, kil\u00f3metro 378, cuando un veh\u00edculo de marca Renault Duster, color negro, conducido por Antonio N\u00e9stor L\u00f3pez de 72 a\u00f1os y acompa\u00f1ado por Mar\u00eda Mirta C\u00e9rcos de 71 a\u00f1os, ambos residentes de la ciudad de [&hellip;]<\/p>\n","protected":false},"author":1,"featured_media":42598,"comment_status":"open","ping_status":"open","sticky":false,"template":"","format":"standard","meta":{"tdm_status":"","tdm_grid_status":"","_jetpack_memberships_contains_paid_content":false,"footnotes":"","jetpack_publicize_message":"","jetpack_publicize_feature_enabled":true,"jetpack_social_post_already_shared":true,"jetpack_social_options":{"image_generator_settings":{"template":"highway","default_image_id":0,"font":"","enabled":false},"version":2}},"categories":[29],"tags":[],"class_list":{"0":"post-42596","1":"post","2":"type-post","3":"status-publish","4":"format-standard","5":"has-post-thumbnail","7":"category-policiales"},"yoast_head":"<!-- This site is optimized with the Yoast SEO plugin v22.7 - https:\/\/yoast.com\/wordpress\/plugins\/seo\/ -->\n<title>Accidente en ruta N\u00ba 3: una persona herida luego de un vuelco - 103.9 fm<\/title>\n<meta name=\"robots\" content=\"index, follow, max-snippet:-1, max-image-preview:large, max-video-preview:-1\" \/>\n<link rel=\"canonical\" href=\"https:\/\/ondauno.com.ar\/index.php\/2023\/07\/22\/accidente-en-ruta-no-3-una-persona-herida-luego-de-un-vuelco\/\" \/>\n<meta property=\"og:locale\" content=\"es_ES\" \/>\n<meta property=\"og:type\" content=\"article\" \/>\n<meta property=\"og:title\" content=\"Accidente en ruta N\u00ba 3: una persona herida luego de un vuelco - 103.9 fm\" \/>\n<meta property=\"og:description\" content=\"En circunstancias que est\u00e1n siendo investigadas, alrededor del mediod\u00eda de este sabado, se produjo un accidente en la Ruta N\u00ba 3, kil\u00f3metro 378, cuando un veh\u00edculo de marca Renault Duster, color negro, conducido por Antonio N\u00e9stor L\u00f3pez de 72 a\u00f1os y acompa\u00f1ado por Mar\u00eda Mirta C\u00e9rcos de 71 a\u00f1os, ambos residentes de la ciudad de [&hellip;]\" \/>\n<meta property=\"og:url\" content=\"https:\/\/ondauno.com.ar\/index.php\/2023\/07\/22\/accidente-en-ruta-no-3-una-persona-herida-luego-de-un-vuelco\/\" \/>\n<meta property=\"og:site_name\" content=\"103.9 fm\" \/>\n<meta property=\"article:publisher\" content=\"https:\/\/www.facebook.com\/ondauno103.9\" \/>\n<meta property=\"article:published_time\" content=\"2023-07-22T22:01:38+00:00\" \/>\n<meta property=\"article:modified_time\" content=\"2023-07-22T22:13:48+00:00\" \/>\n<meta property=\"og:image\" content=\"https:\/\/ondauno.com.ar\/wp-content\/uploads\/2023\/07\/1690003605-1.jpeg\" \/>\n\t<meta property=\"og:image:width\" content=\"948\" \/>\n\t<meta property=\"og:image:height\" content=\"533\" \/>\n\t<meta property=\"og:image:type\" content=\"image\/jpeg\" \/>\n<meta name=\"author\" content=\"OndaUno\" \/>\n<meta name=\"twitter:card\" content=\"summary_large_image\" \/>\n<meta name=\"twitter:label1\" content=\"Escrito por\" \/>\n\t<meta name=\"twitter:data1\" content=\"OndaUno\" \/>\n\t<meta name=\"twitter:label2\" content=\"Tiempo de lectura\" \/>\n\t<meta name=\"twitter:data2\" content=\"1 minuto\" \/>\n<script type=\"application\/ld+json\" class=\"yoast-schema-graph\">{\"@context\":\"https:\/\/schema.org\",\"@graph\":[{\"@type\":\"WebPage\",\"@id\":\"https:\/\/ondauno.com.ar\/index.php\/2023\/07\/22\/accidente-en-ruta-no-3-una-persona-herida-luego-de-un-vuelco\/\",\"url\":\"https:\/\/ondauno.com.ar\/index.php\/2023\/07\/22\/accidente-en-ruta-no-3-una-persona-herida-luego-de-un-vuelco\/\",\"name\":\"Accidente en ruta N\u00ba 3: una persona herida luego de un vuelco - 103.9 fm\",\"isPartOf\":{\"@id\":\"https:\/\/ondauno.com.ar\/#website\"},\"primaryImageOfPage\":{\"@id\":\"https:\/\/ondauno.com.ar\/index.php\/2023\/07\/22\/accidente-en-ruta-no-3-una-persona-herida-luego-de-un-vuelco\/#primaryimage\"},\"image\":{\"@id\":\"https:\/\/ondauno.com.ar\/index.php\/2023\/07\/22\/accidente-en-ruta-no-3-una-persona-herida-luego-de-un-vuelco\/#primaryimage\"},\"thumbnailUrl\":\"https:\/\/ondauno.com.ar\/wp-content\/uploads\/2023\/07\/1690003605-1.jpeg\",\"datePublished\":\"2023-07-22T22:01:38+00:00\",\"dateModified\":\"2023-07-22T22:13:48+00:00\",\"author\":{\"@id\":\"https:\/\/ondauno.com.ar\/#\/schema\/person\/7ec851ddeceb4133d7d7132dc645714e\"},\"breadcrumb\":{\"@id\":\"https:\/\/ondauno.com.ar\/index.php\/2023\/07\/22\/accidente-en-ruta-no-3-una-persona-herida-luego-de-un-vuelco\/#breadcrumb\"},\"inLanguage\":\"es-AR\",\"potentialAction\":[{\"@type\":\"ReadAction\",\"target\":[\"https:\/\/ondauno.com.ar\/index.php\/2023\/07\/22\/accidente-en-ruta-no-3-una-persona-herida-luego-de-un-vuelco\/\"]}]},{\"@type\":\"ImageObject\",\"inLanguage\":\"es-AR\",\"@id\":\"https:\/\/ondauno.com.ar\/index.php\/2023\/07\/22\/accidente-en-ruta-no-3-una-persona-herida-luego-de-un-vuelco\/#primaryimage\",\"url\":\"https:\/\/ondauno.com.ar\/wp-content\/uploads\/2023\/07\/1690003605-1.jpeg\",\"contentUrl\":\"https:\/\/ondauno.com.ar\/wp-content\/uploads\/2023\/07\/1690003605-1.jpeg\",\"width\":948,\"height\":533},{\"@type\":\"BreadcrumbList\",\"@id\":\"https:\/\/ondauno.com.ar\/index.php\/2023\/07\/22\/accidente-en-ruta-no-3-una-persona-herida-luego-de-un-vuelco\/#breadcrumb\",\"itemListElement\":[{\"@type\":\"ListItem\",\"position\":1,\"name\":\"Inicio\",\"item\":\"https:\/\/ondauno.com.ar\/\"},{\"@type\":\"ListItem\",\"position\":2,\"name\":\"Accidente en ruta N\u00ba 3: una persona herida luego de un vuelco\"}]},{\"@type\":\"WebSite\",\"@id\":\"https:\/\/ondauno.com.ar\/#website\",\"url\":\"https:\/\/ondauno.com.ar\/\",\"name\":\"103.9 fm\",\"description\":\"LA PRIMERA RADIO MULTIMEDIA DE TRES ARROYOS\",\"potentialAction\":[{\"@type\":\"SearchAction\",\"target\":{\"@type\":\"EntryPoint\",\"urlTemplate\":\"https:\/\/ondauno.com.ar\/?s={search_term_string}\"},\"query-input\":\"required name=search_term_string\"}],\"inLanguage\":\"es-AR\"},{\"@type\":\"Person\",\"@id\":\"https:\/\/ondauno.com.ar\/#\/schema\/person\/7ec851ddeceb4133d7d7132dc645714e\",\"name\":\"OndaUno\",\"image\":{\"@type\":\"ImageObject\",\"inLanguage\":\"es-AR\",\"@id\":\"https:\/\/ondauno.com.ar\/#\/schema\/person\/image\/\",\"url\":\"https:\/\/secure.gravatar.com\/avatar\/93b8009f0de7021f1feb2bd5b32fb9e8?s=96&d=mm&r=g\",\"contentUrl\":\"https:\/\/secure.gravatar.com\/avatar\/93b8009f0de7021f1feb2bd5b32fb9e8?s=96&d=mm&r=g\",\"caption\":\"OndaUno\"},\"url\":\"https:\/\/ondauno.com.ar\/index.php\/author\/ondauno\/\"}]}<\/script>\n<!-- \/ Yoast SEO plugin. -->","yoast_head_json":{"title":"Accidente en ruta N\u00ba 3: una persona herida luego de un vuelco - 103.9 fm","robots":{"index":"index","follow":"follow","max-snippet":"max-snippet:-1","max-image-preview":"max-image-preview:large","max-video-preview":"max-video-preview:-1"},"canonical":"https:\/\/ondauno.com.ar\/index.php\/2023\/07\/22\/accidente-en-ruta-no-3-una-persona-herida-luego-de-un-vuelco\/","og_locale":"es_ES","og_type":"article","og_title":"Accidente en ruta N\u00ba 3: una persona herida luego de un vuelco - 103.9 fm","og_description":"En circunstancias que est\u00e1n siendo investigadas, alrededor del mediod\u00eda de este sabado, se produjo un accidente en la Ruta N\u00ba 3, kil\u00f3metro 378, cuando un veh\u00edculo de marca Renault Duster, color negro, conducido por Antonio N\u00e9stor L\u00f3pez de 72 a\u00f1os y acompa\u00f1ado por Mar\u00eda Mirta C\u00e9rcos de 71 a\u00f1os, ambos residentes de la ciudad de [&hellip;]","og_url":"https:\/\/ondauno.com.ar\/index.php\/2023\/07\/22\/accidente-en-ruta-no-3-una-persona-herida-luego-de-un-vuelco\/","og_site_name":"103.9 fm","article_publisher":"https:\/\/www.facebook.com\/ondauno103.9","article_published_time":"2023-07-22T22:01:38+00:00","article_modified_time":"2023-07-22T22:13:48+00:00","og_image":[{"width":948,"height":533,"url":"https:\/\/ondauno.com.ar\/wp-content\/uploads\/2023\/07\/1690003605-1.jpeg","type":"image\/jpeg"}],"author":"OndaUno","twitter_card":"summary_large_image","twitter_misc":{"Escrito por":"OndaUno","Tiempo de lectura":"1 minuto"},"schema":{"@context":"https:\/\/schema.org","@graph":[{"@type":"WebPage","@id":"https:\/\/ondauno.com.ar\/index.php\/2023\/07\/22\/accidente-en-ruta-no-3-una-persona-herida-luego-de-un-vuelco\/","url":"https:\/\/ondauno.com.ar\/index.php\/2023\/07\/22\/accidente-en-ruta-no-3-una-persona-herida-luego-de-un-vuelco\/","name":"Accidente en ruta N\u00ba 3: una persona herida luego de un vuelco - 103.9 fm","isPartOf":{"@id":"https:\/\/ondauno.com.ar\/#website"},"primaryImageOfPage":{"@id":"https:\/\/ondauno.com.ar\/index.php\/2023\/07\/22\/accidente-en-ruta-no-3-una-persona-herida-luego-de-un-vuelco\/#primaryimage"},"image":{"@id":"https:\/\/ondauno.com.ar\/index.php\/2023\/07\/22\/accidente-en-ruta-no-3-una-persona-herida-luego-de-un-vuelco\/#primaryimage"},"thumbnailUrl":"https:\/\/ondauno.com.ar\/wp-content\/uploads\/2023\/07\/1690003605-1.jpeg","datePublished":"2023-07-22T22:01:38+00:00","dateModified":"2023-07-22T22:13:48+00:00","author":{"@id":"https:\/\/ondauno.com.ar\/#\/schema\/person\/7ec851ddeceb4133d7d7132dc645714e"},"breadcrumb":{"@id":"https:\/\/ondauno.com.ar\/index.php\/2023\/07\/22\/accidente-en-ruta-no-3-una-persona-herida-luego-de-un-vuelco\/#breadcrumb"},"inLanguage":"es-AR","potentialAction":[{"@type":"ReadAction","target":["https:\/\/ondauno.com.ar\/index.php\/2023\/07\/22\/accidente-en-ruta-no-3-una-persona-herida-luego-de-un-vuelco\/"]}]},{"@type":"ImageObject","inLanguage":"es-AR","@id":"https:\/\/ondauno.com.ar\/index.php\/2023\/07\/22\/accidente-en-ruta-no-3-una-persona-herida-luego-de-un-vuelco\/#primaryimage","url":"https:\/\/ondauno.com.ar\/wp-content\/uploads\/2023\/07\/1690003605-1.jpeg","contentUrl":"https:\/\/ondauno.com.ar\/wp-content\/uploads\/2023\/07\/1690003605-1.jpeg","width":948,"height":533},{"@type":"BreadcrumbList","@id":"https:\/\/ondauno.com.ar\/index.php\/2023\/07\/22\/accidente-en-ruta-no-3-una-persona-herida-luego-de-un-vuelco\/#breadcrumb","itemListElement":[{"@type":"ListItem","position":1,"name":"Inicio","item":"https:\/\/ondauno.com.ar\/"},{"@type":"ListItem","position":2,"name":"Accidente en ruta N\u00ba 3: una persona herida luego de un vuelco"}]},{"@type":"WebSite","@id":"https:\/\/ondauno.com.ar\/#website","url":"https:\/\/ondauno.com.ar\/","name":"103.9 fm","description":"LA PRIMERA RADIO MULTIMEDIA DE TRES ARROYOS","potentialAction":[{"@type":"SearchAction","target":{"@type":"EntryPoint","urlTemplate":"https:\/\/ondauno.com.ar\/?s={search_term_string}"},"query-input":"required name=search_term_string"}],"inLanguage":"es-AR"},{"@type":"Person","@id":"https:\/\/ondauno.com.ar\/#\/schema\/person\/7ec851ddeceb4133d7d7132dc645714e","name":"OndaUno","image":{"@type":"ImageObject","inLanguage":"es-AR","@id":"https:\/\/ondauno.com.ar\/#\/schema\/person\/image\/","url":"https:\/\/secure.gravatar.com\/avatar\/93b8009f0de7021f1feb2bd5b32fb9e8?s=96&d=mm&r=g","contentUrl":"https:\/\/secure.gravatar.com\/avatar\/93b8009f0de7021f1feb2bd5b32fb9e8?s=96&d=mm&r=g","caption":"OndaUno"},"url":"https:\/\/ondauno.com.ar\/index.php\/author\/ondauno\/"}]}},"jetpack_publicize_connections":[],"jetpack_featured_media_url":"https:\/\/ondauno.com.ar\/wp-content\/uploads\/2023\/07\/1690003605-1.jpeg","jetpack_sharing_enabled":true,"_links":{"self":[{"href":"https:\/\/ondauno.com.ar\/index.php\/wp-json\/wp\/v2\/posts\/42596","targetHints":{"allow":["GET"]}}],"collection":[{"href":"https:\/\/ondauno.com.ar\/index.php\/wp-json\/wp\/v2\/posts"}],"about":[{"href":"https:\/\/ondauno.com.ar\/index.php\/wp-json\/wp\/v2\/types\/post"}],"author":[{"embeddable":true,"href":"https:\/\/ondauno.com.ar\/index.php\/wp-json\/wp\/v2\/users\/1"}],"replies":[{"embeddable":true,"href":"https:\/\/ondauno.com.ar\/index.php\/wp-json\/wp\/v2\/comments?post=42596"}],"version-history":[{"count":0,"href":"https:\/\/ondauno.com.ar\/index.php\/wp-json\/wp\/v2\/posts\/42596\/revisions"}],"wp:featuredmedia":[{"embeddable":true,"href":"https:\/\/ondauno.com.ar\/index.php\/wp-json\/wp\/v2\/media\/42598"}],"wp:attachment":[{"href":"https:\/\/ondauno.com.ar\/index.php\/wp-json\/wp\/v2\/media?parent=42596"}],"wp:term":[{"taxonomy":"category","embeddable":true,"href":"https:\/\/ondauno.com.ar\/index.php\/wp-json\/wp\/v2\/categories?post=42596"},{"taxonomy":"post_tag","embeddable":true,"href":"https:\/\/ondauno.com.ar\/index.php\/wp-json\/wp\/v2\/tags?post=42596"}],"curies":[{"name":"wp","href":"https:\/\/api.w.org\/{rel}","templated":true}]}}